{"id":18161,"date":"2021-01-12T07:24:02","date_gmt":"2021-01-12T05:24:02","guid":{"rendered":"https:\/\/www.sabine-seyffert.de\/blog\/?p=18161"},"modified":"2021-01-12T07:24:02","modified_gmt":"2021-01-12T05:24:02","slug":"diy-bastelidee-fuer-kinder-upcycling-schneemann-aus-milchkarton-mit-muetze","status":"publish","type":"post","link":"https:\/\/www.sabine-seyffert.de\/blog\/diy-bastelidee-fuer-kinder-upcycling-schneemann-aus-milchkarton-mit-muetze\/","title":{"rendered":"DIY Bastelidee f\u00fcr Kinder: Upcycling Schneemann aus Milchkarton mit M\u00fctze"},"content":{"rendered":"<p style=\"text-align: justify;\"><img loading=\"lazy\" decoding=\"async\" src=\"https:\/\/vg09.met.vgwort.de\/na\/be2ff59524ce4f5b92d79d5c24937fb0\" alt=\"\" width=\"1\" height=\"1\" \/>Heute gibt es einen etwas gr\u00f6\u00dferen Schneemann, den man prima aus leeren Milchkartons basteln und als Geschenkverpackung nutzen kann. Das ist wirklich kinderleicht. Und wer den Schneemann nicht verschenken, sondern lieber selbst behalten will, der kann ihn auch einfach als praktische Stiftbox und Utensilo nutzen, wie beispielsweise <a href=\"https:\/\/www.sabine-seyffert.de\/blog\/?p=15060\" target=\"_blank\" rel=\"noopener noreferrer\">diesem Fuchs<\/a> schon mal gezeigt.<br \/>\nHabt ihr Lust und einen leeren Tetrapak zur Hand? Dann kann der winterliche Bastelspa\u00df auch schon starten!<\/p>\n<p style=\"text-align: center;\"><a href=\"https:\/\/www.sabine-seyffert.de\/blog\/wp-content\/uploads\/2021\/01\/Karton-Schneemann-M\u00fctze-Sabine-Seyffert.de-1.jpg\"><img loading=\"lazy\" decoding=\"async\" class=\"alignnone size-full wp-image-18162\" src=\"https:\/\/www.sabine-seyffert.de\/blog\/wp-content\/uploads\/2021\/01\/Karton-Schneemann-M\u00fctze-Sabine-Seyffert.de-1.jpg\" alt=\"\" width=\"800\" height=\"600\" srcset=\"https:\/\/www.sabine-seyffert.de\/blog\/wp-content\/uploads\/2021\/01\/Karton-Schneemann-M\u00fctze-Sabine-Seyffert.de-1.jpg 800w, https:\/\/www.sabine-seyffert.de\/blog\/wp-content\/uploads\/2021\/01\/Karton-Schneemann-M\u00fctze-Sabine-Seyffert.de-1-300x225.jpg 300w, https:\/\/www.sabine-seyffert.de\/blog\/wp-content\/uploads\/2021\/01\/Karton-Schneemann-M\u00fctze-Sabine-Seyffert.de-1-768x576.jpg 768w\" sizes=\"auto, (max-width: 800px) 100vw, 800px\" \/><\/a><\/p>\n<p style=\"text-align: justify;\"><strong>Das wird gebraucht:<\/strong><br \/>\nEine leere Milchverpackung, ein scharfes Bastelmesser \/ Cutter, Bastelkleber \/ Klebestift, etwas Pappe, eine alte Zeitung, einen Wasserfarbkasten inclusiv Deckwei\u00df, etwas Geschenkbank, eine Bastelschere, Geschenkpapier (sicher habt ihr noch allerhand Reste von Weihnachten \u00fcbrig. Ansonsten geht auch Seidenpapier, Krepppapier o.\u00e4.) sowie optional eine Bastelunterlage und Malkittel<\/p>\n<p style=\"text-align: center;\"><a href=\"https:\/\/www.sabine-seyffert.de\/blog\/wp-content\/uploads\/2021\/01\/Karton-Schneemann-M\u00fctze-Sabine-Seyffert.de-8.jpg\"><img loading=\"lazy\" decoding=\"async\" class=\"alignnone size-full wp-image-18163\" src=\"https:\/\/www.sabine-seyffert.de\/blog\/wp-content\/uploads\/2021\/01\/Karton-Schneemann-M\u00fctze-Sabine-Seyffert.de-8.jpg\" alt=\"\" width=\"800\" height=\"600\" srcset=\"https:\/\/www.sabine-seyffert.de\/blog\/wp-content\/uploads\/2021\/01\/Karton-Schneemann-M\u00fctze-Sabine-Seyffert.de-8.jpg 800w, https:\/\/www.sabine-seyffert.de\/blog\/wp-content\/uploads\/2021\/01\/Karton-Schneemann-M\u00fctze-Sabine-Seyffert.de-8-300x225.jpg 300w, https:\/\/www.sabine-seyffert.de\/blog\/wp-content\/uploads\/2021\/01\/Karton-Schneemann-M\u00fctze-Sabine-Seyffert.de-8-768x576.jpg 768w\" sizes=\"auto, (max-width: 800px) 100vw, 800px\" \/><\/a><\/p>\n<p style=\"text-align: justify;\"><strong>So wird\u2019s gemacht:<\/strong><br \/>\nZuerst deckt ihr den Tisch etwas ab, zieht die <a href=\"https:\/\/www.sabine-seyffert.de\/blog\/?p=12310\" target=\"_blank\" rel=\"noopener noreferrer\">Malkittel<\/a> \u00fcber und lasst euch von einem Erwachsenen dabei helfen, die Milcht\u00fcte an dem R\u00e4ndern mit einem scharfen Bastelmesser einzuritzen und schneidet den oberen Rand des Kartons in der gew\u00fcnschten L\u00e4nge ab.<\/p>\n<p style=\"text-align: center;\"><a href=\"https:\/\/www.sabine-seyffert.de\/blog\/wp-content\/uploads\/2021\/01\/Karton-Schneemann-M\u00fctze-Sabine-Seyffert.de-7.jpg\"><img loading=\"lazy\" decoding=\"async\" class=\"alignnone size-full wp-image-18164\" src=\"https:\/\/www.sabine-seyffert.de\/blog\/wp-content\/uploads\/2021\/01\/Karton-Schneemann-M\u00fctze-Sabine-Seyffert.de-7.jpg\" alt=\"\" width=\"800\" height=\"600\" srcset=\"https:\/\/www.sabine-seyffert.de\/blog\/wp-content\/uploads\/2021\/01\/Karton-Schneemann-M\u00fctze-Sabine-Seyffert.de-7.jpg 800w, https:\/\/www.sabine-seyffert.de\/blog\/wp-content\/uploads\/2021\/01\/Karton-Schneemann-M\u00fctze-Sabine-Seyffert.de-7-300x225.jpg 300w, https:\/\/www.sabine-seyffert.de\/blog\/wp-content\/uploads\/2021\/01\/Karton-Schneemann-M\u00fctze-Sabine-Seyffert.de-7-768x576.jpg 768w\" sizes=\"auto, (max-width: 800px) 100vw, 800px\" \/><\/a><\/p>\n<p style=\"text-align: justify;\">Danach kneten ihr den Milchkarton, wie in <a href=\"https:\/\/www.sabine-seyffert.de\/blog\/?p=14184\" target=\"_blank\" rel=\"noopener noreferrer\">dieser Bastelanleitung<\/a> ausdr\u00fccklich beschrieben. Darin findet ihr auch zahlreiche Basteltipps zu diesem Bastelmaterial.<\/p>\n<p style=\"text-align: center;\"><a href=\"https:\/\/www.sabine-seyffert.de\/blog\/wp-content\/uploads\/2021\/01\/Karton-Schneemann-M\u00fctze-Sabine-Seyffert.de-6.jpg\"><img loading=\"lazy\" decoding=\"async\" class=\"alignnone size-full wp-image-18165\" src=\"https:\/\/www.sabine-seyffert.de\/blog\/wp-content\/uploads\/2021\/01\/Karton-Schneemann-M\u00fctze-Sabine-Seyffert.de-6.jpg\" alt=\"\" width=\"800\" height=\"600\" srcset=\"https:\/\/www.sabine-seyffert.de\/blog\/wp-content\/uploads\/2021\/01\/Karton-Schneemann-M\u00fctze-Sabine-Seyffert.de-6.jpg 800w, https:\/\/www.sabine-seyffert.de\/blog\/wp-content\/uploads\/2021\/01\/Karton-Schneemann-M\u00fctze-Sabine-Seyffert.de-6-300x225.jpg 300w, https:\/\/www.sabine-seyffert.de\/blog\/wp-content\/uploads\/2021\/01\/Karton-Schneemann-M\u00fctze-Sabine-Seyffert.de-6-768x576.jpg 768w\" sizes=\"auto, (max-width: 800px) 100vw, 800px\" \/><\/a><\/p>\n<p style=\"text-align: justify;\">Wenn ihr dann die oberste Schicht vorsichtig abgel\u00f6st habt, k\u00f6nnt ihr den Karton d\u00fcnn mit Deckwei\u00df oder einer anderen wei\u00dfer Bastelfarbe anmalen.<\/p>\n<p><a href=\"https:\/\/www.sabine-seyffert.de\/blog\/wp-content\/uploads\/2021\/01\/Karton-Schneemann-M\u00fctze-Sabine-Seyffert.de-5.jpg\"><img loading=\"lazy\" decoding=\"async\" class=\"alignnone size-full wp-image-18166\" src=\"https:\/\/www.sabine-seyffert.de\/blog\/wp-content\/uploads\/2021\/01\/Karton-Schneemann-M\u00fctze-Sabine-Seyffert.de-5.jpg\" alt=\"\" width=\"800\" height=\"600\" srcset=\"https:\/\/www.sabine-seyffert.de\/blog\/wp-content\/uploads\/2021\/01\/Karton-Schneemann-M\u00fctze-Sabine-Seyffert.de-5.jpg 800w, https:\/\/www.sabine-seyffert.de\/blog\/wp-content\/uploads\/2021\/01\/Karton-Schneemann-M\u00fctze-Sabine-Seyffert.de-5-300x225.jpg 300w, https:\/\/www.sabine-seyffert.de\/blog\/wp-content\/uploads\/2021\/01\/Karton-Schneemann-M\u00fctze-Sabine-Seyffert.de-5-768x576.jpg 768w\" sizes=\"auto, (max-width: 800px) 100vw, 800px\" \/><\/a><\/p>\n<p style=\"text-align: justify;\">Aus Zeitungspapier stellt ihr euch f\u00fcr die Augen und die Nase <a href=\"https:\/\/www.sabine-seyffert.de\/blog\/?p=13917\" target=\"_blank\" rel=\"noopener noreferrer\">Bastelpapier<\/a> selber her. Das geht ganz einfach und ist zudem auch noch umweltfreundlich.<\/p>\n<p style=\"text-align: center;\"><a href=\"https:\/\/www.sabine-seyffert.de\/blog\/wp-content\/uploads\/2021\/01\/Karton-Schneemann-M\u00fctze-Sabine-Seyffert.de-4.jpg\"><img loading=\"lazy\" decoding=\"async\" class=\"alignnone size-full wp-image-18167\" src=\"https:\/\/www.sabine-seyffert.de\/blog\/wp-content\/uploads\/2021\/01\/Karton-Schneemann-M\u00fctze-Sabine-Seyffert.de-4.jpg\" alt=\"\" width=\"800\" height=\"600\" srcset=\"https:\/\/www.sabine-seyffert.de\/blog\/wp-content\/uploads\/2021\/01\/Karton-Schneemann-M\u00fctze-Sabine-Seyffert.de-4.jpg 800w, https:\/\/www.sabine-seyffert.de\/blog\/wp-content\/uploads\/2021\/01\/Karton-Schneemann-M\u00fctze-Sabine-Seyffert.de-4-300x225.jpg 300w, https:\/\/www.sabine-seyffert.de\/blog\/wp-content\/uploads\/2021\/01\/Karton-Schneemann-M\u00fctze-Sabine-Seyffert.de-4-768x576.jpg 768w\" sizes=\"auto, (max-width: 800px) 100vw, 800px\" \/><\/a><\/p>\n<p style=\"text-align: justify;\">Um die M\u00f6hrennase etwas stabiler zu gestalten, kann man etwas d\u00fcnne Pappe (bsp. von einer leeren Nudelverpackung o.\u00e4,) unterkleben.<br \/>\nAugen und Nase klebt man auf, den Mund tupft man mit einem d\u00fcnnen Pinsel und schwarzer Farbe.<br \/>\nDamit der Schneemann nicht friert, gibt es noch einen Schal aus Geschenkband, den man mit einer ausgestanzten Schneeflocke verzieren kann.<\/p>\n<p style=\"text-align: center;\"><a href=\"https:\/\/www.sabine-seyffert.de\/blog\/wp-content\/uploads\/2021\/01\/Karton-Schneemann-M\u00fctze-Sabine-Seyffert.de-3.jpg\"><img loading=\"lazy\" decoding=\"async\" class=\"alignnone size-full wp-image-18168\" src=\"https:\/\/www.sabine-seyffert.de\/blog\/wp-content\/uploads\/2021\/01\/Karton-Schneemann-M\u00fctze-Sabine-Seyffert.de-3.jpg\" alt=\"\" width=\"800\" height=\"600\" srcset=\"https:\/\/www.sabine-seyffert.de\/blog\/wp-content\/uploads\/2021\/01\/Karton-Schneemann-M\u00fctze-Sabine-Seyffert.de-3.jpg 800w, https:\/\/www.sabine-seyffert.de\/blog\/wp-content\/uploads\/2021\/01\/Karton-Schneemann-M\u00fctze-Sabine-Seyffert.de-3-300x225.jpg 300w, https:\/\/www.sabine-seyffert.de\/blog\/wp-content\/uploads\/2021\/01\/Karton-Schneemann-M\u00fctze-Sabine-Seyffert.de-3-768x576.jpg 768w\" sizes=\"auto, (max-width: 800px) 100vw, 800px\" \/><\/a><\/p>\n<p style=\"text-align: justify;\"><strong>Ein kleiner Tipp:<\/strong><br \/>\nWenn ihr in dem Schneemann ein kleines Mitbringsel, selbst gebackene Kekse oder ein kleines Geschenk verstecken wollt, klebt am oberen Rand einen breiten Streifen Geschenkpapier. Das bindet man nach dem Bef\u00fcllen mit etwas Geschenkband (Kordel, Wolle oder was ihr zur Verf\u00fcgung habt) zusammen und schon hat der Schneemann eine lustige Zipfelm\u00fctze und versteckt das Geschenk im Innern!<\/p>\n<p style=\"text-align: center;\"><a href=\"https:\/\/www.sabine-seyffert.de\/blog\/wp-content\/uploads\/2021\/01\/Karton-Schneemann-M\u00fctze-Sabine-Seyffert.de-2.jpg\"><img loading=\"lazy\" decoding=\"async\" class=\"alignnone size-full wp-image-18169\" src=\"https:\/\/www.sabine-seyffert.de\/blog\/wp-content\/uploads\/2021\/01\/Karton-Schneemann-M\u00fctze-Sabine-Seyffert.de-2.jpg\" alt=\"\" width=\"800\" height=\"600\" srcset=\"https:\/\/www.sabine-seyffert.de\/blog\/wp-content\/uploads\/2021\/01\/Karton-Schneemann-M\u00fctze-Sabine-Seyffert.de-2.jpg 800w, https:\/\/www.sabine-seyffert.de\/blog\/wp-content\/uploads\/2021\/01\/Karton-Schneemann-M\u00fctze-Sabine-Seyffert.de-2-300x225.jpg 300w, https:\/\/www.sabine-seyffert.de\/blog\/wp-content\/uploads\/2021\/01\/Karton-Schneemann-M\u00fctze-Sabine-Seyffert.de-2-768x576.jpg 768w\" sizes=\"auto, (max-width: 800px) 100vw, 800px\" \/><\/a><\/p>\n<p style=\"text-align: justify;\">Weitere Bastel- und Besch\u00e4ftigungsideen f\u00fcr den Lockdown findet ihr z.B. in dieser mit vielen Ideen gef\u00fcllten <a href=\"https:\/\/www.sabine-seyffert.de\/blog\/?cat=32\" target=\"_blank\" rel=\"noopener noreferrer\">Blog Kategorie<\/a>, selbst gemachte Geschenkverpackungen <a href=\"https:\/\/www.sabine-seyffert.de\/blog\/?cat=49\" target=\"_blank\" rel=\"noopener noreferrer\">hier<\/a>, nachhaltige Upcyclingideen zum Nachmachen mit detaillierter Anleitung gibt es in <a href=\"https:\/\/www.sabine-seyffert.de\/blog\/?cat=47\" target=\"_blank\" rel=\"noopener noreferrer\">dieser Rubrik<\/a> und alles rund um das Thema Winter sind in <a href=\"https:\/\/www.sabine-seyffert.de\/blog\/?cat=22\" target=\"_blank\" rel=\"noopener noreferrer\">diesem Blog Ordner<\/a>.<\/p>\n<p style=\"text-align: center;\"><a href=\"https:\/\/www.sabine-seyffert.de\/blog\/wp-content\/uploads\/2021\/01\/Karton-Schneemann-M\u00fctze-Sabine-Seyffert.de-9.jpg\"><img loading=\"lazy\" decoding=\"async\" class=\"alignnone size-full wp-image-18170\" src=\"https:\/\/www.sabine-seyffert.de\/blog\/wp-content\/uploads\/2021\/01\/Karton-Schneemann-M\u00fctze-Sabine-Seyffert.de-9.jpg\" alt=\"\" width=\"600\" height=\"800\" srcset=\"https:\/\/www.sabine-seyffert.de\/blog\/wp-content\/uploads\/2021\/01\/Karton-Schneemann-M\u00fctze-Sabine-Seyffert.de-9.jpg 600w, https:\/\/www.sabine-seyffert.de\/blog\/wp-content\/uploads\/2021\/01\/Karton-Schneemann-M\u00fctze-Sabine-Seyffert.de-9-225x300.jpg 225w\" sizes=\"auto, (max-width: 600px) 100vw, 600px\" \/><\/a><\/p>\n<p style=\"text-align: justify;\"><a href=\"https:\/\/www.sabine-seyffert.de\/blog\/?page_id=32#urheberrecht\">urheberrechtlich gesch\u00fctzt<\/a>, \u00a9 Sabine Seyffert<\/p>\n","protected":false},"excerpt":{"rendered":"<p>Heute gibt es einen etwas gr\u00f6\u00dferen Schneemann, den man prima aus leeren Milchkartons basteln und als Geschenkverpackung nutzen kann. Das ist wirklich kinderleicht. Und wer den Schneemann nicht verschenken, sondern lieber selbst behalten will, der kann ihn auch einfach als praktische Stiftbox und Utensilo nutzen, wie beispielsweise diesem Fuchs schon mal gezeigt. Habt ihr Lust&#8230; <a href=\"https:\/\/www.sabine-seyffert.de\/blog\/diy-bastelidee-fuer-kinder-upcycling-schneemann-aus-milchkarton-mit-muetze\/\" class=\"more-link\">Read more: DIY Bastelidee f\u00fcr Kinder: Upcycling Schneemann aus Milchkarton mit M\u00fctze<\/a><\/p>\n","protected":false},"author":2,"featured_media":0,"comment_status":"open","ping_status":"open","sticky":false,"template":"","format":"standard","meta":{"_metis_text_type":"","_metis_text_length":2748,"_post_count":0,"footnotes":""},"categories":[32,49,47,22],"tags":[],"class_list":["post-18161","post","type-post","status-publish","format-standard","hentry","category-kreatives-fur-kleine-kinderhande","category-verpackungsideen","category-upcyceltes","category-winter"],"_links":{"self":[{"href":"https:\/\/www.sabine-seyffert.de\/blog\/wp-json\/wp\/v2\/posts\/18161","targetHints":{"allow":["GET"]}}],"collection":[{"href":"https:\/\/www.sabine-seyffert.de\/blog\/wp-json\/wp\/v2\/posts"}],"about":[{"href":"https:\/\/www.sabine-seyffert.de\/blog\/wp-json\/wp\/v2\/types\/post"}],"author":[{"embeddable":true,"href":"https:\/\/www.sabine-seyffert.de\/blog\/wp-json\/wp\/v2\/users\/2"}],"replies":[{"embeddable":true,"href":"https:\/\/www.sabine-seyffert.de\/blog\/wp-json\/wp\/v2\/comments?post=18161"}],"version-history":[{"count":3,"href":"https:\/\/www.sabine-seyffert.de\/blog\/wp-json\/wp\/v2\/posts\/18161\/revisions"}],"predecessor-version":[{"id":18173,"href":"https:\/\/www.sabine-seyffert.de\/blog\/wp-json\/wp\/v2\/posts\/18161\/revisions\/18173"}],"wp:attachment":[{"href":"https:\/\/www.sabine-seyffert.de\/blog\/wp-json\/wp\/v2\/media?parent=18161"}],"wp:term":[{"taxonomy":"category","embeddable":true,"href":"https:\/\/www.sabine-seyffert.de\/blog\/wp-json\/wp\/v2\/categories?post=18161"},{"taxonomy":"post_tag","embeddable":true,"href":"https:\/\/www.sabine-seyffert.de\/blog\/wp-json\/wp\/v2\/tags?post=18161"}],"curies":[{"name":"wp","href":"https:\/\/api.w.org\/{rel}","templated":true}]}}