{"id":18089,"date":"2020-12-30T17:52:53","date_gmt":"2020-12-30T15:52:53","guid":{"rendered":"https:\/\/www.sabine-seyffert.de\/blog\/?p=18089"},"modified":"2024-12-02T12:10:59","modified_gmt":"2024-12-02T10:10:59","slug":"diy-geschenkidee-fuer-silvester-neujahr-ein-jahr-voller-gluecksmomente","status":"publish","type":"post","link":"https:\/\/www.sabine-seyffert.de\/blog\/diy-geschenkidee-fuer-silvester-neujahr-ein-jahr-voller-gluecksmomente\/","title":{"rendered":"DIY Geschenkidee f\u00fcr Silvester &#038; Neujahr: Ein Jahr voller Gl\u00fccksmomente"},"content":{"rendered":"<p style=\"text-align: justify;\"><img loading=\"lazy\" decoding=\"async\" src=\"https:\/\/vg09.met.vgwort.de\/na\/0e1e4adeae3f4ea0926cacfc3a29a0be\" alt=\"\" width=\"1\" height=\"1\" \/>Da es dieses Jahr wirklich in sich hatte, habe ich mir nicht nur selbst gemachte <a href=\"https:\/\/www.sabine-seyffert.de\/blog\/?p=18074\" target=\"_blank\" rel=\"noopener noreferrer\">Neujahrsgr\u00fc\u00dfe mit Gl\u00fccksschwein<\/a> ausgedacht, sondern auch ein kleines Geschenk f\u00fcr Freunde, Nachbarn und andere liebe Menschen, um gut ins neue Jahr zu starten, das nun vor uns liegt. Und zwar m\u00f6chte ich mal wieder etwas Gl\u00fcck verschenken und habe zu diesem Zweck ein paar Cracker gebacken und mit ein paar Gl\u00fccksbringern verpackt.<\/p>\n<p style=\"text-align: center;\"><a href=\"https:\/\/www.sabine-seyffert.de\/blog\/wp-content\/uploads\/2020\/12\/Geschenkidee-Silvester-Sabine-Seyffert.de-1.jpg\"><img loading=\"lazy\" decoding=\"async\" class=\"alignnone size-full wp-image-18090\" src=\"https:\/\/www.sabine-seyffert.de\/blog\/wp-content\/uploads\/2020\/12\/Geschenkidee-Silvester-Sabine-Seyffert.de-1.jpg\" alt=\"\" width=\"800\" height=\"600\" srcset=\"https:\/\/www.sabine-seyffert.de\/blog\/wp-content\/uploads\/2020\/12\/Geschenkidee-Silvester-Sabine-Seyffert.de-1.jpg 800w, https:\/\/www.sabine-seyffert.de\/blog\/wp-content\/uploads\/2020\/12\/Geschenkidee-Silvester-Sabine-Seyffert.de-1-300x225.jpg 300w, https:\/\/www.sabine-seyffert.de\/blog\/wp-content\/uploads\/2020\/12\/Geschenkidee-Silvester-Sabine-Seyffert.de-1-768x576.jpg 768w\" sizes=\"auto, (max-width: 800px) 100vw, 800px\" \/><\/a><\/p>\n<p style=\"text-align: justify;\"><strong>Das wird gebraucht:<\/strong><\/p>\n<p style=\"text-align: justify;\"><strong>F\u00fcr den Teig<\/strong><br \/>\n150g Parmesan, 150g Butter, 150g Mehl, 1 St\u00e4ngel frischen Rosmarin, Pfeffer, Salz, 1 Eigelb, 1 L\u00f6ffel Backpulver, etwas Sojasahne zum Bestreichen sowie optional Sesamk\u00f6rner zum Bestreuen<\/p>\n<p style=\"text-align: justify;\"><strong>Zum Verpacken:<\/strong><br \/>\nKraftpapier oder d\u00fcnne Pappe, Deckwei\u00df, Pinsel, Schere, rotes Papier, Kordel, Kleber<\/p>\n<p style=\"text-align: center;\"><a href=\"https:\/\/www.sabine-seyffert.de\/blog\/wp-content\/uploads\/2020\/12\/Geschenkidee-Silvester-Sabine-Seyffert.de-9.jpg\"><img loading=\"lazy\" decoding=\"async\" class=\"alignnone size-full wp-image-18091\" src=\"https:\/\/www.sabine-seyffert.de\/blog\/wp-content\/uploads\/2020\/12\/Geschenkidee-Silvester-Sabine-Seyffert.de-9.jpg\" alt=\"\" width=\"800\" height=\"600\" srcset=\"https:\/\/www.sabine-seyffert.de\/blog\/wp-content\/uploads\/2020\/12\/Geschenkidee-Silvester-Sabine-Seyffert.de-9.jpg 800w, https:\/\/www.sabine-seyffert.de\/blog\/wp-content\/uploads\/2020\/12\/Geschenkidee-Silvester-Sabine-Seyffert.de-9-300x225.jpg 300w, https:\/\/www.sabine-seyffert.de\/blog\/wp-content\/uploads\/2020\/12\/Geschenkidee-Silvester-Sabine-Seyffert.de-9-768x576.jpg 768w\" sizes=\"auto, (max-width: 800px) 100vw, 800px\" \/><\/a><\/p>\n<p style=\"text-align: justify;\"><strong>So wird\u2019s gemacht:<\/strong><br \/>\nDen Parmesan reibt man und verknetet den geriebenen K\u00e4se dann mit Butter, Mehl, Eigelb, Backpulver, Salz, Pfeffer und dem klein gehackten Rosmarin.<\/p>\n<p style=\"text-align: center;\"><a href=\"https:\/\/www.sabine-seyffert.de\/blog\/wp-content\/uploads\/2020\/12\/Geschenkidee-Silvester-Sabine-Seyffert.de-8.jpg\"><img loading=\"lazy\" decoding=\"async\" class=\"alignnone size-full wp-image-18095\" src=\"https:\/\/www.sabine-seyffert.de\/blog\/wp-content\/uploads\/2020\/12\/Geschenkidee-Silvester-Sabine-Seyffert.de-8.jpg\" alt=\"\" width=\"800\" height=\"600\" srcset=\"https:\/\/www.sabine-seyffert.de\/blog\/wp-content\/uploads\/2020\/12\/Geschenkidee-Silvester-Sabine-Seyffert.de-8.jpg 800w, https:\/\/www.sabine-seyffert.de\/blog\/wp-content\/uploads\/2020\/12\/Geschenkidee-Silvester-Sabine-Seyffert.de-8-300x225.jpg 300w, https:\/\/www.sabine-seyffert.de\/blog\/wp-content\/uploads\/2020\/12\/Geschenkidee-Silvester-Sabine-Seyffert.de-8-768x576.jpg 768w\" sizes=\"auto, (max-width: 800px) 100vw, 800px\" \/><\/a><\/p>\n<p style=\"text-align: justify;\">Den Pl\u00e4tzchenteig rollt man auf etwas Mehl aus und sticht dann kleine Kleebl\u00e4tter, Schweine oder andere gl\u00fccksbringende Motive daraus aus.<\/p>\n<p style=\"text-align: center;\"><a href=\"https:\/\/www.sabine-seyffert.de\/blog\/wp-content\/uploads\/2020\/12\/Geschenkidee-Silvester-Sabine-Seyffert.de-7.jpg\"><img loading=\"lazy\" decoding=\"async\" class=\"alignnone size-full wp-image-18096\" src=\"https:\/\/www.sabine-seyffert.de\/blog\/wp-content\/uploads\/2020\/12\/Geschenkidee-Silvester-Sabine-Seyffert.de-7.jpg\" alt=\"\" width=\"800\" height=\"600\" srcset=\"https:\/\/www.sabine-seyffert.de\/blog\/wp-content\/uploads\/2020\/12\/Geschenkidee-Silvester-Sabine-Seyffert.de-7.jpg 800w, https:\/\/www.sabine-seyffert.de\/blog\/wp-content\/uploads\/2020\/12\/Geschenkidee-Silvester-Sabine-Seyffert.de-7-300x225.jpg 300w, https:\/\/www.sabine-seyffert.de\/blog\/wp-content\/uploads\/2020\/12\/Geschenkidee-Silvester-Sabine-Seyffert.de-7-768x576.jpg 768w\" sizes=\"auto, (max-width: 800px) 100vw, 800px\" \/><\/a><\/p>\n<p style=\"text-align: justify;\">Die Kekse platziert man auf meinem gefetteten oder mit Backpapier ausgelegtem Blech, bestreicht diese d\u00fcnn mit (pflanzlicher) Sahne und streut etwas ungesch\u00e4lten Sesam darauf.<\/p>\n<p style=\"text-align: center;\"><a href=\"https:\/\/www.sabine-seyffert.de\/blog\/wp-content\/uploads\/2020\/12\/Geschenkidee-Silvester-Sabine-Seyffert.de-6.jpg\"><img loading=\"lazy\" decoding=\"async\" class=\"alignnone size-full wp-image-18097\" src=\"https:\/\/www.sabine-seyffert.de\/blog\/wp-content\/uploads\/2020\/12\/Geschenkidee-Silvester-Sabine-Seyffert.de-6.jpg\" alt=\"\" width=\"800\" height=\"600\" srcset=\"https:\/\/www.sabine-seyffert.de\/blog\/wp-content\/uploads\/2020\/12\/Geschenkidee-Silvester-Sabine-Seyffert.de-6.jpg 800w, https:\/\/www.sabine-seyffert.de\/blog\/wp-content\/uploads\/2020\/12\/Geschenkidee-Silvester-Sabine-Seyffert.de-6-300x225.jpg 300w, https:\/\/www.sabine-seyffert.de\/blog\/wp-content\/uploads\/2020\/12\/Geschenkidee-Silvester-Sabine-Seyffert.de-6-768x576.jpg 768w\" sizes=\"auto, (max-width: 800px) 100vw, 800px\" \/><\/a><\/p>\n<p style=\"text-align: justify;\">Die K\u00e4secr\u00e4cker b\u00e4ckt man bei 175\u00b0 Grad f\u00fcr rund 15 Minuten. Die genaue Backzeit h\u00e4ngt nat\u00fcrlich von der Gr\u00f6\u00dfe und Dicke der Kleebl\u00e4tter ab.<\/p>\n<p style=\"text-align: center;\"><a href=\"https:\/\/www.sabine-seyffert.de\/blog\/wp-content\/uploads\/2020\/12\/Geschenkidee-Silvester-Sabine-Seyffert.de-5.jpg\"><img loading=\"lazy\" decoding=\"async\" class=\"alignnone size-full wp-image-18098\" src=\"https:\/\/www.sabine-seyffert.de\/blog\/wp-content\/uploads\/2020\/12\/Geschenkidee-Silvester-Sabine-Seyffert.de-5.jpg\" alt=\"\" width=\"800\" height=\"600\" srcset=\"https:\/\/www.sabine-seyffert.de\/blog\/wp-content\/uploads\/2020\/12\/Geschenkidee-Silvester-Sabine-Seyffert.de-5.jpg 800w, https:\/\/www.sabine-seyffert.de\/blog\/wp-content\/uploads\/2020\/12\/Geschenkidee-Silvester-Sabine-Seyffert.de-5-300x225.jpg 300w, https:\/\/www.sabine-seyffert.de\/blog\/wp-content\/uploads\/2020\/12\/Geschenkidee-Silvester-Sabine-Seyffert.de-5-768x576.jpg 768w\" sizes=\"auto, (max-width: 800px) 100vw, 800px\" \/><\/a><\/p>\n<p style=\"text-align: justify;\">W\u00e4hrend die Kekse ausk\u00fchlen habe auch auf Papier einen Neujahrgru\u00df gedruckt und mit Kleebl\u00e4ttern aus gemaltem Zeitungspapier verziert.<\/p>\n<p><a href=\"https:\/\/www.sabine-seyffert.de\/blog\/wp-content\/uploads\/2020\/12\/Geschenkidee-Silvester-Sabine-Seyffert.de-4.jpg\"><img loading=\"lazy\" decoding=\"async\" class=\"alignnone size-full wp-image-18100\" src=\"https:\/\/www.sabine-seyffert.de\/blog\/wp-content\/uploads\/2020\/12\/Geschenkidee-Silvester-Sabine-Seyffert.de-4.jpg\" alt=\"\" width=\"800\" height=\"600\" srcset=\"https:\/\/www.sabine-seyffert.de\/blog\/wp-content\/uploads\/2020\/12\/Geschenkidee-Silvester-Sabine-Seyffert.de-4.jpg 800w, https:\/\/www.sabine-seyffert.de\/blog\/wp-content\/uploads\/2020\/12\/Geschenkidee-Silvester-Sabine-Seyffert.de-4-300x225.jpg 300w, https:\/\/www.sabine-seyffert.de\/blog\/wp-content\/uploads\/2020\/12\/Geschenkidee-Silvester-Sabine-Seyffert.de-4-768x576.jpg 768w\" sizes=\"auto, (max-width: 800px) 100vw, 800px\" \/><\/a><\/p>\n<p style=\"text-align: justify;\">F\u00fcr die Verpackung habe ich au\u00dferdem aus d\u00fcnner Pappe,die ich grob mit wei\u00dfer Farbe bemalt habe sowie rotem Papier kleine Pilze gebastelt.<\/p>\n<p style=\"text-align: center;\"><a href=\"https:\/\/www.sabine-seyffert.de\/blog\/wp-content\/uploads\/2020\/12\/Geschenkidee-Silvester-Sabine-Seyffert.de-3.jpg\"><img loading=\"lazy\" decoding=\"async\" class=\"alignnone size-full wp-image-18099\" src=\"https:\/\/www.sabine-seyffert.de\/blog\/wp-content\/uploads\/2020\/12\/Geschenkidee-Silvester-Sabine-Seyffert.de-3.jpg\" alt=\"\" width=\"800\" height=\"600\" srcset=\"https:\/\/www.sabine-seyffert.de\/blog\/wp-content\/uploads\/2020\/12\/Geschenkidee-Silvester-Sabine-Seyffert.de-3.jpg 800w, https:\/\/www.sabine-seyffert.de\/blog\/wp-content\/uploads\/2020\/12\/Geschenkidee-Silvester-Sabine-Seyffert.de-3-300x225.jpg 300w, https:\/\/www.sabine-seyffert.de\/blog\/wp-content\/uploads\/2020\/12\/Geschenkidee-Silvester-Sabine-Seyffert.de-3-768x576.jpg 768w\" sizes=\"auto, (max-width: 800px) 100vw, 800px\" \/><\/a><\/p>\n<p style=\"text-align: justify;\">Diese klebt man an das Ende der Kordel, die man zum Verschlie\u00dfen der gef\u00fcllten Pl\u00e4tzchenbeutel ben\u00f6tigt.<\/p>\n<p style=\"text-align: center;\"><a href=\"https:\/\/www.sabine-seyffert.de\/blog\/wp-content\/uploads\/2020\/12\/Geschenkidee-Silvester-Sabine-Seyffert.de-2.jpg\"><img loading=\"lazy\" decoding=\"async\" class=\"alignnone size-full wp-image-18101\" src=\"https:\/\/www.sabine-seyffert.de\/blog\/wp-content\/uploads\/2020\/12\/Geschenkidee-Silvester-Sabine-Seyffert.de-2.jpg\" alt=\"\" width=\"800\" height=\"600\" srcset=\"https:\/\/www.sabine-seyffert.de\/blog\/wp-content\/uploads\/2020\/12\/Geschenkidee-Silvester-Sabine-Seyffert.de-2.jpg 800w, https:\/\/www.sabine-seyffert.de\/blog\/wp-content\/uploads\/2020\/12\/Geschenkidee-Silvester-Sabine-Seyffert.de-2-300x225.jpg 300w, https:\/\/www.sabine-seyffert.de\/blog\/wp-content\/uploads\/2020\/12\/Geschenkidee-Silvester-Sabine-Seyffert.de-2-768x576.jpg 768w\" sizes=\"auto, (max-width: 800px) 100vw, 800px\" \/><\/a><\/p>\n<p style=\"text-align: justify;\">Au\u00dferdem habe ich den selbst gemachten Neujahrsgru\u00df samt Wunderkerze an der Kordel angebracht. Fertig ist ein leckere Knabberei, die man am Silvesterabend sicher gut gebrauchen kann.<\/p>\n<p style=\"text-align: center;\"><a href=\"https:\/\/www.sabine-seyffert.de\/blog\/wp-content\/uploads\/2020\/12\/Geschenkidee-Silvester-Sabine-Seyffert.de-10.jpg\"><img loading=\"lazy\" decoding=\"async\" class=\"alignnone size-full wp-image-18094\" src=\"https:\/\/www.sabine-seyffert.de\/blog\/wp-content\/uploads\/2020\/12\/Geschenkidee-Silvester-Sabine-Seyffert.de-10.jpg\" alt=\"\" width=\"600\" height=\"800\" srcset=\"https:\/\/www.sabine-seyffert.de\/blog\/wp-content\/uploads\/2020\/12\/Geschenkidee-Silvester-Sabine-Seyffert.de-10.jpg 600w, https:\/\/www.sabine-seyffert.de\/blog\/wp-content\/uploads\/2020\/12\/Geschenkidee-Silvester-Sabine-Seyffert.de-10-225x300.jpg 225w\" sizes=\"auto, (max-width: 600px) 100vw, 600px\" \/><\/a><\/p>\n<p style=\"text-align: justify;\">Noch mehr Do-it-Yourself Ideen rund um das liebe Gl\u00fcck findet ihr hier:<\/p>\n<p style=\"text-align: justify;\">* <a href=\"https:\/\/www.sabine-seyffert.de\/blog\/?p=9638\" target=\"_blank\" rel=\"noopener noreferrer\">Selbst gemachte Gl\u00fcckskekse mit Botschaft<\/a><br \/>\n* Ein <a href=\"https:\/\/www.sabine-seyffert.de\/blog\/?p=12540\" target=\"_blank\" rel=\"noopener noreferrer\">Gl\u00fcckskalender zum Verschenken<\/a><br \/>\n* <a href=\"https:\/\/www.sabine-seyffert.de\/blog\/?p=11647\" target=\"_blank\" rel=\"noopener noreferrer\">Gl\u00fcck zum Mitnehmen<\/a><br \/>\n* <a href=\"https:\/\/www.sabine-seyffert.de\/blog\/?p=17712\" target=\"_blank\" rel=\"noopener noreferrer\">Windlicht mit Gl\u00fcckspilz<\/a><br \/>\n* <a href=\"https:\/\/www.sabine-seyffert.de\/blog\/?p=14065\" target=\"_blank\" rel=\"noopener noreferrer\">Eine Portion Gl\u00fcck im Topf<\/a><br \/>\n* <a href=\"https:\/\/www.sabine-seyffert.de\/blog\/?p=18074\" target=\"_blank\" rel=\"noopener noreferrer\">Neujahrsgru\u00df mit sauviel Gl\u00fcck<\/a><br \/>\n* <a href=\"https:\/\/www.sabine-seyffert.de\/blog\/?p=17726\" target=\"_blank\" rel=\"noopener noreferrer\">Geschenkverpackungen mit Gl\u00fcckspilzen<\/a><br \/>\n* <a href=\"https:\/\/www.sabine-seyffert.de\/blog\/?p=16478\" target=\"_blank\" rel=\"noopener noreferrer\">Gl\u00fccksklee Kekse<\/a><br \/>\n* <a href=\"https:\/\/www.sabine-seyffert.de\/blog\/?p=15934\" target=\"_blank\" rel=\"noopener noreferrer\">Kunterbunte Gl\u00fcckw\u00fcnsche f\u00fcr reichlich gute Laune<\/a><br \/>\n* <a href=\"https:\/\/www.sabine-seyffert.de\/blog\/?p=15645\" target=\"_blank\" rel=\"noopener noreferrer\">Gl\u00fccksregen zum Verschicken<\/a><br \/>\n* <a href=\"https:\/\/www.sabine-seyffert.de\/blog\/?p=13458\" target=\"_blank\" rel=\"noopener noreferrer\">Selbst gebackene Gl\u00fcckskekse<\/a><\/p>\n<p style=\"text-align: center;\"><a href=\"https:\/\/www.sabine-seyffert.de\/blog\/wp-content\/uploads\/2020\/12\/Geschenkidee-Silvester-Sabine-Seyffert.de-11.jpg\"><img loading=\"lazy\" decoding=\"async\" class=\"alignnone size-full wp-image-18092\" src=\"https:\/\/www.sabine-seyffert.de\/blog\/wp-content\/uploads\/2020\/12\/Geschenkidee-Silvester-Sabine-Seyffert.de-11.jpg\" alt=\"\" width=\"600\" height=\"800\" srcset=\"https:\/\/www.sabine-seyffert.de\/blog\/wp-content\/uploads\/2020\/12\/Geschenkidee-Silvester-Sabine-Seyffert.de-11.jpg 600w, https:\/\/www.sabine-seyffert.de\/blog\/wp-content\/uploads\/2020\/12\/Geschenkidee-Silvester-Sabine-Seyffert.de-11-225x300.jpg 225w\" sizes=\"auto, (max-width: 600px) 100vw, 600px\" \/><\/a><\/p>\n<p style=\"text-align: justify;\">Weitere Geschenkideen f\u00fcr unterschiedliche Anl\u00e4sse findet ihr \u00fcbrigens in <a href=\"https:\/\/www.sabine-seyffert.de\/blog\/?cat=36\" target=\"_blank\" rel=\"noopener noreferrer\">dieser Blog Kategorie<\/a>, leckere Geschenke aus der K\u00fcche gibt es in <a href=\"https:\/\/www.sabine-seyffert.de\/blog\/?cat=43\" target=\"_blank\" rel=\"noopener noreferrer\">dieser Rubrik<\/a>, ausgefallene Geschenkverpackungen zum Selbermachen <a href=\"https:\/\/www.sabine-seyffert.de\/blog\/?cat=49\" target=\"_blank\" rel=\"noopener noreferrer\">hier<\/a> und alles rund um die Winterzeit sind in <a href=\"https:\/\/www.sabine-seyffert.de\/blog\/?cat=22\" target=\"_blank\" rel=\"noopener noreferrer\">diesem Blog Ordner<\/a>.<\/p>\n<p style=\"text-align: center;\"><a href=\"https:\/\/www.sabine-seyffert.de\/blog\/wp-content\/uploads\/2020\/12\/Geschenkidee-Silvester-Sabine-Seyffert.de-12.jpg\"><img loading=\"lazy\" decoding=\"async\" class=\"alignnone size-full wp-image-18093\" src=\"https:\/\/www.sabine-seyffert.de\/blog\/wp-content\/uploads\/2020\/12\/Geschenkidee-Silvester-Sabine-Seyffert.de-12.jpg\" alt=\"\" width=\"600\" height=\"800\" srcset=\"https:\/\/www.sabine-seyffert.de\/blog\/wp-content\/uploads\/2020\/12\/Geschenkidee-Silvester-Sabine-Seyffert.de-12.jpg 600w, https:\/\/www.sabine-seyffert.de\/blog\/wp-content\/uploads\/2020\/12\/Geschenkidee-Silvester-Sabine-Seyffert.de-12-225x300.jpg 225w\" sizes=\"auto, (max-width: 600px) 100vw, 600px\" \/><\/a><\/p>\n<p style=\"text-align: justify;\"><a href=\"https:\/\/www.sabine-seyffert.de\/blog\/?page_id=32#urheberrecht\">urheberrechtlich gesch\u00fctzt<\/a>, \u00a9 Sabine Seyffert<\/p>\n","protected":false},"excerpt":{"rendered":"<p>Da es dieses Jahr wirklich in sich hatte, habe ich mir nicht nur selbst gemachte Neujahrsgr\u00fc\u00dfe mit Gl\u00fccksschwein ausgedacht, sondern auch ein kleines Geschenk f\u00fcr Freunde, Nachbarn und andere liebe Menschen, um gut ins neue Jahr zu starten, das nun vor uns liegt. Und zwar m\u00f6chte ich mal wieder etwas Gl\u00fcck verschenken und habe zu&#8230; <a href=\"https:\/\/www.sabine-seyffert.de\/blog\/diy-geschenkidee-fuer-silvester-neujahr-ein-jahr-voller-gluecksmomente\/\" class=\"more-link\">Read more: DIY Geschenkidee f\u00fcr Silvester &#038; Neujahr: Ein Jahr voller Gl\u00fccksmomente<\/a><\/p>\n","protected":false},"author":2,"featured_media":0,"comment_status":"open","ping_status":"open","sticky":false,"template":"","format":"standard","meta":{"_metis_text_type":"standard","_metis_text_length":2670,"_post_count":0,"footnotes":""},"categories":[43,36,49,60,22],"tags":[],"class_list":["post-18089","post","type-post","status-publish","format-standard","hentry","category-geschenke-aus-der-kueche","category-klitzekleine-geschenkideen","category-verpackungsideen","category-silvester","category-winter"],"_links":{"self":[{"href":"https:\/\/www.sabine-seyffert.de\/blog\/wp-json\/wp\/v2\/posts\/18089","targetHints":{"allow":["GET"]}}],"collection":[{"href":"https:\/\/www.sabine-seyffert.de\/blog\/wp-json\/wp\/v2\/posts"}],"about":[{"href":"https:\/\/www.sabine-seyffert.de\/blog\/wp-json\/wp\/v2\/types\/post"}],"author":[{"embeddable":true,"href":"https:\/\/www.sabine-seyffert.de\/blog\/wp-json\/wp\/v2\/users\/2"}],"replies":[{"embeddable":true,"href":"https:\/\/www.sabine-seyffert.de\/blog\/wp-json\/wp\/v2\/comments?post=18089"}],"version-history":[{"count":5,"href":"https:\/\/www.sabine-seyffert.de\/blog\/wp-json\/wp\/v2\/posts\/18089\/revisions"}],"predecessor-version":[{"id":29135,"href":"https:\/\/www.sabine-seyffert.de\/blog\/wp-json\/wp\/v2\/posts\/18089\/revisions\/29135"}],"wp:attachment":[{"href":"https:\/\/www.sabine-seyffert.de\/blog\/wp-json\/wp\/v2\/media?parent=18089"}],"wp:term":[{"taxonomy":"category","embeddable":true,"href":"https:\/\/www.sabine-seyffert.de\/blog\/wp-json\/wp\/v2\/categories?post=18089"},{"taxonomy":"post_tag","embeddable":true,"href":"https:\/\/www.sabine-seyffert.de\/blog\/wp-json\/wp\/v2\/tags?post=18089"}],"curies":[{"name":"wp","href":"https:\/\/api.w.org\/{rel}","templated":true}]}}