{"id":1808,"date":"2013-05-21T08:26:05","date_gmt":"2013-05-21T06:26:05","guid":{"rendered":"http:\/\/www.sabine-seyffert.de\/blog\/?p=1808"},"modified":"2017-03-06T17:30:51","modified_gmt":"2017-03-06T15:30:51","slug":"heute-wird-es-bunt","status":"publish","type":"post","link":"https:\/\/www.sabine-seyffert.de\/blog\/heute-wird-es-bunt\/","title":{"rendered":"Heute wird es bunt!"},"content":{"rendered":"<p style=\"text-align: center;\"><img loading=\"lazy\" decoding=\"async\" src=\"https:\/\/ssl-vg03.met.vgwort.de\/na\/4812c4cb3ef74e0aa9bd12a352f10dd1\" alt=\"\" width=\"1\" height=\"1\" \/><br \/>\n<a href=\"http:\/\/www.sabine-seyffert.de\/blog\/wp-content\/uploads\/2013\/05\/Decalcomanie1.jpg\"><img loading=\"lazy\" decoding=\"async\" class=\"alignnone size-full wp-image-1809\" src=\"http:\/\/www.sabine-seyffert.de\/blog\/wp-content\/uploads\/2013\/05\/Decalcomanie1.jpg\" alt=\"Decalcomanie1\" width=\"800\" height=\"600\" srcset=\"https:\/\/www.sabine-seyffert.de\/blog\/wp-content\/uploads\/2013\/05\/Decalcomanie1.jpg 800w, https:\/\/www.sabine-seyffert.de\/blog\/wp-content\/uploads\/2013\/05\/Decalcomanie1-300x225.jpg 300w\" sizes=\"auto, (max-width: 800px) 100vw, 800px\" \/><\/a><\/p>\n<p style=\"text-align: justify;\">Nicht nur ich bin gerne kreativ, Kinder sind es auch. Daher arbeite ich gerne mit Farben. Sie machen den Alltag so herrlich bunt.<\/p>\n<p style=\"text-align: center;\"><a href=\"http:\/\/www.sabine-seyffert.de\/blog\/wp-content\/uploads\/2013\/05\/Decalcomanie-6.jpg\"><img loading=\"lazy\" decoding=\"async\" class=\"alignnone size-full wp-image-1810\" src=\"http:\/\/www.sabine-seyffert.de\/blog\/wp-content\/uploads\/2013\/05\/Decalcomanie-6.jpg\" alt=\"Decalcomanie 6\" width=\"800\" height=\"582\" srcset=\"https:\/\/www.sabine-seyffert.de\/blog\/wp-content\/uploads\/2013\/05\/Decalcomanie-6.jpg 800w, https:\/\/www.sabine-seyffert.de\/blog\/wp-content\/uploads\/2013\/05\/Decalcomanie-6-300x218.jpg 300w\" sizes=\"auto, (max-width: 800px) 100vw, 800px\" \/><\/a><\/p>\n<p style=\"text-align: justify;\">In meinen Entspannungskursen habe ich leider immer wieder die Erfahrung gemacht, dass Kinder so stark unter Leistungsdruck stehen, dass sie Probleme haben ihrer Kreativit\u00e4t freien Lauf zu lassen. Sie sind oftmals zu sehr damit besch\u00e4ftigt ihr gemaltes Bild mit dem der anderen Kinder zu vergleichen. Daher wende ich oft Techniken an, bei denen es nicht darauf ankommt, ganz exakt einen bestimmten Gegenstand zu zeichnen, sondern darauf, die Lust auf Farben wiederzuentdecken und ganz unbeschwert ans Werk zu gehen. Das klappt hervorragend mit einer Maltechnik, die sich D\u00e9calcomanie nennt.<\/p>\n<p style=\"text-align: center;\"><a href=\"http:\/\/www.sabine-seyffert.de\/blog\/wp-content\/uploads\/2013\/05\/Decalcomanie-8.jpg\"><img loading=\"lazy\" decoding=\"async\" class=\"alignnone size-full wp-image-1811\" src=\"http:\/\/www.sabine-seyffert.de\/blog\/wp-content\/uploads\/2013\/05\/Decalcomanie-8.jpg\" alt=\"Decalcomanie 8\" width=\"798\" height=\"613\" srcset=\"https:\/\/www.sabine-seyffert.de\/blog\/wp-content\/uploads\/2013\/05\/Decalcomanie-8.jpg 798w, https:\/\/www.sabine-seyffert.de\/blog\/wp-content\/uploads\/2013\/05\/Decalcomanie-8-300x230.jpg 300w\" sizes=\"auto, (max-width: 798px) 100vw, 798px\" \/><\/a><\/p>\n<p style=\"text-align: justify;\">Teilnehmer meiner Kurse und Veranstaltungen kamen schon oft in den Genuss dieser Maltechnik, da ich diese wirklich h\u00e4ufig einsetze. Der Vorteil hierbei ist, man kann keine Gegenst\u00e4nde oder feine Details malen. Vielmehr geht es hierbei wirklich darum mit Farben zu spielen, ein wenig mit ihnen zu experimentieren und sich kreativ \u201eauszutoben\u201c. Also genau das Richtige f\u00fcr alle, die \u201eentspannt\u201c kreativ sein m\u00f6chten. Man kann es auch als eine Art meditativer Malerei betrachten.<\/p>\n<p style=\"text-align: center;\"><a href=\"http:\/\/www.sabine-seyffert.de\/blog\/wp-content\/uploads\/2013\/05\/Decalcomanie-9.jpg\"><img loading=\"lazy\" decoding=\"async\" class=\"alignnone size-full wp-image-1812\" src=\"http:\/\/www.sabine-seyffert.de\/blog\/wp-content\/uploads\/2013\/05\/Decalcomanie-9.jpg\" alt=\"Decalcomanie 9\" width=\"800\" height=\"571\" srcset=\"https:\/\/www.sabine-seyffert.de\/blog\/wp-content\/uploads\/2013\/05\/Decalcomanie-9.jpg 800w, https:\/\/www.sabine-seyffert.de\/blog\/wp-content\/uploads\/2013\/05\/Decalcomanie-9-300x214.jpg 300w\" sizes=\"auto, (max-width: 800px) 100vw, 800px\" \/><\/a><\/p>\n<p style=\"text-align: justify;\"><strong>Das wird pro \u201eK\u00fcnstler\u201c gebraucht:<\/strong><br \/>\nEine Glasscheibe, Wasserfarben, Wasser, Pinsel, wei\u00dfes Papier, einen Schwamm, eine wasserfeste Unterlage sowie ein altes Handtuch.<\/p>\n<p style=\"text-align: center;\"><a href=\"http:\/\/www.sabine-seyffert.de\/blog\/wp-content\/uploads\/2013\/05\/Decalcomanie-3.jpg\"><img loading=\"lazy\" decoding=\"async\" class=\"alignnone size-full wp-image-1813\" src=\"http:\/\/www.sabine-seyffert.de\/blog\/wp-content\/uploads\/2013\/05\/Decalcomanie-3.jpg\" alt=\"Decalcomanie 3\" width=\"800\" height=\"600\" srcset=\"https:\/\/www.sabine-seyffert.de\/blog\/wp-content\/uploads\/2013\/05\/Decalcomanie-3.jpg 800w, https:\/\/www.sabine-seyffert.de\/blog\/wp-content\/uploads\/2013\/05\/Decalcomanie-3-300x225.jpg 300w\" sizes=\"auto, (max-width: 800px) 100vw, 800px\" \/><\/a><\/p>\n<p style=\"text-align: justify;\"><strong>So wird\u2019s gemacht:<\/strong><br \/>\nAls erstes mit der Unterlage alles \u201ewasser- und farbsicher\u201c abdichten. Dann darf jeder mit reichlich (!) Wasser die bunten Farben auf das Glas malen. Genau das, was man Kinder sonst gerne verbietet, ist hier Pflicht, denn nimmt man zu wenig Wasser, wird das Ergebnis nicht so sch\u00f6n.<\/p>\n<p style=\"text-align: center;\"><a href=\"http:\/\/www.sabine-seyffert.de\/blog\/wp-content\/uploads\/2013\/05\/Decalcomanie-4.jpg\"><img loading=\"lazy\" decoding=\"async\" class=\"alignnone size-full wp-image-1814\" src=\"http:\/\/www.sabine-seyffert.de\/blog\/wp-content\/uploads\/2013\/05\/Decalcomanie-4.jpg\" alt=\"Decalcomanie 4\" width=\"800\" height=\"600\" srcset=\"https:\/\/www.sabine-seyffert.de\/blog\/wp-content\/uploads\/2013\/05\/Decalcomanie-4.jpg 800w, https:\/\/www.sabine-seyffert.de\/blog\/wp-content\/uploads\/2013\/05\/Decalcomanie-4-300x225.jpg 300w\" sizes=\"auto, (max-width: 800px) 100vw, 800px\" \/><\/a><\/p>\n<p style=\"text-align: justify;\">Ist die Glasscheibe voller Farben (ggf. an einigen Stellen, die zu schnell getrocknet sind nochmals nachmalen oder mit Wasser befeuchten!) legt man den Pinsel zur Seite und legt ein Blatt Papier darauf. Wer mag und es wirklich bunt m\u00f6chte, kann mit der Hand in kreisenden Bewegungen \u00fcber das Papier fahren. Liegt das Papier wirklich \u00fcberall auf, zieht man das Blatt von der Scheibe und legt es zum Trocknen weg. Allein das Papier von der Scheibe zu ziehen ist f\u00fcr Kinder ganz spannend, weil jedes Mal aufs Neue, eine bunte \u00dcberraschung darunter wartet.<\/p>\n<p style=\"text-align: center;\"><a href=\"http:\/\/www.sabine-seyffert.de\/blog\/wp-content\/uploads\/2013\/05\/Decalcomanie-10.jpg\"><img loading=\"lazy\" decoding=\"async\" class=\"alignnone size-full wp-image-1815\" src=\"http:\/\/www.sabine-seyffert.de\/blog\/wp-content\/uploads\/2013\/05\/Decalcomanie-10.jpg\" alt=\"Decalcomanie 10\" width=\"800\" height=\"600\" srcset=\"https:\/\/www.sabine-seyffert.de\/blog\/wp-content\/uploads\/2013\/05\/Decalcomanie-10.jpg 800w, https:\/\/www.sabine-seyffert.de\/blog\/wp-content\/uploads\/2013\/05\/Decalcomanie-10-300x225.jpg 300w\" sizes=\"auto, (max-width: 800px) 100vw, 800px\" \/><\/a><\/p>\n<p style=\"text-align: justify;\">In unserem Kindergarten lag vor kurzem ein Stapel alter Bilderrahmen, die entsorgt werden sollten. Mein Tipp dazu \u2013 die Scheiben abmachen und nur den Rest entsorgen. Seitdem werden die Glasscheiben dort nach dieser Technik immer wieder aufs Neue bunt bemalt \ud83d\ude42<\/p>\n<p style=\"text-align: center;\"><a href=\"http:\/\/www.sabine-seyffert.de\/blog\/wp-content\/uploads\/2013\/05\/Decalcomanie-11.jpg\"><img loading=\"lazy\" decoding=\"async\" class=\"alignnone size-full wp-image-1816\" src=\"http:\/\/www.sabine-seyffert.de\/blog\/wp-content\/uploads\/2013\/05\/Decalcomanie-11.jpg\" alt=\"Decalcomanie 11\" width=\"800\" height=\"600\" srcset=\"https:\/\/www.sabine-seyffert.de\/blog\/wp-content\/uploads\/2013\/05\/Decalcomanie-11.jpg 800w, https:\/\/www.sabine-seyffert.de\/blog\/wp-content\/uploads\/2013\/05\/Decalcomanie-11-300x225.jpg 300w\" sizes=\"auto, (max-width: 800px) 100vw, 800px\" \/><\/a><\/p>\n<p style=\"text-align: justify;\">Auch ich nutze hierf\u00fcr das Glas alter Rahmen.<\/p>\n<p style=\"text-align: justify;\">Vielleicht l\u00e4sst <a href=\"http:\/\/zepideh.blogspot.de\/\" target=\"_blank\">Nina<\/a> das als Upcycling Idee f\u00fcr ausgediente Bilderrahmen gelten? In jedem Fall eine neue Idee f\u00fcr <a href=\"http:\/\/www.creadienstag.de\/2013\/05\/074.html\" target=\"_blank\">Ankes Creadienstag<\/a>. Allen kleinen &amp; gro\u00dfen Lesern viel Spa\u00df beim Werkeln!<\/p>\n<p><a href=\"http:\/\/www.sabine-seyffert.de\/blog\/?page_id=32#urheberrecht\">urherrechtlich gesch\u00fctzt<\/a>, \u00a9 Sabine Seyffert<\/p>\n","protected":false},"excerpt":{"rendered":"<p>Nicht nur ich bin gerne kreativ, Kinder sind es auch. Daher arbeite ich gerne mit Farben. Sie machen den Alltag so herrlich bunt. In meinen Entspannungskursen habe ich leider immer wieder die Erfahrung gemacht, dass Kinder so stark unter Leistungsdruck stehen, dass sie Probleme haben ihrer Kreativit\u00e4t freien Lauf zu lassen. Sie sind oftmals zu&#8230; <a href=\"https:\/\/www.sabine-seyffert.de\/blog\/heute-wird-es-bunt\/\" class=\"more-link\">Read more: Heute wird es bunt!<\/a><\/p>\n","protected":false},"author":2,"featured_media":0,"comment_status":"open","ping_status":"open","sticky":false,"template":"","format":"standard","meta":{"_metis_text_type":"","_metis_text_length":2760,"_post_count":0,"footnotes":""},"categories":[32,51],"tags":[],"class_list":["post-1808","post","type-post","status-publish","format-standard","hentry","category-kreatives-fur-kleine-kinderhande","category-postkarten-grusskarten"],"_links":{"self":[{"href":"https:\/\/www.sabine-seyffert.de\/blog\/wp-json\/wp\/v2\/posts\/1808","targetHints":{"allow":["GET"]}}],"collection":[{"href":"https:\/\/www.sabine-seyffert.de\/blog\/wp-json\/wp\/v2\/posts"}],"about":[{"href":"https:\/\/www.sabine-seyffert.de\/blog\/wp-json\/wp\/v2\/types\/post"}],"author":[{"embeddable":true,"href":"https:\/\/www.sabine-seyffert.de\/blog\/wp-json\/wp\/v2\/users\/2"}],"replies":[{"embeddable":true,"href":"https:\/\/www.sabine-seyffert.de\/blog\/wp-json\/wp\/v2\/comments?post=1808"}],"version-history":[{"count":10,"href":"https:\/\/www.sabine-seyffert.de\/blog\/wp-json\/wp\/v2\/posts\/1808\/revisions"}],"predecessor-version":[{"id":9852,"href":"https:\/\/www.sabine-seyffert.de\/blog\/wp-json\/wp\/v2\/posts\/1808\/revisions\/9852"}],"wp:attachment":[{"href":"https:\/\/www.sabine-seyffert.de\/blog\/wp-json\/wp\/v2\/media?parent=1808"}],"wp:term":[{"taxonomy":"category","embeddable":true,"href":"https:\/\/www.sabine-seyffert.de\/blog\/wp-json\/wp\/v2\/categories?post=1808"},{"taxonomy":"post_tag","embeddable":true,"href":"https:\/\/www.sabine-seyffert.de\/blog\/wp-json\/wp\/v2\/tags?post=1808"}],"curies":[{"name":"wp","href":"https:\/\/api.w.org\/{rel}","templated":true}]}}