{"id":18067,"date":"2020-12-23T18:58:54","date_gmt":"2020-12-23T16:58:54","guid":{"rendered":"https:\/\/www.sabine-seyffert.de\/blog\/?p=18067"},"modified":"2022-12-06T11:05:29","modified_gmt":"2022-12-06T09:05:29","slug":"frohe-weihnachten-ein-kleiner-rueckblick","status":"publish","type":"post","link":"https:\/\/www.sabine-seyffert.de\/blog\/frohe-weihnachten-ein-kleiner-rueckblick\/","title":{"rendered":"Frohe Weihnachten &#038; ein kleiner R\u00fcckblick"},"content":{"rendered":"<p style=\"text-align: justify;\"><img loading=\"lazy\" decoding=\"async\" src=\"https:\/\/vg09.met.vgwort.de\/na\/857a6923be854792be327b9cda3bd9bc\" alt=\"\" width=\"1\" height=\"1\" \/>Ein ganz verr\u00fccktes Jahr neigt sich nun endlich dem Ende. Ein Jahr, das so allerhand auf den Kopf und uns vor gro\u00dfe Herausforderungen gestellt hat. Es hat allerhand Kraft gekostet, dies alles zu meistern. Auch ein Ende der Pandemie ist zum jetzigen Zeitpunkt leider nicht wirklich in Sicht. Aber so schwer es auch war, aufgrund der Bestimmungen monatelang keinerlei Veranstaltungen, Lesungen und Kurse durchf\u00fchren zu k\u00f6nnen, und somit auf Einnahmen verzichten zu m\u00fcssen, so hat uns die Krise doch gezeigt, was wirklich wichtig ist und im Leben z\u00e4hlt.<\/p>\n<p style=\"text-align: justify;\">Daher blicke ich nun, trotz Veranstaltungsverboten, die mich als selbstst\u00e4ndige Autorin sehr eingeschr\u00e4nken, dankbar auf vieles in diesem Jahr zur\u00fcck. Eine liebe Blogkollegin schrieb mir beispielsweise vor ein paar Tagen, dass sie sich gerade in diesem Jahr ganz besonders \u00fcber meine kreativen Ideen so gefreut habe, weil sie gute Laune verbreiteten und eine willkommene Abwechslung in den schweren Zeiten in ihrem Familienalltag gewesen sein.<\/p>\n<p style=\"text-align: justify;\">Und auch mich hat das t\u00e4gliche Besch\u00e4ftigungsprogramm im ersten Lockdown im M\u00e4rz, bei dem ich euch kreative Bastelideen f\u00fcr Kinder gezeigt habe, gut abgelenkt und auch mich sinnvoll besch\u00e4ftigt. Noch mehr als sonst habe ich hierbei versucht auf beim Basteln auf Bastelmaterial zur\u00fcckzugreifen, das man im Haus hat, und viele Alltagsmaterialien, wie Klorollen, Eierkartons, Zeitung, Pappe, Korken und Co. genutzt, die sonst unbeachtet im M\u00fcll landen. Es muss also nicht immer etwas Neues, Teures oder Gekauftes sein, um sich kreativ zu bet\u00e4tigen.<br \/>\nEbenso dankbar bin ich f\u00fcr neue Wege und M\u00f6glichkeiten, die sich f\u00fcr mich unerwarteterweise aufgetan haben, wie beispielsweise meine neue CD mit den Traumreisen f\u00fcr Kinder, die zum Jahresende erschienen ist. Bislang habe ich ja ausschlie\u00dflich B\u00fccher geschrieben oder Artikel f\u00fcr verschiedene Zeitschriften verfasst. F\u00fcr mich eine ganz neue, bereicherende Erfahrung.<br \/>\nUnd ich muss zugeben, dass auch ich mir immer wieder eine Auszeit g\u00f6nne, um meine eigenen Geschichten zu h\u00f6ren, dabei zu Tr\u00e4umen und neue Kraft zu sammeln.<br \/>\nJetzt steht Weihnachten vor der T\u00fcr, das in diesem Jahr so anders sein wird, als wir es kennen. Also nutzt die Chance und macht das Beste draus. Genie\u00dft die Feiertage in vollen Z\u00fcgen, macht es euch gem\u00fctlich und lasst es euch gut gehen \u2013 vor allen Dingen aber: Bleibt gesund!<br \/>\nIn diesem Sinne w\u00fcnsche ich euch allen von Herzen ein ganz besonders sch\u00f6nes Weihnachtsfest mit viel Ruhe und Besinnlichkeit!<\/p>\n<p style=\"text-align: center;\">Gr\u00fc\u00dfe mit viel Lichterglanz,<\/p>\n<p style=\"text-align: center;\">Sabine<br \/>\n<a href=\"https:\/\/www.sabine-seyffert.de\/blog\/wp-content\/uploads\/2020\/12\/Weihnachtshaus-Teelicht-Sabine-Seyffert.de-21.jpg\"><img loading=\"lazy\" decoding=\"async\" class=\"size-full wp-image-18068 aligncenter\" src=\"https:\/\/www.sabine-seyffert.de\/blog\/wp-content\/uploads\/2020\/12\/Weihnachtshaus-Teelicht-Sabine-Seyffert.de-21.jpg\" alt=\"\" width=\"600\" height=\"800\" srcset=\"https:\/\/www.sabine-seyffert.de\/blog\/wp-content\/uploads\/2020\/12\/Weihnachtshaus-Teelicht-Sabine-Seyffert.de-21.jpg 600w, https:\/\/www.sabine-seyffert.de\/blog\/wp-content\/uploads\/2020\/12\/Weihnachtshaus-Teelicht-Sabine-Seyffert.de-21-225x300.jpg 225w\" sizes=\"auto, (max-width: 600px) 100vw, 600px\" \/><\/a><\/p>\n<p><a href=\"https:\/\/www.sabine-seyffert.de\/blog\/?page_id=32#urheberrecht\">urheberrechtlich gesch\u00fctzt<\/a>, \u00a9 Sabine Seyffert<\/p>\n","protected":false},"excerpt":{"rendered":"<p>Ein ganz verr\u00fccktes Jahr neigt sich nun endlich dem Ende. Ein Jahr, das so allerhand auf den Kopf und uns vor gro\u00dfe Herausforderungen gestellt hat. Es hat allerhand Kraft gekostet, dies alles zu meistern. Auch ein Ende der Pandemie ist zum jetzigen Zeitpunkt leider nicht wirklich in Sicht. Aber so schwer es auch war, aufgrund&#8230; <a href=\"https:\/\/www.sabine-seyffert.de\/blog\/frohe-weihnachten-ein-kleiner-rueckblick\/\" class=\"more-link\">Read more: Frohe Weihnachten &#038; ein kleiner R\u00fcckblick<\/a><\/p>\n","protected":false},"author":2,"featured_media":0,"comment_status":"open","ping_status":"open","sticky":false,"template":"","format":"standard","meta":{"_metis_text_type":"","_metis_text_length":2546,"_post_count":0,"footnotes":""},"categories":[41,52],"tags":[],"class_list":["post-18067","post","type-post","status-publish","format-standard","hentry","category-weihnachten","category-familie"],"_links":{"self":[{"href":"https:\/\/www.sabine-seyffert.de\/blog\/wp-json\/wp\/v2\/posts\/18067","targetHints":{"allow":["GET"]}}],"collection":[{"href":"https:\/\/www.sabine-seyffert.de\/blog\/wp-json\/wp\/v2\/posts"}],"about":[{"href":"https:\/\/www.sabine-seyffert.de\/blog\/wp-json\/wp\/v2\/types\/post"}],"author":[{"embeddable":true,"href":"https:\/\/www.sabine-seyffert.de\/blog\/wp-json\/wp\/v2\/users\/2"}],"replies":[{"embeddable":true,"href":"https:\/\/www.sabine-seyffert.de\/blog\/wp-json\/wp\/v2\/comments?post=18067"}],"version-history":[{"count":4,"href":"https:\/\/www.sabine-seyffert.de\/blog\/wp-json\/wp\/v2\/posts\/18067\/revisions"}],"predecessor-version":[{"id":24725,"href":"https:\/\/www.sabine-seyffert.de\/blog\/wp-json\/wp\/v2\/posts\/18067\/revisions\/24725"}],"wp:attachment":[{"href":"https:\/\/www.sabine-seyffert.de\/blog\/wp-json\/wp\/v2\/media?parent=18067"}],"wp:term":[{"taxonomy":"category","embeddable":true,"href":"https:\/\/www.sabine-seyffert.de\/blog\/wp-json\/wp\/v2\/categories?post=18067"},{"taxonomy":"post_tag","embeddable":true,"href":"https:\/\/www.sabine-seyffert.de\/blog\/wp-json\/wp\/v2\/tags?post=18067"}],"curies":[{"name":"wp","href":"https:\/\/api.w.org\/{rel}","templated":true}]}}