{"id":180,"date":"2013-02-15T11:32:18","date_gmt":"2013-02-15T09:32:18","guid":{"rendered":"http:\/\/www.sabine-seyffert.de\/blog\/?p=180"},"modified":"2017-03-06T20:50:58","modified_gmt":"2017-03-06T18:50:58","slug":"eisige-winterstatuen","status":"publish","type":"post","link":"https:\/\/www.sabine-seyffert.de\/blog\/eisige-winterstatuen\/","title":{"rendered":"Eisige Winterstatuen"},"content":{"rendered":"<p><a href=\"http:\/\/www.sabine-seyffert.de\/blog\/eisige-winterstatuen\/hand\/\" rel=\"attachment wp-att-187\"><img loading=\"lazy\" decoding=\"async\" src=\"https:\/\/ssl-vg03.met.vgwort.de\/na\/d7f547dbfe644be5afe367a29422ad24\" alt=\"\" width=\"1\" height=\"1\" \/><img loading=\"lazy\" decoding=\"async\" class=\"alignnone size-full wp-image-187\" src=\"http:\/\/www.sabine-seyffert.de\/blog\/wp-content\/uploads\/2013\/01\/Hand.gif\" alt=\"Hand\" width=\"820\" height=\"840\" \/><\/a><\/p>\n<p>Bevor der Winter verschwindet m\u00f6chte ich alle, die sich nach dem Fr\u00fchling sehnen, etwas tr\u00f6sten: Genie\u00dft den Winter, so lange er noch da ist. Denn diese Idee kann man nur dann umsetzen, wenn es wirklich richtig sch\u00f6n kalt ist:<\/p>\n<p>Hier war es in der letzten Woche so herrlich sch\u00f6n winterlich. Drau\u00dfen war alles wei\u00df, der Schnee blieb zur Abwechslung mal liegen und die Temperaturen waren entsprechend k\u00fchl. Da nicht nur ich den Winter liebe, sondern auch meine J\u00fcngste, spielte sie den Nachmittag \u00fcber im Garten und freute sich an der Winterlandschaft. Irgendwo zwischen dem Schnee lag im Garten noch ein Sandf\u00f6rmchen, dessen Inhalt nat\u00fcrlich gefroren war. Nach einigen Versuchen lie\u00df sich die \u201eEisfigur\u201c aus dem F\u00f6rmchen l\u00f6sen und zum Vorschein kam ein lustiger Eismann, der \u00c4hnlichkeit mit einem Schneemann hatte. Da meine Tochter im Kindergarten derzeit an einem Museums- bzw. Kunstprojekt teilnimmt, kam uns ganz spontan die Idee \u201eEisige Winterstatuen\u201c zu schaffen, die den Garten der Jahreszeit entsprechend schm\u00fccken sollen. Das Tolle daran, es ist kinderleicht und gelingt einfach jedem! Und so geht\u2019s:<\/p>\n<p><strong>Das wird gebraucht:<\/strong><\/p>\n<p>Winterliche Temperaturen m\u00f6glichst unter Null Grad, saubere Sandf\u00f6rmchen oder kleinere Backformen aus Silikon, Wasser und eine gro\u00dfe Portion Geduld<\/p>\n<p><b>So wird\u2019s gemacht:<\/b><\/p>\n<p>Die F\u00f6rmchen stellt man im Freien so auf, dass diese m\u00f6glichst gerade stehen und nicht kippeln. Dann bef\u00fcllt man diese randvoll mit Wasser. Nun hei\u00dft es \u2013 geduldig Warten. Denn mehr kann man vorerst nicht tun. Je nach Au\u00dfentemperatur brauchen die Figuren 12-24 Stunden, bis das Wasser so fest ist, dass sich diese aus dem Formen l\u00f6sen lassen. Nun kann man die Eisstatuen an beliebigen Stellen im Freien platzieren. Besonders gelungen ist unserer \u201eeisige Hand\u201c, die man sogar als Wegweiser nutzen k\u00f6nnte.<\/p>\n<p>Vor der Haust\u00fcr schm\u00fcckten einige kleinere Eisherzen den Eingang, diesen ist jedoch die Temperatur so dicht am Haus nicht wirklich bekommen.<\/p>\n<p><b>Kleiner Tipp:<\/b><\/p>\n<p>Am besten w\u00e4scht man die Sandf\u00f6rmchen vorab in der Sp\u00fcle aus, so dass sie wirklich ganz sauber sind. Denn so sehen die Eisfiguren am sch\u00f6nsten aus und glitzern im winterlichen Licht der Sonne auch besser!<br \/>\n<a href=\"http:\/\/www.sabine-seyffert.de\/blog\/?page_id=32#urheberrecht\">urherrechtlich gesch\u00fctzt<\/a>, \u00a9 Sabine Seyffert<\/p>\n","protected":false},"excerpt":{"rendered":"<p>Bevor der Winter verschwindet m\u00f6chte ich alle, die sich nach dem Fr\u00fchling sehnen, etwas tr\u00f6sten: Genie\u00dft den Winter, so lange er noch da ist. Denn diese Idee kann man nur dann umsetzen, wenn es wirklich richtig sch\u00f6n kalt ist: Hier war es in der letzten Woche so herrlich sch\u00f6n winterlich. Drau\u00dfen war alles wei\u00df, der&#8230; <a href=\"https:\/\/www.sabine-seyffert.de\/blog\/eisige-winterstatuen\/\" class=\"more-link\">Read more: Eisige Winterstatuen<\/a><\/p>\n","protected":false},"author":1,"featured_media":0,"comment_status":"open","ping_status":"open","sticky":false,"template":"","format":"standard","meta":{"_metis_text_type":"","_metis_text_length":2201,"_post_count":0,"footnotes":""},"categories":[12,22],"tags":[],"class_list":["post-180","post","type-post","status-publish","format-standard","hentry","category-deko-ideen","category-winter"],"_links":{"self":[{"href":"https:\/\/www.sabine-seyffert.de\/blog\/wp-json\/wp\/v2\/posts\/180","targetHints":{"allow":["GET"]}}],"collection":[{"href":"https:\/\/www.sabine-seyffert.de\/blog\/wp-json\/wp\/v2\/posts"}],"about":[{"href":"https:\/\/www.sabine-seyffert.de\/blog\/wp-json\/wp\/v2\/types\/post"}],"author":[{"embeddable":true,"href":"https:\/\/www.sabine-seyffert.de\/blog\/wp-json\/wp\/v2\/users\/1"}],"replies":[{"embeddable":true,"href":"https:\/\/www.sabine-seyffert.de\/blog\/wp-json\/wp\/v2\/comments?post=180"}],"version-history":[{"count":14,"href":"https:\/\/www.sabine-seyffert.de\/blog\/wp-json\/wp\/v2\/posts\/180\/revisions"}],"predecessor-version":[{"id":9919,"href":"https:\/\/www.sabine-seyffert.de\/blog\/wp-json\/wp\/v2\/posts\/180\/revisions\/9919"}],"wp:attachment":[{"href":"https:\/\/www.sabine-seyffert.de\/blog\/wp-json\/wp\/v2\/media?parent=180"}],"wp:term":[{"taxonomy":"category","embeddable":true,"href":"https:\/\/www.sabine-seyffert.de\/blog\/wp-json\/wp\/v2\/categories?post=180"},{"taxonomy":"post_tag","embeddable":true,"href":"https:\/\/www.sabine-seyffert.de\/blog\/wp-json\/wp\/v2\/tags?post=180"}],"curies":[{"name":"wp","href":"https:\/\/api.w.org\/{rel}","templated":true}]}}