{"id":17885,"date":"2020-12-04T10:12:40","date_gmt":"2020-12-04T08:12:40","guid":{"rendered":"https:\/\/www.sabine-seyffert.de\/blog\/?p=17885"},"modified":"2022-12-06T11:11:08","modified_gmt":"2022-12-06T09:11:08","slug":"geschenke-aus-der-kueche-schoen-verpackt-verpackungsideen-fuer-mini-lebkuchenmann","status":"publish","type":"post","link":"https:\/\/www.sabine-seyffert.de\/blog\/geschenke-aus-der-kueche-schoen-verpackt-verpackungsideen-fuer-mini-lebkuchenmann\/","title":{"rendered":"Geschenke aus der K\u00fcche sch\u00f6n verpackt: Verpackungsideen f\u00fcr Mini Lebkuchenmann"},"content":{"rendered":"<p style=\"text-align: justify;\"><img loading=\"lazy\" decoding=\"async\" src=\"https:\/\/vg09.met.vgwort.de\/na\/f66763f7dd7e4b47b6b154afd185a5df\" alt=\"\" width=\"1\" height=\"1\" \/>Wie versprochen, verrate ich euch heute eine klitzekleine Geschenkverpackung, um die selbst gemachten <a href=\"https:\/\/www.sabine-seyffert.de\/blog\/?p=17845\" target=\"_blank\" rel=\"noopener noreferrer\">Mini Lebkuchenm\u00e4nner<\/a> weihnachtlich zu verpacken. Denn die sind nicht nur lecker, sondern lassen sich wunderbar als kleines Mitbringsel und Geschenk aus der K\u00fcche nutzen. Auch als essbare Beilage in der Weihnachtspost machen sich die Weihnachtspl\u00e4tzchen prima. Dann duftet der Weihnachtsgru\u00df herrlich und die Vorfreude auf Weihnachten wird geweckt \ud83d\ude09<\/p>\n<p style=\"text-align: center;\"><a href=\"https:\/\/www.sabine-seyffert.de\/blog\/wp-content\/uploads\/2020\/12\/Lebkuchen-Verpackung-Sabine-Seyffert.de-1.jpg\"><img loading=\"lazy\" decoding=\"async\" class=\"alignnone size-full wp-image-17886\" src=\"https:\/\/www.sabine-seyffert.de\/blog\/wp-content\/uploads\/2020\/12\/Lebkuchen-Verpackung-Sabine-Seyffert.de-1.jpg\" alt=\"\" width=\"800\" height=\"600\" srcset=\"https:\/\/www.sabine-seyffert.de\/blog\/wp-content\/uploads\/2020\/12\/Lebkuchen-Verpackung-Sabine-Seyffert.de-1.jpg 800w, https:\/\/www.sabine-seyffert.de\/blog\/wp-content\/uploads\/2020\/12\/Lebkuchen-Verpackung-Sabine-Seyffert.de-1-300x225.jpg 300w, https:\/\/www.sabine-seyffert.de\/blog\/wp-content\/uploads\/2020\/12\/Lebkuchen-Verpackung-Sabine-Seyffert.de-1-768x576.jpg 768w\" sizes=\"auto, (max-width: 800px) 100vw, 800px\" \/><\/a><\/p>\n<p style=\"text-align: justify;\"><strong>Das wird gebraucht:<\/strong><br \/>\nKleine Zellophanbeutel \/ durchsichtige Pl\u00e4tzchent\u00fcten oder alternativ kleine Milchflaschen mit Deckel, wei\u00dfes Tonpapier, Kraftpapier oder Packpapier, eine Bastelschere, Bastelkleber \/ Klebestift, Lackstifte \/ Geschreiber, einen Tacker, einen Weihnachtsstempel samt Stempelkissen und ggf. Geschenkband oder Kordel wenn ihr die Weihnachtskekse in Gl\u00e4ser oder Flaschen f\u00fcllen wollt sowie optional Mini Motivlocher Stern und \/ oder kleine Weihnachtskugeln<\/p>\n<p style=\"text-align: center;\"><a href=\"https:\/\/www.sabine-seyffert.de\/blog\/wp-content\/uploads\/2020\/12\/Lebkuchen-Verpackung-Sabine-Seyffert.de-6.jpg\"><img loading=\"lazy\" decoding=\"async\" class=\"alignnone size-full wp-image-17889\" src=\"https:\/\/www.sabine-seyffert.de\/blog\/wp-content\/uploads\/2020\/12\/Lebkuchen-Verpackung-Sabine-Seyffert.de-6.jpg\" alt=\"\" width=\"800\" height=\"600\" srcset=\"https:\/\/www.sabine-seyffert.de\/blog\/wp-content\/uploads\/2020\/12\/Lebkuchen-Verpackung-Sabine-Seyffert.de-6.jpg 800w, https:\/\/www.sabine-seyffert.de\/blog\/wp-content\/uploads\/2020\/12\/Lebkuchen-Verpackung-Sabine-Seyffert.de-6-300x225.jpg 300w, https:\/\/www.sabine-seyffert.de\/blog\/wp-content\/uploads\/2020\/12\/Lebkuchen-Verpackung-Sabine-Seyffert.de-6-768x576.jpg 768w\" sizes=\"auto, (max-width: 800px) 100vw, 800px\" \/><\/a><\/p>\n<p style=\"text-align: justify;\"><strong>So wird\u2019s gemacht:<\/strong><br \/>\nAus dem Tonkarton habe ich mir in der Breite der Pl\u00e4tzchenbeutel Rechtecke aus dem Papier geschnitten und mittig gefaltet. Die vordere Seite habe ich dann mit einem weihnachtlichen Stempel (Weihnachtsgru\u00df) bedruckt und verziert.<\/p>\n<p style=\"text-align: center;\"><a href=\"https:\/\/www.sabine-seyffert.de\/blog\/wp-content\/uploads\/2020\/12\/Lebkuchen-Verpackung-Sabine-Seyffert.de-5.jpg\"><img loading=\"lazy\" decoding=\"async\" class=\"alignnone size-full wp-image-17890\" src=\"https:\/\/www.sabine-seyffert.de\/blog\/wp-content\/uploads\/2020\/12\/Lebkuchen-Verpackung-Sabine-Seyffert.de-5.jpg\" alt=\"\" width=\"800\" height=\"600\" srcset=\"https:\/\/www.sabine-seyffert.de\/blog\/wp-content\/uploads\/2020\/12\/Lebkuchen-Verpackung-Sabine-Seyffert.de-5.jpg 800w, https:\/\/www.sabine-seyffert.de\/blog\/wp-content\/uploads\/2020\/12\/Lebkuchen-Verpackung-Sabine-Seyffert.de-5-300x225.jpg 300w, https:\/\/www.sabine-seyffert.de\/blog\/wp-content\/uploads\/2020\/12\/Lebkuchen-Verpackung-Sabine-Seyffert.de-5-768x576.jpg 768w\" sizes=\"auto, (max-width: 800px) 100vw, 800px\" \/><\/a><\/p>\n<p style=\"text-align: justify;\">Wie sollte es bei dem Inhalt auch anders sein \u2013 nat\u00fcrlich mit Lebkuchen. Dazu habe ich aus d\u00fcnnem Kraftpapier kleine Sterne, Herzen und Lebkuchenm\u00e4nner per Hand geschnitten und mit wei\u00dfem Lackstift verziert.<\/p>\n<p style=\"text-align: center;\"><a href=\"https:\/\/www.sabine-seyffert.de\/blog\/wp-content\/uploads\/2020\/12\/Lebkuchen-Verpackung-Sabine-Seyffert.de-4.jpg\"><img loading=\"lazy\" decoding=\"async\" class=\"alignnone size-full wp-image-17891\" src=\"https:\/\/www.sabine-seyffert.de\/blog\/wp-content\/uploads\/2020\/12\/Lebkuchen-Verpackung-Sabine-Seyffert.de-4.jpg\" alt=\"\" width=\"800\" height=\"600\" srcset=\"https:\/\/www.sabine-seyffert.de\/blog\/wp-content\/uploads\/2020\/12\/Lebkuchen-Verpackung-Sabine-Seyffert.de-4.jpg 800w, https:\/\/www.sabine-seyffert.de\/blog\/wp-content\/uploads\/2020\/12\/Lebkuchen-Verpackung-Sabine-Seyffert.de-4-300x225.jpg 300w, https:\/\/www.sabine-seyffert.de\/blog\/wp-content\/uploads\/2020\/12\/Lebkuchen-Verpackung-Sabine-Seyffert.de-4-768x576.jpg 768w\" sizes=\"auto, (max-width: 800px) 100vw, 800px\" \/><\/a><\/p>\n<p style=\"text-align: justify;\">F\u00fcr die Flaschen habe ich kleine Ovale ausgeschnitten, mit dem Namen gestempelt und auch hier gebastelte Lebkuchen Figuren aus Packpapier aufgeklebt. Je nach Gr\u00f6\u00dfe kann man diese noch mit ausgestanzten Sternen verzieren oder kleinen, aufgemalten Mustern.<\/p>\n<p style=\"text-align: center;\"><a href=\"https:\/\/www.sabine-seyffert.de\/blog\/wp-content\/uploads\/2020\/12\/Lebkuchen-Verpackung-Sabine-Seyffert.de-3.jpg\"><img loading=\"lazy\" decoding=\"async\" class=\"alignnone size-full wp-image-17892\" src=\"https:\/\/www.sabine-seyffert.de\/blog\/wp-content\/uploads\/2020\/12\/Lebkuchen-Verpackung-Sabine-Seyffert.de-3.jpg\" alt=\"\" width=\"800\" height=\"600\" srcset=\"https:\/\/www.sabine-seyffert.de\/blog\/wp-content\/uploads\/2020\/12\/Lebkuchen-Verpackung-Sabine-Seyffert.de-3.jpg 800w, https:\/\/www.sabine-seyffert.de\/blog\/wp-content\/uploads\/2020\/12\/Lebkuchen-Verpackung-Sabine-Seyffert.de-3-300x225.jpg 300w, https:\/\/www.sabine-seyffert.de\/blog\/wp-content\/uploads\/2020\/12\/Lebkuchen-Verpackung-Sabine-Seyffert.de-3-768x576.jpg 768w\" sizes=\"auto, (max-width: 800px) 100vw, 800px\" \/><\/a><\/p>\n<p style=\"text-align: justify;\">Der Fantasie sind hierbei keine Grenzen gesetzt. Die Farbkombi k\u00f6nnt ihr nat\u00fcrlich nach eigenen W\u00fcnschen ab\u00e4ndern. Mir gefiel das Nat\u00fcrliche ganz gut. Nicht nur weil es sch\u00f6n schlicht ist, sondern auch gut zu den Lebkuchen passt<\/p>\n<p style=\"text-align: center;\"><a href=\"https:\/\/www.sabine-seyffert.de\/blog\/wp-content\/uploads\/2020\/12\/Lebkuchen-Verpackung-Sabine-Seyffert.de-2.jpg\"><img loading=\"lazy\" decoding=\"async\" class=\"alignnone size-full wp-image-17893\" src=\"https:\/\/www.sabine-seyffert.de\/blog\/wp-content\/uploads\/2020\/12\/Lebkuchen-Verpackung-Sabine-Seyffert.de-2.jpg\" alt=\"\" width=\"800\" height=\"600\" srcset=\"https:\/\/www.sabine-seyffert.de\/blog\/wp-content\/uploads\/2020\/12\/Lebkuchen-Verpackung-Sabine-Seyffert.de-2.jpg 800w, https:\/\/www.sabine-seyffert.de\/blog\/wp-content\/uploads\/2020\/12\/Lebkuchen-Verpackung-Sabine-Seyffert.de-2-300x225.jpg 300w, https:\/\/www.sabine-seyffert.de\/blog\/wp-content\/uploads\/2020\/12\/Lebkuchen-Verpackung-Sabine-Seyffert.de-2-768x576.jpg 768w\" sizes=\"auto, (max-width: 800px) 100vw, 800px\" \/><\/a><\/p>\n<p style=\"text-align: justify;\"><strong>Ein kleiner Tipp:<\/strong><br \/>\nAn die bef\u00fcllten Flaschen kann man noch kleine Weihnachtsanh\u00e4nger oder Mini Christbaumkugeln h\u00e4ngen. In unserem Fall kleine Weihnachtsterne.<\/p>\n<p style=\"text-align: center;\"><a href=\"https:\/\/www.sabine-seyffert.de\/blog\/wp-content\/uploads\/2020\/12\/Lebkuchen-Verpackung-Sabine-Seyffert.de-8.jpg\"><img loading=\"lazy\" decoding=\"async\" class=\"alignnone size-full wp-image-17888\" src=\"https:\/\/www.sabine-seyffert.de\/blog\/wp-content\/uploads\/2020\/12\/Lebkuchen-Verpackung-Sabine-Seyffert.de-8.jpg\" alt=\"\" width=\"600\" height=\"800\" srcset=\"https:\/\/www.sabine-seyffert.de\/blog\/wp-content\/uploads\/2020\/12\/Lebkuchen-Verpackung-Sabine-Seyffert.de-8.jpg 600w, https:\/\/www.sabine-seyffert.de\/blog\/wp-content\/uploads\/2020\/12\/Lebkuchen-Verpackung-Sabine-Seyffert.de-8-225x300.jpg 225w\" sizes=\"auto, (max-width: 600px) 100vw, 600px\" \/><\/a><\/p>\n<p style=\"text-align: justify;\">Weitere DIY Ideen rund um die Adventszeit und Weihnachten findet ihr \u00fcbrigens in <a href=\"https:\/\/www.sabine-seyffert.de\/blog\/?cat=41\" target=\"_blank\" rel=\"noopener noreferrer\">dieser Blog Kategorie<\/a>, alle s\u00fc\u00dfen Rezepte mit detaillierter Anleitung gibt es in <a href=\"https:\/\/www.sabine-seyffert.de\/blog\/?cat=31\" target=\"_blank\" rel=\"noopener noreferrer\">dieser Rubrik<\/a>, Rezeptidee f\u00fcr Geschenke aus der K\u00fcche sind in <a href=\"https:\/\/www.sabine-seyffert.de\/blog\/?cat=43\" target=\"_blank\" rel=\"noopener noreferrer\">diesem Blog Ordner<\/a> und kreative Geschenkverpackungen zum Selbermachen gibt es an <a href=\"https:\/\/www.sabine-seyffert.de\/blog\/?cat=49\" target=\"_blank\" rel=\"noopener noreferrer\">dieser Stelle<\/a>.<\/p>\n<p style=\"text-align: center;\"><a href=\"https:\/\/www.sabine-seyffert.de\/blog\/wp-content\/uploads\/2020\/12\/Lebkuchen-Verpackung-Sabine-Seyffert.de-7.jpg\"><img loading=\"lazy\" decoding=\"async\" class=\"alignnone size-full wp-image-17887\" src=\"https:\/\/www.sabine-seyffert.de\/blog\/wp-content\/uploads\/2020\/12\/Lebkuchen-Verpackung-Sabine-Seyffert.de-7.jpg\" alt=\"\" width=\"600\" height=\"800\" srcset=\"https:\/\/www.sabine-seyffert.de\/blog\/wp-content\/uploads\/2020\/12\/Lebkuchen-Verpackung-Sabine-Seyffert.de-7.jpg 600w, https:\/\/www.sabine-seyffert.de\/blog\/wp-content\/uploads\/2020\/12\/Lebkuchen-Verpackung-Sabine-Seyffert.de-7-225x300.jpg 225w\" sizes=\"auto, (max-width: 600px) 100vw, 600px\" \/><\/a><\/p>\n<p style=\"text-align: justify;\"><a href=\"https:\/\/www.sabine-seyffert.de\/blog\/?page_id=32#urheberrecht\">urheberrechtlich gesch\u00fctzt<\/a>, \u00a9 Sabine Seyffert<\/p>\n","protected":false},"excerpt":{"rendered":"<p>Wie versprochen, verrate ich euch heute eine klitzekleine Geschenkverpackung, um die selbst gemachten Mini Lebkuchenm\u00e4nner weihnachtlich zu verpacken. Denn die sind nicht nur lecker, sondern lassen sich wunderbar als kleines Mitbringsel und Geschenk aus der K\u00fcche nutzen. Auch als essbare Beilage in der Weihnachtspost machen sich die Weihnachtspl\u00e4tzchen prima. Dann duftet der Weihnachtsgru\u00df herrlich und&#8230; <a href=\"https:\/\/www.sabine-seyffert.de\/blog\/geschenke-aus-der-kueche-schoen-verpackt-verpackungsideen-fuer-mini-lebkuchenmann\/\" class=\"more-link\">Read more: Geschenke aus der K\u00fcche sch\u00f6n verpackt: Verpackungsideen f\u00fcr Mini Lebkuchenmann<\/a><\/p>\n","protected":false},"author":2,"featured_media":0,"comment_status":"open","ping_status":"open","sticky":false,"template":"","format":"standard","meta":{"_metis_text_type":"","_metis_text_length":2387,"_post_count":0,"footnotes":""},"categories":[41,43,49],"tags":[],"class_list":["post-17885","post","type-post","status-publish","format-standard","hentry","category-weihnachten","category-geschenke-aus-der-kueche","category-verpackungsideen"],"_links":{"self":[{"href":"https:\/\/www.sabine-seyffert.de\/blog\/wp-json\/wp\/v2\/posts\/17885","targetHints":{"allow":["GET"]}}],"collection":[{"href":"https:\/\/www.sabine-seyffert.de\/blog\/wp-json\/wp\/v2\/posts"}],"about":[{"href":"https:\/\/www.sabine-seyffert.de\/blog\/wp-json\/wp\/v2\/types\/post"}],"author":[{"embeddable":true,"href":"https:\/\/www.sabine-seyffert.de\/blog\/wp-json\/wp\/v2\/users\/2"}],"replies":[{"embeddable":true,"href":"https:\/\/www.sabine-seyffert.de\/blog\/wp-json\/wp\/v2\/comments?post=17885"}],"version-history":[{"count":3,"href":"https:\/\/www.sabine-seyffert.de\/blog\/wp-json\/wp\/v2\/posts\/17885\/revisions"}],"predecessor-version":[{"id":24744,"href":"https:\/\/www.sabine-seyffert.de\/blog\/wp-json\/wp\/v2\/posts\/17885\/revisions\/24744"}],"wp:attachment":[{"href":"https:\/\/www.sabine-seyffert.de\/blog\/wp-json\/wp\/v2\/media?parent=17885"}],"wp:term":[{"taxonomy":"category","embeddable":true,"href":"https:\/\/www.sabine-seyffert.de\/blog\/wp-json\/wp\/v2\/categories?post=17885"},{"taxonomy":"post_tag","embeddable":true,"href":"https:\/\/www.sabine-seyffert.de\/blog\/wp-json\/wp\/v2\/tags?post=17885"}],"curies":[{"name":"wp","href":"https:\/\/api.w.org\/{rel}","templated":true}]}}