{"id":17857,"date":"2020-12-01T07:21:15","date_gmt":"2020-12-01T05:21:15","guid":{"rendered":"https:\/\/www.sabine-seyffert.de\/blog\/?p=17857"},"modified":"2022-12-06T11:12:16","modified_gmt":"2022-12-06T09:12:16","slug":"diy-bastelidee-geschenkverpackung-verpackung-fuer-gemuetliche-weihnachten-andere-kleinigkeiten","status":"publish","type":"post","link":"https:\/\/www.sabine-seyffert.de\/blog\/diy-bastelidee-geschenkverpackung-verpackung-fuer-gemuetliche-weihnachten-andere-kleinigkeiten\/","title":{"rendered":"DIY Bastelidee &#038; Geschenkverpackung: Verpackung f\u00fcr gem\u00fctliche Weihnachten &#038; andere Kleinigkeiten"},"content":{"rendered":"<p style=\"text-align: justify;\"><img loading=\"lazy\" decoding=\"async\" src=\"https:\/\/vg09.met.vgwort.de\/na\/296ed5cf102a41938fa508741a3dc3d4\" alt=\"\" width=\"1\" height=\"1\" \/>Es ist soweit \u2013 wir starten in den Dezember und das erste T\u00fcrchen am Adventskalender darf ge\u00f6ffnet werden. Und daf\u00fcr habe ich euch eine kleine Geschenkidee\u00a0 -besser gesagt Verpackung- mitgebracht, die man vielseitig verwenden kann. Ob ihr diese Geschenkverpackung f\u00fcr <a href=\"https:\/\/www.sabine-seyffert.de\/blog\/?p=9070\" target=\"_blank\" rel=\"noopener noreferrer\">\u201eWeihnachten to go\u201c<\/a> verwendet oder auch f\u00fcr kleine Geschenke, Mitbringsel oder selbst gebackene Leckereien ist ganz egal.<\/p>\n<p style=\"text-align: center;\"><a href=\"https:\/\/www.sabine-seyffert.de\/blog\/wp-content\/uploads\/2020\/11\/Gem\u00fctliche-Weihnachten-T\u00fcte-Sabine-Seyffert.de-1.jpg\"><img loading=\"lazy\" decoding=\"async\" class=\"alignnone size-full wp-image-17859\" src=\"https:\/\/www.sabine-seyffert.de\/blog\/wp-content\/uploads\/2020\/11\/Gem\u00fctliche-Weihnachten-T\u00fcte-Sabine-Seyffert.de-1.jpg\" alt=\"\" width=\"800\" height=\"600\" srcset=\"https:\/\/www.sabine-seyffert.de\/blog\/wp-content\/uploads\/2020\/11\/Gem\u00fctliche-Weihnachten-T\u00fcte-Sabine-Seyffert.de-1.jpg 800w, https:\/\/www.sabine-seyffert.de\/blog\/wp-content\/uploads\/2020\/11\/Gem\u00fctliche-Weihnachten-T\u00fcte-Sabine-Seyffert.de-1-300x225.jpg 300w, https:\/\/www.sabine-seyffert.de\/blog\/wp-content\/uploads\/2020\/11\/Gem\u00fctliche-Weihnachten-T\u00fcte-Sabine-Seyffert.de-1-768x576.jpg 768w\" sizes=\"auto, (max-width: 800px) 100vw, 800px\" \/><\/a><\/p>\n<p style=\"text-align: justify;\"><strong>Das wird gebraucht:<\/strong><br \/>\nGro\u00dfe Papiert\u00fcten (Bodenbeutel), einen wei\u00dfen Lackstift \/ Gelstift, einen Weihnachtsstempel, wei\u00dfe Stempelfarbe \/ Stempelkissen, ggf. einen Bleistift, wei\u00dfes Papier, N\u00e4hgarn, eine Schere, eine N\u00e4hmaschine, einen Motivlocher \u201eStern\u201c, wei\u00dfes Transparentpapier extra stark (mind. 115 g \/ m2), wei\u00dfe Bastelfarbe, d\u00fcnne Pinsel sowie optional einen PC samt Drucker<\/p>\n<p style=\"text-align: center;\"><a href=\"https:\/\/www.sabine-seyffert.de\/blog\/wp-content\/uploads\/2020\/11\/Gem\u00fctliche-Weihnachten-T\u00fcte-Sabine-Seyffert.de-2.jpg\"><img loading=\"lazy\" decoding=\"async\" class=\"alignnone size-full wp-image-17860\" src=\"https:\/\/www.sabine-seyffert.de\/blog\/wp-content\/uploads\/2020\/11\/Gem\u00fctliche-Weihnachten-T\u00fcte-Sabine-Seyffert.de-2.jpg\" alt=\"\" width=\"800\" height=\"600\" srcset=\"https:\/\/www.sabine-seyffert.de\/blog\/wp-content\/uploads\/2020\/11\/Gem\u00fctliche-Weihnachten-T\u00fcte-Sabine-Seyffert.de-2.jpg 800w, https:\/\/www.sabine-seyffert.de\/blog\/wp-content\/uploads\/2020\/11\/Gem\u00fctliche-Weihnachten-T\u00fcte-Sabine-Seyffert.de-2-300x225.jpg 300w, https:\/\/www.sabine-seyffert.de\/blog\/wp-content\/uploads\/2020\/11\/Gem\u00fctliche-Weihnachten-T\u00fcte-Sabine-Seyffert.de-2-768x576.jpg 768w\" sizes=\"auto, (max-width: 800px) 100vw, 800px\" \/><\/a><\/p>\n<p style=\"text-align: justify;\"><strong>So wird\u2019s gemacht:<\/strong><br \/>\nJedes Jahr verschenke ich kleine Aufmerksamkeiten oder auch selbst gemachte Weihnachtst\u00fcten, wie ihr sie in aus <a href=\"https:\/\/www.sabine-seyffert.de\/blog\/?p=13660\" target=\"_blank\" rel=\"noopener noreferrer\">dieser<\/a> oder auch <a href=\"https:\/\/www.sabine-seyffert.de\/blog\/?p=15541\" target=\"_blank\" rel=\"noopener noreferrer\">jener<\/a> Do-it-Yourself Idee vielleicht noch kennt. Zu diesem Zweck gestalte ich dann immer T\u00fcten aus stabilem Kraftpapier. Dieses mal haben sie einen ganz winterlichen Look bekommen.<\/p>\n<p style=\"text-align: center;\"><a href=\"https:\/\/www.sabine-seyffert.de\/blog\/wp-content\/uploads\/2020\/11\/Gem\u00fctliche-Weihnachten-T\u00fcte-hoch-Sabine-Seyffert.de-4.jpg\"><img loading=\"lazy\" decoding=\"async\" class=\"alignnone size-full wp-image-17861\" src=\"https:\/\/www.sabine-seyffert.de\/blog\/wp-content\/uploads\/2020\/11\/Gem\u00fctliche-Weihnachten-T\u00fcte-hoch-Sabine-Seyffert.de-4.jpg\" alt=\"\" width=\"800\" height=\"600\" srcset=\"https:\/\/www.sabine-seyffert.de\/blog\/wp-content\/uploads\/2020\/11\/Gem\u00fctliche-Weihnachten-T\u00fcte-hoch-Sabine-Seyffert.de-4.jpg 800w, https:\/\/www.sabine-seyffert.de\/blog\/wp-content\/uploads\/2020\/11\/Gem\u00fctliche-Weihnachten-T\u00fcte-hoch-Sabine-Seyffert.de-4-300x225.jpg 300w, https:\/\/www.sabine-seyffert.de\/blog\/wp-content\/uploads\/2020\/11\/Gem\u00fctliche-Weihnachten-T\u00fcte-hoch-Sabine-Seyffert.de-4-768x576.jpg 768w\" sizes=\"auto, (max-width: 800px) 100vw, 800px\" \/><\/a><\/p>\n<p style=\"text-align: justify;\">Dazu habe ich mittig einen Weihnachtsstempel mit wei\u00dfem Stempelkissen aufgedruckt und um diesen Aufdruck herum Tannenzweige gemalt.<\/p>\n<p style=\"text-align: center;\"><a href=\"https:\/\/www.sabine-seyffert.de\/blog\/wp-content\/uploads\/2020\/11\/Gem\u00fctliche-Weihnachten-T\u00fcte-Sabine-Seyffert.de-3.jpg\"><img loading=\"lazy\" decoding=\"async\" class=\"alignnone size-full wp-image-17862\" src=\"https:\/\/www.sabine-seyffert.de\/blog\/wp-content\/uploads\/2020\/11\/Gem\u00fctliche-Weihnachten-T\u00fcte-Sabine-Seyffert.de-3.jpg\" alt=\"\" width=\"600\" height=\"800\" srcset=\"https:\/\/www.sabine-seyffert.de\/blog\/wp-content\/uploads\/2020\/11\/Gem\u00fctliche-Weihnachten-T\u00fcte-Sabine-Seyffert.de-3.jpg 600w, https:\/\/www.sabine-seyffert.de\/blog\/wp-content\/uploads\/2020\/11\/Gem\u00fctliche-Weihnachten-T\u00fcte-Sabine-Seyffert.de-3-225x300.jpg 225w\" sizes=\"auto, (max-width: 600px) 100vw, 600px\" \/><\/a><\/p>\n<p style=\"text-align: justify;\">Das klappt mit einem d\u00fcnnen Lackstift ebenso gut wie mit einem Gelschreiber. Einfach einen l\u00e4ngeren Strich zeichnen und auf beiden Seiten mit kleinen Strichen (Tannennadeln) versehen. Anschlie\u00dfend habe ich noch mit einem d\u00fcnnen Pinsel wei\u00dfe Punkte und P\u00fcnktchen als \u201eSchneeflocken\u201c dazwischen gesetzt.<\/p>\n<p style=\"text-align: center;\"><a href=\"https:\/\/www.sabine-seyffert.de\/blog\/wp-content\/uploads\/2020\/11\/Gem\u00fctliche-Weihnachten-T\u00fcte-hoch-Sabine-Seyffert.de-3.jpg\"><img loading=\"lazy\" decoding=\"async\" class=\"alignnone size-full wp-image-17863\" src=\"https:\/\/www.sabine-seyffert.de\/blog\/wp-content\/uploads\/2020\/11\/Gem\u00fctliche-Weihnachten-T\u00fcte-hoch-Sabine-Seyffert.de-3.jpg\" alt=\"\" width=\"600\" height=\"800\" srcset=\"https:\/\/www.sabine-seyffert.de\/blog\/wp-content\/uploads\/2020\/11\/Gem\u00fctliche-Weihnachten-T\u00fcte-hoch-Sabine-Seyffert.de-3.jpg 600w, https:\/\/www.sabine-seyffert.de\/blog\/wp-content\/uploads\/2020\/11\/Gem\u00fctliche-Weihnachten-T\u00fcte-hoch-Sabine-Seyffert.de-3-225x300.jpg 225w\" sizes=\"auto, (max-width: 600px) 100vw, 600px\" \/><\/a><\/p>\n<p style=\"text-align: justify;\">Wenn man die T\u00fcten fertig bef\u00fcllt hat, m\u00fcssen diese noch geschlossen werden. Ich habe diese dazu oben am Rand mit einem Zickzackstich vern\u00e4ht und ein kleines Label angebracht.<\/p>\n<p style=\"text-align: center;\"><a href=\"https:\/\/www.sabine-seyffert.de\/blog\/wp-content\/uploads\/2020\/11\/Gem\u00fctliche-Weihnachten-T\u00fcte-Sabine-Seyffert.de-4.jpg\"><img loading=\"lazy\" decoding=\"async\" class=\"alignnone size-full wp-image-17864\" src=\"https:\/\/www.sabine-seyffert.de\/blog\/wp-content\/uploads\/2020\/11\/Gem\u00fctliche-Weihnachten-T\u00fcte-Sabine-Seyffert.de-4.jpg\" alt=\"\" width=\"600\" height=\"800\" srcset=\"https:\/\/www.sabine-seyffert.de\/blog\/wp-content\/uploads\/2020\/11\/Gem\u00fctliche-Weihnachten-T\u00fcte-Sabine-Seyffert.de-4.jpg 600w, https:\/\/www.sabine-seyffert.de\/blog\/wp-content\/uploads\/2020\/11\/Gem\u00fctliche-Weihnachten-T\u00fcte-Sabine-Seyffert.de-4-225x300.jpg 225w\" sizes=\"auto, (max-width: 600px) 100vw, 600px\" \/><\/a><\/p>\n<p style=\"text-align: justify;\">Dazu kann man das Transparentpapier entweder als Gebrauchsanweisung f\u00fcr die \u201egem\u00fctlichen\u201c Weihnachten bedrucken, mit Namen oder kleinem Weihnachtsgru\u00df. Das ist euch und dem gew\u00fcnschten Zweck \u00fcberlassen. Au\u00dferdem habe ich aus wei\u00dfem Papier allerhand kleine Sterne ausgestanzt und mit der N\u00e4hmaschine <a href=\"https:\/\/www.sabine-seyffert.de\/blog\/?p=11570\" target=\"_blank\" rel=\"noopener noreferrer\">als Girlande<\/a> zusammengen\u00e4ht.<\/p>\n<p style=\"text-align: center;\"><a href=\"https:\/\/www.sabine-seyffert.de\/blog\/wp-content\/uploads\/2020\/11\/Gem\u00fctliche-Weihnachten-T\u00fcte-hoch-Sabine-Seyffert.de-2.jpg\"><img loading=\"lazy\" decoding=\"async\" class=\"alignnone size-full wp-image-17865\" src=\"https:\/\/www.sabine-seyffert.de\/blog\/wp-content\/uploads\/2020\/11\/Gem\u00fctliche-Weihnachten-T\u00fcte-hoch-Sabine-Seyffert.de-2.jpg\" alt=\"\" width=\"600\" height=\"800\" srcset=\"https:\/\/www.sabine-seyffert.de\/blog\/wp-content\/uploads\/2020\/11\/Gem\u00fctliche-Weihnachten-T\u00fcte-hoch-Sabine-Seyffert.de-2.jpg 600w, https:\/\/www.sabine-seyffert.de\/blog\/wp-content\/uploads\/2020\/11\/Gem\u00fctliche-Weihnachten-T\u00fcte-hoch-Sabine-Seyffert.de-2-225x300.jpg 225w\" sizes=\"auto, (max-width: 600px) 100vw, 600px\" \/><\/a><\/p>\n<p style=\"text-align: justify;\">\u00dcbrigens, mit dieser Idee bin ich Teil von <a href=\"https:\/\/missredfox.de\/\" target=\"_blank\" rel=\"noopener noreferrer\">Ioanas<\/a> Adventskalender bin und freue mich sehr \u00fcber die Einladung.<br \/>\nHier findet ihr die \u00dcbersicht aller Blogs, die ebenfalls mit dabei sind. Schaut doch auch bei den anderen mal vorbei:<\/p>\n<p style=\"text-align: center;\"><a href=\"https:\/\/www.sabine-seyffert.de\/blog\/wp-content\/uploads\/2020\/11\/Adventskalender-Ioana-2020.jpg\"><img loading=\"lazy\" decoding=\"async\" class=\"alignnone size-full wp-image-17858\" src=\"https:\/\/www.sabine-seyffert.de\/blog\/wp-content\/uploads\/2020\/11\/Adventskalender-Ioana-2020.jpg\" alt=\"\" width=\"640\" height=\"841\" srcset=\"https:\/\/www.sabine-seyffert.de\/blog\/wp-content\/uploads\/2020\/11\/Adventskalender-Ioana-2020.jpg 640w, https:\/\/www.sabine-seyffert.de\/blog\/wp-content\/uploads\/2020\/11\/Adventskalender-Ioana-2020-228x300.jpg 228w\" sizes=\"auto, (max-width: 640px) 100vw, 640px\" \/><\/a><\/p>\n<p style=\"text-align: center;\">1 &#8211; <a href=\"https:\/\/www.sabine-seyffert.de\/blog\" target=\"_blank\" rel=\"noopener noreferrer\">Insel der Stille<\/a><br \/>\n2 &#8211; <a href=\"http:\/\/indigocraftroom.com\" target=\"_blank\" rel=\"noopener noreferrer\">indigocraftroom<\/a><br \/>\n3 &#8211; <a href=\"http:\/\/fairylikes.de\" target=\"_blank\" rel=\"noopener noreferrer\">fairylikes<\/a><br \/>\n4 &#8211; <a href=\"http:\/\/studio-karamelo.com\/blog\/\" target=\"_blank\" rel=\"noopener noreferrer\">studio-karamelo<\/a><br \/>\n5 &#8211; <a href=\"https:\/\/www.smillaswohngefuehl.com\/\" target=\"_blank\" rel=\"noopener noreferrer\">smillaswohngefuehl<\/a><br \/>\n6 &#8211; <a href=\"http:\/\/malamue.com\" target=\"_blank\" rel=\"noopener noreferrer\">malamue<\/a><br \/>\n7 &#8211; <a href=\"https:\/\/lovedecorations.de\/\" target=\"_blank\" rel=\"noopener noreferrer\">lovedecorations<\/a><br \/>\n8 &#8211; <a href=\"https:\/\/mrsgreenhouse.de\/\" target=\"_blank\" rel=\"noopener noreferrer\">mrsgreenhouse<\/a><br \/>\n9 &#8211; <a href=\"https:\/\/herrletter.de\/\" target=\"_blank\" rel=\"noopener noreferrer\">herrletter<\/a><br \/>\n10 &#8211; <a href=\"https:\/\/kreativfieber.de\/\" target=\"_blank\" rel=\"noopener noreferrer\">kreativfieber<\/a><br \/>\n11 &#8211; <a href=\"https:\/\/www.instagram.com\/madamemops\/\" target=\"_blank\" rel=\"noopener noreferrer\">madamemops<\/a><br \/>\n12 &#8211; <a href=\"https:\/\/zaubereinlaecheln.de\/\" target=\"_blank\" rel=\"noopener noreferrer\">zaubereinlaecheln<\/a><br \/>\n13 &#8211; <a href=\"https:\/\/4freizeiten.blogspot.com\/\" target=\"_blank\" rel=\"noopener noreferrer\">4freizeiten<\/a><br \/>\n14 &#8211; <a href=\"https:\/\/kathyloves.de\/\" target=\"_blank\" rel=\"noopener noreferrer\">kathyloves<\/a><br \/>\n15 &#8211; <a href=\"https:\/\/www.johannarundel.de\/\" target=\"_blank\" rel=\"noopener noreferrer\">johannarundel<\/a><br \/>\n16 &#8211; <a href=\"https:\/\/www.instagram.com\/abc.doro.t\/\" target=\"_blank\" rel=\"noopener noreferrer\">abc.doro.t<\/a><br \/>\n17 &#8211; <a href=\"https:\/\/www.instagram.com\/phelinaee\/\" target=\"_blank\" rel=\"noopener noreferrer\">phelinaee<\/a><br \/>\n18 &#8211; <a href=\"https:\/\/schninskitchen.de\/\" target=\"_blank\" rel=\"noopener noreferrer\">schninskitchen<\/a><br \/>\n19 &#8211; <a href=\"https:\/\/aye-aye-diy.com\/\" target=\"_blank\" rel=\"noopener noreferrer\">aye-aye-diy<\/a><br \/>\n20 &#8211; <a href=\"https:\/\/dasistyeah.de\/\" target=\"_blank\" rel=\"noopener noreferrer\">dasistyeah<\/a><br \/>\n21 &#8211; <a href=\"https:\/\/www.instagram.com\/alex.prettyorganized\/\" target=\"_blank\" rel=\"noopener noreferrer\">alex.prettyorganized<\/a><br \/>\n22 &#8211; <a href=\"https:\/\/www.werkstattartig.de\" target=\"_blank\" rel=\"noopener noreferrer\">werkstattartig<\/a><br \/>\n23 &#8211; <a href=\"https:\/\/im-sew-happy.de\/\" target=\"_blank\" rel=\"noopener noreferrer\">im-sew-happy<\/a><br \/>\n24 &#8211; <a href=\"https:\/\/missredfox.de\/\" target=\"_blank\" rel=\"noopener noreferrer\">missredfox<\/a><\/p>\n<p style=\"text-align: justify;\">Weitere DIY f\u00fcr die Weihnachtszeit findet ihr \u00fcbrigens in <a href=\"https:\/\/www.sabine-seyffert.de\/blog\/?cat=41\" target=\"_blank\" rel=\"noopener noreferrer\">dieser Blog Kategorie<\/a>, pfiffige Geschenkverpackungen zum Selbermachen gibt es in <a href=\"https:\/\/www.sabine-seyffert.de\/blog\/?cat=49\" target=\"_blank\" rel=\"noopener noreferrer\">dieser Rubrik<\/a>, klitzekleine Geschenkideen sind in <a href=\"https:\/\/www.sabine-seyffert.de\/blog\/?cat=36\" target=\"_blank\" rel=\"noopener noreferrer\">diesem Blog Ordner<\/a> und andere kreative Sachen da und auch an dieser Stelle.<\/p>\n<p style=\"text-align: center;\"><a href=\"https:\/\/www.sabine-seyffert.de\/blog\/wp-content\/uploads\/2020\/11\/Weihnachtshaus-Teelicht-Sabine-Seyffert.de-21.jpg\"><img loading=\"lazy\" decoding=\"async\" class=\"alignnone size-full wp-image-17866\" src=\"https:\/\/www.sabine-seyffert.de\/blog\/wp-content\/uploads\/2020\/11\/Weihnachtshaus-Teelicht-Sabine-Seyffert.de-21.jpg\" alt=\"\" width=\"600\" height=\"800\" srcset=\"https:\/\/www.sabine-seyffert.de\/blog\/wp-content\/uploads\/2020\/11\/Weihnachtshaus-Teelicht-Sabine-Seyffert.de-21.jpg 600w, https:\/\/www.sabine-seyffert.de\/blog\/wp-content\/uploads\/2020\/11\/Weihnachtshaus-Teelicht-Sabine-Seyffert.de-21-225x300.jpg 225w\" sizes=\"auto, (max-width: 600px) 100vw, 600px\" \/><\/a><\/p>\n<p><a href=\"https:\/\/www.sabine-seyffert.de\/blog\/?page_id=32#urheberrecht\">urheberrechtlich gesch\u00fctzt<\/a>, \u00a9 Sabine Seyffert<\/p>\n","protected":false},"excerpt":{"rendered":"<p>Es ist soweit \u2013 wir starten in den Dezember und das erste T\u00fcrchen am Adventskalender darf ge\u00f6ffnet werden. Und daf\u00fcr habe ich euch eine kleine Geschenkidee\u00a0 -besser gesagt Verpackung- mitgebracht, die man vielseitig verwenden kann. Ob ihr diese Geschenkverpackung f\u00fcr \u201eWeihnachten to go\u201c verwendet oder auch f\u00fcr kleine Geschenke, Mitbringsel oder selbst gebackene Leckereien ist&#8230; <a href=\"https:\/\/www.sabine-seyffert.de\/blog\/diy-bastelidee-geschenkverpackung-verpackung-fuer-gemuetliche-weihnachten-andere-kleinigkeiten\/\" class=\"more-link\">Read more: DIY Bastelidee &#038; Geschenkverpackung: Verpackung f\u00fcr gem\u00fctliche Weihnachten &#038; andere Kleinigkeiten<\/a><\/p>\n","protected":false},"author":2,"featured_media":0,"comment_status":"open","ping_status":"open","sticky":false,"template":"","format":"standard","meta":{"_metis_text_type":"","_metis_text_length":3156,"_post_count":0,"footnotes":""},"categories":[41,36,49,22],"tags":[],"class_list":["post-17857","post","type-post","status-publish","format-standard","hentry","category-weihnachten","category-klitzekleine-geschenkideen","category-verpackungsideen","category-winter"],"_links":{"self":[{"href":"https:\/\/www.sabine-seyffert.de\/blog\/wp-json\/wp\/v2\/posts\/17857","targetHints":{"allow":["GET"]}}],"collection":[{"href":"https:\/\/www.sabine-seyffert.de\/blog\/wp-json\/wp\/v2\/posts"}],"about":[{"href":"https:\/\/www.sabine-seyffert.de\/blog\/wp-json\/wp\/v2\/types\/post"}],"author":[{"embeddable":true,"href":"https:\/\/www.sabine-seyffert.de\/blog\/wp-json\/wp\/v2\/users\/2"}],"replies":[{"embeddable":true,"href":"https:\/\/www.sabine-seyffert.de\/blog\/wp-json\/wp\/v2\/comments?post=17857"}],"version-history":[{"count":6,"href":"https:\/\/www.sabine-seyffert.de\/blog\/wp-json\/wp\/v2\/posts\/17857\/revisions"}],"predecessor-version":[{"id":24749,"href":"https:\/\/www.sabine-seyffert.de\/blog\/wp-json\/wp\/v2\/posts\/17857\/revisions\/24749"}],"wp:attachment":[{"href":"https:\/\/www.sabine-seyffert.de\/blog\/wp-json\/wp\/v2\/media?parent=17857"}],"wp:term":[{"taxonomy":"category","embeddable":true,"href":"https:\/\/www.sabine-seyffert.de\/blog\/wp-json\/wp\/v2\/categories?post=17857"},{"taxonomy":"post_tag","embeddable":true,"href":"https:\/\/www.sabine-seyffert.de\/blog\/wp-json\/wp\/v2\/tags?post=17857"}],"curies":[{"name":"wp","href":"https:\/\/api.w.org\/{rel}","templated":true}]}}