{"id":17845,"date":"2020-11-29T20:59:59","date_gmt":"2020-11-29T18:59:59","guid":{"rendered":"https:\/\/www.sabine-seyffert.de\/blog\/?p=17845"},"modified":"2022-12-06T11:11:24","modified_gmt":"2022-12-06T09:11:24","slug":"geschenkidee-fuer-weihnachten-geschenke-aus-der-kueche-mini-lebkuchenmann","status":"publish","type":"post","link":"https:\/\/www.sabine-seyffert.de\/blog\/geschenkidee-fuer-weihnachten-geschenke-aus-der-kueche-mini-lebkuchenmann\/","title":{"rendered":"Geschenkidee f\u00fcr Weihnachten: Geschenke aus der K\u00fcche \u2013 Mini Lebkuchenmann"},"content":{"rendered":"<p style=\"text-align: justify;\"><img loading=\"lazy\" decoding=\"async\" src=\"https:\/\/vg09.met.vgwort.de\/na\/67535fac4dec438a988483f966b377ef\" alt=\"\" width=\"1\" height=\"1\" \/>In der Weihnachtszeit wird bei uns oft und gerne gebacken. Vor allen Dingen in der <a href=\"https:\/\/www.sabine-seyffert.de\/blog\/?s=weihnachtsb%C3%A4ckerei\" target=\"_blank\" rel=\"noopener noreferrer\">Weihnachtsb\u00e4ckerei<\/a> geht es flei\u00dfig zu. Da kommen schon allerhand leckere Weihnachtspl\u00e4tzchen zusammen. Nicht nur zum Naschen, sondern auch zum Verschenken. Wie diese kleinen K\u00f6stlichkeiten: Lebkuchenm\u00e4nner in Kleinformat! Die sind leider durch die winzige Backform ausgesprochen aufw\u00e4ndig zu Backen, aber die M\u00fche lohnt sich. Denn die Lebkuchen sehen in der kleinen Gr\u00f6\u00dfe einfach zuckers\u00fc\u00df aus und eignen sich daher auch als essbare Weihnachtsdeko \ud83d\ude09<\/p>\n<p style=\"text-align: center;\"><a href=\"https:\/\/www.sabine-seyffert.de\/blog\/wp-content\/uploads\/2020\/11\/Lebkuchen-Mini-Sabine-Seyffert.de-12.jpg\"><img loading=\"lazy\" decoding=\"async\" class=\"alignnone size-full wp-image-17846\" src=\"https:\/\/www.sabine-seyffert.de\/blog\/wp-content\/uploads\/2020\/11\/Lebkuchen-Mini-Sabine-Seyffert.de-12.jpg\" alt=\"\" width=\"800\" height=\"600\" srcset=\"https:\/\/www.sabine-seyffert.de\/blog\/wp-content\/uploads\/2020\/11\/Lebkuchen-Mini-Sabine-Seyffert.de-12.jpg 800w, https:\/\/www.sabine-seyffert.de\/blog\/wp-content\/uploads\/2020\/11\/Lebkuchen-Mini-Sabine-Seyffert.de-12-300x225.jpg 300w, https:\/\/www.sabine-seyffert.de\/blog\/wp-content\/uploads\/2020\/11\/Lebkuchen-Mini-Sabine-Seyffert.de-12-768x576.jpg 768w\" sizes=\"auto, (max-width: 800px) 100vw, 800px\" \/><\/a><\/p>\n<p style=\"text-align: justify;\"><strong>Das wird gebraucht:<\/strong><br \/>\n100 g fl\u00fcssiger Honig, 100 g Butter, 100 g Zucker, 1 Eigelb, 220 g Mehl, 1 geh\u00e4ufter Essl\u00f6ffel echter Kakao (Backkakao), 1 Teel\u00f6ffel Lebkuchen-Gew\u00fcrzmischung, eine Prise Zimt, einen \u00bd Teel\u00f6ffel Backpulver, etwas wei\u00dfe Schokolade \/ Kuvert\u00fcre<\/p>\n<p style=\"text-align: center;\"><a href=\"https:\/\/www.sabine-seyffert.de\/blog\/wp-content\/uploads\/2020\/11\/Lebkuchen-Mini-Sabine-Seyffert.de-7.jpg\"><img loading=\"lazy\" decoding=\"async\" class=\"alignnone size-full wp-image-17847\" src=\"https:\/\/www.sabine-seyffert.de\/blog\/wp-content\/uploads\/2020\/11\/Lebkuchen-Mini-Sabine-Seyffert.de-7.jpg\" alt=\"\" width=\"800\" height=\"600\" srcset=\"https:\/\/www.sabine-seyffert.de\/blog\/wp-content\/uploads\/2020\/11\/Lebkuchen-Mini-Sabine-Seyffert.de-7.jpg 800w, https:\/\/www.sabine-seyffert.de\/blog\/wp-content\/uploads\/2020\/11\/Lebkuchen-Mini-Sabine-Seyffert.de-7-300x225.jpg 300w, https:\/\/www.sabine-seyffert.de\/blog\/wp-content\/uploads\/2020\/11\/Lebkuchen-Mini-Sabine-Seyffert.de-7-768x576.jpg 768w\" sizes=\"auto, (max-width: 800px) 100vw, 800px\" \/><\/a><\/p>\n<p style=\"text-align: justify;\"><strong>So wird\u2019s gemacht:<\/strong><br \/>\nDie Butter habe ich leicht erw\u00e4rmt, damit sie weich ist. Man kann diese aber auch eine Stunde vor dem Backen aus dem K\u00fchlschrank nehmen und in Heizungsn\u00e4he platzieren.<\/p>\n<p style=\"text-align: center;\"><a href=\"https:\/\/www.sabine-seyffert.de\/blog\/wp-content\/uploads\/2020\/11\/Lebkuchen-Mini-Sabine-Seyffert.de-6.jpg\"><img loading=\"lazy\" decoding=\"async\" class=\"alignnone size-full wp-image-17850\" src=\"https:\/\/www.sabine-seyffert.de\/blog\/wp-content\/uploads\/2020\/11\/Lebkuchen-Mini-Sabine-Seyffert.de-6.jpg\" alt=\"\" width=\"800\" height=\"600\" srcset=\"https:\/\/www.sabine-seyffert.de\/blog\/wp-content\/uploads\/2020\/11\/Lebkuchen-Mini-Sabine-Seyffert.de-6.jpg 800w, https:\/\/www.sabine-seyffert.de\/blog\/wp-content\/uploads\/2020\/11\/Lebkuchen-Mini-Sabine-Seyffert.de-6-300x225.jpg 300w, https:\/\/www.sabine-seyffert.de\/blog\/wp-content\/uploads\/2020\/11\/Lebkuchen-Mini-Sabine-Seyffert.de-6-768x576.jpg 768w\" sizes=\"auto, (max-width: 800px) 100vw, 800px\" \/><\/a><\/p>\n<p style=\"text-align: justify;\">Die Zutaten (bis auf die Schokolade!) mischt man in einer R\u00fchrsch\u00fcssel und knetet diese zu einem geschmeidigen Teig. Den rollt man auf etwas Mehl d\u00fcnn aus und sticht mit dem Ausstecher zahlreiche Lebkuchen aus. Die platziert man auf einem gefetteten oder mit Backpapier ausgelegten Blech.<\/p>\n<p style=\"text-align: center;\"><a href=\"https:\/\/www.sabine-seyffert.de\/blog\/wp-content\/uploads\/2020\/11\/Lebkuchen-Mini-Sabine-Seyffert.de-8.jpg\"><img loading=\"lazy\" decoding=\"async\" class=\"alignnone size-full wp-image-17851\" src=\"https:\/\/www.sabine-seyffert.de\/blog\/wp-content\/uploads\/2020\/11\/Lebkuchen-Mini-Sabine-Seyffert.de-8.jpg\" alt=\"\" width=\"800\" height=\"600\" srcset=\"https:\/\/www.sabine-seyffert.de\/blog\/wp-content\/uploads\/2020\/11\/Lebkuchen-Mini-Sabine-Seyffert.de-8.jpg 800w, https:\/\/www.sabine-seyffert.de\/blog\/wp-content\/uploads\/2020\/11\/Lebkuchen-Mini-Sabine-Seyffert.de-8-300x225.jpg 300w, https:\/\/www.sabine-seyffert.de\/blog\/wp-content\/uploads\/2020\/11\/Lebkuchen-Mini-Sabine-Seyffert.de-8-768x576.jpg 768w\" sizes=\"auto, (max-width: 800px) 100vw, 800px\" \/><\/a><\/p>\n<p style=\"text-align: justify;\">Bei 180\u00b0 C b\u00e4ckt man die kleinen Lebkuchenm\u00e4nner rund 12 Minuten. Schaut besser regelm\u00e4\u00dfig in den Ofen, denn die Backzeit kann je nach Gr\u00f6\u00dfe und dicke des Teigs variieren!<\/p>\n<p style=\"text-align: center;\"><a href=\"https:\/\/www.sabine-seyffert.de\/blog\/wp-content\/uploads\/2020\/11\/Lebkuchen-Mini-Sabine-Seyffert.de-1.jpg\"><img loading=\"lazy\" decoding=\"async\" class=\"alignnone size-full wp-image-17852\" src=\"https:\/\/www.sabine-seyffert.de\/blog\/wp-content\/uploads\/2020\/11\/Lebkuchen-Mini-Sabine-Seyffert.de-1.jpg\" alt=\"\" width=\"800\" height=\"600\" srcset=\"https:\/\/www.sabine-seyffert.de\/blog\/wp-content\/uploads\/2020\/11\/Lebkuchen-Mini-Sabine-Seyffert.de-1.jpg 800w, https:\/\/www.sabine-seyffert.de\/blog\/wp-content\/uploads\/2020\/11\/Lebkuchen-Mini-Sabine-Seyffert.de-1-300x225.jpg 300w, https:\/\/www.sabine-seyffert.de\/blog\/wp-content\/uploads\/2020\/11\/Lebkuchen-Mini-Sabine-Seyffert.de-1-768x576.jpg 768w\" sizes=\"auto, (max-width: 800px) 100vw, 800px\" \/><\/a><\/p>\n<p style=\"text-align: justify;\">Nach dem Ausk\u00fchlen, was bei der Gr\u00f6\u00dfe sehr schnell geht, schmilzt man die Schokolade im Wasserbad. Mit Hilfe eines Zahlstochers (oder sauberen, ganz d\u00fcnnen Pinsel) malt man nun jedem Lebkuchenmann Augen, Mund und Kn\u00f6pfe auf.<\/p>\n<p style=\"text-align: center;\"><a href=\"https:\/\/www.sabine-seyffert.de\/blog\/wp-content\/uploads\/2020\/11\/Lebkuchen-Mini-Sabine-Seyffert.de-4.jpg\"><img loading=\"lazy\" decoding=\"async\" class=\"alignnone size-full wp-image-17853\" src=\"https:\/\/www.sabine-seyffert.de\/blog\/wp-content\/uploads\/2020\/11\/Lebkuchen-Mini-Sabine-Seyffert.de-4.jpg\" alt=\"\" width=\"800\" height=\"600\" srcset=\"https:\/\/www.sabine-seyffert.de\/blog\/wp-content\/uploads\/2020\/11\/Lebkuchen-Mini-Sabine-Seyffert.de-4.jpg 800w, https:\/\/www.sabine-seyffert.de\/blog\/wp-content\/uploads\/2020\/11\/Lebkuchen-Mini-Sabine-Seyffert.de-4-300x225.jpg 300w, https:\/\/www.sabine-seyffert.de\/blog\/wp-content\/uploads\/2020\/11\/Lebkuchen-Mini-Sabine-Seyffert.de-4-768x576.jpg 768w\" sizes=\"auto, (max-width: 800px) 100vw, 800px\" \/><\/a><\/p>\n<p style=\"text-align: justify;\"><strong>Ein kleiner Tipp:<\/strong><br \/>\nSch\u00f6n verpackt sind die Mini Lebkuchen ein ganz weihnachtliches Mitbringsel und Geschenk aus der K\u00fcche. Daher verrate ich euch in K\u00fcrze eine <a href=\"https:\/\/www.sabine-seyffert.de\/blog\/?p=17885\" target=\"_blank\" rel=\"noopener noreferrer\">tolle Verpackungsidee<\/a> zu diesem Rezept!<\/p>\n<p style=\"text-align: center;\"><a href=\"https:\/\/www.sabine-seyffert.de\/blog\/wp-content\/uploads\/2020\/11\/Lebkuchen-Mini-Sabine-Seyffert.de-9.jpg\"><img loading=\"lazy\" decoding=\"async\" class=\"alignnone size-full wp-image-17849\" src=\"https:\/\/www.sabine-seyffert.de\/blog\/wp-content\/uploads\/2020\/11\/Lebkuchen-Mini-Sabine-Seyffert.de-9.jpg\" alt=\"\" width=\"600\" height=\"800\" srcset=\"https:\/\/www.sabine-seyffert.de\/blog\/wp-content\/uploads\/2020\/11\/Lebkuchen-Mini-Sabine-Seyffert.de-9.jpg 600w, https:\/\/www.sabine-seyffert.de\/blog\/wp-content\/uploads\/2020\/11\/Lebkuchen-Mini-Sabine-Seyffert.de-9-225x300.jpg 225w\" sizes=\"auto, (max-width: 600px) 100vw, 600px\" \/><\/a><\/p>\n<p style=\"text-align: justify;\">Weitere DIY Ideen rund um die Adventszeit und Weihnachten findet ihr \u00fcbrigens in <a href=\"https:\/\/www.sabine-seyffert.de\/blog\/?cat=41\" target=\"_blank\" rel=\"noopener noreferrer\">dieser Blog Kategorie<\/a>, alle s\u00fc\u00dfen Rezepte mit detaillierter Anleitung gibt es in <a href=\"https:\/\/www.sabine-seyffert.de\/blog\/?cat=31\" target=\"_blank\" rel=\"noopener noreferrer\">dieser Rubrik<\/a>, Rezeptidee f\u00fcr Geschenke aus der K\u00fcche sind in diesem <a href=\"https:\/\/www.sabine-seyffert.de\/blog\/?cat=43\" target=\"_blank\" rel=\"noopener noreferrer\">Blog Ordner<\/a> und andere kreative Sachen <a href=\"https:\/\/www.creadienstag.de\/2020\/11\/linkparty-435.html\" target=\"_blank\" rel=\"noopener noreferrer\">da<\/a>.<\/p>\n<p style=\"text-align: center;\"><a href=\"https:\/\/www.sabine-seyffert.de\/blog\/wp-content\/uploads\/2020\/11\/Lebkuchen-Mini-Sabine-Seyffert.de-0.jpg\"><img loading=\"lazy\" decoding=\"async\" class=\"alignnone size-full wp-image-17848\" src=\"https:\/\/www.sabine-seyffert.de\/blog\/wp-content\/uploads\/2020\/11\/Lebkuchen-Mini-Sabine-Seyffert.de-0.jpg\" alt=\"\" width=\"600\" height=\"800\" srcset=\"https:\/\/www.sabine-seyffert.de\/blog\/wp-content\/uploads\/2020\/11\/Lebkuchen-Mini-Sabine-Seyffert.de-0.jpg 600w, https:\/\/www.sabine-seyffert.de\/blog\/wp-content\/uploads\/2020\/11\/Lebkuchen-Mini-Sabine-Seyffert.de-0-225x300.jpg 225w\" sizes=\"auto, (max-width: 600px) 100vw, 600px\" \/><\/a><\/p>\n<p style=\"text-align: justify;\"><a href=\"https:\/\/www.sabine-seyffert.de\/blog\/?page_id=32#urheberrecht\">urheberrechtlich gesch\u00fctzt<\/a>, \u00a9 Sabine Seyffert<\/p>\n","protected":false},"excerpt":{"rendered":"<p>In der Weihnachtszeit wird bei uns oft und gerne gebacken. Vor allen Dingen in der Weihnachtsb\u00e4ckerei geht es flei\u00dfig zu. Da kommen schon allerhand leckere Weihnachtspl\u00e4tzchen zusammen. Nicht nur zum Naschen, sondern auch zum Verschenken. Wie diese kleinen K\u00f6stlichkeiten: Lebkuchenm\u00e4nner in Kleinformat! Die sind leider durch die winzige Backform ausgesprochen aufw\u00e4ndig zu Backen, aber die&#8230; <a href=\"https:\/\/www.sabine-seyffert.de\/blog\/geschenkidee-fuer-weihnachten-geschenke-aus-der-kueche-mini-lebkuchenmann\/\" class=\"more-link\">Read more: Geschenkidee f\u00fcr Weihnachten: Geschenke aus der K\u00fcche \u2013 Mini Lebkuchenmann<\/a><\/p>\n","protected":false},"author":2,"featured_media":0,"comment_status":"open","ping_status":"open","sticky":false,"template":"","format":"standard","meta":{"_metis_text_type":"","_metis_text_length":2185,"_post_count":0,"footnotes":""},"categories":[41,43,36,31],"tags":[],"class_list":["post-17845","post","type-post","status-publish","format-standard","hentry","category-weihnachten","category-geschenke-aus-der-kueche","category-klitzekleine-geschenkideen","category-rezepte-suse-kuchen-co"],"_links":{"self":[{"href":"https:\/\/www.sabine-seyffert.de\/blog\/wp-json\/wp\/v2\/posts\/17845","targetHints":{"allow":["GET"]}}],"collection":[{"href":"https:\/\/www.sabine-seyffert.de\/blog\/wp-json\/wp\/v2\/posts"}],"about":[{"href":"https:\/\/www.sabine-seyffert.de\/blog\/wp-json\/wp\/v2\/types\/post"}],"author":[{"embeddable":true,"href":"https:\/\/www.sabine-seyffert.de\/blog\/wp-json\/wp\/v2\/users\/2"}],"replies":[{"embeddable":true,"href":"https:\/\/www.sabine-seyffert.de\/blog\/wp-json\/wp\/v2\/comments?post=17845"}],"version-history":[{"count":6,"href":"https:\/\/www.sabine-seyffert.de\/blog\/wp-json\/wp\/v2\/posts\/17845\/revisions"}],"predecessor-version":[{"id":24746,"href":"https:\/\/www.sabine-seyffert.de\/blog\/wp-json\/wp\/v2\/posts\/17845\/revisions\/24746"}],"wp:attachment":[{"href":"https:\/\/www.sabine-seyffert.de\/blog\/wp-json\/wp\/v2\/media?parent=17845"}],"wp:term":[{"taxonomy":"category","embeddable":true,"href":"https:\/\/www.sabine-seyffert.de\/blog\/wp-json\/wp\/v2\/categories?post=17845"},{"taxonomy":"post_tag","embeddable":true,"href":"https:\/\/www.sabine-seyffert.de\/blog\/wp-json\/wp\/v2\/tags?post=17845"}],"curies":[{"name":"wp","href":"https:\/\/api.w.org\/{rel}","templated":true}]}}