{"id":1782,"date":"2013-05-20T08:21:11","date_gmt":"2013-05-20T06:21:11","guid":{"rendered":"http:\/\/www.sabine-seyffert.de\/blog\/?p=1782"},"modified":"2017-03-06T17:31:45","modified_gmt":"2017-03-06T15:31:45","slug":"wurzige-pfannkuchen-mit-salat","status":"publish","type":"post","link":"https:\/\/www.sabine-seyffert.de\/blog\/wurzige-pfannkuchen-mit-salat\/","title":{"rendered":"W\u00fcrzige Pfannkuchen mit Salat"},"content":{"rendered":"<p style=\"text-align: center;\"><img loading=\"lazy\" decoding=\"async\" src=\"https:\/\/ssl-vg03.met.vgwort.de\/na\/d88c29792b9649f2bc1cb9d10fa26a21\" alt=\"\" width=\"1\" height=\"1\" \/>Guten Appetit!<br \/>\n<a href=\"http:\/\/www.sabine-seyffert.de\/blog\/wp-content\/uploads\/2013\/05\/Pfannkuchen-herzhaft-1.jpg\"><img loading=\"lazy\" decoding=\"async\" class=\"alignnone size-full wp-image-1786\" src=\"http:\/\/www.sabine-seyffert.de\/blog\/wp-content\/uploads\/2013\/05\/Pfannkuchen-herzhaft-1.jpg\" alt=\"Pfannkuchen herzhaft 1\" width=\"800\" height=\"600\" srcset=\"https:\/\/www.sabine-seyffert.de\/blog\/wp-content\/uploads\/2013\/05\/Pfannkuchen-herzhaft-1.jpg 800w, https:\/\/www.sabine-seyffert.de\/blog\/wp-content\/uploads\/2013\/05\/Pfannkuchen-herzhaft-1-300x225.jpg 300w\" sizes=\"auto, (max-width: 800px) 100vw, 800px\" \/><\/a><\/p>\n<p style=\"text-align: justify;\">Unsere Kinder essen mittags (nicht nur dann) gerne s\u00fc\u00df. Ab und an schmeckt uns Gro\u00dfen das auch, aber lieber essen wir zu dieser Tageszeit etwas pikantes, was auch wirklich satt macht. Vielleicht liegt es an der Jahreszeit, Pfannkuchen sind bei unseren Kindern im Moment der Hit. Ein Besucherkind \u00fcber Mittags ist ebenfalls angek\u00fcndigt. Und gerade in seinem solchen Fall ist dieses Gericht immer bestens geeignet, da sich diesen\u00a0 jeder nach seiner Fasson belegen kann, wie er mag.<\/p>\n<p style=\"text-align: center;\"><a href=\"http:\/\/www.sabine-seyffert.de\/blog\/wp-content\/uploads\/2013\/05\/Pfannkuchen-herzhaft-2.jpg\"><img loading=\"lazy\" decoding=\"async\" class=\"alignnone size-full wp-image-1787\" src=\"http:\/\/www.sabine-seyffert.de\/blog\/wp-content\/uploads\/2013\/05\/Pfannkuchen-herzhaft-2.jpg\" alt=\"Pfannkuchen herzhaft 2\" width=\"800\" height=\"773\" srcset=\"https:\/\/www.sabine-seyffert.de\/blog\/wp-content\/uploads\/2013\/05\/Pfannkuchen-herzhaft-2.jpg 800w, https:\/\/www.sabine-seyffert.de\/blog\/wp-content\/uploads\/2013\/05\/Pfannkuchen-herzhaft-2-300x289.jpg 300w\" sizes=\"auto, (max-width: 800px) 100vw, 800px\" \/><\/a><\/p>\n<p style=\"text-align: justify;\">Aus diesem Grund habe ich mal einen Schwung Pfannkuchen so zubereitet, das sie wirklich w\u00fcrzig sind und den Magen f\u00fcllen. Das Rezept eignet sich <span style=\"text-decoration: underline;\">ausnahmsweise mal nur f\u00fcr 2 Personen<\/span>, kann aber jederzeit der gew\u00fcnschten Personanzahl angepasst und in gr\u00f6\u00dferer Menge zubereitet werden.<\/p>\n<p style=\"text-align: center;\"><a href=\"http:\/\/www.sabine-seyffert.de\/blog\/wp-content\/uploads\/2013\/05\/Pfannkuchen-herzhaft-3.jpg\"><img loading=\"lazy\" decoding=\"async\" class=\"alignnone size-full wp-image-1788\" src=\"http:\/\/www.sabine-seyffert.de\/blog\/wp-content\/uploads\/2013\/05\/Pfannkuchen-herzhaft-3.jpg\" alt=\"Pfannkuchen herzhaft 3\" width=\"800\" height=\"723\" srcset=\"https:\/\/www.sabine-seyffert.de\/blog\/wp-content\/uploads\/2013\/05\/Pfannkuchen-herzhaft-3.jpg 800w, https:\/\/www.sabine-seyffert.de\/blog\/wp-content\/uploads\/2013\/05\/Pfannkuchen-herzhaft-3-300x271.jpg 300w\" sizes=\"auto, (max-width: 800px) 100vw, 800px\" \/><\/a><\/p>\n<p style=\"text-align: justify;\"><strong>Das wird gebraucht:<\/strong><br \/>\n2 Eier, 4 -5 geh\u00e4ufte (!) E\u00dfl\u00f6ffel Mehl, Wasser, Salz, Pfeffer, 1-2 EL Sojaso\u00dfe, 1-2 TL italienische Kr\u00e4uter, Fett f\u00fcr die Pfanne, ein paar Cocktailtomaten, etwas Salat, \u00bc St\u00fcck von einer Salatgurken, 1-2 Zwiebeln, etwas Schafsk\u00e4se, selbstgemachte Joghurtso\u00dfe oder Dressing<\/p>\n<p style=\"text-align: center;\"><a href=\"http:\/\/www.sabine-seyffert.de\/blog\/wp-content\/uploads\/2013\/05\/Pfannkuchen-herzhaft-4.jpg\"><img loading=\"lazy\" decoding=\"async\" class=\"alignnone size-full wp-image-1789\" src=\"http:\/\/www.sabine-seyffert.de\/blog\/wp-content\/uploads\/2013\/05\/Pfannkuchen-herzhaft-4.jpg\" alt=\"Pfannkuchen herzhaft 4\" width=\"800\" height=\"698\" srcset=\"https:\/\/www.sabine-seyffert.de\/blog\/wp-content\/uploads\/2013\/05\/Pfannkuchen-herzhaft-4.jpg 800w, https:\/\/www.sabine-seyffert.de\/blog\/wp-content\/uploads\/2013\/05\/Pfannkuchen-herzhaft-4-300x261.jpg 300w\" sizes=\"auto, (max-width: 800px) 100vw, 800px\" \/><\/a><\/p>\n<p style=\"text-align: justify;\"><strong>So wird\u2019s gemacht:<\/strong><br \/>\nAus Eiern, Mehl und Wasser einen Pfannkuchenteig anr\u00fchren. Die genaue Wassermenge messe ich nie ab, da ich den Teig immer so r\u00fchre, wie es mir zum Backen richtig erscheint. Bei s\u00fc\u00dfen Pfannkuchen mache ich den Teig am liebsten ganz d\u00fcnn, \u00e4hnlich wie bei einem Cr\u00eape, aber bei solchen Pfannkuchen darf er auch mal etwas dicker sein und der Teig entsprechend fester. Hat der Teig die gew\u00fcnschte Konsistenz gebe ich Salz, Pfeffer und Sojaso\u00dfe hinzu. Diesmal habe ich eine Gew\u00fcrzmischung \u201eItalienische Kr\u00e4uter\u201c genommen, es geht aber auch nur mit Oregano, Pizzagew\u00fcrz oder anderen Kr\u00e4utern, die man zur Hand hat. Dann erhitzt man die Pfanne samt Fett und b\u00e4ckt die Pfannkuchen aus dem Teig. W\u00e4hrenddessen schneidet man Zwiebel, Gurke, Tomaten, Salat und Feta klein. Aus Joghurt, Quark oder Saurer Sahne l\u00e4sst sich mit Salz, Knoblauch und ein paar Gew\u00fcrzen eine schnelle So\u00dfe r\u00fchren.<\/p>\n<p style=\"text-align: center;\"><a href=\"http:\/\/www.sabine-seyffert.de\/blog\/wp-content\/uploads\/2013\/05\/Pfannkuchen-herzhaft-5.jpg\"><img loading=\"lazy\" decoding=\"async\" class=\"alignnone size-full wp-image-1790\" src=\"http:\/\/www.sabine-seyffert.de\/blog\/wp-content\/uploads\/2013\/05\/Pfannkuchen-herzhaft-5.jpg\" alt=\"Pfannkuchen herzhaft 5\" width=\"800\" height=\"704\" srcset=\"https:\/\/www.sabine-seyffert.de\/blog\/wp-content\/uploads\/2013\/05\/Pfannkuchen-herzhaft-5.jpg 800w, https:\/\/www.sabine-seyffert.de\/blog\/wp-content\/uploads\/2013\/05\/Pfannkuchen-herzhaft-5-300x264.jpg 300w\" sizes=\"auto, (max-width: 800px) 100vw, 800px\" \/><\/a><\/p>\n<p style=\"text-align: justify;\">Jeder belegt sich seinen Pfannkuchen wie er mag und kann etwas Joghurtso\u00dfe dar\u00fcber geben, fertig!<\/p>\n<p style=\"text-align: center;\"><a href=\"http:\/\/www.sabine-seyffert.de\/blog\/wp-content\/uploads\/2013\/05\/Pfannkuchen-herzhaft-6.jpg\"><img loading=\"lazy\" decoding=\"async\" class=\"alignnone size-full wp-image-1791\" src=\"http:\/\/www.sabine-seyffert.de\/blog\/wp-content\/uploads\/2013\/05\/Pfannkuchen-herzhaft-6.jpg\" alt=\"Pfannkuchen herzhaft 6\" width=\"800\" height=\"728\" srcset=\"https:\/\/www.sabine-seyffert.de\/blog\/wp-content\/uploads\/2013\/05\/Pfannkuchen-herzhaft-6.jpg 800w, https:\/\/www.sabine-seyffert.de\/blog\/wp-content\/uploads\/2013\/05\/Pfannkuchen-herzhaft-6-300x273.jpg 300w\" sizes=\"auto, (max-width: 800px) 100vw, 800px\" \/><\/a><\/p>\n<p style=\"text-align: justify;\">Ich war \u00fcbrigens nach einem dieser Pfannkuchen \u201epappsatt\u201c und kann sagen, es war sehr lecker\u2026<\/p>\n<p style=\"text-align: center;\"><a href=\"http:\/\/www.sabine-seyffert.de\/blog\/wp-content\/uploads\/2013\/05\/Pfannkuchen-herzhaft-7.jpg\"><img loading=\"lazy\" decoding=\"async\" class=\"alignnone size-full wp-image-1792\" src=\"http:\/\/www.sabine-seyffert.de\/blog\/wp-content\/uploads\/2013\/05\/Pfannkuchen-herzhaft-7.jpg\" alt=\"Pfannkuchen herzhaft 7\" width=\"800\" height=\"734\" srcset=\"https:\/\/www.sabine-seyffert.de\/blog\/wp-content\/uploads\/2013\/05\/Pfannkuchen-herzhaft-7.jpg 800w, https:\/\/www.sabine-seyffert.de\/blog\/wp-content\/uploads\/2013\/05\/Pfannkuchen-herzhaft-7-300x275.jpg 300w\" sizes=\"auto, (max-width: 800px) 100vw, 800px\" \/><\/a><\/p>\n<p style=\"text-align: justify;\">Wem das nicht genug \u201eRezept\u201c war kann noch bei <a href=\"http:\/\/nozdesign.blogspot.de\/2013\/05\/my-monday-mhhhhhh-23.html\" target=\"_blank\">Katjas Gl\u00fccksmomenten<\/a> durch die Galerie schlendern \u2013 viel Spa\u00df dabei!<\/p>\n<p style=\"text-align: center;\"><a href=\"http:\/\/www.sabine-seyffert.de\/blog\/wp-content\/uploads\/2013\/05\/Pfannkuchen-herzhaft-8.jpg\"><img loading=\"lazy\" decoding=\"async\" class=\"alignnone size-full wp-image-1793\" src=\"http:\/\/www.sabine-seyffert.de\/blog\/wp-content\/uploads\/2013\/05\/Pfannkuchen-herzhaft-8.jpg\" alt=\"Pfannkuchen herzhaft 8\" width=\"800\" height=\"762\" srcset=\"https:\/\/www.sabine-seyffert.de\/blog\/wp-content\/uploads\/2013\/05\/Pfannkuchen-herzhaft-8.jpg 800w, https:\/\/www.sabine-seyffert.de\/blog\/wp-content\/uploads\/2013\/05\/Pfannkuchen-herzhaft-8-300x285.jpg 300w\" sizes=\"auto, (max-width: 800px) 100vw, 800px\" \/><\/a><\/p>\n<p><a href=\"http:\/\/www.sabine-seyffert.de\/blog\/?page_id=32#urheberrecht\">urherrechtlich gesch\u00fctzt<\/a>, \u00a9 Sabine Seyffert<\/p>\n","protected":false},"excerpt":{"rendered":"<p>Guten Appetit! Unsere Kinder essen mittags (nicht nur dann) gerne s\u00fc\u00df. Ab und an schmeckt uns Gro\u00dfen das auch, aber lieber essen wir zu dieser Tageszeit etwas pikantes, was auch wirklich satt macht. Vielleicht liegt es an der Jahreszeit, Pfannkuchen sind bei unseren Kindern im Moment der Hit. Ein Besucherkind \u00fcber Mittags ist ebenfalls angek\u00fcndigt&#8230;. <a href=\"https:\/\/www.sabine-seyffert.de\/blog\/wurzige-pfannkuchen-mit-salat\/\" class=\"more-link\">Read more: W\u00fcrzige Pfannkuchen mit Salat<\/a><\/p>\n","protected":false},"author":2,"featured_media":0,"comment_status":"open","ping_status":"open","sticky":false,"template":"","format":"standard","meta":{"_metis_text_type":"","_metis_text_length":2321,"_post_count":0,"footnotes":""},"categories":[30],"tags":[],"class_list":["post-1782","post","type-post","status-publish","format-standard","hentry","category-rezepte-herzhaft"],"_links":{"self":[{"href":"https:\/\/www.sabine-seyffert.de\/blog\/wp-json\/wp\/v2\/posts\/1782","targetHints":{"allow":["GET"]}}],"collection":[{"href":"https:\/\/www.sabine-seyffert.de\/blog\/wp-json\/wp\/v2\/posts"}],"about":[{"href":"https:\/\/www.sabine-seyffert.de\/blog\/wp-json\/wp\/v2\/types\/post"}],"author":[{"embeddable":true,"href":"https:\/\/www.sabine-seyffert.de\/blog\/wp-json\/wp\/v2\/users\/2"}],"replies":[{"embeddable":true,"href":"https:\/\/www.sabine-seyffert.de\/blog\/wp-json\/wp\/v2\/comments?post=1782"}],"version-history":[{"count":14,"href":"https:\/\/www.sabine-seyffert.de\/blog\/wp-json\/wp\/v2\/posts\/1782\/revisions"}],"predecessor-version":[{"id":9853,"href":"https:\/\/www.sabine-seyffert.de\/blog\/wp-json\/wp\/v2\/posts\/1782\/revisions\/9853"}],"wp:attachment":[{"href":"https:\/\/www.sabine-seyffert.de\/blog\/wp-json\/wp\/v2\/media?parent=1782"}],"wp:term":[{"taxonomy":"category","embeddable":true,"href":"https:\/\/www.sabine-seyffert.de\/blog\/wp-json\/wp\/v2\/categories?post=1782"},{"taxonomy":"post_tag","embeddable":true,"href":"https:\/\/www.sabine-seyffert.de\/blog\/wp-json\/wp\/v2\/tags?post=1782"}],"curies":[{"name":"wp","href":"https:\/\/api.w.org\/{rel}","templated":true}]}}