{"id":17803,"date":"2020-11-23T07:26:48","date_gmt":"2020-11-23T05:26:48","guid":{"rendered":"https:\/\/www.sabine-seyffert.de\/blog\/?p=17803"},"modified":"2022-12-06T11:13:31","modified_gmt":"2022-12-06T09:13:31","slug":"in-der-weihnachtsbaeckerei-einfaches-rezept-fuer-selbst-gemachte-elisen-lebkuchen","status":"publish","type":"post","link":"https:\/\/www.sabine-seyffert.de\/blog\/in-der-weihnachtsbaeckerei-einfaches-rezept-fuer-selbst-gemachte-elisen-lebkuchen\/","title":{"rendered":"In der Weihnachtsb\u00e4ckerei: Einfaches Rezept f\u00fcr selbst gemachte Elisen Lebkuchen"},"content":{"rendered":"<p style=\"text-align: justify;\"><img loading=\"lazy\" decoding=\"async\" src=\"https:\/\/vg09.met.vgwort.de\/na\/d6ef7b7d187a4963bde493e1cb79677a\" alt=\"\" width=\"1\" height=\"1\" \/>N\u00e4chste Woche starten wir schon in die Adventszeit. Und damit man diese ganz entspannt genie\u00dfen kann, habe ich heute schon mal eine leckere Rezeptidee. Selbst gebackene Weihnachtspl\u00e4tzchen f\u00fcr mich in der Weihnachtszeit nicht fehlen und gerade Lebkuchen geh\u00f6ren f\u00fcr mich in der Weihnachtszeit auf jeden Fall mit dazu. Vor allen Dingen die gro\u00dfen Elisenlebkuchen mit Schokoladen\u00fcberzug. Allerdings sind in den gekauften Lebkuchen in der Regel Haseln\u00fcsse enthalten, die hier aufgrund einer Allergie tabu sind. Daher habe ich mich schon im Jahr mal daran probiert, die Lebkuchen selber zu backen und N\u00fcsse durch Mandeln zu ersetzen. Und das ist wirklich ganz einfach!<\/p>\n<p style=\"text-align: center;\"><a href=\"https:\/\/www.sabine-seyffert.de\/blog\/wp-content\/uploads\/2020\/11\/Lebkuchen-vegan-Sabine-Seyffert.de-1.jpg\"><img loading=\"lazy\" decoding=\"async\" class=\"alignnone size-full wp-image-17804\" src=\"https:\/\/www.sabine-seyffert.de\/blog\/wp-content\/uploads\/2020\/11\/Lebkuchen-vegan-Sabine-Seyffert.de-1.jpg\" alt=\"\" width=\"800\" height=\"600\" srcset=\"https:\/\/www.sabine-seyffert.de\/blog\/wp-content\/uploads\/2020\/11\/Lebkuchen-vegan-Sabine-Seyffert.de-1.jpg 800w, https:\/\/www.sabine-seyffert.de\/blog\/wp-content\/uploads\/2020\/11\/Lebkuchen-vegan-Sabine-Seyffert.de-1-300x225.jpg 300w, https:\/\/www.sabine-seyffert.de\/blog\/wp-content\/uploads\/2020\/11\/Lebkuchen-vegan-Sabine-Seyffert.de-1-768x576.jpg 768w\" sizes=\"auto, (max-width: 800px) 100vw, 800px\" \/><\/a><\/p>\n<p style=\"text-align: justify;\"><strong>Das wird gebraucht:<\/strong><br \/>\n400 g gemahlene Mandeln (mit Schale bzw. Haut), 80g gehackte Mandeln, 200 g Waln\u00fcsse (gemahlen), 80-100 g Bio Orangeat (eine kleine Packung), 200 g Marzipan Rohmasse, 1 P\u00e4ckchen Backpulver, 1 Teel\u00f6ffel gemahlene Vanille (oder 2 Vanilleschoten), 1 Teel\u00f6ffel Zimt, 5 Teel\u00f6ffel Lebkuchengew\u00fcrz, 200 g weiche Soft Datteln entsteint, 3 Essl\u00f6ffel Rum, dunkle Kuvert\u00fcre oder Zartbitterschokolade (etwa 350 g) sowie gro\u00dfe, runde Oblaten (Durchmesser 7 cm)<\/p>\n<p style=\"text-align: center;\"><a href=\"https:\/\/www.sabine-seyffert.de\/blog\/wp-content\/uploads\/2020\/11\/Lebkuchen-vegan-Sabine-Seyffert.de-8.jpg\"><img loading=\"lazy\" decoding=\"async\" class=\"alignnone size-full wp-image-17805\" src=\"https:\/\/www.sabine-seyffert.de\/blog\/wp-content\/uploads\/2020\/11\/Lebkuchen-vegan-Sabine-Seyffert.de-8.jpg\" alt=\"\" width=\"800\" height=\"600\" srcset=\"https:\/\/www.sabine-seyffert.de\/blog\/wp-content\/uploads\/2020\/11\/Lebkuchen-vegan-Sabine-Seyffert.de-8.jpg 800w, https:\/\/www.sabine-seyffert.de\/blog\/wp-content\/uploads\/2020\/11\/Lebkuchen-vegan-Sabine-Seyffert.de-8-300x225.jpg 300w, https:\/\/www.sabine-seyffert.de\/blog\/wp-content\/uploads\/2020\/11\/Lebkuchen-vegan-Sabine-Seyffert.de-8-768x576.jpg 768w\" sizes=\"auto, (max-width: 800px) 100vw, 800px\" \/><\/a><\/p>\n<p style=\"text-align: justify;\"><strong>So wird\u2019s gemacht:<\/strong><br \/>\nZuerst schneidet ihr die Datteln auf einem K\u00fcchenbrettchen in kleine W\u00fcrfel. Anschlie\u00dfend gebt ihr die Datteln, das Orangeat und mit dem Rum in einen hohen Becher und p\u00fcriert das Ganze zu einer st\u00fcckchenfreien, cremigen Masse. Eventuell kann man noch etwas hei\u00dfes Wasser hinzugeben, sollte die Masse zu fest sein.<\/p>\n<p style=\"text-align: center;\"><a href=\"https:\/\/www.sabine-seyffert.de\/blog\/wp-content\/uploads\/2020\/11\/Lebkuchen-vegan-Sabine-Seyffert.de-6.jpg\"><img loading=\"lazy\" decoding=\"async\" class=\"alignnone size-full wp-image-17806\" src=\"https:\/\/www.sabine-seyffert.de\/blog\/wp-content\/uploads\/2020\/11\/Lebkuchen-vegan-Sabine-Seyffert.de-6.jpg\" alt=\"\" width=\"800\" height=\"600\" srcset=\"https:\/\/www.sabine-seyffert.de\/blog\/wp-content\/uploads\/2020\/11\/Lebkuchen-vegan-Sabine-Seyffert.de-6.jpg 800w, https:\/\/www.sabine-seyffert.de\/blog\/wp-content\/uploads\/2020\/11\/Lebkuchen-vegan-Sabine-Seyffert.de-6-300x225.jpg 300w, https:\/\/www.sabine-seyffert.de\/blog\/wp-content\/uploads\/2020\/11\/Lebkuchen-vegan-Sabine-Seyffert.de-6-768x576.jpg 768w\" sizes=\"auto, (max-width: 800px) 100vw, 800px\" \/><\/a><\/p>\n<p style=\"text-align: justify;\">Die Waln\u00fcsse reibt man mit der K\u00fcchenmaschine grob und gibt diese mit den gemahlenen und gehakten Mandeln, der Marzipan Rohmasse, den Gew\u00fcrzen und Backpulver in eine gro\u00dfe R\u00fchrsch\u00fcssel und verknetet alles mit der p\u00fcrierten Masse zu einem Lebkuchenteig. Der ist recht fest und darf noch ein kleines bisschen kleben.<\/p>\n<p style=\"text-align: center;\"><a href=\"https:\/\/www.sabine-seyffert.de\/blog\/wp-content\/uploads\/2020\/11\/Lebkuchen-vegan-Sabine-Seyffert.de-7.jpg\"><img loading=\"lazy\" decoding=\"async\" class=\"alignnone size-full wp-image-17807\" src=\"https:\/\/www.sabine-seyffert.de\/blog\/wp-content\/uploads\/2020\/11\/Lebkuchen-vegan-Sabine-Seyffert.de-7.jpg\" alt=\"\" width=\"800\" height=\"600\" srcset=\"https:\/\/www.sabine-seyffert.de\/blog\/wp-content\/uploads\/2020\/11\/Lebkuchen-vegan-Sabine-Seyffert.de-7.jpg 800w, https:\/\/www.sabine-seyffert.de\/blog\/wp-content\/uploads\/2020\/11\/Lebkuchen-vegan-Sabine-Seyffert.de-7-300x225.jpg 300w, https:\/\/www.sabine-seyffert.de\/blog\/wp-content\/uploads\/2020\/11\/Lebkuchen-vegan-Sabine-Seyffert.de-7-768x576.jpg 768w\" sizes=\"auto, (max-width: 800px) 100vw, 800px\" \/><\/a><\/p>\n<p style=\"text-align: justify;\">So kann man mit dem Essl\u00f6ffel ein etwas Tischtennisball gro\u00dfes St\u00fcck aus dem Teig stechen, zu einer Kugelrollen und diese auf der Oblate flach dr\u00fccken.<\/p>\n<p style=\"text-align: center;\"><a href=\"https:\/\/www.sabine-seyffert.de\/blog\/wp-content\/uploads\/2020\/11\/Lebkuchen-vegan-Sabine-Seyffert.de-5.jpg\"><img loading=\"lazy\" decoding=\"async\" class=\"alignnone size-full wp-image-17808\" src=\"https:\/\/www.sabine-seyffert.de\/blog\/wp-content\/uploads\/2020\/11\/Lebkuchen-vegan-Sabine-Seyffert.de-5.jpg\" alt=\"\" width=\"800\" height=\"600\" srcset=\"https:\/\/www.sabine-seyffert.de\/blog\/wp-content\/uploads\/2020\/11\/Lebkuchen-vegan-Sabine-Seyffert.de-5.jpg 800w, https:\/\/www.sabine-seyffert.de\/blog\/wp-content\/uploads\/2020\/11\/Lebkuchen-vegan-Sabine-Seyffert.de-5-300x225.jpg 300w, https:\/\/www.sabine-seyffert.de\/blog\/wp-content\/uploads\/2020\/11\/Lebkuchen-vegan-Sabine-Seyffert.de-5-768x576.jpg 768w\" sizes=\"auto, (max-width: 800px) 100vw, 800px\" \/><\/a><\/p>\n<p style=\"text-align: justify;\">So geht man vor, bis aller Teig verbraucht ist. Aus der o.g. Menge habe ich genau 34 Lebkuchen herstellen k\u00f6nnen. Aber das kommt nat\u00fcrlich ganz darauf, wie viel Masse ihr auf die Oblaten gebt.<\/p>\n<p style=\"text-align: center;\"><a href=\"https:\/\/www.sabine-seyffert.de\/blog\/wp-content\/uploads\/2020\/11\/Lebkuchen-vegan-Sabine-Seyffert.de-2.jpg\"><img loading=\"lazy\" decoding=\"async\" class=\"alignnone size-full wp-image-17809\" src=\"https:\/\/www.sabine-seyffert.de\/blog\/wp-content\/uploads\/2020\/11\/Lebkuchen-vegan-Sabine-Seyffert.de-2.jpg\" alt=\"\" width=\"800\" height=\"600\" srcset=\"https:\/\/www.sabine-seyffert.de\/blog\/wp-content\/uploads\/2020\/11\/Lebkuchen-vegan-Sabine-Seyffert.de-2.jpg 800w, https:\/\/www.sabine-seyffert.de\/blog\/wp-content\/uploads\/2020\/11\/Lebkuchen-vegan-Sabine-Seyffert.de-2-300x225.jpg 300w, https:\/\/www.sabine-seyffert.de\/blog\/wp-content\/uploads\/2020\/11\/Lebkuchen-vegan-Sabine-Seyffert.de-2-768x576.jpg 768w\" sizes=\"auto, (max-width: 800px) 100vw, 800px\" \/><\/a><\/p>\n<p style=\"text-align: justify;\">Die Lebkuchen werden nun im vorgeheizten Backofen bei 175\u00b0C rund 20 Minuten gebacken. Danach l\u00e4sst man diese ganz ausk\u00fchlen.<\/p>\n<p style=\"text-align: center;\"><a href=\"https:\/\/www.sabine-seyffert.de\/blog\/wp-content\/uploads\/2020\/11\/Lebkuchen-vegan-Sabine-Seyffert.de-3.jpg\"><img loading=\"lazy\" decoding=\"async\" class=\"alignnone size-full wp-image-17810\" src=\"https:\/\/www.sabine-seyffert.de\/blog\/wp-content\/uploads\/2020\/11\/Lebkuchen-vegan-Sabine-Seyffert.de-3.jpg\" alt=\"\" width=\"800\" height=\"600\" srcset=\"https:\/\/www.sabine-seyffert.de\/blog\/wp-content\/uploads\/2020\/11\/Lebkuchen-vegan-Sabine-Seyffert.de-3.jpg 800w, https:\/\/www.sabine-seyffert.de\/blog\/wp-content\/uploads\/2020\/11\/Lebkuchen-vegan-Sabine-Seyffert.de-3-300x225.jpg 300w, https:\/\/www.sabine-seyffert.de\/blog\/wp-content\/uploads\/2020\/11\/Lebkuchen-vegan-Sabine-Seyffert.de-3-768x576.jpg 768w\" sizes=\"auto, (max-width: 800px) 100vw, 800px\" \/><\/a><\/p>\n<p style=\"text-align: justify;\">Zu guter Letzt schmilzt man die Schokolade im Wasserbad, gibt auf jeden Lebkuchen die dunkle Schokolade und streicht diese mit einem L\u00f6ffel so um die Lebkuchen, dass diese ganz bedeckt sind. Wer mag, kann diese noch mit Waln\u00fcssen, Mandel o.\u00e4. verzieren.<\/p>\n<p style=\"text-align: center;\"><a href=\"https:\/\/www.sabine-seyffert.de\/blog\/wp-content\/uploads\/2020\/11\/Lebkuchen-vegan-Sabine-Seyffert.de-1-1.jpg\"><img loading=\"lazy\" decoding=\"async\" class=\"alignnone size-full wp-image-17811\" src=\"https:\/\/www.sabine-seyffert.de\/blog\/wp-content\/uploads\/2020\/11\/Lebkuchen-vegan-Sabine-Seyffert.de-1-1.jpg\" alt=\"\" width=\"800\" height=\"600\" srcset=\"https:\/\/www.sabine-seyffert.de\/blog\/wp-content\/uploads\/2020\/11\/Lebkuchen-vegan-Sabine-Seyffert.de-1-1.jpg 800w, https:\/\/www.sabine-seyffert.de\/blog\/wp-content\/uploads\/2020\/11\/Lebkuchen-vegan-Sabine-Seyffert.de-1-1-300x225.jpg 300w, https:\/\/www.sabine-seyffert.de\/blog\/wp-content\/uploads\/2020\/11\/Lebkuchen-vegan-Sabine-Seyffert.de-1-1-768x576.jpg 768w\" sizes=\"auto, (max-width: 800px) 100vw, 800px\" \/><\/a><\/p>\n<p style=\"text-align: justify;\">Jetzt muss der Schokoladengu\u00df nur noch ausk\u00fchlen und dann k\u00f6nnt ihr die leckeren Lebkuchen genie\u00dfen!<\/p>\n<p style=\"text-align: center;\"><a href=\"https:\/\/www.sabine-seyffert.de\/blog\/wp-content\/uploads\/2020\/11\/Lebkuchen-vegan-Sabine-Seyffert.de-10.jpg\"><img loading=\"lazy\" decoding=\"async\" class=\"alignnone size-full wp-image-17812\" src=\"https:\/\/www.sabine-seyffert.de\/blog\/wp-content\/uploads\/2020\/11\/Lebkuchen-vegan-Sabine-Seyffert.de-10.jpg\" alt=\"\" width=\"600\" height=\"800\" srcset=\"https:\/\/www.sabine-seyffert.de\/blog\/wp-content\/uploads\/2020\/11\/Lebkuchen-vegan-Sabine-Seyffert.de-10.jpg 600w, https:\/\/www.sabine-seyffert.de\/blog\/wp-content\/uploads\/2020\/11\/Lebkuchen-vegan-Sabine-Seyffert.de-10-225x300.jpg 225w\" sizes=\"auto, (max-width: 600px) 100vw, 600px\" \/><\/a><\/p>\n<p style=\"text-align: justify;\">Weitere Geschenke aus der K\u00fcche findet ihr \u00fcbrigens in <a href=\"https:\/\/www.sabine-seyffert.de\/blog\/?cat=43\" target=\"_blank\" rel=\"noopener noreferrer\">dieser Blog Kategorie<\/a>, andere vegane Rezepte gibt es in <a href=\"https:\/\/www.sabine-seyffert.de\/blog\/?cat=44\" target=\"_blank\" rel=\"noopener noreferrer\">diesem Ordner<\/a>, s\u00fc\u00dfe Leckerein <a href=\"https:\/\/www.sabine-seyffert.de\/blog\/?cat=31\" target=\"_blank\" rel=\"noopener noreferrer\">hier<\/a>, alles zum Thema Advent und kreative DIY Ideen zur Weihnachtszeit gibt es an <a href=\"https:\/\/www.sabine-seyffert.de\/blog\/?cat=41\" target=\"_blank\" rel=\"noopener noreferrer\">dieser Stelle<\/a> oder <a href=\"https:\/\/www.pinterest.de\/diysabineseyffert\/\" target=\"_blank\" rel=\"noopener noreferrer\">meinen Pinnw\u00e4nden<\/a> und andere kreative Sachen da.<\/p>\n<p style=\"text-align: center;\"><a href=\"https:\/\/www.sabine-seyffert.de\/blog\/wp-content\/uploads\/2020\/11\/Lebkuchen-vegan-Sabine-Seyffert.de-11.jpg\"><img loading=\"lazy\" decoding=\"async\" class=\"alignnone size-full wp-image-17813\" src=\"https:\/\/www.sabine-seyffert.de\/blog\/wp-content\/uploads\/2020\/11\/Lebkuchen-vegan-Sabine-Seyffert.de-11.jpg\" alt=\"\" width=\"600\" height=\"800\" srcset=\"https:\/\/www.sabine-seyffert.de\/blog\/wp-content\/uploads\/2020\/11\/Lebkuchen-vegan-Sabine-Seyffert.de-11.jpg 600w, https:\/\/www.sabine-seyffert.de\/blog\/wp-content\/uploads\/2020\/11\/Lebkuchen-vegan-Sabine-Seyffert.de-11-225x300.jpg 225w\" sizes=\"auto, (max-width: 600px) 100vw, 600px\" \/><\/a><\/p>\n<p style=\"text-align: justify;\"><a href=\"https:\/\/www.sabine-seyffert.de\/blog\/?page_id=32#urheberrecht\">urheberrechtlich gesch\u00fctzt<\/a>, \u00a9 Sabine Seyffert<\/p>\n","protected":false},"excerpt":{"rendered":"<p>N\u00e4chste Woche starten wir schon in die Adventszeit. Und damit man diese ganz entspannt genie\u00dfen kann, habe ich heute schon mal eine leckere Rezeptidee. Selbst gebackene Weihnachtspl\u00e4tzchen f\u00fcr mich in der Weihnachtszeit nicht fehlen und gerade Lebkuchen geh\u00f6ren f\u00fcr mich in der Weihnachtszeit auf jeden Fall mit dazu. Vor allen Dingen die gro\u00dfen Elisenlebkuchen mit&#8230; <a href=\"https:\/\/www.sabine-seyffert.de\/blog\/in-der-weihnachtsbaeckerei-einfaches-rezept-fuer-selbst-gemachte-elisen-lebkuchen\/\" class=\"more-link\">Read more: In der Weihnachtsb\u00e4ckerei: Einfaches Rezept f\u00fcr selbst gemachte Elisen Lebkuchen<\/a><\/p>\n","protected":false},"author":2,"featured_media":0,"comment_status":"open","ping_status":"open","sticky":false,"template":"","format":"standard","meta":{"_metis_text_type":"","_metis_text_length":2942,"_post_count":0,"footnotes":""},"categories":[41,43,31,44],"tags":[],"class_list":["post-17803","post","type-post","status-publish","format-standard","hentry","category-weihnachten","category-geschenke-aus-der-kueche","category-rezepte-suse-kuchen-co","category-rezepte-vegan"],"_links":{"self":[{"href":"https:\/\/www.sabine-seyffert.de\/blog\/wp-json\/wp\/v2\/posts\/17803","targetHints":{"allow":["GET"]}}],"collection":[{"href":"https:\/\/www.sabine-seyffert.de\/blog\/wp-json\/wp\/v2\/posts"}],"about":[{"href":"https:\/\/www.sabine-seyffert.de\/blog\/wp-json\/wp\/v2\/types\/post"}],"author":[{"embeddable":true,"href":"https:\/\/www.sabine-seyffert.de\/blog\/wp-json\/wp\/v2\/users\/2"}],"replies":[{"embeddable":true,"href":"https:\/\/www.sabine-seyffert.de\/blog\/wp-json\/wp\/v2\/comments?post=17803"}],"version-history":[{"count":5,"href":"https:\/\/www.sabine-seyffert.de\/blog\/wp-json\/wp\/v2\/posts\/17803\/revisions"}],"predecessor-version":[{"id":24752,"href":"https:\/\/www.sabine-seyffert.de\/blog\/wp-json\/wp\/v2\/posts\/17803\/revisions\/24752"}],"wp:attachment":[{"href":"https:\/\/www.sabine-seyffert.de\/blog\/wp-json\/wp\/v2\/media?parent=17803"}],"wp:term":[{"taxonomy":"category","embeddable":true,"href":"https:\/\/www.sabine-seyffert.de\/blog\/wp-json\/wp\/v2\/categories?post=17803"},{"taxonomy":"post_tag","embeddable":true,"href":"https:\/\/www.sabine-seyffert.de\/blog\/wp-json\/wp\/v2\/tags?post=17803"}],"curies":[{"name":"wp","href":"https:\/\/api.w.org\/{rel}","templated":true}]}}