{"id":17754,"date":"2020-11-15T21:05:40","date_gmt":"2020-11-15T19:05:40","guid":{"rendered":"https:\/\/www.sabine-seyffert.de\/blog\/?p=17754"},"modified":"2022-12-06T10:46:55","modified_gmt":"2022-12-06T08:46:55","slug":"diy-bastelidee-fuer-den-advent-lichtertueten-als-adventskranz","status":"publish","type":"post","link":"https:\/\/www.sabine-seyffert.de\/blog\/diy-bastelidee-fuer-den-advent-lichtertueten-als-adventskranz\/","title":{"rendered":"DIY Bastelidee f\u00fcr den Advent: Lichtert\u00fcten als Adventskranz"},"content":{"rendered":"<p style=\"text-align: justify;\"><img loading=\"lazy\" decoding=\"async\" src=\"https:\/\/vg09.met.vgwort.de\/na\/1693d38932884208ab6c4cae270bf833\" alt=\"\" width=\"1\" height=\"1\" \/>In diesem Jahr bin ich f\u00fcr meine Verh\u00e4ltnisse sp\u00e4t dran mit weihnachtlichen Do-it-Yourself Ideen zum Thema Weihnachten. Da der erste Advent bereits in greifbare N\u00e4he rutscht, zeige ich euch heute einen selbst gemachten Adventskranz aus Papiert\u00fcten. Der ist wirklich schnell gemacht und eine stimmungsvolle Adventsdeko. Im Gegensatz zu einem Kranz aus Tannengr\u00fcn, nadelt dieser nicht und man kann die mit Weihnachtsb\u00e4umen beklebten Windlichter jedes Jahr wieder verwenden. Inspiriert zu dieser Idee haben mich \u00fcbrigens <a href=\"https:\/\/www.sabine-seyffert.de\/blog\/?p=11439\" target=\"_blank\" rel=\"noopener noreferrer\">diese Weihnachtskarten<\/a> &#8211; erinnert ihr euch noch daran?<br \/>\nUnd hier kommt die Bastelanleitung dazu:<\/p>\n<p style=\"text-align: center;\"><a href=\"https:\/\/www.sabine-seyffert.de\/blog\/wp-content\/uploads\/2020\/11\/Adventskranz-T\u00fcte-Tanne-Sabine-Seyffert.de-4.jpg\"><img loading=\"lazy\" decoding=\"async\" class=\"alignnone size-full wp-image-17755\" src=\"https:\/\/www.sabine-seyffert.de\/blog\/wp-content\/uploads\/2020\/11\/Adventskranz-T\u00fcte-Tanne-Sabine-Seyffert.de-4.jpg\" alt=\"\" width=\"800\" height=\"600\" srcset=\"https:\/\/www.sabine-seyffert.de\/blog\/wp-content\/uploads\/2020\/11\/Adventskranz-T\u00fcte-Tanne-Sabine-Seyffert.de-4.jpg 800w, https:\/\/www.sabine-seyffert.de\/blog\/wp-content\/uploads\/2020\/11\/Adventskranz-T\u00fcte-Tanne-Sabine-Seyffert.de-4-300x225.jpg 300w, https:\/\/www.sabine-seyffert.de\/blog\/wp-content\/uploads\/2020\/11\/Adventskranz-T\u00fcte-Tanne-Sabine-Seyffert.de-4-768x576.jpg 768w\" sizes=\"auto, (max-width: 800px) 100vw, 800px\" \/><\/a><\/p>\n<p style=\"text-align: justify;\"><strong>Das wird gebraucht:<\/strong><br \/>\n4 wei\u00dfe Papiert\u00fcten mit Boden (Bodenbeutel), 4 leere Marmeladengl\u00e4ser, 4 Teelichter, eine alte Buchseite, Kleber, eine Schere, Buchstabenstempel, ein Stempelkissen, Wellpappe und Papierreste in den gew\u00fcnschten Farben, ein Bleistift, ein Radiergummi.<\/p>\n<p style=\"text-align: center;\"><a href=\"https:\/\/www.sabine-seyffert.de\/blog\/wp-content\/uploads\/2020\/11\/Adventskranz-T\u00fcte-Tanne-Sabine-Seyffert.de-7.jpg\"><img loading=\"lazy\" decoding=\"async\" class=\"alignnone size-full wp-image-17756\" src=\"https:\/\/www.sabine-seyffert.de\/blog\/wp-content\/uploads\/2020\/11\/Adventskranz-T\u00fcte-Tanne-Sabine-Seyffert.de-7.jpg\" alt=\"\" width=\"800\" height=\"600\" srcset=\"https:\/\/www.sabine-seyffert.de\/blog\/wp-content\/uploads\/2020\/11\/Adventskranz-T\u00fcte-Tanne-Sabine-Seyffert.de-7.jpg 800w, https:\/\/www.sabine-seyffert.de\/blog\/wp-content\/uploads\/2020\/11\/Adventskranz-T\u00fcte-Tanne-Sabine-Seyffert.de-7-300x225.jpg 300w, https:\/\/www.sabine-seyffert.de\/blog\/wp-content\/uploads\/2020\/11\/Adventskranz-T\u00fcte-Tanne-Sabine-Seyffert.de-7-768x576.jpg 768w\" sizes=\"auto, (max-width: 800px) 100vw, 800px\" \/><\/a><\/p>\n<p style=\"text-align: justify;\"><strong>So wird\u2019s gemacht:<\/strong><br \/>\nJede Papiert\u00fcte wird nun in ein Adventslicht verwandelt. Dazu bestempelt man jede einzelne T\u00fcte mit dem Schriftzug \u201eAdvent\u201c. Ob man diesen Schriftzug oben als \u201e\u00dcberschrift\u201c auf die T\u00fcten stempelt oder am unteren Rand ist reine Geschmackssache.<br \/>\nNun zeichnet man mit Hilfe der Zahlenschablonen die ben\u00f6tigten Zahlen 1-4 auf die alte Buchseite dort, wo nichts bedruckt ist.<\/p>\n<p style=\"text-align: center;\"><a href=\"https:\/\/www.sabine-seyffert.de\/blog\/wp-content\/uploads\/2020\/11\/Adventskranz-T\u00fcte-Tanne-Sabine-Seyffert.de-6.jpg\"><img loading=\"lazy\" decoding=\"async\" class=\"alignnone size-full wp-image-17757\" src=\"https:\/\/www.sabine-seyffert.de\/blog\/wp-content\/uploads\/2020\/11\/Adventskranz-T\u00fcte-Tanne-Sabine-Seyffert.de-6.jpg\" alt=\"\" width=\"800\" height=\"600\" srcset=\"https:\/\/www.sabine-seyffert.de\/blog\/wp-content\/uploads\/2020\/11\/Adventskranz-T\u00fcte-Tanne-Sabine-Seyffert.de-6.jpg 800w, https:\/\/www.sabine-seyffert.de\/blog\/wp-content\/uploads\/2020\/11\/Adventskranz-T\u00fcte-Tanne-Sabine-Seyffert.de-6-300x225.jpg 300w, https:\/\/www.sabine-seyffert.de\/blog\/wp-content\/uploads\/2020\/11\/Adventskranz-T\u00fcte-Tanne-Sabine-Seyffert.de-6-768x576.jpg 768w\" sizes=\"auto, (max-width: 800px) 100vw, 800px\" \/><\/a><\/p>\n<p style=\"text-align: justify;\">Die Zahlen schneidet man aus und entfernt mit dem Radiergummi alle noch sichtbaren Bleistiftr\u00e4nder.<br \/>\nEntsprechend des jeweiligen Advents bekommen die T\u00fcten noch kleine Tannenb\u00e4ume. Der erste Advent hat eine Tanne, der zweite Advent zwei, u.s.w.<br \/>\nDazu schneidet man aus der Buchseite und den anderen Papierresten schmale Dreiecke frei Hand. Die B\u00e4ume d\u00fcrfen in ihrer Form und Gr\u00f6\u00dfe ruhig unterschiedlich sein, dann wirkt der weihnachtliche Wald lebendiger!<\/p>\n<p style=\"text-align: left;\"><a href=\"https:\/\/www.sabine-seyffert.de\/blog\/wp-content\/uploads\/2020\/11\/Adventskranz-T\u00fcte-Tanne-Sabine-Seyffert.de-5.jpg\"><img loading=\"lazy\" decoding=\"async\" class=\"alignnone size-full wp-image-17758\" src=\"https:\/\/www.sabine-seyffert.de\/blog\/wp-content\/uploads\/2020\/11\/Adventskranz-T\u00fcte-Tanne-Sabine-Seyffert.de-5.jpg\" alt=\"\" width=\"800\" height=\"600\" srcset=\"https:\/\/www.sabine-seyffert.de\/blog\/wp-content\/uploads\/2020\/11\/Adventskranz-T\u00fcte-Tanne-Sabine-Seyffert.de-5.jpg 800w, https:\/\/www.sabine-seyffert.de\/blog\/wp-content\/uploads\/2020\/11\/Adventskranz-T\u00fcte-Tanne-Sabine-Seyffert.de-5-300x225.jpg 300w, https:\/\/www.sabine-seyffert.de\/blog\/wp-content\/uploads\/2020\/11\/Adventskranz-T\u00fcte-Tanne-Sabine-Seyffert.de-5-768x576.jpg 768w\" sizes=\"auto, (max-width: 800px) 100vw, 800px\" \/><\/a><\/p>\n<p style=\"text-align: justify;\">Die Baumst\u00e4mme werden ebenfalls aus den verschiedenen Papierresten oder der Wellpappe geschnitten. Entweder man schneidet daf\u00fcr kleine Rechtecke zu oder Streifen, die nach oben hin schmaler werden.<br \/>\nHat man alle ben\u00f6tigten Papiermotive ausgeschnitten und vorbereitet, beklebt man die erste Adventst\u00fcte mit der Zahl 1 und setzt einen Tannenbaum samt Baumstamm daneben.<br \/>\nDann folgt die zweite T\u00fcte mit der Zahl 2 und zwei weihnachtlichen Tannen u.s.w.<br \/>\nWenn alle T\u00fcten fertig beschriftet und beklebt sind, faltet man diese auseinander und setzt in jede T\u00fcte ein Marmeladenglas samt Teelicht.<\/p>\n<p><a href=\"https:\/\/www.sabine-seyffert.de\/blog\/wp-content\/uploads\/2020\/11\/Adventskranz-T\u00fcte-Tanne-Sabine-Seyffert.de-3.jpg\"><img loading=\"lazy\" decoding=\"async\" class=\"alignnone size-full wp-image-17759\" src=\"https:\/\/www.sabine-seyffert.de\/blog\/wp-content\/uploads\/2020\/11\/Adventskranz-T\u00fcte-Tanne-Sabine-Seyffert.de-3.jpg\" alt=\"\" width=\"800\" height=\"600\" srcset=\"https:\/\/www.sabine-seyffert.de\/blog\/wp-content\/uploads\/2020\/11\/Adventskranz-T\u00fcte-Tanne-Sabine-Seyffert.de-3.jpg 800w, https:\/\/www.sabine-seyffert.de\/blog\/wp-content\/uploads\/2020\/11\/Adventskranz-T\u00fcte-Tanne-Sabine-Seyffert.de-3-300x225.jpg 300w, https:\/\/www.sabine-seyffert.de\/blog\/wp-content\/uploads\/2020\/11\/Adventskranz-T\u00fcte-Tanne-Sabine-Seyffert.de-3-768x576.jpg 768w\" sizes=\"auto, (max-width: 800px) 100vw, 800px\" \/><\/a><\/p>\n<p style=\"text-align: justify;\"><strong>Hinweis:<\/strong> Sollten die Papiert\u00fcten von der H\u00f6he her zu hoch f\u00fcr die Gl\u00e4ser sein, l\u00e4sst sich der oberen Rand einfach mit der Schere (oder einem Bord\u00fcrenstanzer) etwas k\u00fcrzen!<\/p>\n<p style=\"text-align: center;\"><a href=\"https:\/\/www.sabine-seyffert.de\/blog\/wp-content\/uploads\/2020\/11\/Adventskranz-T\u00fcte-Tanne-Sabine-Seyffert.de-2.jpg\"><img loading=\"lazy\" decoding=\"async\" class=\"alignnone size-full wp-image-17760\" src=\"https:\/\/www.sabine-seyffert.de\/blog\/wp-content\/uploads\/2020\/11\/Adventskranz-T\u00fcte-Tanne-Sabine-Seyffert.de-2.jpg\" alt=\"\" width=\"800\" height=\"600\" srcset=\"https:\/\/www.sabine-seyffert.de\/blog\/wp-content\/uploads\/2020\/11\/Adventskranz-T\u00fcte-Tanne-Sabine-Seyffert.de-2.jpg 800w, https:\/\/www.sabine-seyffert.de\/blog\/wp-content\/uploads\/2020\/11\/Adventskranz-T\u00fcte-Tanne-Sabine-Seyffert.de-2-300x225.jpg 300w, https:\/\/www.sabine-seyffert.de\/blog\/wp-content\/uploads\/2020\/11\/Adventskranz-T\u00fcte-Tanne-Sabine-Seyffert.de-2-768x576.jpg 768w\" sizes=\"auto, (max-width: 800px) 100vw, 800px\" \/><\/a><\/p>\n<p style=\"text-align: justify;\"><strong>Ein kleiner Tipp:<\/strong><br \/>\nDiese weihnachtlichen Lichtert\u00fcten sind eine sch\u00f6ne Alternative zum Adventskranz. Die verbreiten stimmungsvollen Lichterglanz und sind auf der Fensterbank oder dem Kaminsims ebenso dekorativ wie auf dem Esstisch.<\/p>\n<p style=\"text-align: center;\"><a href=\"https:\/\/www.sabine-seyffert.de\/blog\/wp-content\/uploads\/2020\/11\/Adventskranz-T\u00fcte-Tanne-Sabine-Seyffert.de-1.jpg\"><img loading=\"lazy\" decoding=\"async\" class=\"alignnone size-full wp-image-17761\" src=\"https:\/\/www.sabine-seyffert.de\/blog\/wp-content\/uploads\/2020\/11\/Adventskranz-T\u00fcte-Tanne-Sabine-Seyffert.de-1.jpg\" alt=\"\" width=\"800\" height=\"600\" srcset=\"https:\/\/www.sabine-seyffert.de\/blog\/wp-content\/uploads\/2020\/11\/Adventskranz-T\u00fcte-Tanne-Sabine-Seyffert.de-1.jpg 800w, https:\/\/www.sabine-seyffert.de\/blog\/wp-content\/uploads\/2020\/11\/Adventskranz-T\u00fcte-Tanne-Sabine-Seyffert.de-1-300x225.jpg 300w, https:\/\/www.sabine-seyffert.de\/blog\/wp-content\/uploads\/2020\/11\/Adventskranz-T\u00fcte-Tanne-Sabine-Seyffert.de-1-768x576.jpg 768w\" sizes=\"auto, (max-width: 800px) 100vw, 800px\" \/><\/a><\/p>\n<p style=\"text-align: justify;\">Werft doch mal einen Blick auf <a href=\"https:\/\/www.pinterest.de\/diysabineseyffert\" target=\"_blank\" rel=\"noopener noreferrer\">meine Pinnw\u00e4nde<\/a>! Da findet ihr u.a. mehr als 120 verschiedene Adventskr\u00e4nze!<\/p>\n<p style=\"text-align: center;\"><a href=\"https:\/\/www.sabine-seyffert.de\/blog\/wp-content\/uploads\/2020\/11\/Adventst\u00fcte-4.jpg\"><img loading=\"lazy\" decoding=\"async\" class=\"alignnone size-full wp-image-17762\" src=\"https:\/\/www.sabine-seyffert.de\/blog\/wp-content\/uploads\/2020\/11\/Adventst\u00fcte-4.jpg\" alt=\"\" width=\"600\" height=\"800\" srcset=\"https:\/\/www.sabine-seyffert.de\/blog\/wp-content\/uploads\/2020\/11\/Adventst\u00fcte-4.jpg 600w, https:\/\/www.sabine-seyffert.de\/blog\/wp-content\/uploads\/2020\/11\/Adventst\u00fcte-4-225x300.jpg 225w\" sizes=\"auto, (max-width: 600px) 100vw, 600px\" \/><\/a><\/p>\n<p style=\"text-align: justify;\">Weitere kreative DIY Ideen f\u00fcr die Weihnachtszeit findet ihr \u00fcbrigens in <a href=\"https:\/\/www.sabine-seyffert.de\/blog\/?cat=41\" target=\"_blank\" rel=\"noopener noreferrer\">dieser Blog Kategorie<\/a>, alle Deko Ideen zum Selbermachen in <a href=\"https:\/\/www.sabine-seyffert.de\/blog\/?cat=12\" target=\"_blank\" rel=\"noopener noreferrer\">diesem Ordner<\/a>, alle Upcycling Anleitungen zum Nachmachen an <a href=\"https:\/\/www.sabine-seyffert.de\/blog\/?cat=47\" target=\"_blank\" rel=\"noopener noreferrer\">dieser Stelle<\/a> und andere kreative Sachen gibt es dort.<\/p>\n<p style=\"text-align: justify;\"><a href=\"https:\/\/www.sabine-seyffert.de\/blog\/?page_id=32#urheberrecht\">urheberrechtlich gesch\u00fctzt<\/a>, \u00a9 Sabine Seyffert<\/p>\n","protected":false},"excerpt":{"rendered":"<p>In diesem Jahr bin ich f\u00fcr meine Verh\u00e4ltnisse sp\u00e4t dran mit weihnachtlichen Do-it-Yourself Ideen zum Thema Weihnachten. Da der erste Advent bereits in greifbare N\u00e4he rutscht, zeige ich euch heute einen selbst gemachten Adventskranz aus Papiert\u00fcten. Der ist wirklich schnell gemacht und eine stimmungsvolle Adventsdeko. Im Gegensatz zu einem Kranz aus Tannengr\u00fcn, nadelt dieser nicht&#8230; <a href=\"https:\/\/www.sabine-seyffert.de\/blog\/diy-bastelidee-fuer-den-advent-lichtertueten-als-adventskranz\/\" class=\"more-link\">Read more: DIY Bastelidee f\u00fcr den Advent: Lichtert\u00fcten als Adventskranz<\/a><\/p>\n","protected":false},"author":2,"featured_media":0,"comment_status":"open","ping_status":"open","sticky":false,"template":"","format":"standard","meta":{"_metis_text_type":"","_metis_text_length":3124,"_post_count":0,"footnotes":""},"categories":[41,12,47,22],"tags":[],"class_list":["post-17754","post","type-post","status-publish","format-standard","hentry","category-weihnachten","category-deko-ideen","category-upcyceltes","category-winter"],"_links":{"self":[{"href":"https:\/\/www.sabine-seyffert.de\/blog\/wp-json\/wp\/v2\/posts\/17754","targetHints":{"allow":["GET"]}}],"collection":[{"href":"https:\/\/www.sabine-seyffert.de\/blog\/wp-json\/wp\/v2\/posts"}],"about":[{"href":"https:\/\/www.sabine-seyffert.de\/blog\/wp-json\/wp\/v2\/types\/post"}],"author":[{"embeddable":true,"href":"https:\/\/www.sabine-seyffert.de\/blog\/wp-json\/wp\/v2\/users\/2"}],"replies":[{"embeddable":true,"href":"https:\/\/www.sabine-seyffert.de\/blog\/wp-json\/wp\/v2\/comments?post=17754"}],"version-history":[{"count":5,"href":"https:\/\/www.sabine-seyffert.de\/blog\/wp-json\/wp\/v2\/posts\/17754\/revisions"}],"predecessor-version":[{"id":24660,"href":"https:\/\/www.sabine-seyffert.de\/blog\/wp-json\/wp\/v2\/posts\/17754\/revisions\/24660"}],"wp:attachment":[{"href":"https:\/\/www.sabine-seyffert.de\/blog\/wp-json\/wp\/v2\/media?parent=17754"}],"wp:term":[{"taxonomy":"category","embeddable":true,"href":"https:\/\/www.sabine-seyffert.de\/blog\/wp-json\/wp\/v2\/categories?post=17754"},{"taxonomy":"post_tag","embeddable":true,"href":"https:\/\/www.sabine-seyffert.de\/blog\/wp-json\/wp\/v2\/tags?post=17754"}],"curies":[{"name":"wp","href":"https:\/\/api.w.org\/{rel}","templated":true}]}}