{"id":17738,"date":"2020-11-12T08:08:29","date_gmt":"2020-11-12T06:08:29","guid":{"rendered":"https:\/\/www.sabine-seyffert.de\/blog\/?p=17738"},"modified":"2022-12-06T11:14:25","modified_gmt":"2022-12-06T09:14:25","slug":"diy-adventskalender-basteln-mit-klorollen-24-verstecke-im-weihnachtsbaum","status":"publish","type":"post","link":"https:\/\/www.sabine-seyffert.de\/blog\/diy-adventskalender-basteln-mit-klorollen-24-verstecke-im-weihnachtsbaum\/","title":{"rendered":"DIY Adventskalender: Basteln mit Klorollen \u2013 24 Verstecke im Weihnachtsbaum"},"content":{"rendered":"<p style=\"text-align: justify;\"><img loading=\"lazy\" decoding=\"async\" src=\"https:\/\/vg09.met.vgwort.de\/na\/fe289d6df40c46598c3c7939037699a9\" alt=\"\" width=\"1\" height=\"1\" \/>Adventskalender bastele ich ebenso gerne wie Laternen. Und au\u00dferdem verschenke ich diese auch ausgesprochen gerne. Dieses Mal zeige ich euch einen selbst gemachten Adventskalender, den ich aus leeren Toilettenpapierrollen und einem alten Karton gebastelt habe. Ein weihnachtliches Upcycling, das die Kosten an Bastelmaterial ganz gering h\u00e4lt. Zwei Adventskalenderideen aus Klorollen habe ich euch <a href=\"https:\/\/www.sabine-seyffert.de\/blog\/?p=6534\" target=\"_blank\" rel=\"noopener noreferrer\">hier<\/a> und auch <a href=\"https:\/\/www.sabine-seyffert.de\/blog\/?p=8843\" target=\"_blank\" rel=\"noopener noreferrer\">da<\/a> schon einmal gezeigt. Dieses Jahr wurden die Papprollen jedoch mit kleinen Tannenb\u00e4umen aus Pappe und Zweigen festlich geschm\u00fcckt.<\/p>\n<p style=\"text-align: center;\"><a href=\"https:\/\/www.sabine-seyffert.de\/blog\/wp-content\/uploads\/2020\/11\/Adventskalender-Klorolle-Tanne-6.jpg\"><img loading=\"lazy\" decoding=\"async\" class=\"alignnone size-full wp-image-17739\" src=\"https:\/\/www.sabine-seyffert.de\/blog\/wp-content\/uploads\/2020\/11\/Adventskalender-Klorolle-Tanne-6.jpg\" alt=\"\" width=\"800\" height=\"600\" srcset=\"https:\/\/www.sabine-seyffert.de\/blog\/wp-content\/uploads\/2020\/11\/Adventskalender-Klorolle-Tanne-6.jpg 800w, https:\/\/www.sabine-seyffert.de\/blog\/wp-content\/uploads\/2020\/11\/Adventskalender-Klorolle-Tanne-6-300x225.jpg 300w, https:\/\/www.sabine-seyffert.de\/blog\/wp-content\/uploads\/2020\/11\/Adventskalender-Klorolle-Tanne-6-768x576.jpg 768w\" sizes=\"auto, (max-width: 800px) 100vw, 800px\" \/><\/a><\/p>\n<p style=\"text-align: justify;\"><strong>Das wird gebraucht:<\/strong><br \/>\n24 leere Klopapierrollen, Bastelkleber, wei\u00dfes Packpapier \/ Geschenkpapier, Schere, einen alten Karton, Kordel, einen Motivstanzer Stern, einen Drucker oder kleine Zahlenstempel samt Stempelkissen, Kordel, Gartenschere, d\u00fcnne \u00c4ste, eine Hei\u00dfklebepistole samt Patrone sowie Material zum Verzieren (beispielsweise Basteldraht, Streusternchen, Glitter, wei\u00dfe Lackstifte, kleine Perlen u.a.m.)<\/p>\n<p style=\"text-align: center;\"><a href=\"https:\/\/www.sabine-seyffert.de\/blog\/wp-content\/uploads\/2020\/11\/Adventskalender-Klorolle-Tanne.jpg\"><img loading=\"lazy\" decoding=\"async\" class=\"alignnone size-full wp-image-17740\" src=\"https:\/\/www.sabine-seyffert.de\/blog\/wp-content\/uploads\/2020\/11\/Adventskalender-Klorolle-Tanne.jpg\" alt=\"\" width=\"800\" height=\"600\" srcset=\"https:\/\/www.sabine-seyffert.de\/blog\/wp-content\/uploads\/2020\/11\/Adventskalender-Klorolle-Tanne.jpg 800w, https:\/\/www.sabine-seyffert.de\/blog\/wp-content\/uploads\/2020\/11\/Adventskalender-Klorolle-Tanne-300x225.jpg 300w, https:\/\/www.sabine-seyffert.de\/blog\/wp-content\/uploads\/2020\/11\/Adventskalender-Klorolle-Tanne-768x576.jpg 768w\" sizes=\"auto, (max-width: 800px) 100vw, 800px\" \/><\/a><\/p>\n<p style=\"text-align: justify;\"><strong>So wird\u2019s gemacht:<\/strong><br \/>\nZuerst schneidet man aus dem Packpapier in der Breite der Papprollen 24 Rechtecke. Diese bestreicht man mit Kleber und befestigt diese als Banderole um die Klorollen. \u00dcberstehende R\u00e4nder kann man mit einer Schere problemlos k\u00fcrzen.<\/p>\n<p style=\"text-align: center;\"><a href=\"https:\/\/www.sabine-seyffert.de\/blog\/wp-content\/uploads\/2020\/11\/Adventskalender-Klorolle-Tanne-13.jpg\"><img loading=\"lazy\" decoding=\"async\" class=\"alignnone size-full wp-image-17741\" src=\"https:\/\/www.sabine-seyffert.de\/blog\/wp-content\/uploads\/2020\/11\/Adventskalender-Klorolle-Tanne-13.jpg\" alt=\"\" width=\"800\" height=\"600\" srcset=\"https:\/\/www.sabine-seyffert.de\/blog\/wp-content\/uploads\/2020\/11\/Adventskalender-Klorolle-Tanne-13.jpg 800w, https:\/\/www.sabine-seyffert.de\/blog\/wp-content\/uploads\/2020\/11\/Adventskalender-Klorolle-Tanne-13-300x225.jpg 300w, https:\/\/www.sabine-seyffert.de\/blog\/wp-content\/uploads\/2020\/11\/Adventskalender-Klorolle-Tanne-13-768x576.jpg 768w\" sizes=\"auto, (max-width: 800px) 100vw, 800px\" \/><\/a><\/p>\n<p style=\"text-align: justify;\">F\u00fcr die Tannen schneidet man mit der Bastelschere oder einem Bastelmesser \/ Cutter kleine Dreiecke. Davon ben\u00f6tigt man insgesamt 24 St\u00fcck. Jedes der Pappdreiecke wird einzeln \u201egeschm\u00fcckt\u201c, in dem man sie mit Draht umwickelt, Masking Tapes beklebt, mit dem Lackstift allover Muster aufmalt u.a.<\/p>\n<p style=\"text-align: center;\"><a href=\"https:\/\/www.sabine-seyffert.de\/blog\/wp-content\/uploads\/2020\/11\/Adventskalender-Klorolle-Tanne-12.jpg\"><img loading=\"lazy\" decoding=\"async\" class=\"alignnone size-full wp-image-17742\" src=\"https:\/\/www.sabine-seyffert.de\/blog\/wp-content\/uploads\/2020\/11\/Adventskalender-Klorolle-Tanne-12.jpg\" alt=\"\" width=\"800\" height=\"600\" srcset=\"https:\/\/www.sabine-seyffert.de\/blog\/wp-content\/uploads\/2020\/11\/Adventskalender-Klorolle-Tanne-12.jpg 800w, https:\/\/www.sabine-seyffert.de\/blog\/wp-content\/uploads\/2020\/11\/Adventskalender-Klorolle-Tanne-12-300x225.jpg 300w, https:\/\/www.sabine-seyffert.de\/blog\/wp-content\/uploads\/2020\/11\/Adventskalender-Klorolle-Tanne-12-768x576.jpg 768w\" sizes=\"auto, (max-width: 800px) 100vw, 800px\" \/><\/a><\/p>\n<p style=\"text-align: justify;\">Nun bef\u00fcllt ihr die 24 Schachteln mit kleinen \u00dcberraschungen und klappt die Enden am oberen und unteren Rand so um, dass nichts mehr hinausf\u00e4llt.<\/p>\n<p style=\"text-align: center;\"><a href=\"https:\/\/www.sabine-seyffert.de\/blog\/wp-content\/uploads\/2020\/11\/Adventskalender-Klorolle-Tanne-8.jpg\"><img loading=\"lazy\" decoding=\"async\" class=\"alignnone size-full wp-image-17743\" src=\"https:\/\/www.sabine-seyffert.de\/blog\/wp-content\/uploads\/2020\/11\/Adventskalender-Klorolle-Tanne-8.jpg\" alt=\"\" width=\"800\" height=\"600\" srcset=\"https:\/\/www.sabine-seyffert.de\/blog\/wp-content\/uploads\/2020\/11\/Adventskalender-Klorolle-Tanne-8.jpg 800w, https:\/\/www.sabine-seyffert.de\/blog\/wp-content\/uploads\/2020\/11\/Adventskalender-Klorolle-Tanne-8-300x225.jpg 300w, https:\/\/www.sabine-seyffert.de\/blog\/wp-content\/uploads\/2020\/11\/Adventskalender-Klorolle-Tanne-8-768x576.jpg 768w\" sizes=\"auto, (max-width: 800px) 100vw, 800px\" \/><\/a><\/p>\n<p style=\"text-align: justify;\">Wenn die P\u00e4ckchen aufgeh\u00e4ngt werden sollen, bindet etwas Kordel darum, bevor ihr jedes Geschenk auf der Vorderseite mit einem der kleinen Weihnachtsb\u00e4ume beklebt.<\/p>\n<p style=\"text-align: center;\"><a href=\"https:\/\/www.sabine-seyffert.de\/blog\/wp-content\/uploads\/2020\/11\/Adventskalender-Klorolle-Tanne-11.jpg\"><img loading=\"lazy\" decoding=\"async\" class=\"alignnone size-full wp-image-17744\" src=\"https:\/\/www.sabine-seyffert.de\/blog\/wp-content\/uploads\/2020\/11\/Adventskalender-Klorolle-Tanne-11.jpg\" alt=\"\" width=\"800\" height=\"600\" srcset=\"https:\/\/www.sabine-seyffert.de\/blog\/wp-content\/uploads\/2020\/11\/Adventskalender-Klorolle-Tanne-11.jpg 800w, https:\/\/www.sabine-seyffert.de\/blog\/wp-content\/uploads\/2020\/11\/Adventskalender-Klorolle-Tanne-11-300x225.jpg 300w, https:\/\/www.sabine-seyffert.de\/blog\/wp-content\/uploads\/2020\/11\/Adventskalender-Klorolle-Tanne-11-768x576.jpg 768w\" sizes=\"auto, (max-width: 800px) 100vw, 800px\" \/><\/a><\/p>\n<p style=\"text-align: justify;\">Den Stamm der Tannenb\u00e4ume gestaltet man mit einem kleinen Ast. Im Wald findet man im Herbst viele heruntergefallene Zweige, die man trocknen und mit Hilfe der Gartenschere in die gew\u00fcnschte L\u00e4nge teilen kann.<\/p>\n<p style=\"text-align: center;\"><a href=\"https:\/\/www.sabine-seyffert.de\/blog\/wp-content\/uploads\/2020\/11\/Adventskalender-Klorolle-Tanne-10.jpg\"><img loading=\"lazy\" decoding=\"async\" class=\"alignnone size-full wp-image-17745\" src=\"https:\/\/www.sabine-seyffert.de\/blog\/wp-content\/uploads\/2020\/11\/Adventskalender-Klorolle-Tanne-10.jpg\" alt=\"\" width=\"800\" height=\"600\" srcset=\"https:\/\/www.sabine-seyffert.de\/blog\/wp-content\/uploads\/2020\/11\/Adventskalender-Klorolle-Tanne-10.jpg 800w, https:\/\/www.sabine-seyffert.de\/blog\/wp-content\/uploads\/2020\/11\/Adventskalender-Klorolle-Tanne-10-300x225.jpg 300w, https:\/\/www.sabine-seyffert.de\/blog\/wp-content\/uploads\/2020\/11\/Adventskalender-Klorolle-Tanne-10-768x576.jpg 768w\" sizes=\"auto, (max-width: 800px) 100vw, 800px\" \/><\/a><\/p>\n<p style=\"text-align: justify;\">Auf jede Tannenspitze kommt noch eine Adventskalenderzahl. Diese kann man mit dem PC ausdrucken oder auch Stempeln.<\/p>\n<p style=\"text-align: center;\"><a href=\"https:\/\/www.sabine-seyffert.de\/blog\/wp-content\/uploads\/2020\/11\/Adventskalender-Klorolle-Tanne-7.jpg\"><img loading=\"lazy\" decoding=\"async\" class=\"alignnone size-full wp-image-17746\" src=\"https:\/\/www.sabine-seyffert.de\/blog\/wp-content\/uploads\/2020\/11\/Adventskalender-Klorolle-Tanne-7.jpg\" alt=\"\" width=\"800\" height=\"600\" srcset=\"https:\/\/www.sabine-seyffert.de\/blog\/wp-content\/uploads\/2020\/11\/Adventskalender-Klorolle-Tanne-7.jpg 800w, https:\/\/www.sabine-seyffert.de\/blog\/wp-content\/uploads\/2020\/11\/Adventskalender-Klorolle-Tanne-7-300x225.jpg 300w, https:\/\/www.sabine-seyffert.de\/blog\/wp-content\/uploads\/2020\/11\/Adventskalender-Klorolle-Tanne-7-768x576.jpg 768w\" sizes=\"auto, (max-width: 800px) 100vw, 800px\" \/><\/a><\/p>\n<p style=\"text-align: justify;\">Jede der Zahlen 1-24 stanzt man dann mit einem kleinen Motivlocher aus. In meinem Fall waren es kleine Sterne.<\/p>\n<p style=\"text-align: center;\"><a href=\"https:\/\/www.sabine-seyffert.de\/blog\/wp-content\/uploads\/2020\/11\/Adventskalender-Klorolle-Tanne-5.jpg\"><img loading=\"lazy\" decoding=\"async\" class=\"alignnone size-full wp-image-17747\" src=\"https:\/\/www.sabine-seyffert.de\/blog\/wp-content\/uploads\/2020\/11\/Adventskalender-Klorolle-Tanne-5.jpg\" alt=\"\" width=\"800\" height=\"600\" srcset=\"https:\/\/www.sabine-seyffert.de\/blog\/wp-content\/uploads\/2020\/11\/Adventskalender-Klorolle-Tanne-5.jpg 800w, https:\/\/www.sabine-seyffert.de\/blog\/wp-content\/uploads\/2020\/11\/Adventskalender-Klorolle-Tanne-5-300x225.jpg 300w, https:\/\/www.sabine-seyffert.de\/blog\/wp-content\/uploads\/2020\/11\/Adventskalender-Klorolle-Tanne-5-768x576.jpg 768w\" sizes=\"auto, (max-width: 800px) 100vw, 800px\" \/><\/a><\/p>\n<p style=\"text-align: justify;\"><strong>Ein kleiner Tipp:<\/strong> Die 24 Adventskalenderp\u00e4ckchen kann man an einem langen Ast befestigen, an einem sch\u00f6nen Kleiderb\u00fcgel aufh\u00e4ngen, in einer gro\u00dfen Schale platzieren, einen h\u00e4ngenden Kranz damit schm\u00fccken oder auch als weihnachtliche Anh\u00e4nger an Tannengr\u00fcn verwenden.<\/p>\n<p style=\"text-align: center;\"><a href=\"https:\/\/www.sabine-seyffert.de\/blog\/wp-content\/uploads\/2020\/11\/Adventskalender-Klorolle-Tanne-14.jpg\"><img loading=\"lazy\" decoding=\"async\" class=\"alignnone size-full wp-image-17748\" src=\"https:\/\/www.sabine-seyffert.de\/blog\/wp-content\/uploads\/2020\/11\/Adventskalender-Klorolle-Tanne-14.jpg\" alt=\"\" width=\"600\" height=\"800\" srcset=\"https:\/\/www.sabine-seyffert.de\/blog\/wp-content\/uploads\/2020\/11\/Adventskalender-Klorolle-Tanne-14.jpg 600w, https:\/\/www.sabine-seyffert.de\/blog\/wp-content\/uploads\/2020\/11\/Adventskalender-Klorolle-Tanne-14-225x300.jpg 225w\" sizes=\"auto, (max-width: 600px) 100vw, 600px\" \/><\/a><\/p>\n<p>Werft doch mal auf <a href=\"https:\/\/www.pinterest.de\/diysabineseyffert\/diy-adventskalender\/\" target=\"_blank\" rel=\"noopener noreferrer\">meine Pinnw\u00e4nde<\/a>. Da findet ihr zahlreiche Adventskalender Ideen!<\/p>\n<p style=\"text-align: center;\"><a href=\"https:\/\/www.sabine-seyffert.de\/blog\/wp-content\/uploads\/2020\/11\/Adventskalender-Klorolle-Tanne-2.jpg\"><img loading=\"lazy\" decoding=\"async\" class=\"alignnone size-full wp-image-17749\" src=\"https:\/\/www.sabine-seyffert.de\/blog\/wp-content\/uploads\/2020\/11\/Adventskalender-Klorolle-Tanne-2.jpg\" alt=\"\" width=\"600\" height=\"800\" srcset=\"https:\/\/www.sabine-seyffert.de\/blog\/wp-content\/uploads\/2020\/11\/Adventskalender-Klorolle-Tanne-2.jpg 600w, https:\/\/www.sabine-seyffert.de\/blog\/wp-content\/uploads\/2020\/11\/Adventskalender-Klorolle-Tanne-2-225x300.jpg 225w\" sizes=\"auto, (max-width: 600px) 100vw, 600px\" \/><\/a><\/p>\n<p style=\"text-align: justify;\">Weitere Adventskalender zum Selbermachen findet ihr in <a href=\"https:\/\/www.sabine-seyffert.de\/blog\/?cat=41\" target=\"_blank\" rel=\"noopener noreferrer\">diesem Blog Ordner<\/a>, Do-it-Yourself Upcyclingideen in <a href=\"https:\/\/www.sabine-seyffert.de\/blog\/?cat=47\" target=\"_blank\" rel=\"noopener noreferrer\">dieser Rubrik<\/a>, klitzekleine Geschenkideen in <a href=\"https:\/\/www.sabine-seyffert.de\/blog\/?cat=36\" target=\"_blank\" rel=\"noopener noreferrer\">dieser Kategorie<\/a> und kreative Geschenkverpackung an <a href=\"https:\/\/www.sabine-seyffert.de\/blog\/?cat=49\" target=\"_blank\" rel=\"noopener noreferrer\">dieser Stelle<\/a>.<\/p>\n<p style=\"text-align: center;\"><a href=\"https:\/\/www.sabine-seyffert.de\/blog\/wp-content\/uploads\/2020\/11\/Adventskalender-Klorolle-Tanne-1.jpg\"><img loading=\"lazy\" decoding=\"async\" class=\"alignnone size-full wp-image-17751\" src=\"https:\/\/www.sabine-seyffert.de\/blog\/wp-content\/uploads\/2020\/11\/Adventskalender-Klorolle-Tanne-1.jpg\" alt=\"\" width=\"600\" height=\"800\" srcset=\"https:\/\/www.sabine-seyffert.de\/blog\/wp-content\/uploads\/2020\/11\/Adventskalender-Klorolle-Tanne-1.jpg 600w, https:\/\/www.sabine-seyffert.de\/blog\/wp-content\/uploads\/2020\/11\/Adventskalender-Klorolle-Tanne-1-225x300.jpg 225w\" sizes=\"auto, (max-width: 600px) 100vw, 600px\" \/><\/a><\/p>\n<p style=\"text-align: justify;\"><a href=\"https:\/\/www.sabine-seyffert.de\/blog\/?page_id=32#urheberrecht\">urheberrechtlich gesch\u00fctzt<\/a>, \u00a9 Sabine Seyffert<\/p>\n","protected":false},"excerpt":{"rendered":"<p>Adventskalender bastele ich ebenso gerne wie Laternen. Und au\u00dferdem verschenke ich diese auch ausgesprochen gerne. Dieses Mal zeige ich euch einen selbst gemachten Adventskalender, den ich aus leeren Toilettenpapierrollen und einem alten Karton gebastelt habe. Ein weihnachtliches Upcycling, das die Kosten an Bastelmaterial ganz gering h\u00e4lt. Zwei Adventskalenderideen aus Klorollen habe ich euch hier und&#8230; <a href=\"https:\/\/www.sabine-seyffert.de\/blog\/diy-adventskalender-basteln-mit-klorollen-24-verstecke-im-weihnachtsbaum\/\" class=\"more-link\">Read more: DIY Adventskalender: Basteln mit Klorollen \u2013 24 Verstecke im Weihnachtsbaum<\/a><\/p>\n","protected":false},"author":2,"featured_media":0,"comment_status":"open","ping_status":"open","sticky":false,"template":"","format":"standard","meta":{"_metis_text_type":"","_metis_text_length":2861,"_post_count":0,"footnotes":""},"categories":[41,36,49,47,22],"tags":[],"class_list":["post-17738","post","type-post","status-publish","format-standard","hentry","category-weihnachten","category-klitzekleine-geschenkideen","category-verpackungsideen","category-upcyceltes","category-winter"],"_links":{"self":[{"href":"https:\/\/www.sabine-seyffert.de\/blog\/wp-json\/wp\/v2\/posts\/17738","targetHints":{"allow":["GET"]}}],"collection":[{"href":"https:\/\/www.sabine-seyffert.de\/blog\/wp-json\/wp\/v2\/posts"}],"about":[{"href":"https:\/\/www.sabine-seyffert.de\/blog\/wp-json\/wp\/v2\/types\/post"}],"author":[{"embeddable":true,"href":"https:\/\/www.sabine-seyffert.de\/blog\/wp-json\/wp\/v2\/users\/2"}],"replies":[{"embeddable":true,"href":"https:\/\/www.sabine-seyffert.de\/blog\/wp-json\/wp\/v2\/comments?post=17738"}],"version-history":[{"count":4,"href":"https:\/\/www.sabine-seyffert.de\/blog\/wp-json\/wp\/v2\/posts\/17738\/revisions"}],"predecessor-version":[{"id":24756,"href":"https:\/\/www.sabine-seyffert.de\/blog\/wp-json\/wp\/v2\/posts\/17738\/revisions\/24756"}],"wp:attachment":[{"href":"https:\/\/www.sabine-seyffert.de\/blog\/wp-json\/wp\/v2\/media?parent=17738"}],"wp:term":[{"taxonomy":"category","embeddable":true,"href":"https:\/\/www.sabine-seyffert.de\/blog\/wp-json\/wp\/v2\/categories?post=17738"},{"taxonomy":"post_tag","embeddable":true,"href":"https:\/\/www.sabine-seyffert.de\/blog\/wp-json\/wp\/v2\/tags?post=17738"}],"curies":[{"name":"wp","href":"https:\/\/api.w.org\/{rel}","templated":true}]}}