{"id":17697,"date":"2020-11-02T08:05:42","date_gmt":"2020-11-02T06:05:42","guid":{"rendered":"https:\/\/www.sabine-seyffert.de\/blog\/?p=17697"},"modified":"2022-09-14T14:32:21","modified_gmt":"2022-09-14T12:32:21","slug":"upcycling-fuer-kinder-herbstliche-fensterbilder-aus-blaettern-joghurtdeckeln","status":"publish","type":"post","link":"https:\/\/www.sabine-seyffert.de\/blog\/upcycling-fuer-kinder-herbstliche-fensterbilder-aus-blaettern-joghurtdeckeln\/","title":{"rendered":"Upcycling f\u00fcr Kinder: Herbstliche Fensterbilder aus Bl\u00e4ttern &#038; Joghurtdeckeln"},"content":{"rendered":"<p style=\"text-align: justify;\"><img loading=\"lazy\" decoding=\"async\" src=\"https:\/\/vg09.met.vgwort.de\/na\/a24e22838d1c4361b015e2d6e8a24e10\" alt=\"\" width=\"1\" height=\"1\" \/>Den Herbst mag ich als Jahreszeit richtig gerne. Nicht nur wegen der vielen Herbstsch\u00e4tze, sondern auch wegen des wunderbaren Leuchtens der Bl\u00e4tter, der Herbstsonne und den Farben der W\u00e4lder.<br \/>\nDaher haben wir aus runden Joghurtdeckeln, wei\u00dfem Papier und bunten Herbstbl\u00e4ttern ein wenig von dem Herbstleuchten eingefangen und Fensterschmuck upcycelt. Ein kreativer Zeitvertreib f\u00fcr ungem\u00fctliche, verregnete Nachmittag.<\/p>\n<p style=\"text-align: center;\"><a href=\"https:\/\/www.sabine-seyffert.de\/blog\/wp-content\/uploads\/2020\/11\/Fensterbilder-Herbst-Sabine-Seyffert.de-3.jpg\"><img loading=\"lazy\" decoding=\"async\" class=\"alignnone size-full wp-image-17698\" src=\"https:\/\/www.sabine-seyffert.de\/blog\/wp-content\/uploads\/2020\/11\/Fensterbilder-Herbst-Sabine-Seyffert.de-3.jpg\" alt=\"\" width=\"800\" height=\"600\" srcset=\"https:\/\/www.sabine-seyffert.de\/blog\/wp-content\/uploads\/2020\/11\/Fensterbilder-Herbst-Sabine-Seyffert.de-3.jpg 800w, https:\/\/www.sabine-seyffert.de\/blog\/wp-content\/uploads\/2020\/11\/Fensterbilder-Herbst-Sabine-Seyffert.de-3-300x225.jpg 300w, https:\/\/www.sabine-seyffert.de\/blog\/wp-content\/uploads\/2020\/11\/Fensterbilder-Herbst-Sabine-Seyffert.de-3-768x576.jpg 768w\" sizes=\"auto, (max-width: 800px) 100vw, 800px\" \/><\/a><\/p>\n<p style=\"text-align: justify;\"><strong>Das wird gebraucht:<\/strong><br \/>\nDurchsichtige, unbedruckte Joghurtdeckel, wei\u00dfes Transparentpapier, Tapetenkleister, eine Bastelschere, Nadel, Nylongarn, gepresste Herbstbl\u00e4tter, Klebestift, Malkittel, Bastelunterlage sowie optional d\u00fcnne Pappe, Acrylfarbe, Pinsel, Kn\u00f6pfe u.a.m.<\/p>\n<p style=\"text-align: center;\"><a href=\"https:\/\/www.sabine-seyffert.de\/blog\/wp-content\/uploads\/2020\/11\/Fensterbilder-Herbst-Sabine-Seyffert.de-0.jpg\"><img loading=\"lazy\" decoding=\"async\" class=\"alignnone size-full wp-image-17699\" src=\"https:\/\/www.sabine-seyffert.de\/blog\/wp-content\/uploads\/2020\/11\/Fensterbilder-Herbst-Sabine-Seyffert.de-0.jpg\" alt=\"\" width=\"800\" height=\"600\" srcset=\"https:\/\/www.sabine-seyffert.de\/blog\/wp-content\/uploads\/2020\/11\/Fensterbilder-Herbst-Sabine-Seyffert.de-0.jpg 800w, https:\/\/www.sabine-seyffert.de\/blog\/wp-content\/uploads\/2020\/11\/Fensterbilder-Herbst-Sabine-Seyffert.de-0-300x225.jpg 300w, https:\/\/www.sabine-seyffert.de\/blog\/wp-content\/uploads\/2020\/11\/Fensterbilder-Herbst-Sabine-Seyffert.de-0-768x576.jpg 768w\" sizes=\"auto, (max-width: 800px) 100vw, 800px\" \/><\/a><\/p>\n<p style=\"text-align: justify;\"><strong>So wird\u2019s gemacht:<\/strong><br \/>\nAls erstes r\u00fchrt man das Tapetenkleisterpulver mit etwas lauwarmem Wasser zu einem klebrigen Brei. Dieser sollte einen Moment Zeit zum Ruhen haben, da der Kleister nachdickt.<\/p>\n<p style=\"text-align: center;\"><a href=\"https:\/\/www.sabine-seyffert.de\/blog\/wp-content\/uploads\/2020\/11\/Fensterbilder-Herbst-Sabine-Seyffert.de-2.jpg\"><img loading=\"lazy\" decoding=\"async\" class=\"alignnone size-full wp-image-17700\" src=\"https:\/\/www.sabine-seyffert.de\/blog\/wp-content\/uploads\/2020\/11\/Fensterbilder-Herbst-Sabine-Seyffert.de-2.jpg\" alt=\"\" width=\"800\" height=\"600\" srcset=\"https:\/\/www.sabine-seyffert.de\/blog\/wp-content\/uploads\/2020\/11\/Fensterbilder-Herbst-Sabine-Seyffert.de-2.jpg 800w, https:\/\/www.sabine-seyffert.de\/blog\/wp-content\/uploads\/2020\/11\/Fensterbilder-Herbst-Sabine-Seyffert.de-2-300x225.jpg 300w, https:\/\/www.sabine-seyffert.de\/blog\/wp-content\/uploads\/2020\/11\/Fensterbilder-Herbst-Sabine-Seyffert.de-2-768x576.jpg 768w\" sizes=\"auto, (max-width: 800px) 100vw, 800px\" \/><\/a><\/p>\n<p style=\"text-align: justify;\">W\u00e4hrenddessen kann man den Tisch gut abdecken und die Kinder ziehen ihre <a href=\"https:\/\/www.sabine-seyffert.de\/blog\/?p=12310\" target=\"_blank\" rel=\"noopener noreferrer\">Malkittel<\/a> \u00fcber. Das wei\u00dfe Transparentpapier schneidet man in kleinere St\u00fccke.<\/p>\n<p style=\"text-align: center;\"><a href=\"https:\/\/www.sabine-seyffert.de\/blog\/wp-content\/uploads\/2020\/11\/Fensterbilder-Herbst-Sabine-Seyffert.de-1.jpg\"><img loading=\"lazy\" decoding=\"async\" class=\"alignnone size-full wp-image-17701\" src=\"https:\/\/www.sabine-seyffert.de\/blog\/wp-content\/uploads\/2020\/11\/Fensterbilder-Herbst-Sabine-Seyffert.de-1.jpg\" alt=\"\" width=\"800\" height=\"600\" srcset=\"https:\/\/www.sabine-seyffert.de\/blog\/wp-content\/uploads\/2020\/11\/Fensterbilder-Herbst-Sabine-Seyffert.de-1.jpg 800w, https:\/\/www.sabine-seyffert.de\/blog\/wp-content\/uploads\/2020\/11\/Fensterbilder-Herbst-Sabine-Seyffert.de-1-300x225.jpg 300w, https:\/\/www.sabine-seyffert.de\/blog\/wp-content\/uploads\/2020\/11\/Fensterbilder-Herbst-Sabine-Seyffert.de-1-768x576.jpg 768w\" sizes=\"auto, (max-width: 800px) 100vw, 800px\" \/><\/a><\/p>\n<p style=\"text-align: justify;\">Sobald der Kleister die gew\u00fcnschte Konsistenz hat, klebt man um die Deckel 2-3 Schichten Papier. Ist der Deckel gleichm\u00e4\u00dfig beklebt, kommt mittig noch ein sch\u00f6nes Herbstblatt, das man ebenfalls gut mit Kleister befestigen und glatt streichen kann.<\/p>\n<p style=\"text-align: center;\"><a href=\"https:\/\/www.sabine-seyffert.de\/blog\/wp-content\/uploads\/2020\/11\/Bl\u00e4tterk\u00e4fer-Sabine-Seyffert.de-2.jpg\"><img loading=\"lazy\" decoding=\"async\" class=\"alignnone size-full wp-image-17702\" src=\"https:\/\/www.sabine-seyffert.de\/blog\/wp-content\/uploads\/2020\/11\/Bl\u00e4tterk\u00e4fer-Sabine-Seyffert.de-2.jpg\" alt=\"\" width=\"800\" height=\"600\" srcset=\"https:\/\/www.sabine-seyffert.de\/blog\/wp-content\/uploads\/2020\/11\/Bl\u00e4tterk\u00e4fer-Sabine-Seyffert.de-2.jpg 800w, https:\/\/www.sabine-seyffert.de\/blog\/wp-content\/uploads\/2020\/11\/Bl\u00e4tterk\u00e4fer-Sabine-Seyffert.de-2-300x225.jpg 300w, https:\/\/www.sabine-seyffert.de\/blog\/wp-content\/uploads\/2020\/11\/Bl\u00e4tterk\u00e4fer-Sabine-Seyffert.de-2-768x576.jpg 768w\" sizes=\"auto, (max-width: 800px) 100vw, 800px\" \/><\/a><\/p>\n<p style=\"text-align: justify;\">Sobald die Deckel samt Papier und Blatt ganz trocken sind, kann man die Bl\u00e4tter verwandeln: In Eule, K\u00e4fer oder auch in einen kleinen Fliegenpilz. Allerdings sollte man das Blatt f\u00fcr den Pilz vorab in Form schneiden und dann erst aufkleben!<\/p>\n<p style=\"text-align: center;\"><a href=\"https:\/\/www.sabine-seyffert.de\/blog\/wp-content\/uploads\/2020\/11\/Bl\u00e4tterk\u00e4fer-Sabine-Seyffert.de-1.jpg\"><img loading=\"lazy\" decoding=\"async\" class=\"alignnone size-full wp-image-17703\" src=\"https:\/\/www.sabine-seyffert.de\/blog\/wp-content\/uploads\/2020\/11\/Bl\u00e4tterk\u00e4fer-Sabine-Seyffert.de-1.jpg\" alt=\"\" width=\"800\" height=\"600\" srcset=\"https:\/\/www.sabine-seyffert.de\/blog\/wp-content\/uploads\/2020\/11\/Bl\u00e4tterk\u00e4fer-Sabine-Seyffert.de-1.jpg 800w, https:\/\/www.sabine-seyffert.de\/blog\/wp-content\/uploads\/2020\/11\/Bl\u00e4tterk\u00e4fer-Sabine-Seyffert.de-1-300x225.jpg 300w, https:\/\/www.sabine-seyffert.de\/blog\/wp-content\/uploads\/2020\/11\/Bl\u00e4tterk\u00e4fer-Sabine-Seyffert.de-1-768x576.jpg 768w\" sizes=\"auto, (max-width: 800px) 100vw, 800px\" \/><\/a><\/p>\n<p style=\"text-align: justify;\">Der K\u00e4fer hat eine Auge und Mund aus Bastelfarbe bekommen sowie lustige Punkte, die wir aus einem gelben Blatt gelocht haben.<\/p>\n<p style=\"text-align: center;\"><a href=\"https:\/\/www.sabine-seyffert.de\/blog\/wp-content\/uploads\/2020\/11\/Bl\u00e4tterk\u00e4fer-Sabine-Seyffert.de-3.jpg\"><img loading=\"lazy\" decoding=\"async\" class=\"alignnone size-full wp-image-17704\" src=\"https:\/\/www.sabine-seyffert.de\/blog\/wp-content\/uploads\/2020\/11\/Bl\u00e4tterk\u00e4fer-Sabine-Seyffert.de-3.jpg\" alt=\"\" width=\"800\" height=\"600\" srcset=\"https:\/\/www.sabine-seyffert.de\/blog\/wp-content\/uploads\/2020\/11\/Bl\u00e4tterk\u00e4fer-Sabine-Seyffert.de-3.jpg 800w, https:\/\/www.sabine-seyffert.de\/blog\/wp-content\/uploads\/2020\/11\/Bl\u00e4tterk\u00e4fer-Sabine-Seyffert.de-3-300x225.jpg 300w, https:\/\/www.sabine-seyffert.de\/blog\/wp-content\/uploads\/2020\/11\/Bl\u00e4tterk\u00e4fer-Sabine-Seyffert.de-3-768x576.jpg 768w\" sizes=\"auto, (max-width: 800px) 100vw, 800px\" \/><\/a><\/p>\n<p style=\"text-align: justify;\">Die Eule hat Knopfaugen, einen Schnabel auf Pappe, zwei gr\u00fcne Eukalyptusbl\u00e4tter als Fl\u00fcgel und ein Federkleid, das aus einem roten Blatt mit der Lochzange ausgestanzt und aufgeklebt wurde.<\/p>\n<p style=\"text-align: center;\"><a href=\"https:\/\/www.sabine-seyffert.de\/blog\/wp-content\/uploads\/2020\/11\/Eule-Joghurtdeckel-Herbst-Sabine-seyffert.de-1.jpg\"><img loading=\"lazy\" decoding=\"async\" class=\"alignnone size-full wp-image-17705\" src=\"https:\/\/www.sabine-seyffert.de\/blog\/wp-content\/uploads\/2020\/11\/Eule-Joghurtdeckel-Herbst-Sabine-seyffert.de-1.jpg\" alt=\"\" width=\"800\" height=\"600\" srcset=\"https:\/\/www.sabine-seyffert.de\/blog\/wp-content\/uploads\/2020\/11\/Eule-Joghurtdeckel-Herbst-Sabine-seyffert.de-1.jpg 800w, https:\/\/www.sabine-seyffert.de\/blog\/wp-content\/uploads\/2020\/11\/Eule-Joghurtdeckel-Herbst-Sabine-seyffert.de-1-300x225.jpg 300w, https:\/\/www.sabine-seyffert.de\/blog\/wp-content\/uploads\/2020\/11\/Eule-Joghurtdeckel-Herbst-Sabine-seyffert.de-1-768x576.jpg 768w\" sizes=\"auto, (max-width: 800px) 100vw, 800px\" \/><\/a><\/p>\n<p style=\"text-align: justify;\">Der Pilz ist mit wei\u00dfen P\u00fcnktchen betupft worden und hat einen Stiel aus einer alten Buchseite bekommen (\u00e4hnlich wie bei dieser <a href=\"https:\/\/www.sabine-seyffert.de\/blog\/?p=8321\" target=\"_blank\" rel=\"noopener noreferrer\">selbst gemachten Herbstpost<\/a> und der <a href=\"https:\/\/www.sabine-seyffert.de\/blog\/?p=13378\" target=\"_blank\" rel=\"noopener noreferrer\">Fliegenpilz-Girlande<\/a>).<\/p>\n<p style=\"text-align: center;\"><a href=\"https:\/\/www.sabine-seyffert.de\/blog\/wp-content\/uploads\/2020\/11\/Fensterbilder-Herbst-Trio-Sabine-Seyffert.de-1.jpg\"><img loading=\"lazy\" decoding=\"async\" class=\"alignnone size-full wp-image-17706\" src=\"https:\/\/www.sabine-seyffert.de\/blog\/wp-content\/uploads\/2020\/11\/Fensterbilder-Herbst-Trio-Sabine-Seyffert.de-1.jpg\" alt=\"\" width=\"800\" height=\"600\" srcset=\"https:\/\/www.sabine-seyffert.de\/blog\/wp-content\/uploads\/2020\/11\/Fensterbilder-Herbst-Trio-Sabine-Seyffert.de-1.jpg 800w, https:\/\/www.sabine-seyffert.de\/blog\/wp-content\/uploads\/2020\/11\/Fensterbilder-Herbst-Trio-Sabine-Seyffert.de-1-300x225.jpg 300w, https:\/\/www.sabine-seyffert.de\/blog\/wp-content\/uploads\/2020\/11\/Fensterbilder-Herbst-Trio-Sabine-Seyffert.de-1-768x576.jpg 768w\" sizes=\"auto, (max-width: 800px) 100vw, 800px\" \/><\/a><\/p>\n<p style=\"text-align: justify;\">Bestimmt fallen euch auch noch andere tolle Motive ein \ud83d\ude42<\/p>\n<p style=\"text-align: center;\"><a href=\"https:\/\/www.sabine-seyffert.de\/blog\/wp-content\/uploads\/2020\/11\/Fliegenpilz-Joghurtdeckel-Sabine-Seyffert.de-4.jpg\"><img loading=\"lazy\" decoding=\"async\" class=\"alignnone size-full wp-image-17707\" src=\"https:\/\/www.sabine-seyffert.de\/blog\/wp-content\/uploads\/2020\/11\/Fliegenpilz-Joghurtdeckel-Sabine-Seyffert.de-4.jpg\" alt=\"\" width=\"800\" height=\"600\" srcset=\"https:\/\/www.sabine-seyffert.de\/blog\/wp-content\/uploads\/2020\/11\/Fliegenpilz-Joghurtdeckel-Sabine-Seyffert.de-4.jpg 800w, https:\/\/www.sabine-seyffert.de\/blog\/wp-content\/uploads\/2020\/11\/Fliegenpilz-Joghurtdeckel-Sabine-Seyffert.de-4-300x225.jpg 300w, https:\/\/www.sabine-seyffert.de\/blog\/wp-content\/uploads\/2020\/11\/Fliegenpilz-Joghurtdeckel-Sabine-Seyffert.de-4-768x576.jpg 768w\" sizes=\"auto, (max-width: 800px) 100vw, 800px\" \/><\/a><\/p>\n<p style=\"text-align: justify;\">Weitere tolle Bastelideen findet ihr \u00fcbrigens in <a href=\"https:\/\/www.sabine-seyffert.de\/blog\/?cat=32\" target=\"_blank\" rel=\"noopener noreferrer\">dieser Blog Kategorie<\/a> oder <a href=\"https:\/\/www.sabine-seyffert.de\/blog\/?cat=32\" target=\"_blank\" rel=\"noopener noreferrer\">meinen Pinnw\u00e4nden<\/a>, kreative Upcycling DIY gibt es in <a href=\"https:\/\/www.sabine-seyffert.de\/blog\/?cat=47\" target=\"_blank\" rel=\"noopener noreferrer\">diesem Ordner<\/a>, alles rund um den Herbst ist <a href=\"https:\/\/www.sabine-seyffert.de\/blog\/?cat=25\" target=\"_blank\" rel=\"noopener noreferrer\">hier<\/a> zu finden und andere kreative Sachen gibt es <a href=\"https:\/\/www.creadienstag.de\/2020\/11\/linkparty-433.html\" target=\"_blank\" rel=\"noopener noreferrer\">da<\/a> und auch <a href=\"http:\/\/www.lunaju.de\/2020\/11\/kiddikram-november-2020.html\" target=\"_blank\" rel=\"noopener noreferrer\">dort<\/a>.<\/p>\n<p style=\"text-align: center;\"><a href=\"https:\/\/www.sabine-seyffert.de\/blog\/wp-content\/uploads\/2020\/11\/Fliegenpilz-Joghurtdeckel-Sabine-Seyffert.de-3.jpg\"><img loading=\"lazy\" decoding=\"async\" class=\"alignnone size-full wp-image-17708\" src=\"https:\/\/www.sabine-seyffert.de\/blog\/wp-content\/uploads\/2020\/11\/Fliegenpilz-Joghurtdeckel-Sabine-Seyffert.de-3.jpg\" alt=\"\" width=\"600\" height=\"800\" srcset=\"https:\/\/www.sabine-seyffert.de\/blog\/wp-content\/uploads\/2020\/11\/Fliegenpilz-Joghurtdeckel-Sabine-Seyffert.de-3.jpg 600w, https:\/\/www.sabine-seyffert.de\/blog\/wp-content\/uploads\/2020\/11\/Fliegenpilz-Joghurtdeckel-Sabine-Seyffert.de-3-225x300.jpg 225w\" sizes=\"auto, (max-width: 600px) 100vw, 600px\" \/><\/a><\/p>\n<p style=\"text-align: justify;\"><a href=\"https:\/\/www.sabine-seyffert.de\/blog\/?page_id=32#urheberrecht\">urheberrechtlich gesch\u00fctzt<\/a>, \u00a9 Sabine Seyffert<\/p>\n","protected":false},"excerpt":{"rendered":"<p>Den Herbst mag ich als Jahreszeit richtig gerne. Nicht nur wegen der vielen Herbstsch\u00e4tze, sondern auch wegen des wunderbaren Leuchtens der Bl\u00e4tter, der Herbstsonne und den Farben der W\u00e4lder. Daher haben wir aus runden Joghurtdeckeln, wei\u00dfem Papier und bunten Herbstbl\u00e4ttern ein wenig von dem Herbstleuchten eingefangen und Fensterschmuck upcycelt. Ein kreativer Zeitvertreib f\u00fcr ungem\u00fctliche, verregnete&#8230; <a href=\"https:\/\/www.sabine-seyffert.de\/blog\/upcycling-fuer-kinder-herbstliche-fensterbilder-aus-blaettern-joghurtdeckeln\/\" class=\"more-link\">Read more: Upcycling f\u00fcr Kinder: Herbstliche Fensterbilder aus Bl\u00e4ttern &#038; Joghurtdeckeln<\/a><\/p>\n","protected":false},"author":2,"featured_media":0,"comment_status":"open","ping_status":"open","sticky":false,"template":"","format":"standard","meta":{"_metis_text_type":"","_metis_text_length":2364,"_post_count":0,"footnotes":""},"categories":[32,12,25,47],"tags":[],"class_list":["post-17697","post","type-post","status-publish","format-standard","hentry","category-kreatives-fur-kleine-kinderhande","category-deko-ideen","category-herbst","category-upcyceltes"],"_links":{"self":[{"href":"https:\/\/www.sabine-seyffert.de\/blog\/wp-json\/wp\/v2\/posts\/17697","targetHints":{"allow":["GET"]}}],"collection":[{"href":"https:\/\/www.sabine-seyffert.de\/blog\/wp-json\/wp\/v2\/posts"}],"about":[{"href":"https:\/\/www.sabine-seyffert.de\/blog\/wp-json\/wp\/v2\/types\/post"}],"author":[{"embeddable":true,"href":"https:\/\/www.sabine-seyffert.de\/blog\/wp-json\/wp\/v2\/users\/2"}],"replies":[{"embeddable":true,"href":"https:\/\/www.sabine-seyffert.de\/blog\/wp-json\/wp\/v2\/comments?post=17697"}],"version-history":[{"count":5,"href":"https:\/\/www.sabine-seyffert.de\/blog\/wp-json\/wp\/v2\/posts\/17697\/revisions"}],"predecessor-version":[{"id":24020,"href":"https:\/\/www.sabine-seyffert.de\/blog\/wp-json\/wp\/v2\/posts\/17697\/revisions\/24020"}],"wp:attachment":[{"href":"https:\/\/www.sabine-seyffert.de\/blog\/wp-json\/wp\/v2\/media?parent=17697"}],"wp:term":[{"taxonomy":"category","embeddable":true,"href":"https:\/\/www.sabine-seyffert.de\/blog\/wp-json\/wp\/v2\/categories?post=17697"},{"taxonomy":"post_tag","embeddable":true,"href":"https:\/\/www.sabine-seyffert.de\/blog\/wp-json\/wp\/v2\/tags?post=17697"}],"curies":[{"name":"wp","href":"https:\/\/api.w.org\/{rel}","templated":true}]}}