{"id":1768,"date":"2013-05-19T10:12:57","date_gmt":"2013-05-19T08:12:57","guid":{"rendered":"http:\/\/www.sabine-seyffert.de\/blog\/?p=1768"},"modified":"2015-09-21T18:37:39","modified_gmt":"2015-09-21T16:37:39","slug":"mein-12-blick-im-mai","status":"publish","type":"post","link":"https:\/\/www.sabine-seyffert.de\/blog\/mein-12-blick-im-mai\/","title":{"rendered":"Mein 12. Blick im Mai"},"content":{"rendered":"<p style=\"text-align: justify;\"><img loading=\"lazy\" decoding=\"async\" src=\"https:\/\/ssl-vg03.met.vgwort.de\/na\/8b692b2abdb2459c9510372f8bd9bbb9\" alt=\"\" width=\"1\" height=\"1\" \/><br \/>\nEs ist kaum zu glauben, aber es sind vier Wochen rum und somit steht der <a href=\"http:\/\/www.sabine-seyffert.de\/blog\/?cat=35\" target=\"_blank\">12. Blick<\/a> f\u00fcr diesen Monat wieder einmal auf meiner Liste. Eigentlich ist der Wonnemonat Mai meist sonnig und sehr fr\u00fchlingshaft. So zumindest war es hier bei uns in der ersten Woche. Man konnte den einziehenden Fr\u00fchling so wunderbar genie\u00dfen, \u00fcber das viele Gr\u00fcn staunen und sich an den zarten Bl\u00fcten \u00fcber alle Ma\u00dfen freuen.<br \/>\nLeider hat sich das in der Zwischenzeit ge\u00e4ndert und das Wetter war mehr grau und nass als hell und freundlich.<\/p>\n<p style=\"text-align: center;\"><a href=\"http:\/\/www.sabine-seyffert.de\/blog\/wp-content\/uploads\/2013\/05\/12.-Blick-Mai-1.jpg\"><img loading=\"lazy\" decoding=\"async\" class=\"alignnone size-full wp-image-1769\" src=\"http:\/\/www.sabine-seyffert.de\/blog\/wp-content\/uploads\/2013\/05\/12.-Blick-Mai-1.jpg\" alt=\"12. Blick Mai 1\" width=\"600\" height=\"800\" srcset=\"https:\/\/www.sabine-seyffert.de\/blog\/wp-content\/uploads\/2013\/05\/12.-Blick-Mai-1.jpg 600w, https:\/\/www.sabine-seyffert.de\/blog\/wp-content\/uploads\/2013\/05\/12.-Blick-Mai-1-225x300.jpg 225w\" sizes=\"auto, (max-width: 600px) 100vw, 600px\" \/><\/a><\/p>\n<p style=\"text-align: justify;\">Am geplanten Fototag ist bei uns wieder einmal schulfrei. Und so konnte ich diesmal eine meiner Gro\u00dfen \u00fcberreden, mich auf meinem morgendlichen Spaziergang zu begleiten. So zu zweit unterwegs zu sein und in aller Ruhe zu plaudern ist doch noch mal was anderes als wenn die gesamte Familie zusammensitzt.<\/p>\n<p style=\"text-align: center;\"><a href=\"http:\/\/www.sabine-seyffert.de\/blog\/wp-content\/uploads\/2013\/05\/12.-Blick-Mai-1-\u00dcbersicht-klein.jpg\"><img loading=\"lazy\" decoding=\"async\" class=\"alignnone size-full wp-image-1770\" src=\"http:\/\/www.sabine-seyffert.de\/blog\/wp-content\/uploads\/2013\/05\/12.-Blick-Mai-1-\u00dcbersicht-klein.jpg\" alt=\"12. Blick Mai 1 \u00dcbersicht klein\" width=\"800\" height=\"533\" srcset=\"https:\/\/www.sabine-seyffert.de\/blog\/wp-content\/uploads\/2013\/05\/12.-Blick-Mai-1-\u00dcbersicht-klein.jpg 800w, https:\/\/www.sabine-seyffert.de\/blog\/wp-content\/uploads\/2013\/05\/12.-Blick-Mai-1-\u00dcbersicht-klein-300x199.jpg 300w\" sizes=\"auto, (max-width: 800px) 100vw, 800px\" \/><\/a><\/p>\n<p style=\"text-align: justify;\">Vor lauter Plauderei h\u00e4tte ich fast vergessen das Foto zu machen. Und musste wirklich feststellen, dass sich der Fr\u00fchling, trotz l\u00e4ngerer Regenphase, nicht verleugnen l\u00e4sst. Mein erster 12. Blick ist derart gr\u00fcn und mit soviel Bl\u00e4ttern zugewachsen, dass ich fast M\u00fche hatte die richtige Stelle \u00fcberhaupt ausfindig zu machen! Gl\u00fccklicherweise ist der ganz schr\u00e4ge Ast (rechts im Bild), der eine Art Br\u00fccke zu schlagen scheint, als Anhaltspunkt gerade noch so unter dem Bl\u00e4tterdach zu erkennen. Ich hoffe sehr, ich finde diese Stelle in den kommenden Monaten noch wieder\u2026<\/p>\n<p style=\"text-align: center;\"><a href=\"http:\/\/www.sabine-seyffert.de\/blog\/wp-content\/uploads\/2013\/05\/12.-Blick-2-Mai-1.jpg\"><img loading=\"lazy\" decoding=\"async\" class=\"alignnone size-full wp-image-1771\" src=\"http:\/\/www.sabine-seyffert.de\/blog\/wp-content\/uploads\/2013\/05\/12.-Blick-2-Mai-1.jpg\" alt=\"12. Blick 2 Mai 1\" width=\"600\" height=\"800\" srcset=\"https:\/\/www.sabine-seyffert.de\/blog\/wp-content\/uploads\/2013\/05\/12.-Blick-2-Mai-1.jpg 600w, https:\/\/www.sabine-seyffert.de\/blog\/wp-content\/uploads\/2013\/05\/12.-Blick-2-Mai-1-225x300.jpg 225w\" sizes=\"auto, (max-width: 600px) 100vw, 600px\" \/><\/a><\/p>\n<p style=\"text-align: justify;\">Der Weg durch den Wald war ausgesprochen k\u00fchl und der Wind eisig kalt. Man hatte das Gef\u00fchl der Herbstwind l\u00e4utet schon langsam den Winter ein. W\u00e4hrend des Spaziergangs zog sich der Himmel immer mehr zusammen.<\/p>\n<p style=\"text-align: center;\"><a href=\"http:\/\/www.sabine-seyffert.de\/blog\/wp-content\/uploads\/2013\/05\/12.-Blick-2-Mai-\u00dcbersicht-klein-1.jpg\"><img loading=\"lazy\" decoding=\"async\" class=\"alignnone size-full wp-image-1772\" src=\"http:\/\/www.sabine-seyffert.de\/blog\/wp-content\/uploads\/2013\/05\/12.-Blick-2-Mai-\u00dcbersicht-klein-1.jpg\" alt=\"12. Blick 2 Mai \u00dcbersicht klein 1\" width=\"800\" height=\"533\" srcset=\"https:\/\/www.sabine-seyffert.de\/blog\/wp-content\/uploads\/2013\/05\/12.-Blick-2-Mai-\u00dcbersicht-klein-1.jpg 800w, https:\/\/www.sabine-seyffert.de\/blog\/wp-content\/uploads\/2013\/05\/12.-Blick-2-Mai-\u00dcbersicht-klein-1-300x199.jpg 300w\" sizes=\"auto, (max-width: 800px) 100vw, 800px\" \/><\/a><\/p>\n<p style=\"text-align: justify;\">Dann kamen wir an meinen 2. Blick, das geheimnisvolle Guckloch mitten zwischen den B\u00e4umen. Und siehe da, auch hier ist es deutlich gr\u00fcner als noch im April. Obwohl ich aus jedem erdenklichen Winkel Fotos gemacht habe, habe ich nun wohl wieder den Blick von Januar \/ Februar erwischt. Nicht nur das Guckloch scheint geheimnisvoll, auch mit dem richtigen Blick hindurch scheint etwas geheimnisvolles im Gange zu sein. Denn eigentlich kann man durch die kleine Luke nur von geradeaus mitten hindurchleuern\u2026<\/p>\n<p style=\"text-align: justify;\">Was andere an ihrem 12. Blick so alles unter die Lupe nehmen, k\u00f6nnte ihr ab Morgen bei <a href=\"http:\/\/tabea-heinicker.blogspot.de\/2013\/05\/wachstumsschub-zeigt-her-eure-fotos.html\" target=\"_blank\">Tabea<\/a> anschauen &#8211; viel Spa\u00df dabei und allen noch wunderbare Pfingsttage mit hoffentlich etwas blauem Himmel und ein wenig Sonnenschein!<\/p>\n<p><a href=\"http:\/\/www.sabine-seyffert.de\/blog\/?page_id=32#urheberrecht\">urherrechtlich gesch\u00fctzt<\/a>, \u00a9 Sabine Seyffert<\/p>\n","protected":false},"excerpt":{"rendered":"<p>Es ist kaum zu glauben, aber es sind vier Wochen rum und somit steht der 12. Blick f\u00fcr diesen Monat wieder einmal auf meiner Liste. Eigentlich ist der Wonnemonat Mai meist sonnig und sehr fr\u00fchlingshaft. So zumindest war es hier bei uns in der ersten Woche. Man konnte den einziehenden Fr\u00fchling so wunderbar genie\u00dfen, \u00fcber&#8230; <a href=\"https:\/\/www.sabine-seyffert.de\/blog\/mein-12-blick-im-mai\/\" class=\"more-link\">Read more: Mein 12. Blick im Mai<\/a><\/p>\n","protected":false},"author":2,"featured_media":0,"comment_status":"open","ping_status":"open","sticky":false,"template":"","format":"standard","meta":{"_metis_text_type":"","_metis_text_length":2371,"_post_count":0,"footnotes":""},"categories":[23],"tags":[],"class_list":["post-1768","post","type-post","status-publish","format-standard","hentry","category-fruhling"],"_links":{"self":[{"href":"https:\/\/www.sabine-seyffert.de\/blog\/wp-json\/wp\/v2\/posts\/1768","targetHints":{"allow":["GET"]}}],"collection":[{"href":"https:\/\/www.sabine-seyffert.de\/blog\/wp-json\/wp\/v2\/posts"}],"about":[{"href":"https:\/\/www.sabine-seyffert.de\/blog\/wp-json\/wp\/v2\/types\/post"}],"author":[{"embeddable":true,"href":"https:\/\/www.sabine-seyffert.de\/blog\/wp-json\/wp\/v2\/users\/2"}],"replies":[{"embeddable":true,"href":"https:\/\/www.sabine-seyffert.de\/blog\/wp-json\/wp\/v2\/comments?post=1768"}],"version-history":[{"count":12,"href":"https:\/\/www.sabine-seyffert.de\/blog\/wp-json\/wp\/v2\/posts\/1768\/revisions"}],"predecessor-version":[{"id":6142,"href":"https:\/\/www.sabine-seyffert.de\/blog\/wp-json\/wp\/v2\/posts\/1768\/revisions\/6142"}],"wp:attachment":[{"href":"https:\/\/www.sabine-seyffert.de\/blog\/wp-json\/wp\/v2\/media?parent=1768"}],"wp:term":[{"taxonomy":"category","embeddable":true,"href":"https:\/\/www.sabine-seyffert.de\/blog\/wp-json\/wp\/v2\/categories?post=1768"},{"taxonomy":"post_tag","embeddable":true,"href":"https:\/\/www.sabine-seyffert.de\/blog\/wp-json\/wp\/v2\/tags?post=1768"}],"curies":[{"name":"wp","href":"https:\/\/api.w.org\/{rel}","templated":true}]}}