{"id":17666,"date":"2020-10-27T08:25:18","date_gmt":"2020-10-27T06:25:18","guid":{"rendered":"https:\/\/www.sabine-seyffert.de\/blog\/?p=17666"},"modified":"2023-10-08T18:30:57","modified_gmt":"2023-10-08T16:30:57","slug":"diy-idee-fuer-halloween-fledermaus-ueberraschung-aus-eierkarton-mit-kindern-basteln","status":"publish","type":"post","link":"https:\/\/www.sabine-seyffert.de\/blog\/diy-idee-fuer-halloween-fledermaus-ueberraschung-aus-eierkarton-mit-kindern-basteln\/","title":{"rendered":"DIY Idee f\u00fcr Halloween: Fledermaus \u00dcberraschung  aus Eierkarton mit Kindern basteln"},"content":{"rendered":"<p style=\"text-align: justify;\"><img loading=\"lazy\" decoding=\"async\" src=\"https:\/\/vg09.met.vgwort.de\/na\/96494c51fa3344459851816cf7eed654\" alt=\"\" width=\"1\" height=\"1\" \/>Beim Aufr\u00e4umen fielen mir einige leere Eierkartons in die H\u00e4nde, die bei uns grunds\u00e4tzlich gesammelt werden. Daraus kann man n\u00e4mlich wirklich tolle Sachen basteln, wie beispielsweise einen Dekokranz als <a href=\"https:\/\/www.sabine-seyffert.de\/blog\/?p=14656\" target=\"_blank\" rel=\"noopener noreferrer\">maritime Sommerdeko<\/a>, der stolze <a href=\"https:\/\/www.sabine-seyffert.de\/blog\/?p=17181\" target=\"_blank\" rel=\"noopener noreferrer\">Pfau<\/a>, die <a href=\"https:\/\/www.sabine-seyffert.de\/blog\/?p=16775\" target=\"_blank\" rel=\"noopener noreferrer\">m\u00e4rchenhafte Nixe<\/a>, den <a href=\"https:\/\/www.sabine-seyffert.de\/blog\/?p=16934\" target=\"_blank\" rel=\"noopener noreferrer\">bunten Fisch<\/a>, der selbst gemachte <a href=\"https:\/\/www.sabine-seyffert.de\/blog\/?p=16442\" target=\"_blank\" rel=\"noopener noreferrer\">Blumenkranz<\/a>,\u00a0 Tischdeko f\u00fcr den <a href=\"https:\/\/www.sabine-seyffert.de\/blog\/?p=14508\" target=\"_blank\" rel=\"noopener noreferrer\">Kindergeburtstag<\/a>, kleine <a href=\"https:\/\/www.sabine-seyffert.de\/blog\/?p=13448\" target=\"_blank\" rel=\"noopener noreferrer\">Gl\u00fcckspilze<\/a> oder auch die s\u00fc\u00dfe Tischkarten f\u00fcr den <a href=\"https:\/\/www.sabine-seyffert.de\/blog\/?p=11024\" target=\"_blank\" rel=\"noopener noreferrer\">Regenbogengeburtstag<\/a> um hier einige dieser Upcyclingideen zu nennen.<br \/>\nDieses Mal haben wir die leeren Eierschachteln zwar auch als Tischdeko verbastelt, allerdings als schaurig sch\u00f6ne Flederm\u00e4use, die an Halloween als Tischkarte dienen k\u00f6nnen, oder mit ein paar s\u00fc\u00dfen Leckereien bef\u00fcllt auch als kleines Gastgeschenk und Mitgebsel nach der Halloweenparty\u2026<\/p>\n<p style=\"text-align: center;\"><a href=\"https:\/\/www.sabine-seyffert.de\/blog\/wp-content\/uploads\/2020\/10\/Halloween-Fledermaus-Sabine-Seyffert.de-1.jpg\"><img loading=\"lazy\" decoding=\"async\" class=\"alignnone size-full wp-image-17668\" src=\"https:\/\/www.sabine-seyffert.de\/blog\/wp-content\/uploads\/2020\/10\/Halloween-Fledermaus-Sabine-Seyffert.de-1.jpg\" alt=\"\" width=\"800\" height=\"600\" srcset=\"https:\/\/www.sabine-seyffert.de\/blog\/wp-content\/uploads\/2020\/10\/Halloween-Fledermaus-Sabine-Seyffert.de-1.jpg 800w, https:\/\/www.sabine-seyffert.de\/blog\/wp-content\/uploads\/2020\/10\/Halloween-Fledermaus-Sabine-Seyffert.de-1-300x225.jpg 300w, https:\/\/www.sabine-seyffert.de\/blog\/wp-content\/uploads\/2020\/10\/Halloween-Fledermaus-Sabine-Seyffert.de-1-768x576.jpg 768w\" sizes=\"auto, (max-width: 800px) 100vw, 800px\" \/><\/a><\/p>\n<p style=\"text-align: justify;\"><strong>Das wird gebraucht:<\/strong><br \/>\nLeere Eierkartons, eine Bastelschere, eine Hei\u00dfklebepistole samt Klebepatrone, schwarzen Tonkarton, einen Bleistift, Pinsel, Acrylfarbe in wei\u00df &amp; schwarz, eine Bastelunterlage oder abwaschbare Tischdecke<\/p>\n<p style=\"text-align: center;\"><a href=\"https:\/\/www.sabine-seyffert.de\/blog\/wp-content\/uploads\/2020\/10\/Halloween-Fledermaus-Sabine-Seyffert.de-9.jpg\"><img loading=\"lazy\" decoding=\"async\" class=\"alignnone size-full wp-image-17669\" src=\"https:\/\/www.sabine-seyffert.de\/blog\/wp-content\/uploads\/2020\/10\/Halloween-Fledermaus-Sabine-Seyffert.de-9.jpg\" alt=\"\" width=\"800\" height=\"600\" srcset=\"https:\/\/www.sabine-seyffert.de\/blog\/wp-content\/uploads\/2020\/10\/Halloween-Fledermaus-Sabine-Seyffert.de-9.jpg 800w, https:\/\/www.sabine-seyffert.de\/blog\/wp-content\/uploads\/2020\/10\/Halloween-Fledermaus-Sabine-Seyffert.de-9-300x225.jpg 300w, https:\/\/www.sabine-seyffert.de\/blog\/wp-content\/uploads\/2020\/10\/Halloween-Fledermaus-Sabine-Seyffert.de-9-768x576.jpg 768w\" sizes=\"auto, (max-width: 800px) 100vw, 800px\" \/><\/a><\/p>\n<p style=\"text-align: justify;\"><strong>So wird\u2019s gemacht:<\/strong><br \/>\nAus den Eierkarton trennt man mit einer scharfen Schere oder einem Bastelmesser die spitzen Kegel heraus.<\/p>\n<p style=\"text-align: center;\"><a href=\"https:\/\/www.sabine-seyffert.de\/blog\/wp-content\/uploads\/2020\/10\/Halloween-Fledermaus-Sabine-Seyffert.de-8.jpg\"><img loading=\"lazy\" decoding=\"async\" class=\"alignnone size-full wp-image-17670\" src=\"https:\/\/www.sabine-seyffert.de\/blog\/wp-content\/uploads\/2020\/10\/Halloween-Fledermaus-Sabine-Seyffert.de-8.jpg\" alt=\"\" width=\"800\" height=\"600\" srcset=\"https:\/\/www.sabine-seyffert.de\/blog\/wp-content\/uploads\/2020\/10\/Halloween-Fledermaus-Sabine-Seyffert.de-8.jpg 800w, https:\/\/www.sabine-seyffert.de\/blog\/wp-content\/uploads\/2020\/10\/Halloween-Fledermaus-Sabine-Seyffert.de-8-300x225.jpg 300w, https:\/\/www.sabine-seyffert.de\/blog\/wp-content\/uploads\/2020\/10\/Halloween-Fledermaus-Sabine-Seyffert.de-8-768x576.jpg 768w\" sizes=\"auto, (max-width: 800px) 100vw, 800px\" \/><\/a><\/p>\n<p style=\"text-align: justify;\">Diese schneidet man sich anschlie\u00dfend zu kleinen \u201eFlederm\u00e4usen\u201c. Wem das zu kniffelig oder schwierig ist, rundet diese einfach oben ganz gerade ab und klebt mit Papierresten zwei spitze Fledermaus Ohren oben dran \ud83d\ude09 Wenn Kinder die Flederm\u00e4use selber basteln, ist dies auf jeden Fall besser!<\/p>\n<p style=\"text-align: center;\"><a href=\"https:\/\/www.sabine-seyffert.de\/blog\/wp-content\/uploads\/2020\/10\/Halloween-Fledermaus-Sabine-Seyffert.de-7.jpg\"><img loading=\"lazy\" decoding=\"async\" class=\"alignnone size-full wp-image-17671\" src=\"https:\/\/www.sabine-seyffert.de\/blog\/wp-content\/uploads\/2020\/10\/Halloween-Fledermaus-Sabine-Seyffert.de-7.jpg\" alt=\"\" width=\"800\" height=\"600\" srcset=\"https:\/\/www.sabine-seyffert.de\/blog\/wp-content\/uploads\/2020\/10\/Halloween-Fledermaus-Sabine-Seyffert.de-7.jpg 800w, https:\/\/www.sabine-seyffert.de\/blog\/wp-content\/uploads\/2020\/10\/Halloween-Fledermaus-Sabine-Seyffert.de-7-300x225.jpg 300w, https:\/\/www.sabine-seyffert.de\/blog\/wp-content\/uploads\/2020\/10\/Halloween-Fledermaus-Sabine-Seyffert.de-7-768x576.jpg 768w\" sizes=\"auto, (max-width: 800px) 100vw, 800px\" \/><\/a><\/p>\n<p style=\"text-align: justify;\">Die Fledermaus Kegel werden nun bemalt. Daf\u00fcr deckt man den Tisch gut ab, mischt sich auf einem St\u00fcck Pappe aus der wei\u00dfen und schwarzen Farbe ein sch\u00f6nes Grau und malt alle Flederm\u00e4use damit an.<\/p>\n<p style=\"text-align: center;\"><a href=\"https:\/\/www.sabine-seyffert.de\/blog\/wp-content\/uploads\/2020\/10\/Halloween-Fledermaus-Sabine-Seyffert.de-4.jpg\"><img loading=\"lazy\" decoding=\"async\" class=\"alignnone size-full wp-image-17675\" src=\"https:\/\/www.sabine-seyffert.de\/blog\/wp-content\/uploads\/2020\/10\/Halloween-Fledermaus-Sabine-Seyffert.de-4.jpg\" alt=\"\" width=\"800\" height=\"600\" srcset=\"https:\/\/www.sabine-seyffert.de\/blog\/wp-content\/uploads\/2020\/10\/Halloween-Fledermaus-Sabine-Seyffert.de-4.jpg 800w, https:\/\/www.sabine-seyffert.de\/blog\/wp-content\/uploads\/2020\/10\/Halloween-Fledermaus-Sabine-Seyffert.de-4-300x225.jpg 300w, https:\/\/www.sabine-seyffert.de\/blog\/wp-content\/uploads\/2020\/10\/Halloween-Fledermaus-Sabine-Seyffert.de-4-768x576.jpg 768w\" sizes=\"auto, (max-width: 800px) 100vw, 800px\" \/><\/a><\/p>\n<p style=\"text-align: justify;\">W\u00e4hrend die Farbe trocknet, zeichnet man auf dem Tonkarton die ben\u00f6tigte Anzahl Fl\u00fcgel vor und schneidet diese aus.<\/p>\n<p><a href=\"https:\/\/www.sabine-seyffert.de\/blog\/wp-content\/uploads\/2020\/10\/Halloween-Fledermaus-Sabine-Seyffert.de-5.jpg\"><img loading=\"lazy\" decoding=\"async\" class=\"alignnone size-full wp-image-17674\" src=\"https:\/\/www.sabine-seyffert.de\/blog\/wp-content\/uploads\/2020\/10\/Halloween-Fledermaus-Sabine-Seyffert.de-5.jpg\" alt=\"\" width=\"800\" height=\"600\" srcset=\"https:\/\/www.sabine-seyffert.de\/blog\/wp-content\/uploads\/2020\/10\/Halloween-Fledermaus-Sabine-Seyffert.de-5.jpg 800w, https:\/\/www.sabine-seyffert.de\/blog\/wp-content\/uploads\/2020\/10\/Halloween-Fledermaus-Sabine-Seyffert.de-5-300x225.jpg 300w, https:\/\/www.sabine-seyffert.de\/blog\/wp-content\/uploads\/2020\/10\/Halloween-Fledermaus-Sabine-Seyffert.de-5-768x576.jpg 768w\" sizes=\"auto, (max-width: 800px) 100vw, 800px\" \/><\/a><\/p>\n<p style=\"text-align: justify;\">Auf die Flederm\u00e4use zeichnet man mit einem d\u00fcnnen Pinsel (oder wei\u00dfen Lackstift) Augen und Z\u00e4hne. Danach klebt man die Flederm\u00e4use mit ein paar Tropfen Hei\u00dfkleber mittig auf die Fl\u00fcgel.<\/p>\n<p style=\"text-align: center;\"><a href=\"https:\/\/www.sabine-seyffert.de\/blog\/wp-content\/uploads\/2020\/10\/Halloween-Fledermaus-Sabine-Seyffert.de-3.jpg\"><img loading=\"lazy\" decoding=\"async\" class=\"alignnone size-full wp-image-17676\" src=\"https:\/\/www.sabine-seyffert.de\/blog\/wp-content\/uploads\/2020\/10\/Halloween-Fledermaus-Sabine-Seyffert.de-3.jpg\" alt=\"\" width=\"800\" height=\"600\" srcset=\"https:\/\/www.sabine-seyffert.de\/blog\/wp-content\/uploads\/2020\/10\/Halloween-Fledermaus-Sabine-Seyffert.de-3.jpg 800w, https:\/\/www.sabine-seyffert.de\/blog\/wp-content\/uploads\/2020\/10\/Halloween-Fledermaus-Sabine-Seyffert.de-3-300x225.jpg 300w, https:\/\/www.sabine-seyffert.de\/blog\/wp-content\/uploads\/2020\/10\/Halloween-Fledermaus-Sabine-Seyffert.de-3-768x576.jpg 768w\" sizes=\"auto, (max-width: 800px) 100vw, 800px\" \/><\/a><\/p>\n<p style=\"text-align: justify;\">Von Innen k\u00f6nnen die kleinen Tiere nun mit ein paar S\u00fc\u00dfigkeiten bef\u00fcllt und anschlie\u00dfend der Tisch damit dekoriert werden.<\/p>\n<p style=\"text-align: center;\"><a href=\"https:\/\/www.sabine-seyffert.de\/blog\/wp-content\/uploads\/2020\/10\/Halloween-Fledermaus-Sabine-Seyffert.de-2.jpg\"><img loading=\"lazy\" decoding=\"async\" class=\"alignnone size-full wp-image-17673\" src=\"https:\/\/www.sabine-seyffert.de\/blog\/wp-content\/uploads\/2020\/10\/Halloween-Fledermaus-Sabine-Seyffert.de-2.jpg\" alt=\"\" width=\"800\" height=\"600\" srcset=\"https:\/\/www.sabine-seyffert.de\/blog\/wp-content\/uploads\/2020\/10\/Halloween-Fledermaus-Sabine-Seyffert.de-2.jpg 800w, https:\/\/www.sabine-seyffert.de\/blog\/wp-content\/uploads\/2020\/10\/Halloween-Fledermaus-Sabine-Seyffert.de-2-300x225.jpg 300w, https:\/\/www.sabine-seyffert.de\/blog\/wp-content\/uploads\/2020\/10\/Halloween-Fledermaus-Sabine-Seyffert.de-2-768x576.jpg 768w\" sizes=\"auto, (max-width: 800px) 100vw, 800px\" \/><\/a><\/p>\n<p style=\"text-align: justify;\">Weitere kreative Bastelideen f\u00fcr Kinder findet ihr \u00fcbrigens in <a href=\"https:\/\/www.sabine-seyffert.de\/blog\/?cat=32\" target=\"_blank\" rel=\"noopener noreferrer\">dieser Blog Kategorie<\/a> oder <a href=\"https:\/\/www.pinterest.de\/diysabineseyffert\/\" target=\"_blank\" rel=\"noopener noreferrer\">meiner Pinnwand<\/a>, tolle Upcycling Ideen zum Nachmachen gibt es in <a href=\"https:\/\/www.sabine-seyffert.de\/blog\/?cat=47\" target=\"_blank\" rel=\"noopener noreferrer\">diesem Ordner<\/a>, alle Ideen rund um den Herbst sind <a href=\"https:\/\/www.sabine-seyffert.de\/blog\/?cat=25\" target=\"_blank\" rel=\"noopener noreferrer\">hier<\/a> zu finden und andere kreative Sachen gibt es dort.<\/p>\n<p style=\"text-align: center;\"><a href=\"https:\/\/www.sabine-seyffert.de\/blog\/wp-content\/uploads\/2020\/10\/Halloween-Fledermaus-Sabine-Seyffert.de-10.jpg\"><img loading=\"lazy\" decoding=\"async\" class=\"alignnone size-full wp-image-17672\" src=\"https:\/\/www.sabine-seyffert.de\/blog\/wp-content\/uploads\/2020\/10\/Halloween-Fledermaus-Sabine-Seyffert.de-10.jpg\" alt=\"\" width=\"600\" height=\"800\" srcset=\"https:\/\/www.sabine-seyffert.de\/blog\/wp-content\/uploads\/2020\/10\/Halloween-Fledermaus-Sabine-Seyffert.de-10.jpg 600w, https:\/\/www.sabine-seyffert.de\/blog\/wp-content\/uploads\/2020\/10\/Halloween-Fledermaus-Sabine-Seyffert.de-10-225x300.jpg 225w\" sizes=\"auto, (max-width: 600px) 100vw, 600px\" \/><\/a><\/p>\n<p style=\"text-align: justify;\"><a href=\"https:\/\/www.sabine-seyffert.de\/blog\/?page_id=32#urheberrecht\">urheberrechtlich gesch\u00fctzt<\/a>, \u00a9 Sabine Seyffert<\/p>\n","protected":false},"excerpt":{"rendered":"<p>Beim Aufr\u00e4umen fielen mir einige leere Eierkartons in die H\u00e4nde, die bei uns grunds\u00e4tzlich gesammelt werden. Daraus kann man n\u00e4mlich wirklich tolle Sachen basteln, wie beispielsweise einen Dekokranz als maritime Sommerdeko, der stolze Pfau, die m\u00e4rchenhafte Nixe, den bunten Fisch, der selbst gemachte Blumenkranz,\u00a0 Tischdeko f\u00fcr den Kindergeburtstag, kleine Gl\u00fcckspilze oder auch die s\u00fc\u00dfe Tischkarten&#8230; <a href=\"https:\/\/www.sabine-seyffert.de\/blog\/diy-idee-fuer-halloween-fledermaus-ueberraschung-aus-eierkarton-mit-kindern-basteln\/\" class=\"more-link\">Read more: DIY Idee f\u00fcr Halloween: Fledermaus \u00dcberraschung  aus Eierkarton mit Kindern basteln<\/a><\/p>\n","protected":false},"author":2,"featured_media":0,"comment_status":"open","ping_status":"open","sticky":false,"template":"","format":"standard","meta":{"_metis_text_type":"","_metis_text_length":2336,"_post_count":0,"footnotes":""},"categories":[32,58,25,21,47],"tags":[],"class_list":["post-17666","post","type-post","status-publish","format-standard","hentry","category-kreatives-fur-kleine-kinderhande","category-halloween","category-herbst","category-kinderfeste-partys","category-upcyceltes"],"_links":{"self":[{"href":"https:\/\/www.sabine-seyffert.de\/blog\/wp-json\/wp\/v2\/posts\/17666","targetHints":{"allow":["GET"]}}],"collection":[{"href":"https:\/\/www.sabine-seyffert.de\/blog\/wp-json\/wp\/v2\/posts"}],"about":[{"href":"https:\/\/www.sabine-seyffert.de\/blog\/wp-json\/wp\/v2\/types\/post"}],"author":[{"embeddable":true,"href":"https:\/\/www.sabine-seyffert.de\/blog\/wp-json\/wp\/v2\/users\/2"}],"replies":[{"embeddable":true,"href":"https:\/\/www.sabine-seyffert.de\/blog\/wp-json\/wp\/v2\/comments?post=17666"}],"version-history":[{"count":6,"href":"https:\/\/www.sabine-seyffert.de\/blog\/wp-json\/wp\/v2\/posts\/17666\/revisions"}],"predecessor-version":[{"id":26438,"href":"https:\/\/www.sabine-seyffert.de\/blog\/wp-json\/wp\/v2\/posts\/17666\/revisions\/26438"}],"wp:attachment":[{"href":"https:\/\/www.sabine-seyffert.de\/blog\/wp-json\/wp\/v2\/media?parent=17666"}],"wp:term":[{"taxonomy":"category","embeddable":true,"href":"https:\/\/www.sabine-seyffert.de\/blog\/wp-json\/wp\/v2\/categories?post=17666"},{"taxonomy":"post_tag","embeddable":true,"href":"https:\/\/www.sabine-seyffert.de\/blog\/wp-json\/wp\/v2\/tags?post=17666"}],"curies":[{"name":"wp","href":"https:\/\/api.w.org\/{rel}","templated":true}]}}