{"id":17641,"date":"2020-10-21T09:09:11","date_gmt":"2020-10-21T07:09:11","guid":{"rendered":"https:\/\/www.sabine-seyffert.de\/blog\/?p=17641"},"modified":"2022-09-27T18:05:55","modified_gmt":"2022-09-27T16:05:55","slug":"diy-bastelidee-fuer-kinder-herbstliche-eule-aus-pappe-basteln-kreative-upcyclingidee","status":"publish","type":"post","link":"https:\/\/www.sabine-seyffert.de\/blog\/diy-bastelidee-fuer-kinder-herbstliche-eule-aus-pappe-basteln-kreative-upcyclingidee\/","title":{"rendered":"DIY Bastelidee f\u00fcr Kinder: Herbstliche Eule aus Pappe basteln \u2013 kreative Upcyclingidee"},"content":{"rendered":"<p style=\"text-align: justify;\"><img loading=\"lazy\" decoding=\"async\" src=\"https:\/\/vg09.met.vgwort.de\/na\/af3227295fc643809286cad66303de20\" alt=\"\" width=\"1\" height=\"1\" \/>Im Herbst ist nicht nur der <a href=\"https:\/\/www.sabine-seyffert.de\/blog\/?cat=45\" target=\"_blank\" rel=\"noopener noreferrer\">Fuchs<\/a>, sondern auch die Eule ein absolutes Lieblingstier. Die geh\u00f6ren in der Herbstzeit einfach seit langem mit dazu. Ob als selbst <a href=\"https:\/\/www.sabine-seyffert.de\/blog\/?p=6111\" target=\"_blank\" rel=\"noopener noreferrer\">gen\u00e4htes Eulen-Kissen<\/a> aus einer kaputten Jeans Hose, als farbenfrohe <a href=\"https:\/\/www.sabine-seyffert.de\/blog\/?p=6324\" target=\"_blank\" rel=\"noopener noreferrer\">Eule gebastelt aus Klorollen<\/a>, als <a href=\"https:\/\/www.sabine-seyffert.de\/blog\/?p=15237\" target=\"_blank\" rel=\"noopener noreferrer\">Eulenlaterne<\/a> und Windlicht aus einem leeren Milchkarton, als selbst gemachte <a href=\"https:\/\/www.sabine-seyffert.de\/blog\/?p=17553\" target=\"_blank\" rel=\"noopener noreferrer\">Eulenpost<\/a> oder als <a href=\"https:\/\/www.sabine-seyffert.de\/blog\/?p=15072\" target=\"_blank\" rel=\"noopener noreferrer\">zauberhafte Nachteule<\/a> aus einem Joghurtbecher und Zeitungspapier. Bastelanleitungen zu diesem Tier habe es auf dem Blog bereits mehrfach.<br \/>\nUnd so gesellt sich in diesem Herbst eine neue Bastelvariante hinzu. Mit kostenlosem Bastelmaterial, was ihr mit Sicherheit alle Zuhause habt um gleich mit dem Basteln starten zu k\u00f6nnen. Also auf die Eulen, fertig \u2013 und los!<\/p>\n<p style=\"text-align: center;\"><a href=\"https:\/\/www.sabine-seyffert.de\/blog\/wp-content\/uploads\/2020\/10\/Eule-Upcycling-Sabine-Seyffert.de-1.jpg\"><img loading=\"lazy\" decoding=\"async\" class=\"alignnone size-full wp-image-17642\" src=\"https:\/\/www.sabine-seyffert.de\/blog\/wp-content\/uploads\/2020\/10\/Eule-Upcycling-Sabine-Seyffert.de-1.jpg\" alt=\"\" width=\"800\" height=\"600\" srcset=\"https:\/\/www.sabine-seyffert.de\/blog\/wp-content\/uploads\/2020\/10\/Eule-Upcycling-Sabine-Seyffert.de-1.jpg 800w, https:\/\/www.sabine-seyffert.de\/blog\/wp-content\/uploads\/2020\/10\/Eule-Upcycling-Sabine-Seyffert.de-1-300x225.jpg 300w, https:\/\/www.sabine-seyffert.de\/blog\/wp-content\/uploads\/2020\/10\/Eule-Upcycling-Sabine-Seyffert.de-1-768x576.jpg 768w\" sizes=\"auto, (max-width: 800px) 100vw, 800px\" \/><\/a><\/p>\n<p style=\"text-align: justify;\"><strong>Das wird gebraucht:<\/strong><br \/>\nPappe \/ ein leerer Karton, ein scharfes Bastelmesser \/ Cutter, eine Bastelschere, einen Bleistift, einen Wasserfarbkasten inclusiv Deckwei\u00df, Pinsel, eine alte Tageszeitung, Bastelkleber \/ Klebestift, Kronkorken, eine Malunterlage und einen Bastelkittel sowie optional Wackelaugen<\/p>\n<p style=\"text-align: center;\"><a href=\"https:\/\/www.sabine-seyffert.de\/blog\/wp-content\/uploads\/2020\/10\/Eule-Upcycling-Sabine-Seyffert.de-4.jpg\"><img loading=\"lazy\" decoding=\"async\" class=\"alignnone size-full wp-image-17643\" src=\"https:\/\/www.sabine-seyffert.de\/blog\/wp-content\/uploads\/2020\/10\/Eule-Upcycling-Sabine-Seyffert.de-4.jpg\" alt=\"\" width=\"800\" height=\"600\" srcset=\"https:\/\/www.sabine-seyffert.de\/blog\/wp-content\/uploads\/2020\/10\/Eule-Upcycling-Sabine-Seyffert.de-4.jpg 800w, https:\/\/www.sabine-seyffert.de\/blog\/wp-content\/uploads\/2020\/10\/Eule-Upcycling-Sabine-Seyffert.de-4-300x225.jpg 300w, https:\/\/www.sabine-seyffert.de\/blog\/wp-content\/uploads\/2020\/10\/Eule-Upcycling-Sabine-Seyffert.de-4-768x576.jpg 768w\" sizes=\"auto, (max-width: 800px) 100vw, 800px\" \/><\/a><\/p>\n<p style=\"text-align: justify;\"><strong>So wird\u2019s gemacht:<\/strong><br \/>\nEin Erwachsener schneidet mit einem Bastelmesser den Pappkarton auseinander, so dass jedes Kind ein gro\u00dfes St\u00fcck Pappe zum Basteln zur Verf\u00fcgung hat. Wer mag kann sich darauf mit Bleistift eine Eule und zwei Fl\u00fcgel vorzeichnen. Anschlie\u00dfend schneidet man diese aus und kann damit beginnen den K\u00f6rper und auch die Fl\u00fcgel zu gestalten. Ob mit Wasserfarbe, mit <a href=\"https:\/\/www.sabine-seyffert.de\/blog\/?p=13917\" target=\"_blank\" rel=\"noopener noreferrer\">selbst gemachtem Bastelpapier<\/a>, Pappresten, Wellpappe \/ Wellenkarton (von der Pappe die oberste Schicht Papier abziehen) und zwei gro\u00dfen Augen aus Kronkorken.<\/p>\n<p style=\"text-align: center;\"><a href=\"https:\/\/www.sabine-seyffert.de\/blog\/wp-content\/uploads\/2020\/10\/Eule-Upcycling-Sabine-Seyffert.de-3.jpg\"><img loading=\"lazy\" decoding=\"async\" class=\"alignnone size-full wp-image-17644\" src=\"https:\/\/www.sabine-seyffert.de\/blog\/wp-content\/uploads\/2020\/10\/Eule-Upcycling-Sabine-Seyffert.de-3.jpg\" alt=\"\" width=\"800\" height=\"600\" srcset=\"https:\/\/www.sabine-seyffert.de\/blog\/wp-content\/uploads\/2020\/10\/Eule-Upcycling-Sabine-Seyffert.de-3.jpg 800w, https:\/\/www.sabine-seyffert.de\/blog\/wp-content\/uploads\/2020\/10\/Eule-Upcycling-Sabine-Seyffert.de-3-300x225.jpg 300w, https:\/\/www.sabine-seyffert.de\/blog\/wp-content\/uploads\/2020\/10\/Eule-Upcycling-Sabine-Seyffert.de-3-768x576.jpg 768w\" sizes=\"auto, (max-width: 800px) 100vw, 800px\" \/><\/a><\/p>\n<p style=\"text-align: justify;\">Zum Schluss die bemalten und beklebten Teile zusammenkleben und fertig ist die Eule. Die bunten Eulen machen sich \u00fcbrigens toll als herbstliche Deko im Kinderzimmer, im Gruppenraum vom Kindergarten, im Klassenzimmer o.\u00e4. Je mehr Eulen dazu zusammenkommen, desto sch\u00f6ner sieht es aus!<\/p>\n<p style=\"text-align: center;\"><a href=\"https:\/\/www.sabine-seyffert.de\/blog\/wp-content\/uploads\/2020\/10\/Eule-Upcycling-Sabine-Seyffert.de-2.jpg\"><img loading=\"lazy\" decoding=\"async\" class=\"alignnone size-full wp-image-17645\" src=\"https:\/\/www.sabine-seyffert.de\/blog\/wp-content\/uploads\/2020\/10\/Eule-Upcycling-Sabine-Seyffert.de-2.jpg\" alt=\"\" width=\"800\" height=\"600\" srcset=\"https:\/\/www.sabine-seyffert.de\/blog\/wp-content\/uploads\/2020\/10\/Eule-Upcycling-Sabine-Seyffert.de-2.jpg 800w, https:\/\/www.sabine-seyffert.de\/blog\/wp-content\/uploads\/2020\/10\/Eule-Upcycling-Sabine-Seyffert.de-2-300x225.jpg 300w, https:\/\/www.sabine-seyffert.de\/blog\/wp-content\/uploads\/2020\/10\/Eule-Upcycling-Sabine-Seyffert.de-2-768x576.jpg 768w\" sizes=\"auto, (max-width: 800px) 100vw, 800px\" \/><\/a><\/p>\n<p style=\"text-align: justify;\"><strong>Ein kleiner Tipp:<\/strong><br \/>\nWackelaugen setze ich so gut wie nie zum Basteln ein, da diese wenig umweltfreundlich oder gar nachhaltig sind. Da die Kinder aus meinen Kunst AGs diese aber sehr lieben, gibt es ganz selten auch mal Ausnahmen, wie hierbei. Alternativ lassen sich die Augen aber auch einfach mit Deckwei\u00df auftupfen oder ebenfalls aus bemaltem Zeitungspapier oder d\u00fcnner Pappe gestalten.<\/p>\n<p style=\"text-align: center;\"><a href=\"https:\/\/www.sabine-seyffert.de\/blog\/wp-content\/uploads\/2020\/10\/Eule-Upcycling-Sabine-Seyffert.de-5.jpg\"><img loading=\"lazy\" decoding=\"async\" class=\"alignnone size-full wp-image-17646\" src=\"https:\/\/www.sabine-seyffert.de\/blog\/wp-content\/uploads\/2020\/10\/Eule-Upcycling-Sabine-Seyffert.de-5.jpg\" alt=\"\" width=\"600\" height=\"800\" srcset=\"https:\/\/www.sabine-seyffert.de\/blog\/wp-content\/uploads\/2020\/10\/Eule-Upcycling-Sabine-Seyffert.de-5.jpg 600w, https:\/\/www.sabine-seyffert.de\/blog\/wp-content\/uploads\/2020\/10\/Eule-Upcycling-Sabine-Seyffert.de-5-225x300.jpg 225w\" sizes=\"auto, (max-width: 600px) 100vw, 600px\" \/><\/a><\/p>\n<p style=\"text-align: justify;\">Weitere DIY Bastelideen f\u00fcr Kinder findet ihr \u00fcbrigens in <a href=\"https:\/\/www.sabine-seyffert.de\/blog\/?cat=32\" target=\"_blank\" rel=\"noopener noreferrer\">dieser Blog Kategorie<\/a>, alles zum Thema Upcycling mit detaillierter Bastelanleitung gibt es in <a href=\"https:\/\/www.sabine-seyffert.de\/blog\/?cat=47\" target=\"_blank\" rel=\"noopener noreferrer\">dieser Rubrik<\/a>, alles rund um die Herbstzeit sind in <a href=\"https:\/\/www.sabine-seyffert.de\/blog\/?cat=25\" target=\"_blank\" rel=\"noopener noreferrer\">diesem Blog Ordner<\/a> und andere kreative Sachen da.<\/p>\n<p style=\"text-align: justify;\"><a href=\"https:\/\/www.sabine-seyffert.de\/blog\/?page_id=32#urheberrecht\">urheberrechtlich gesch\u00fctzt<\/a>, \u00a9 Sabine Seyffert<\/p>\n","protected":false},"excerpt":{"rendered":"<p>Im Herbst ist nicht nur der Fuchs, sondern auch die Eule ein absolutes Lieblingstier. Die geh\u00f6ren in der Herbstzeit einfach seit langem mit dazu. Ob als selbst gen\u00e4htes Eulen-Kissen aus einer kaputten Jeans Hose, als farbenfrohe Eule gebastelt aus Klorollen, als Eulenlaterne und Windlicht aus einem leeren Milchkarton, als selbst gemachte Eulenpost oder als zauberhafte&#8230; <a href=\"https:\/\/www.sabine-seyffert.de\/blog\/diy-bastelidee-fuer-kinder-herbstliche-eule-aus-pappe-basteln-kreative-upcyclingidee\/\" class=\"more-link\">Read more: DIY Bastelidee f\u00fcr Kinder: Herbstliche Eule aus Pappe basteln \u2013 kreative Upcyclingidee<\/a><\/p>\n","protected":false},"author":2,"featured_media":0,"comment_status":"open","ping_status":"open","sticky":false,"template":"","format":"standard","meta":{"_metis_text_type":"","_metis_text_length":2528,"_post_count":0,"footnotes":""},"categories":[32,25,47],"tags":[],"class_list":["post-17641","post","type-post","status-publish","format-standard","hentry","category-kreatives-fur-kleine-kinderhande","category-herbst","category-upcyceltes"],"_links":{"self":[{"href":"https:\/\/www.sabine-seyffert.de\/blog\/wp-json\/wp\/v2\/posts\/17641","targetHints":{"allow":["GET"]}}],"collection":[{"href":"https:\/\/www.sabine-seyffert.de\/blog\/wp-json\/wp\/v2\/posts"}],"about":[{"href":"https:\/\/www.sabine-seyffert.de\/blog\/wp-json\/wp\/v2\/types\/post"}],"author":[{"embeddable":true,"href":"https:\/\/www.sabine-seyffert.de\/blog\/wp-json\/wp\/v2\/users\/2"}],"replies":[{"embeddable":true,"href":"https:\/\/www.sabine-seyffert.de\/blog\/wp-json\/wp\/v2\/comments?post=17641"}],"version-history":[{"count":4,"href":"https:\/\/www.sabine-seyffert.de\/blog\/wp-json\/wp\/v2\/posts\/17641\/revisions"}],"predecessor-version":[{"id":24166,"href":"https:\/\/www.sabine-seyffert.de\/blog\/wp-json\/wp\/v2\/posts\/17641\/revisions\/24166"}],"wp:attachment":[{"href":"https:\/\/www.sabine-seyffert.de\/blog\/wp-json\/wp\/v2\/media?parent=17641"}],"wp:term":[{"taxonomy":"category","embeddable":true,"href":"https:\/\/www.sabine-seyffert.de\/blog\/wp-json\/wp\/v2\/categories?post=17641"},{"taxonomy":"post_tag","embeddable":true,"href":"https:\/\/www.sabine-seyffert.de\/blog\/wp-json\/wp\/v2\/tags?post=17641"}],"curies":[{"name":"wp","href":"https:\/\/api.w.org\/{rel}","templated":true}]}}