{"id":17581,"date":"2020-10-11T20:08:10","date_gmt":"2020-10-11T18:08:10","guid":{"rendered":"https:\/\/www.sabine-seyffert.de\/blog\/?p=17581"},"modified":"2022-09-02T11:28:12","modified_gmt":"2022-09-02T09:28:12","slug":"basteln-mit-naturmaterial-diy-schnecken-aus-eicheln-basteln-herbstlicher-bastelspass-fuer-kinder","status":"publish","type":"post","link":"https:\/\/www.sabine-seyffert.de\/blog\/basteln-mit-naturmaterial-diy-schnecken-aus-eicheln-basteln-herbstlicher-bastelspass-fuer-kinder\/","title":{"rendered":"Basteln mit Naturmaterial: DIY Schnecken aus Eicheln basteln \u2013 herbstlicher Bastelspa\u00df f\u00fcr Kinder"},"content":{"rendered":"<p style=\"text-align: justify;\"><img loading=\"lazy\" decoding=\"async\" src=\"https:\/\/vg09.met.vgwort.de\/na\/5af2746400e6480693eda5d1f2af7b6d\" alt=\"\" width=\"1\" height=\"1\" \/>Drau\u00dfen, bei einem kleinen Spaziergang, haben wir allerhand gro\u00dfe Eicheln gefunden. Da geht es mir, wie beim Anblick von am Boden liegenden Kastanien \u2013 ich kann einfach nicht daran vorbei gehen ohne sie einzusammeln\u2026 Nach der kreativen <a href=\"https:\/\/www.sabine-seyffert.de\/blog\/?p=17569\" target=\"_blank\" rel=\"noopener noreferrer\">Kinderkunstwerken<\/a> mit Eicheln, der selbst gemachten <a href=\"https:\/\/www.sabine-seyffert.de\/blog\/?p=15019\" target=\"_blank\" rel=\"noopener noreferrer\">Herbstdeko mit Eichelkranz<\/a>, dem herbstlich <a href=\"https:\/\/www.sabine-seyffert.de\/blog\/?p=13252\" target=\"_blank\" rel=\"noopener noreferrer\">dekorierten Windlicht<\/a> oder den <a href=\"https:\/\/www.sabine-seyffert.de\/blog\/?p=11151\" target=\"_blank\" rel=\"noopener noreferrer\">gl\u00fccksbringenden Fliegenpilzen<\/a> gibt es heute eine neue Do-it-Yourself Idee.<\/p>\n<p style=\"text-align: justify;\">Da lagen Sie nun in einer Schale und haben mich Tag f\u00fcr Tag angelacht. Bis mir spontan eine kreative Idee kam, was ich in diesem Jahr mit gesammelten Eicheln basteln k\u00f6nnte. Also schnell eine Handvoll Eicheln geschnappt und den Pinsel geschwungen. Die Mini Schnecken mit Schneckenhaus sind einfach so niedlich, dass es nun passend dazu die detaillierte Bastelanleitung zum Nachmachen f\u00fcr euch gibt.<\/p>\n<p style=\"text-align: center;\"><a href=\"https:\/\/www.sabine-seyffert.de\/blog\/wp-content\/uploads\/2020\/10\/Eichel-Schnecken-Sabine-Seyffert.de-4.jpg\"><img loading=\"lazy\" decoding=\"async\" class=\"alignnone size-full wp-image-17582\" src=\"https:\/\/www.sabine-seyffert.de\/blog\/wp-content\/uploads\/2020\/10\/Eichel-Schnecken-Sabine-Seyffert.de-4.jpg\" alt=\"\" width=\"800\" height=\"600\" srcset=\"https:\/\/www.sabine-seyffert.de\/blog\/wp-content\/uploads\/2020\/10\/Eichel-Schnecken-Sabine-Seyffert.de-4.jpg 800w, https:\/\/www.sabine-seyffert.de\/blog\/wp-content\/uploads\/2020\/10\/Eichel-Schnecken-Sabine-Seyffert.de-4-300x225.jpg 300w, https:\/\/www.sabine-seyffert.de\/blog\/wp-content\/uploads\/2020\/10\/Eichel-Schnecken-Sabine-Seyffert.de-4-768x576.jpg 768w\" sizes=\"auto, (max-width: 800px) 100vw, 800px\" \/><\/a><\/p>\n<p style=\"text-align: justify;\"><strong>Das wird gebraucht:<\/strong><br \/>\nGro\u00dfe Eicheln, Pinsel, Acrylfarben, Kraftpapier, eine Bastelschere, Kleber, d\u00fcnner Basteldraht, kleine Perlen sowie eine Bastelunterlage \/abwaschbare Decke f\u00fcr den Tisch und ggf. <a href=\"https:\/\/www.sabine-seyffert.de\/blog\/?cat=25\" target=\"_blank\" rel=\"noopener noreferrer\">Malkittel<\/a><\/p>\n<p style=\"text-align: center;\"><a href=\"https:\/\/www.sabine-seyffert.de\/blog\/wp-content\/uploads\/2020\/10\/Eichel-Schnecken-Sabine-Seyffert.de-.jpg\"><img loading=\"lazy\" decoding=\"async\" class=\"alignnone size-full wp-image-17583\" src=\"https:\/\/www.sabine-seyffert.de\/blog\/wp-content\/uploads\/2020\/10\/Eichel-Schnecken-Sabine-Seyffert.de-.jpg\" alt=\"\" width=\"800\" height=\"600\" srcset=\"https:\/\/www.sabine-seyffert.de\/blog\/wp-content\/uploads\/2020\/10\/Eichel-Schnecken-Sabine-Seyffert.de-.jpg 800w, https:\/\/www.sabine-seyffert.de\/blog\/wp-content\/uploads\/2020\/10\/Eichel-Schnecken-Sabine-Seyffert.de--300x225.jpg 300w, https:\/\/www.sabine-seyffert.de\/blog\/wp-content\/uploads\/2020\/10\/Eichel-Schnecken-Sabine-Seyffert.de--768x576.jpg 768w\" sizes=\"auto, (max-width: 800px) 100vw, 800px\" \/><\/a><\/p>\n<p style=\"text-align: justify;\"><strong>So wird\u2019s gemacht:<\/strong><br \/>\nAls erstes deckt man den Tisch mit einer Unterlag gut ab. Denn ist die Acrylfarbe erst einmal getrocknet, bekommt man sie nicht mehr gut ab!<\/p>\n<p style=\"text-align: center;\"><a href=\"https:\/\/www.sabine-seyffert.de\/blog\/wp-content\/uploads\/2020\/10\/Eichel-Schnecken-Sabine-Seyffert.de-10.jpg\"><img loading=\"lazy\" decoding=\"async\" class=\"alignnone size-full wp-image-17584\" src=\"https:\/\/www.sabine-seyffert.de\/blog\/wp-content\/uploads\/2020\/10\/Eichel-Schnecken-Sabine-Seyffert.de-10.jpg\" alt=\"\" width=\"800\" height=\"600\" srcset=\"https:\/\/www.sabine-seyffert.de\/blog\/wp-content\/uploads\/2020\/10\/Eichel-Schnecken-Sabine-Seyffert.de-10.jpg 800w, https:\/\/www.sabine-seyffert.de\/blog\/wp-content\/uploads\/2020\/10\/Eichel-Schnecken-Sabine-Seyffert.de-10-300x225.jpg 300w, https:\/\/www.sabine-seyffert.de\/blog\/wp-content\/uploads\/2020\/10\/Eichel-Schnecken-Sabine-Seyffert.de-10-768x576.jpg 768w\" sizes=\"auto, (max-width: 800px) 100vw, 800px\" \/><\/a><\/p>\n<p style=\"text-align: justify;\">Daher sollten die Kinder auch zum Basteln besser in <a href=\"https:\/\/www.sabine-seyffert.de\/blog\/?p=12310\" target=\"_blank\" rel=\"noopener noreferrer\">Malkittel<\/a> schl\u00fcpfen um die Kleidung zu sch\u00fctzen.<\/p>\n<p style=\"text-align: center;\"><a href=\"https:\/\/www.sabine-seyffert.de\/blog\/wp-content\/uploads\/2020\/10\/Eichel-Schnecken-Sabine-Seyffert.de-9.jpg\"><img loading=\"lazy\" decoding=\"async\" class=\"alignnone size-full wp-image-17585\" src=\"https:\/\/www.sabine-seyffert.de\/blog\/wp-content\/uploads\/2020\/10\/Eichel-Schnecken-Sabine-Seyffert.de-9.jpg\" alt=\"\" width=\"800\" height=\"600\" srcset=\"https:\/\/www.sabine-seyffert.de\/blog\/wp-content\/uploads\/2020\/10\/Eichel-Schnecken-Sabine-Seyffert.de-9.jpg 800w, https:\/\/www.sabine-seyffert.de\/blog\/wp-content\/uploads\/2020\/10\/Eichel-Schnecken-Sabine-Seyffert.de-9-300x225.jpg 300w, https:\/\/www.sabine-seyffert.de\/blog\/wp-content\/uploads\/2020\/10\/Eichel-Schnecken-Sabine-Seyffert.de-9-768x576.jpg 768w\" sizes=\"auto, (max-width: 800px) 100vw, 800px\" \/><\/a><\/p>\n<p style=\"text-align: justify;\">Dann schnappt sich jeder einige Eicheln und darf diese mit einem breiten Borstenpinsel in einer Farbe anmalen.<\/p>\n<p style=\"text-align: center;\"><a href=\"https:\/\/www.sabine-seyffert.de\/blog\/wp-content\/uploads\/2020\/10\/Eichel-Schnecken-Sabine-Seyffert.de-8.jpg\"><img loading=\"lazy\" decoding=\"async\" class=\"alignnone size-full wp-image-17586\" src=\"https:\/\/www.sabine-seyffert.de\/blog\/wp-content\/uploads\/2020\/10\/Eichel-Schnecken-Sabine-Seyffert.de-8.jpg\" alt=\"\" width=\"800\" height=\"600\" srcset=\"https:\/\/www.sabine-seyffert.de\/blog\/wp-content\/uploads\/2020\/10\/Eichel-Schnecken-Sabine-Seyffert.de-8.jpg 800w, https:\/\/www.sabine-seyffert.de\/blog\/wp-content\/uploads\/2020\/10\/Eichel-Schnecken-Sabine-Seyffert.de-8-300x225.jpg 300w, https:\/\/www.sabine-seyffert.de\/blog\/wp-content\/uploads\/2020\/10\/Eichel-Schnecken-Sabine-Seyffert.de-8-768x576.jpg 768w\" sizes=\"auto, (max-width: 800px) 100vw, 800px\" \/><\/a><\/p>\n<p style=\"text-align: justify;\">Sobald diese Farbschicht getrocknet ist, kann jeder mit einem d\u00fcnnen Langhaarpinsel (<strong>kleiner Tipp<\/strong> \u2013 Wattest\u00e4bchen oder Streichh\u00f6lzer sind zu diesem Zweck bestens geeignet!) P\u00fcnktchen, Kreise, Linien oder andere Muster mit einer anderen Farbe auf die Eicheln pinseln.<\/p>\n<p style=\"text-align: center;\"><a href=\"https:\/\/www.sabine-seyffert.de\/blog\/wp-content\/uploads\/2020\/10\/Eichel-Schnecken-Sabine-Seyffert.de-7.jpg\"><img loading=\"lazy\" decoding=\"async\" class=\"alignnone size-full wp-image-17587\" src=\"https:\/\/www.sabine-seyffert.de\/blog\/wp-content\/uploads\/2020\/10\/Eichel-Schnecken-Sabine-Seyffert.de-7.jpg\" alt=\"\" width=\"800\" height=\"600\" srcset=\"https:\/\/www.sabine-seyffert.de\/blog\/wp-content\/uploads\/2020\/10\/Eichel-Schnecken-Sabine-Seyffert.de-7.jpg 800w, https:\/\/www.sabine-seyffert.de\/blog\/wp-content\/uploads\/2020\/10\/Eichel-Schnecken-Sabine-Seyffert.de-7-300x225.jpg 300w, https:\/\/www.sabine-seyffert.de\/blog\/wp-content\/uploads\/2020\/10\/Eichel-Schnecken-Sabine-Seyffert.de-7-768x576.jpg 768w\" sizes=\"auto, (max-width: 800px) 100vw, 800px\" \/><\/a><\/p>\n<p style=\"text-align: justify;\">Danach schneidet sich jeder f\u00fcr seine H\u00e4user die ben\u00f6tigte Anzahl an Schnecken aus. Wir haben festes Kraftpapier daf\u00fcr verwendet, weil es recht stabil ist.<\/p>\n<p style=\"text-align: center;\"><a href=\"https:\/\/www.sabine-seyffert.de\/blog\/wp-content\/uploads\/2020\/10\/Eichel-Schnecken-Sabine-Seyffert.de-6.jpg\"><img loading=\"lazy\" decoding=\"async\" class=\"alignnone size-full wp-image-17588\" src=\"https:\/\/www.sabine-seyffert.de\/blog\/wp-content\/uploads\/2020\/10\/Eichel-Schnecken-Sabine-Seyffert.de-6.jpg\" alt=\"\" width=\"800\" height=\"600\" srcset=\"https:\/\/www.sabine-seyffert.de\/blog\/wp-content\/uploads\/2020\/10\/Eichel-Schnecken-Sabine-Seyffert.de-6.jpg 800w, https:\/\/www.sabine-seyffert.de\/blog\/wp-content\/uploads\/2020\/10\/Eichel-Schnecken-Sabine-Seyffert.de-6-300x225.jpg 300w, https:\/\/www.sabine-seyffert.de\/blog\/wp-content\/uploads\/2020\/10\/Eichel-Schnecken-Sabine-Seyffert.de-6-768x576.jpg 768w\" sizes=\"auto, (max-width: 800px) 100vw, 800px\" \/><\/a><\/p>\n<p style=\"text-align: justify;\">Alternativ klappt es auch prima mit d\u00fcnner Pappe (bsp. von leeren Kartonagen, die in der K\u00fcche von M\u00fcsli Verpackungen, Nudeln &amp; Co anfallen!)<\/p>\n<p style=\"text-align: center;\"><a href=\"https:\/\/www.sabine-seyffert.de\/blog\/wp-content\/uploads\/2020\/10\/Eichel-Schnecken-Sabine-Seyffert.de-14.jpg\"><img loading=\"lazy\" decoding=\"async\" class=\"alignnone size-full wp-image-17589\" src=\"https:\/\/www.sabine-seyffert.de\/blog\/wp-content\/uploads\/2020\/10\/Eichel-Schnecken-Sabine-Seyffert.de-14.jpg\" alt=\"\" width=\"800\" height=\"600\" srcset=\"https:\/\/www.sabine-seyffert.de\/blog\/wp-content\/uploads\/2020\/10\/Eichel-Schnecken-Sabine-Seyffert.de-14.jpg 800w, https:\/\/www.sabine-seyffert.de\/blog\/wp-content\/uploads\/2020\/10\/Eichel-Schnecken-Sabine-Seyffert.de-14-300x225.jpg 300w, https:\/\/www.sabine-seyffert.de\/blog\/wp-content\/uploads\/2020\/10\/Eichel-Schnecken-Sabine-Seyffert.de-14-768x576.jpg 768w\" sizes=\"auto, (max-width: 800px) 100vw, 800px\" \/><\/a><\/p>\n<p style=\"text-align: justify;\">Jede Schnecke ben\u00f6tigt noch F\u00fchler. Die lassen sich ganz leicht aus Basteldraht gestalten. Jeweils eine Perle auf jede Seite f\u00e4deln, die Enden ineinander drehen und mittig zu einem \u201eV\u201c knicken.<\/p>\n<p style=\"text-align: center;\"><a href=\"https:\/\/www.sabine-seyffert.de\/blog\/wp-content\/uploads\/2020\/10\/Eichel-Schnecken-Sabine-Seyffert.de-19.jpg\"><img loading=\"lazy\" decoding=\"async\" class=\"alignnone size-full wp-image-17590\" src=\"https:\/\/www.sabine-seyffert.de\/blog\/wp-content\/uploads\/2020\/10\/Eichel-Schnecken-Sabine-Seyffert.de-19.jpg\" alt=\"\" width=\"800\" height=\"600\" srcset=\"https:\/\/www.sabine-seyffert.de\/blog\/wp-content\/uploads\/2020\/10\/Eichel-Schnecken-Sabine-Seyffert.de-19.jpg 800w, https:\/\/www.sabine-seyffert.de\/blog\/wp-content\/uploads\/2020\/10\/Eichel-Schnecken-Sabine-Seyffert.de-19-300x225.jpg 300w, https:\/\/www.sabine-seyffert.de\/blog\/wp-content\/uploads\/2020\/10\/Eichel-Schnecken-Sabine-Seyffert.de-19-768x576.jpg 768w\" sizes=\"auto, (max-width: 800px) 100vw, 800px\" \/><\/a><\/p>\n<p style=\"text-align: justify;\">Anschlie\u00dfend klebt man die Schnecken mit ihren K\u00f6rperteilen als Ganzes zusammen. Ob zum Spielen oder als Deko \u2013 die bunten Schnecken sind ein echter Hingucker!<\/p>\n<p style=\"text-align: center;\"><a href=\"https:\/\/www.sabine-seyffert.de\/blog\/wp-content\/uploads\/2020\/10\/Eichel-Schnecken-Sabine-Seyffert.de-16.jpg\"><img loading=\"lazy\" decoding=\"async\" class=\"alignnone size-full wp-image-17591\" src=\"https:\/\/www.sabine-seyffert.de\/blog\/wp-content\/uploads\/2020\/10\/Eichel-Schnecken-Sabine-Seyffert.de-16.jpg\" alt=\"\" width=\"800\" height=\"600\" srcset=\"https:\/\/www.sabine-seyffert.de\/blog\/wp-content\/uploads\/2020\/10\/Eichel-Schnecken-Sabine-Seyffert.de-16.jpg 800w, https:\/\/www.sabine-seyffert.de\/blog\/wp-content\/uploads\/2020\/10\/Eichel-Schnecken-Sabine-Seyffert.de-16-300x225.jpg 300w, https:\/\/www.sabine-seyffert.de\/blog\/wp-content\/uploads\/2020\/10\/Eichel-Schnecken-Sabine-Seyffert.de-16-768x576.jpg 768w\" sizes=\"auto, (max-width: 800px) 100vw, 800px\" \/><\/a><\/p>\n<p style=\"text-align: justify;\">Weitere Bastelideen f\u00fcr Kinder findet ihr \u00fcbrigens in <a href=\"https:\/\/www.sabine-seyffert.de\/blog\/?cat=32\" target=\"_blank\" rel=\"noopener noreferrer\">dieser Blog Kategorie<\/a> oder auch auf meinen <a href=\"https:\/\/www.pinterest.de\/diysabineseyffert\" target=\"_blank\" rel=\"noopener noreferrer\">Pinterest Boards<\/a>, alles zum Thema Herbst gibt es in <a href=\"https:\/\/www.sabine-seyffert.de\/blog\/?cat=25\" target=\"_blank\" rel=\"noopener noreferrer\">diesem Ordner<\/a> zu finden und andere kreative Sachen gibt es <a href=\"https:\/\/www.creadienstag.de\/2020\/10\/linkparty-431.html\" target=\"_blank\" rel=\"noopener noreferrer\">dort<\/a>.<\/p>\n<p style=\"text-align: center;\"><a href=\"https:\/\/www.sabine-seyffert.de\/blog\/wp-content\/uploads\/2020\/10\/Eichel-Schnecken-Sabine-Seyffert.de-15.jpg\"><img loading=\"lazy\" decoding=\"async\" class=\"alignnone size-full wp-image-17592\" src=\"https:\/\/www.sabine-seyffert.de\/blog\/wp-content\/uploads\/2020\/10\/Eichel-Schnecken-Sabine-Seyffert.de-15.jpg\" alt=\"\" width=\"800\" height=\"600\" srcset=\"https:\/\/www.sabine-seyffert.de\/blog\/wp-content\/uploads\/2020\/10\/Eichel-Schnecken-Sabine-Seyffert.de-15.jpg 800w, https:\/\/www.sabine-seyffert.de\/blog\/wp-content\/uploads\/2020\/10\/Eichel-Schnecken-Sabine-Seyffert.de-15-300x225.jpg 300w, https:\/\/www.sabine-seyffert.de\/blog\/wp-content\/uploads\/2020\/10\/Eichel-Schnecken-Sabine-Seyffert.de-15-768x576.jpg 768w\" sizes=\"auto, (max-width: 800px) 100vw, 800px\" \/><\/a><\/p>\n<p style=\"text-align: justify;\"><a href=\"https:\/\/www.sabine-seyffert.de\/blog\/?page_id=32#urheberrecht\">urheberrechtlich gesch\u00fctzt<\/a>, \u00a9 Sabine Seyffert<br \/>\n<img loading=\"lazy\" decoding=\"async\" src=\"https:\/\/vg09.met.vgwort.de\/na\/5af2746400e6480693eda5d1f2af7b6d\" alt=\"\" width=\"1\" height=\"1\" \/><\/p>\n","protected":false},"excerpt":{"rendered":"<p>Drau\u00dfen, bei einem kleinen Spaziergang, haben wir allerhand gro\u00dfe Eicheln gefunden. Da geht es mir, wie beim Anblick von am Boden liegenden Kastanien \u2013 ich kann einfach nicht daran vorbei gehen ohne sie einzusammeln\u2026 Nach der kreativen Kinderkunstwerken mit Eicheln, der selbst gemachten Herbstdeko mit Eichelkranz, dem herbstlich dekorierten Windlicht oder den gl\u00fccksbringenden Fliegenpilzen gibt&#8230; <a href=\"https:\/\/www.sabine-seyffert.de\/blog\/basteln-mit-naturmaterial-diy-schnecken-aus-eicheln-basteln-herbstlicher-bastelspass-fuer-kinder\/\" class=\"more-link\">Read more: Basteln mit Naturmaterial: DIY Schnecken aus Eicheln basteln \u2013 herbstlicher Bastelspa\u00df f\u00fcr Kinder<\/a><\/p>\n","protected":false},"author":2,"featured_media":0,"comment_status":"open","ping_status":"open","sticky":false,"template":"","format":"standard","meta":{"_metis_text_type":"","_metis_text_length":2600,"_post_count":0,"footnotes":""},"categories":[32,25,47],"tags":[],"class_list":["post-17581","post","type-post","status-publish","format-standard","hentry","category-kreatives-fur-kleine-kinderhande","category-herbst","category-upcyceltes"],"_links":{"self":[{"href":"https:\/\/www.sabine-seyffert.de\/blog\/wp-json\/wp\/v2\/posts\/17581","targetHints":{"allow":["GET"]}}],"collection":[{"href":"https:\/\/www.sabine-seyffert.de\/blog\/wp-json\/wp\/v2\/posts"}],"about":[{"href":"https:\/\/www.sabine-seyffert.de\/blog\/wp-json\/wp\/v2\/types\/post"}],"author":[{"embeddable":true,"href":"https:\/\/www.sabine-seyffert.de\/blog\/wp-json\/wp\/v2\/users\/2"}],"replies":[{"embeddable":true,"href":"https:\/\/www.sabine-seyffert.de\/blog\/wp-json\/wp\/v2\/comments?post=17581"}],"version-history":[{"count":4,"href":"https:\/\/www.sabine-seyffert.de\/blog\/wp-json\/wp\/v2\/posts\/17581\/revisions"}],"predecessor-version":[{"id":23916,"href":"https:\/\/www.sabine-seyffert.de\/blog\/wp-json\/wp\/v2\/posts\/17581\/revisions\/23916"}],"wp:attachment":[{"href":"https:\/\/www.sabine-seyffert.de\/blog\/wp-json\/wp\/v2\/media?parent=17581"}],"wp:term":[{"taxonomy":"category","embeddable":true,"href":"https:\/\/www.sabine-seyffert.de\/blog\/wp-json\/wp\/v2\/categories?post=17581"},{"taxonomy":"post_tag","embeddable":true,"href":"https:\/\/www.sabine-seyffert.de\/blog\/wp-json\/wp\/v2\/tags?post=17581"}],"curies":[{"name":"wp","href":"https:\/\/api.w.org\/{rel}","templated":true}]}}