{"id":1752,"date":"2013-05-18T08:50:24","date_gmt":"2013-05-18T06:50:24","guid":{"rendered":"http:\/\/www.sabine-seyffert.de\/blog\/?p=1752"},"modified":"2017-03-06T17:32:34","modified_gmt":"2017-03-06T15:32:34","slug":"ein-himmlischer-besuch-im-botanischen-garten","status":"publish","type":"post","link":"https:\/\/www.sabine-seyffert.de\/blog\/ein-himmlischer-besuch-im-botanischen-garten\/","title":{"rendered":"Ein &#8220;himmlischer&#8221; Besuch im botanischen Garten"},"content":{"rendered":"<p style=\"text-align: center;\"><img loading=\"lazy\" decoding=\"async\" src=\"https:\/\/ssl-vg03.met.vgwort.de\/na\/178483406fbb4f5bb6125e16f766760a\" alt=\"\" width=\"1\" height=\"1\" \/><a href=\"http:\/\/www.sabine-seyffert.de\/blog\/wp-content\/uploads\/2013\/05\/Ausflug-Hardt-hochkant-1.jpg\"><img loading=\"lazy\" decoding=\"async\" class=\"alignnone size-full wp-image-1753\" src=\"http:\/\/www.sabine-seyffert.de\/blog\/wp-content\/uploads\/2013\/05\/Ausflug-Hardt-hochkant-1.jpg\" alt=\"Ausflug Hardt hochkant 1\" width=\"600\" height=\"800\" srcset=\"https:\/\/www.sabine-seyffert.de\/blog\/wp-content\/uploads\/2013\/05\/Ausflug-Hardt-hochkant-1.jpg 600w, https:\/\/www.sabine-seyffert.de\/blog\/wp-content\/uploads\/2013\/05\/Ausflug-Hardt-hochkant-1-225x300.jpg 225w\" sizes=\"auto, (max-width: 600px) 100vw, 600px\" \/><\/a><\/p>\n<p style=\"text-align: justify;\">Das Wetter l\u00e4dt nicht gerade zu Ausfl\u00fcgen ein. Dennoch haben wir vor kurzem eine kleine Regenpause genutzt um einen Ausflug in den botanischen Garten zu machen.<\/p>\n<p style=\"text-align: center;\"><a href=\"http:\/\/www.sabine-seyffert.de\/blog\/wp-content\/uploads\/2013\/05\/Ausflug-Hardt-hochkant-6.jpg\"><img loading=\"lazy\" decoding=\"async\" class=\"alignnone size-full wp-image-1754\" src=\"http:\/\/www.sabine-seyffert.de\/blog\/wp-content\/uploads\/2013\/05\/Ausflug-Hardt-hochkant-6.jpg\" alt=\"Ausflug Hardt hochkant 6\" width=\"600\" height=\"800\" srcset=\"https:\/\/www.sabine-seyffert.de\/blog\/wp-content\/uploads\/2013\/05\/Ausflug-Hardt-hochkant-6.jpg 600w, https:\/\/www.sabine-seyffert.de\/blog\/wp-content\/uploads\/2013\/05\/Ausflug-Hardt-hochkant-6-225x300.jpg 225w\" sizes=\"auto, (max-width: 600px) 100vw, 600px\" \/><\/a><\/p>\n<p style=\"text-align: justify;\">Als Kind war ich oft zum Spielen hier und fand es damals schon immer wunderbar. Denn hier bleibt kaum ein Wunsch offen. Angefangen von einem gro\u00dfen Platz zum Rollschuh, Roller, Lauf- und Fahrradfahren, Tischtennisplatten, einer Freilichtb\u00fchne, verschiedenen Spielpl\u00e4tzen, Gew\u00e4chsh\u00e4usern, Caf\u00e9s, Grillplatz, unendlich gro\u00dfen Wiesen und einem wahren Paradies an bl\u00fchenden Pflanzen ist fast alles hier zu finden, was das Herz begehrt.<\/p>\n<p style=\"text-align: center;\"><a href=\"http:\/\/www.sabine-seyffert.de\/blog\/wp-content\/uploads\/2013\/05\/Ausflug-Hardt-hochkant-7.jpg\"><img loading=\"lazy\" decoding=\"async\" class=\"alignnone size-full wp-image-1755\" src=\"http:\/\/www.sabine-seyffert.de\/blog\/wp-content\/uploads\/2013\/05\/Ausflug-Hardt-hochkant-7.jpg\" alt=\"Ausflug Hardt hochkant 7\" width=\"600\" height=\"800\" srcset=\"https:\/\/www.sabine-seyffert.de\/blog\/wp-content\/uploads\/2013\/05\/Ausflug-Hardt-hochkant-7.jpg 600w, https:\/\/www.sabine-seyffert.de\/blog\/wp-content\/uploads\/2013\/05\/Ausflug-Hardt-hochkant-7-225x300.jpg 225w\" sizes=\"auto, (max-width: 600px) 100vw, 600px\" \/><\/a><\/p>\n<p style=\"text-align: justify;\">F\u00fcr den Spielplatz war es entschieden zu na\u00df, daher haben wir einen Spaziergang in einem anderen Teil des botanischen Gartens unternommen, nachdem wir uns in einem der Caf\u00e9s gest\u00e4rkt hatten. Einmal rund um den Elisenturm, der mich schon als Kind so fasziniert hat, dass ich ihn von jeder Seite unz\u00e4hlige Male ablichten musste. Vielleicht auch deshalb, weil dort gerade mal die Sonne durchkam und den prachtvollen Turm so herrlich ins rechte Licht r\u00fcckte. Heutzutage kann man sich hier auch das Ja-Wort geben und sich trauen lassen. Doch an diesem Tag war keine Hochzeit in Sicht, also musste ich die Chance auf ein paar Fotos einfach nutzen\u2026<\/p>\n<p style=\"text-align: center;\"><a href=\"http:\/\/www.sabine-seyffert.de\/blog\/wp-content\/uploads\/2013\/05\/Ausflug-Hardt-hochkant-3.jpg\"><img loading=\"lazy\" decoding=\"async\" class=\"alignnone size-full wp-image-1756\" src=\"http:\/\/www.sabine-seyffert.de\/blog\/wp-content\/uploads\/2013\/05\/Ausflug-Hardt-hochkant-3.jpg\" alt=\"Ausflug Hardt hochkant 3\" width=\"600\" height=\"800\" srcset=\"https:\/\/www.sabine-seyffert.de\/blog\/wp-content\/uploads\/2013\/05\/Ausflug-Hardt-hochkant-3.jpg 600w, https:\/\/www.sabine-seyffert.de\/blog\/wp-content\/uploads\/2013\/05\/Ausflug-Hardt-hochkant-3-225x300.jpg 225w\" sizes=\"auto, (max-width: 600px) 100vw, 600px\" \/><\/a><\/p>\n<p style=\"text-align: justify;\">Vorbei ging es an einem kleinen Teich, in dem wir ganz viele Kaulquappen entdeckt haben. Zwar noch recht klein, aber unverkennbar. Meine Tochter h\u00e4tte am liebsten ein paar mitgenommen\u2026<\/p>\n<p style=\"text-align: center;\"><a href=\"http:\/\/www.sabine-seyffert.de\/blog\/wp-content\/uploads\/2013\/05\/Ausflug-Hardt-hochkant-2.jpg\"><img loading=\"lazy\" decoding=\"async\" class=\"alignnone size-full wp-image-1757\" src=\"http:\/\/www.sabine-seyffert.de\/blog\/wp-content\/uploads\/2013\/05\/Ausflug-Hardt-hochkant-2.jpg\" alt=\"Ausflug Hardt hochkant 2\" width=\"600\" height=\"800\" srcset=\"https:\/\/www.sabine-seyffert.de\/blog\/wp-content\/uploads\/2013\/05\/Ausflug-Hardt-hochkant-2.jpg 600w, https:\/\/www.sabine-seyffert.de\/blog\/wp-content\/uploads\/2013\/05\/Ausflug-Hardt-hochkant-2-225x300.jpg 225w\" sizes=\"auto, (max-width: 600px) 100vw, 600px\" \/><\/a><\/p>\n<p style=\"text-align: justify;\">Trotz Regenwetter ist der Fr\u00fchling hier sichtbar. Soviel tolle Bl\u00fcten, Blumen und Pflanzen \u2013 von denen ich zuzugeben keinerlei Ahnung habe, mich aber an ihren Farben, Formen und Bl\u00e4ttern sehr erfreuen kann. Die kleinen Trampelpfade, Treppen, urige Steinmauern und prachtvolle B\u00e4ume wecken in mir gleich wieder Ideen f\u00fcr neue Traumreisen und Entspannungsgeschichten.<\/p>\n<p style=\"text-align: center;\"><a href=\"http:\/\/www.sabine-seyffert.de\/blog\/wp-content\/uploads\/2013\/05\/Ausflug-Hardt-hochkant-8.jpg\"><img loading=\"lazy\" decoding=\"async\" class=\"alignnone size-full wp-image-1758\" src=\"http:\/\/www.sabine-seyffert.de\/blog\/wp-content\/uploads\/2013\/05\/Ausflug-Hardt-hochkant-8.jpg\" alt=\"Ausflug Hardt hochkant 8\" width=\"600\" height=\"800\" srcset=\"https:\/\/www.sabine-seyffert.de\/blog\/wp-content\/uploads\/2013\/05\/Ausflug-Hardt-hochkant-8.jpg 600w, https:\/\/www.sabine-seyffert.de\/blog\/wp-content\/uploads\/2013\/05\/Ausflug-Hardt-hochkant-8-225x300.jpg 225w\" sizes=\"auto, (max-width: 600px) 100vw, 600px\" \/><\/a><\/p>\n<p style=\"text-align: justify;\">Der Ausflug war nur kurz, aber daf\u00fcr eine wahre Wohltat f\u00fcr Herz und Seele. Die Himmelsbilder lass ich zur lieben <a href=\"http:\/\/dieraumfee.blogspot.de\/2013\/05\/in-heaven-no-66-geballter-himmel.html\" target=\"_blank\">Katja<\/a> ziehen, die sie netterweise jeden Samstag sammelt und festh\u00e4lt \u2013 lieben Dank daf\u00fcr!<\/p>\n<p style=\"text-align: center;\"><a href=\"http:\/\/www.sabine-seyffert.de\/blog\/wp-content\/uploads\/2013\/05\/Ausflug-Hardt-hochkant-9.jpg\"><img loading=\"lazy\" decoding=\"async\" class=\"alignnone size-full wp-image-1759\" src=\"http:\/\/www.sabine-seyffert.de\/blog\/wp-content\/uploads\/2013\/05\/Ausflug-Hardt-hochkant-9.jpg\" alt=\"Ausflug Hardt hochkant 9\" width=\"600\" height=\"800\" srcset=\"https:\/\/www.sabine-seyffert.de\/blog\/wp-content\/uploads\/2013\/05\/Ausflug-Hardt-hochkant-9.jpg 600w, https:\/\/www.sabine-seyffert.de\/blog\/wp-content\/uploads\/2013\/05\/Ausflug-Hardt-hochkant-9-225x300.jpg 225w\" sizes=\"auto, (max-width: 600px) 100vw, 600px\" \/><\/a><\/p>\n<p>Auf dem kleinen Rundgang gab es nicht nur Blicke gen Himmel, sondern auch in Richtung Boden \ud83d\ude42<\/p>\n<p style=\"text-align: center;\"><a href=\"http:\/\/www.sabine-seyffert.de\/blog\/wp-content\/uploads\/2013\/05\/Ausflug-Hardt-hochkant-10.jpg\"><img loading=\"lazy\" decoding=\"async\" class=\"alignnone size-full wp-image-1762\" src=\"http:\/\/www.sabine-seyffert.de\/blog\/wp-content\/uploads\/2013\/05\/Ausflug-Hardt-hochkant-10.jpg\" alt=\"Ausflug Hardt hochkant 10\" width=\"600\" height=\"800\" srcset=\"https:\/\/www.sabine-seyffert.de\/blog\/wp-content\/uploads\/2013\/05\/Ausflug-Hardt-hochkant-10.jpg 600w, https:\/\/www.sabine-seyffert.de\/blog\/wp-content\/uploads\/2013\/05\/Ausflug-Hardt-hochkant-10-225x300.jpg 225w\" sizes=\"auto, (max-width: 600px) 100vw, 600px\" \/><\/a><\/p>\n<p>&nbsp;<\/p>\n<p><a href=\"http:\/\/www.sabine-seyffert.de\/blog\/?page_id=32#urheberrecht\">urherrechtlich gesch\u00fctzt<\/a>, \u00a9 Sabine Seyffert<\/p>\n","protected":false},"excerpt":{"rendered":"<p>Das Wetter l\u00e4dt nicht gerade zu Ausfl\u00fcgen ein. Dennoch haben wir vor kurzem eine kleine Regenpause genutzt um einen Ausflug in den botanischen Garten zu machen. Als Kind war ich oft zum Spielen hier und fand es damals schon immer wunderbar. Denn hier bleibt kaum ein Wunsch offen. Angefangen von einem gro\u00dfen Platz zum Rollschuh,&#8230; <a href=\"https:\/\/www.sabine-seyffert.de\/blog\/ein-himmlischer-besuch-im-botanischen-garten\/\" class=\"more-link\">Read more: Ein &#8220;himmlischer&#8221; Besuch im botanischen Garten<\/a><\/p>\n","protected":false},"author":2,"featured_media":0,"comment_status":"open","ping_status":"open","sticky":false,"template":"","format":"standard","meta":{"_metis_text_type":"","_metis_text_length":2134,"_post_count":0,"footnotes":""},"categories":[37],"tags":[],"class_list":["post-1752","post","type-post","status-publish","format-standard","hentry","category-himmlisches"],"_links":{"self":[{"href":"https:\/\/www.sabine-seyffert.de\/blog\/wp-json\/wp\/v2\/posts\/1752","targetHints":{"allow":["GET"]}}],"collection":[{"href":"https:\/\/www.sabine-seyffert.de\/blog\/wp-json\/wp\/v2\/posts"}],"about":[{"href":"https:\/\/www.sabine-seyffert.de\/blog\/wp-json\/wp\/v2\/types\/post"}],"author":[{"embeddable":true,"href":"https:\/\/www.sabine-seyffert.de\/blog\/wp-json\/wp\/v2\/users\/2"}],"replies":[{"embeddable":true,"href":"https:\/\/www.sabine-seyffert.de\/blog\/wp-json\/wp\/v2\/comments?post=1752"}],"version-history":[{"count":8,"href":"https:\/\/www.sabine-seyffert.de\/blog\/wp-json\/wp\/v2\/posts\/1752\/revisions"}],"predecessor-version":[{"id":9854,"href":"https:\/\/www.sabine-seyffert.de\/blog\/wp-json\/wp\/v2\/posts\/1752\/revisions\/9854"}],"wp:attachment":[{"href":"https:\/\/www.sabine-seyffert.de\/blog\/wp-json\/wp\/v2\/media?parent=1752"}],"wp:term":[{"taxonomy":"category","embeddable":true,"href":"https:\/\/www.sabine-seyffert.de\/blog\/wp-json\/wp\/v2\/categories?post=1752"},{"taxonomy":"post_tag","embeddable":true,"href":"https:\/\/www.sabine-seyffert.de\/blog\/wp-json\/wp\/v2\/tags?post=1752"}],"curies":[{"name":"wp","href":"https:\/\/api.w.org\/{rel}","templated":true}]}}