{"id":17415,"date":"2020-09-21T06:15:16","date_gmt":"2020-09-21T04:15:16","guid":{"rendered":"https:\/\/www.sabine-seyffert.de\/blog\/?p=17415"},"modified":"2020-09-22T09:56:48","modified_gmt":"2020-09-22T07:56:48","slug":"diy-bastelidee-geschenkverpackung-fuer-kinder-fuchs-geschenkanhaenger-aus-pistazie","status":"publish","type":"post","link":"https:\/\/www.sabine-seyffert.de\/blog\/diy-bastelidee-geschenkverpackung-fuer-kinder-fuchs-geschenkanhaenger-aus-pistazie\/","title":{"rendered":"DIY Bastelidee &#038; Geschenkverpackung f\u00fcr Kinder: Fuchs Geschenkanh\u00e4nger aus Pistazie"},"content":{"rendered":"<p style=\"text-align: justify;\"><img loading=\"lazy\" decoding=\"async\" src=\"https:\/\/vg09.met.vgwort.de\/na\/70abbc29b0b8466585f50d0fa9656af7\" alt=\"\" width=\"1\" height=\"1\" \/>Ausgefallene <a href=\"https:\/\/www.sabine-seyffert.de\/blog\/?cat=49\" target=\"_blank\" rel=\"noopener noreferrer\">Verpackungsideen f\u00fcr Geschenke<\/a> sind meine Leidenschaft. Es macht so viel Spa\u00df sich an einer solchen Verpackung kreativ auszutoben und dem Beschenkten damit zus\u00e4tzlich zum eigentlichen Geschenk eine Freude zu machen.<br \/>\nDa der Herbst vor der T\u00fcr steht und der Fuchs bei den Kindern zu einem echten Lieblingstier geworden ist \u2013 wie w\u00e4re es mit selbst gemachten Geschenkanh\u00e4ngern, die kinderleicht zu basteln sind?<\/p>\n<p style=\"text-align: center;\"><a href=\"https:\/\/www.sabine-seyffert.de\/blog\/wp-content\/uploads\/2020\/09\/Fuchs-Anh\u00e4nger-Pistazie-Sabine-Seyffert.de-1.jpg\"><img loading=\"lazy\" decoding=\"async\" class=\"alignnone size-full wp-image-17416\" src=\"https:\/\/www.sabine-seyffert.de\/blog\/wp-content\/uploads\/2020\/09\/Fuchs-Anh\u00e4nger-Pistazie-Sabine-Seyffert.de-1.jpg\" alt=\"\" width=\"800\" height=\"600\" srcset=\"https:\/\/www.sabine-seyffert.de\/blog\/wp-content\/uploads\/2020\/09\/Fuchs-Anh\u00e4nger-Pistazie-Sabine-Seyffert.de-1.jpg 800w, https:\/\/www.sabine-seyffert.de\/blog\/wp-content\/uploads\/2020\/09\/Fuchs-Anh\u00e4nger-Pistazie-Sabine-Seyffert.de-1-300x225.jpg 300w, https:\/\/www.sabine-seyffert.de\/blog\/wp-content\/uploads\/2020\/09\/Fuchs-Anh\u00e4nger-Pistazie-Sabine-Seyffert.de-1-768x576.jpg 768w\" sizes=\"auto, (max-width: 800px) 100vw, 800px\" \/><\/a><\/p>\n<p style=\"text-align: justify;\"><strong>Das wird gebraucht:<\/strong><br \/>\nKraftpapier oder d\u00fcnne Pappe, eine Lochzange, Bastelfarbe (Acrylfarbe \/ Plakatfarbe o.\u00e4.) in orange, schwarz &amp; wei\u00df oder Lackstifte, eine Bastelschere, Pistazien, Kordel, Pinsel, einen Wasserfarbkasten, eine alte Tageszeitung, Bastelkleber \/ Klebstift sowie optional eine Hei\u00dfklebepistole samt Klebepatrone<\/p>\n<p style=\"text-align: center;\"><a href=\"https:\/\/www.sabine-seyffert.de\/blog\/wp-content\/uploads\/2020\/09\/Fuchs-Anh\u00e4nger-Pistazie-Sabine-Seyffert.de-5.jpg\"><img loading=\"lazy\" decoding=\"async\" class=\"alignnone size-full wp-image-17417\" src=\"https:\/\/www.sabine-seyffert.de\/blog\/wp-content\/uploads\/2020\/09\/Fuchs-Anh\u00e4nger-Pistazie-Sabine-Seyffert.de-5.jpg\" alt=\"\" width=\"800\" height=\"600\" srcset=\"https:\/\/www.sabine-seyffert.de\/blog\/wp-content\/uploads\/2020\/09\/Fuchs-Anh\u00e4nger-Pistazie-Sabine-Seyffert.de-5.jpg 800w, https:\/\/www.sabine-seyffert.de\/blog\/wp-content\/uploads\/2020\/09\/Fuchs-Anh\u00e4nger-Pistazie-Sabine-Seyffert.de-5-300x225.jpg 300w, https:\/\/www.sabine-seyffert.de\/blog\/wp-content\/uploads\/2020\/09\/Fuchs-Anh\u00e4nger-Pistazie-Sabine-Seyffert.de-5-768x576.jpg 768w\" sizes=\"auto, (max-width: 800px) 100vw, 800px\" \/><\/a><\/p>\n<p style=\"text-align: justify;\"><strong>So wird\u2019s gemacht:<\/strong><br \/>\nS\u00e4ubert die Pistazienschalen und wenn diese ganz trocken sind, bemalt ihr diese mit einem orangenem Farbton. W\u00e4hrend die Farbe trocknet (wenn ihr Lackstifte verwendet, braucht ihr keine Trockenzeit einplanen), malt ihr ein Blatt Zeitung mit orangefarbener Wasserfarbe an und stellt so euer eigenes, <a href=\"https:\/\/www.sabine-seyffert.de\/blog\/?p=13917\" target=\"_blank\" rel=\"noopener noreferrer\">umweltfreundliches Bastelpapier<\/a> her \ud83d\ude09<\/p>\n<p style=\"text-align: center;\"><a href=\"https:\/\/www.sabine-seyffert.de\/blog\/wp-content\/uploads\/2020\/09\/Fuchs-Anh\u00e4nger-Pistazie-Sabine-Seyffert.de-6.jpg\"><img loading=\"lazy\" decoding=\"async\" class=\"alignnone size-full wp-image-17418\" src=\"https:\/\/www.sabine-seyffert.de\/blog\/wp-content\/uploads\/2020\/09\/Fuchs-Anh\u00e4nger-Pistazie-Sabine-Seyffert.de-6.jpg\" alt=\"\" width=\"800\" height=\"600\" srcset=\"https:\/\/www.sabine-seyffert.de\/blog\/wp-content\/uploads\/2020\/09\/Fuchs-Anh\u00e4nger-Pistazie-Sabine-Seyffert.de-6.jpg 800w, https:\/\/www.sabine-seyffert.de\/blog\/wp-content\/uploads\/2020\/09\/Fuchs-Anh\u00e4nger-Pistazie-Sabine-Seyffert.de-6-300x225.jpg 300w, https:\/\/www.sabine-seyffert.de\/blog\/wp-content\/uploads\/2020\/09\/Fuchs-Anh\u00e4nger-Pistazie-Sabine-Seyffert.de-6-768x576.jpg 768w\" sizes=\"auto, (max-width: 800px) 100vw, 800px\" \/><\/a><\/p>\n<p style=\"text-align: justify;\">Wenn das Zeitungspapier getrocknet ist, schneidet ihr daraus die kleinen Ohren f\u00fcr die F\u00fcchse. Jede Pistazienschale bekommt mit einem d\u00fcnnen Pinsel (oder Streichholz) zwei kleine Augen aufgetupft und mit wei\u00dfer Farbe noch eine entsprechende Schnauze gemalt.<\/p>\n<p style=\"text-align: center;\"><a href=\"https:\/\/www.sabine-seyffert.de\/blog\/wp-content\/uploads\/2020\/09\/Fuchs-Anh\u00e4nger-Pistazie-Sabine-Seyffert.de-7.jpg\"><img loading=\"lazy\" decoding=\"async\" class=\"alignnone size-full wp-image-17419\" src=\"https:\/\/www.sabine-seyffert.de\/blog\/wp-content\/uploads\/2020\/09\/Fuchs-Anh\u00e4nger-Pistazie-Sabine-Seyffert.de-7.jpg\" alt=\"\" width=\"800\" height=\"600\" srcset=\"https:\/\/www.sabine-seyffert.de\/blog\/wp-content\/uploads\/2020\/09\/Fuchs-Anh\u00e4nger-Pistazie-Sabine-Seyffert.de-7.jpg 800w, https:\/\/www.sabine-seyffert.de\/blog\/wp-content\/uploads\/2020\/09\/Fuchs-Anh\u00e4nger-Pistazie-Sabine-Seyffert.de-7-300x225.jpg 300w, https:\/\/www.sabine-seyffert.de\/blog\/wp-content\/uploads\/2020\/09\/Fuchs-Anh\u00e4nger-Pistazie-Sabine-Seyffert.de-7-768x576.jpg 768w\" sizes=\"auto, (max-width: 800px) 100vw, 800px\" \/><\/a><\/p>\n<p style=\"text-align: justify;\">Ebenfalls mit einem Pinsel (oder Streichholz) kann man noch eine schwarze Nase und das Innere der Augen auftupfen.<\/p>\n<p style=\"text-align: center;\"><a href=\"https:\/\/www.sabine-seyffert.de\/blog\/wp-content\/uploads\/2020\/09\/Fuchs-Anh\u00e4nger-Pistazie-Sabine-Seyffert.de-4.jpg\"><img loading=\"lazy\" decoding=\"async\" class=\"alignnone size-full wp-image-17420\" src=\"https:\/\/www.sabine-seyffert.de\/blog\/wp-content\/uploads\/2020\/09\/Fuchs-Anh\u00e4nger-Pistazie-Sabine-Seyffert.de-4.jpg\" alt=\"\" width=\"800\" height=\"600\" srcset=\"https:\/\/www.sabine-seyffert.de\/blog\/wp-content\/uploads\/2020\/09\/Fuchs-Anh\u00e4nger-Pistazie-Sabine-Seyffert.de-4.jpg 800w, https:\/\/www.sabine-seyffert.de\/blog\/wp-content\/uploads\/2020\/09\/Fuchs-Anh\u00e4nger-Pistazie-Sabine-Seyffert.de-4-300x225.jpg 300w, https:\/\/www.sabine-seyffert.de\/blog\/wp-content\/uploads\/2020\/09\/Fuchs-Anh\u00e4nger-Pistazie-Sabine-Seyffert.de-4-768x576.jpg 768w\" sizes=\"auto, (max-width: 800px) 100vw, 800px\" \/><\/a><\/p>\n<p style=\"text-align: justify;\">Aus dem Kraftpapier schneidet ihr euch kleine Anh\u00e4nger (oder stanzt diese mit einem Motivlocher XL in Etikettform, wenn ihr einen solchen besitzt) und locht diese oben mittig mit der Lochzange.<\/p>\n<p style=\"text-align: center;\"><a href=\"https:\/\/www.sabine-seyffert.de\/blog\/wp-content\/uploads\/2020\/09\/Fuchs-Anh\u00e4nger-Pistazie-Sabine-Seyffert.de-2.jpg\"><img loading=\"lazy\" decoding=\"async\" class=\"alignnone size-full wp-image-17421\" src=\"https:\/\/www.sabine-seyffert.de\/blog\/wp-content\/uploads\/2020\/09\/Fuchs-Anh\u00e4nger-Pistazie-Sabine-Seyffert.de-2.jpg\" alt=\"\" width=\"800\" height=\"600\" srcset=\"https:\/\/www.sabine-seyffert.de\/blog\/wp-content\/uploads\/2020\/09\/Fuchs-Anh\u00e4nger-Pistazie-Sabine-Seyffert.de-2.jpg 800w, https:\/\/www.sabine-seyffert.de\/blog\/wp-content\/uploads\/2020\/09\/Fuchs-Anh\u00e4nger-Pistazie-Sabine-Seyffert.de-2-300x225.jpg 300w, https:\/\/www.sabine-seyffert.de\/blog\/wp-content\/uploads\/2020\/09\/Fuchs-Anh\u00e4nger-Pistazie-Sabine-Seyffert.de-2-768x576.jpg 768w\" sizes=\"auto, (max-width: 800px) 100vw, 800px\" \/><\/a><\/p>\n<p style=\"text-align: justify;\">Dadurch zieht ihr ein St\u00fcck Kordel und knotet die Enden zusammen. Die Pistazienschalen f\u00fcllt ihr Innen noch mit etwas Zeitung (Detailfotos dazu findet ihr bsp. in <a href=\"https:\/\/www.sabine-seyffert.de\/blog\/?p=16729\" target=\"_blank\" rel=\"noopener noreferrer\">diesem Tutorial mit Waln\u00fcssen<\/a> \u2013 das Prinzip ist dasselbe) und klebt diese dann auf das Etikett. Noch die kleinen Ohren dar\u00fcber kleben und fertig ist ein herbstlicher Anh\u00e4nger f\u00fcr Geschenke, Mitbringsel &amp; Co.<\/p>\n<p style=\"text-align: center;\"><a href=\"https:\/\/www.sabine-seyffert.de\/blog\/wp-content\/uploads\/2020\/09\/Fuchs-Anh\u00e4nger-Pistazie-Sabine-Seyffert.de-3.jpg\"><img loading=\"lazy\" decoding=\"async\" class=\"alignnone size-full wp-image-17422\" src=\"https:\/\/www.sabine-seyffert.de\/blog\/wp-content\/uploads\/2020\/09\/Fuchs-Anh\u00e4nger-Pistazie-Sabine-Seyffert.de-3.jpg\" alt=\"\" width=\"800\" height=\"600\" srcset=\"https:\/\/www.sabine-seyffert.de\/blog\/wp-content\/uploads\/2020\/09\/Fuchs-Anh\u00e4nger-Pistazie-Sabine-Seyffert.de-3.jpg 800w, https:\/\/www.sabine-seyffert.de\/blog\/wp-content\/uploads\/2020\/09\/Fuchs-Anh\u00e4nger-Pistazie-Sabine-Seyffert.de-3-300x225.jpg 300w, https:\/\/www.sabine-seyffert.de\/blog\/wp-content\/uploads\/2020\/09\/Fuchs-Anh\u00e4nger-Pistazie-Sabine-Seyffert.de-3-768x576.jpg 768w\" sizes=\"auto, (max-width: 800px) 100vw, 800px\" \/><\/a><\/p>\n<p style=\"text-align: justify;\"><a href=\"https:\/\/www.instagram.com\/diy_sabine_seyffert\/\" target=\"_blank\" rel=\"noopener noreferrer\">Hier<\/a> startet heute \u00fcbrigens eine neue Challenge zum Thema Fuchs. Dabei bin ich Gast Jurorin \ud83d\ude42 Vielleicht habt ihr auch eine sch\u00f6ne Idee dazu und m\u00f6chtet mitmachen?<\/p>\n<p style=\"text-align: center;\"><a href=\"https:\/\/www.sabine-seyffert.de\/blog\/wp-content\/uploads\/2020\/09\/Fuchs-Anh\u00e4nger-Pistazie-Sabine-Seyffert.de-9.jpg\"><img loading=\"lazy\" decoding=\"async\" class=\"alignnone size-full wp-image-17423\" src=\"https:\/\/www.sabine-seyffert.de\/blog\/wp-content\/uploads\/2020\/09\/Fuchs-Anh\u00e4nger-Pistazie-Sabine-Seyffert.de-9.jpg\" alt=\"\" width=\"600\" height=\"800\" srcset=\"https:\/\/www.sabine-seyffert.de\/blog\/wp-content\/uploads\/2020\/09\/Fuchs-Anh\u00e4nger-Pistazie-Sabine-Seyffert.de-9.jpg 600w, https:\/\/www.sabine-seyffert.de\/blog\/wp-content\/uploads\/2020\/09\/Fuchs-Anh\u00e4nger-Pistazie-Sabine-Seyffert.de-9-225x300.jpg 225w\" sizes=\"auto, (max-width: 600px) 100vw, 600px\" \/><\/a><\/p>\n<p style=\"text-align: justify;\">Weitere Geschenkverpackungen zum Selbermachen findet ihr \u00fcbrigens in <a href=\"https:\/\/www.sabine-seyffert.de\/blog\/?cat=49\" target=\"_blank\" rel=\"noopener noreferrer\">dieser Blog Kategorie<\/a>, kreativen Bastelideen rund um den Fuchs gibt es in <a href=\"https:\/\/www.sabine-seyffert.de\/blog\/?cat=45\" target=\"_blank\" rel=\"noopener noreferrer\">dieser Rubrik<\/a>, Bastelanleitungen f\u00fcr Kinder an <a href=\"https:\/\/www.sabine-seyffert.de\/blog\/?cat=32\" target=\"_blank\" rel=\"noopener noreferrer\">dieser Stelle<\/a>, alles rund um die Herbstzeit sind in <a href=\"https:\/\/www.sabine-seyffert.de\/blog\/?cat=25\" target=\"_blank\" rel=\"noopener noreferrer\">diesem Blog Ordner<\/a>, oder <a href=\"https:\/\/www.pinterest.de\/diysabineseyffert\/\" target=\"_blank\" rel=\"noopener noreferrer\">meiner Pinnwand<\/a> und andere kreative Sachen <a href=\"https:\/\/www.creadienstag.de\/2020\/09\/linkparty-429.html\" target=\"_blank\" rel=\"noopener noreferrer\">da<\/a>.<\/p>\n<p style=\"text-align: center;\"><a href=\"https:\/\/www.sabine-seyffert.de\/blog\/wp-content\/uploads\/2020\/09\/Fuchs-Anh\u00e4nger-Pistazie-Sabine-Seyffert.de-8.jpg\"><img loading=\"lazy\" decoding=\"async\" class=\"alignnone size-full wp-image-17424\" src=\"https:\/\/www.sabine-seyffert.de\/blog\/wp-content\/uploads\/2020\/09\/Fuchs-Anh\u00e4nger-Pistazie-Sabine-Seyffert.de-8.jpg\" alt=\"\" width=\"600\" height=\"800\" srcset=\"https:\/\/www.sabine-seyffert.de\/blog\/wp-content\/uploads\/2020\/09\/Fuchs-Anh\u00e4nger-Pistazie-Sabine-Seyffert.de-8.jpg 600w, https:\/\/www.sabine-seyffert.de\/blog\/wp-content\/uploads\/2020\/09\/Fuchs-Anh\u00e4nger-Pistazie-Sabine-Seyffert.de-8-225x300.jpg 225w\" sizes=\"auto, (max-width: 600px) 100vw, 600px\" \/><\/a><br \/>\n<a href=\"https:\/\/www.sabine-seyffert.de\/blog\/?page_id=32#urheberrecht\">urheberrechtlich gesch\u00fctzt<\/a>, \u00a9 Sabine Seyffert<\/p>\n","protected":false},"excerpt":{"rendered":"<p>Ausgefallene Verpackungsideen f\u00fcr Geschenke sind meine Leidenschaft. Es macht so viel Spa\u00df sich an einer solchen Verpackung kreativ auszutoben und dem Beschenkten damit zus\u00e4tzlich zum eigentlichen Geschenk eine Freude zu machen. Da der Herbst vor der T\u00fcr steht und der Fuchs bei den Kindern zu einem echten Lieblingstier geworden ist \u2013 wie w\u00e4re es mit&#8230; <a href=\"https:\/\/www.sabine-seyffert.de\/blog\/diy-bastelidee-geschenkverpackung-fuer-kinder-fuchs-geschenkanhaenger-aus-pistazie\/\" class=\"more-link\">Read more: DIY Bastelidee &#038; Geschenkverpackung f\u00fcr Kinder: Fuchs Geschenkanh\u00e4nger aus Pistazie<\/a><\/p>\n","protected":false},"author":2,"featured_media":0,"comment_status":"open","ping_status":"open","sticky":false,"template":"","format":"standard","meta":{"_metis_text_type":"","_metis_text_length":2574,"_post_count":0,"footnotes":""},"categories":[32,45,49,25,47],"tags":[],"class_list":["post-17415","post","type-post","status-publish","format-standard","hentry","category-kreatives-fur-kleine-kinderhande","category-fuchsgeburtstag","category-verpackungsideen","category-herbst","category-upcyceltes"],"_links":{"self":[{"href":"https:\/\/www.sabine-seyffert.de\/blog\/wp-json\/wp\/v2\/posts\/17415","targetHints":{"allow":["GET"]}}],"collection":[{"href":"https:\/\/www.sabine-seyffert.de\/blog\/wp-json\/wp\/v2\/posts"}],"about":[{"href":"https:\/\/www.sabine-seyffert.de\/blog\/wp-json\/wp\/v2\/types\/post"}],"author":[{"embeddable":true,"href":"https:\/\/www.sabine-seyffert.de\/blog\/wp-json\/wp\/v2\/users\/2"}],"replies":[{"embeddable":true,"href":"https:\/\/www.sabine-seyffert.de\/blog\/wp-json\/wp\/v2\/comments?post=17415"}],"version-history":[{"count":4,"href":"https:\/\/www.sabine-seyffert.de\/blog\/wp-json\/wp\/v2\/posts\/17415\/revisions"}],"predecessor-version":[{"id":17439,"href":"https:\/\/www.sabine-seyffert.de\/blog\/wp-json\/wp\/v2\/posts\/17415\/revisions\/17439"}],"wp:attachment":[{"href":"https:\/\/www.sabine-seyffert.de\/blog\/wp-json\/wp\/v2\/media?parent=17415"}],"wp:term":[{"taxonomy":"category","embeddable":true,"href":"https:\/\/www.sabine-seyffert.de\/blog\/wp-json\/wp\/v2\/categories?post=17415"},{"taxonomy":"post_tag","embeddable":true,"href":"https:\/\/www.sabine-seyffert.de\/blog\/wp-json\/wp\/v2\/tags?post=17415"}],"curies":[{"name":"wp","href":"https:\/\/api.w.org\/{rel}","templated":true}]}}