{"id":17377,"date":"2020-09-16T16:40:50","date_gmt":"2020-09-16T14:40:50","guid":{"rendered":"https:\/\/www.sabine-seyffert.de\/blog\/?p=17377"},"modified":"2022-09-27T18:04:24","modified_gmt":"2022-09-27T16:04:24","slug":"diy-bastelidee-fuer-kinder-mit-naturmaterial-fuchs-aus-tannenzapfen-eicheln-eierkarton-basteln","status":"publish","type":"post","link":"https:\/\/www.sabine-seyffert.de\/blog\/diy-bastelidee-fuer-kinder-mit-naturmaterial-fuchs-aus-tannenzapfen-eicheln-eierkarton-basteln\/","title":{"rendered":"DIY Bastelidee f\u00fcr Kinder mit Naturmaterial: Fuchs aus Tannenzapfen, Eicheln &#038; Eierkarton basteln"},"content":{"rendered":"<p style=\"text-align: justify;\"><img loading=\"lazy\" decoding=\"async\" src=\"https:\/\/vg09.met.vgwort.de\/na\/307654e5b2bb438c89bc2dc29640826e\" alt=\"\" width=\"1\" height=\"1\" \/>Auch wenn das Wetter gerade recht hochsommerlich ist, so r\u00fcckt der Herbst n\u00e4her. Und daher zeige ich euch heute eine ganz einfache, aber lustige Bastelidee, die prima in diese Jahreszeit passt. F\u00fcchse sind bei meinen Kindern schon seit langem beliebt. Nicht nur durch die Fuchsgruppe im Kindergarten, sondern ganz besonders durch den <a href=\"https:\/\/www.sabine-seyffert.de\/blog\/?cat=45\" target=\"_blank\" rel=\"noopener noreferrer\">Fuchsgeburtstag<\/a>, den wir mal gefeiert und zudem ich euch zahlreiche tolle Bastelideen und Deko gezeigt habe.<br \/>\nHeute gestalten wir einen herbstlichen Fuchs aus kostenlosem Material, das man gr\u00f6\u00dftenteils drau\u00dfen im Wald und der Natur w\u00e4hrend eines Spaziergangs sammeln kann.<\/p>\n<p style=\"text-align: center;\"><a href=\"https:\/\/www.sabine-seyffert.de\/blog\/wp-content\/uploads\/2020\/09\/Fuchs-Zapfen-Sabine-Seyffert.de-3.jpg\"><img loading=\"lazy\" decoding=\"async\" class=\"alignnone size-full wp-image-17378\" src=\"https:\/\/www.sabine-seyffert.de\/blog\/wp-content\/uploads\/2020\/09\/Fuchs-Zapfen-Sabine-Seyffert.de-3.jpg\" alt=\"\" width=\"800\" height=\"600\" srcset=\"https:\/\/www.sabine-seyffert.de\/blog\/wp-content\/uploads\/2020\/09\/Fuchs-Zapfen-Sabine-Seyffert.de-3.jpg 800w, https:\/\/www.sabine-seyffert.de\/blog\/wp-content\/uploads\/2020\/09\/Fuchs-Zapfen-Sabine-Seyffert.de-3-300x225.jpg 300w, https:\/\/www.sabine-seyffert.de\/blog\/wp-content\/uploads\/2020\/09\/Fuchs-Zapfen-Sabine-Seyffert.de-3-768x576.jpg 768w\" sizes=\"auto, (max-width: 800px) 100vw, 800px\" \/><\/a><\/p>\n<p style=\"text-align: justify;\"><strong>Das wird gebraucht:<\/strong><br \/>\nEin Tannenzapfen, d\u00fcnne Kordel, Bastelfarbe (Acrylfarbe in wei\u00df, orange &amp; schwarz), Eicheln bzw. Eichelh\u00fctchen, ein kleiner (gerader) Ast \/ Zweig, Bastelfilz orange, Zeitung, Pinsel, einen Eierkarton, eine Bastelschere, Bastelkleber \/ Klebestift, einen kleinen Eierkarton, Bastelunterlage &amp; Malkittel sowie optional eine Hei\u00dfklebepatrone samt Klebepatrone<\/p>\n<p style=\"text-align: center;\"><a href=\"https:\/\/www.sabine-seyffert.de\/blog\/wp-content\/uploads\/2020\/09\/Fuchs-Zapfen-Sabine-Seyffert.de_.jpg\"><img loading=\"lazy\" decoding=\"async\" class=\"alignnone size-full wp-image-17379\" src=\"https:\/\/www.sabine-seyffert.de\/blog\/wp-content\/uploads\/2020\/09\/Fuchs-Zapfen-Sabine-Seyffert.de_.jpg\" alt=\"\" width=\"800\" height=\"600\" srcset=\"https:\/\/www.sabine-seyffert.de\/blog\/wp-content\/uploads\/2020\/09\/Fuchs-Zapfen-Sabine-Seyffert.de_.jpg 800w, https:\/\/www.sabine-seyffert.de\/blog\/wp-content\/uploads\/2020\/09\/Fuchs-Zapfen-Sabine-Seyffert.de_-300x225.jpg 300w, https:\/\/www.sabine-seyffert.de\/blog\/wp-content\/uploads\/2020\/09\/Fuchs-Zapfen-Sabine-Seyffert.de_-768x576.jpg 768w\" sizes=\"auto, (max-width: 800px) 100vw, 800px\" \/><\/a><\/p>\n<p style=\"text-align: justify;\"><strong>So wird\u2019s gemacht:<\/strong><br \/>\nDie Kinder ziehen sich am besten ihre <a href=\"https:\/\/www.sabine-seyffert.de\/blog\/?p=12310\" target=\"_blank\" rel=\"noopener noreferrer\">Malkittel<\/a> \u00fcber und dann wird der Tisch gut abgedeckt, falls etwas Farbe daneben geht.<\/p>\n<p style=\"text-align: center;\"><a href=\"https:\/\/www.sabine-seyffert.de\/blog\/wp-content\/uploads\/2020\/09\/Fuchs-Zapfen-Sabine-Seyffert.de-7.jpg\"><img loading=\"lazy\" decoding=\"async\" class=\"alignnone size-full wp-image-17380\" src=\"https:\/\/www.sabine-seyffert.de\/blog\/wp-content\/uploads\/2020\/09\/Fuchs-Zapfen-Sabine-Seyffert.de-7.jpg\" alt=\"\" width=\"800\" height=\"600\" srcset=\"https:\/\/www.sabine-seyffert.de\/blog\/wp-content\/uploads\/2020\/09\/Fuchs-Zapfen-Sabine-Seyffert.de-7.jpg 800w, https:\/\/www.sabine-seyffert.de\/blog\/wp-content\/uploads\/2020\/09\/Fuchs-Zapfen-Sabine-Seyffert.de-7-300x225.jpg 300w, https:\/\/www.sabine-seyffert.de\/blog\/wp-content\/uploads\/2020\/09\/Fuchs-Zapfen-Sabine-Seyffert.de-7-768x576.jpg 768w\" sizes=\"auto, (max-width: 800px) 100vw, 800px\" \/><\/a><\/p>\n<p style=\"text-align: justify;\">Dann malt man mit einem Borstenpinsel den Tannenzapfen orange und im unteren Drittel seitlich mit wei\u00dfer Farbe an. (<span style=\"color: #ff6600;\"><strong>Hinweis:<\/strong><\/span> Die Tannenzapfen sollte m\u00f6glichst trocken und sauber sein, damit die Farbe auch gut h\u00e4lt und nicht abbl\u00e4ttert!)<\/p>\n<p style=\"text-align: center;\"><a href=\"https:\/\/www.sabine-seyffert.de\/blog\/wp-content\/uploads\/2020\/09\/Fuchs-Zapfen-Sabine-Seyffert.de-6.jpg\"><img loading=\"lazy\" decoding=\"async\" class=\"alignnone size-full wp-image-17381\" src=\"https:\/\/www.sabine-seyffert.de\/blog\/wp-content\/uploads\/2020\/09\/Fuchs-Zapfen-Sabine-Seyffert.de-6.jpg\" alt=\"\" width=\"800\" height=\"600\" srcset=\"https:\/\/www.sabine-seyffert.de\/blog\/wp-content\/uploads\/2020\/09\/Fuchs-Zapfen-Sabine-Seyffert.de-6.jpg 800w, https:\/\/www.sabine-seyffert.de\/blog\/wp-content\/uploads\/2020\/09\/Fuchs-Zapfen-Sabine-Seyffert.de-6-300x225.jpg 300w, https:\/\/www.sabine-seyffert.de\/blog\/wp-content\/uploads\/2020\/09\/Fuchs-Zapfen-Sabine-Seyffert.de-6-768x576.jpg 768w\" sizes=\"auto, (max-width: 800px) 100vw, 800px\" \/><\/a><\/p>\n<p style=\"text-align: justify;\">Mit dem Borstenpinsel kommt man ganz gut in die Zwischenr\u00e4ume. Viel Farbe ist aber nicht n\u00f6tig, zumindest wenn ihr Acrylfarbe zum Malen verwendet. Die hat gleich mit einer d\u00fcnnen Farbschicht ausreichend gedeckt.<\/p>\n<p style=\"text-align: center;\"><a href=\"https:\/\/www.sabine-seyffert.de\/blog\/wp-content\/uploads\/2020\/09\/Fuchs-Zapfen-Sabine-Seyffert.de-5.jpg\"><img loading=\"lazy\" decoding=\"async\" class=\"alignnone size-full wp-image-17382\" src=\"https:\/\/www.sabine-seyffert.de\/blog\/wp-content\/uploads\/2020\/09\/Fuchs-Zapfen-Sabine-Seyffert.de-5.jpg\" alt=\"\" width=\"800\" height=\"600\" srcset=\"https:\/\/www.sabine-seyffert.de\/blog\/wp-content\/uploads\/2020\/09\/Fuchs-Zapfen-Sabine-Seyffert.de-5.jpg 800w, https:\/\/www.sabine-seyffert.de\/blog\/wp-content\/uploads\/2020\/09\/Fuchs-Zapfen-Sabine-Seyffert.de-5-300x225.jpg 300w, https:\/\/www.sabine-seyffert.de\/blog\/wp-content\/uploads\/2020\/09\/Fuchs-Zapfen-Sabine-Seyffert.de-5-768x576.jpg 768w\" sizes=\"auto, (max-width: 800px) 100vw, 800px\" \/><\/a><\/p>\n<p style=\"text-align: justify;\">Aus einem kleinen St\u00fcck Zeitung und wei\u00dfer Farbe stellt ihr euch fix <a href=\"https:\/\/www.sabine-seyffert.de\/blog\/?p=13917\" target=\"_blank\" rel=\"noopener noreferrer\">eigenes Bastelpapier<\/a> her, das ihr f\u00fcr die Ohren ben\u00f6tigt. Solltet ihr keinen Filz zum basteln haben, kann man auch die Ohren aus mit Farbe bemaltem Zeitungspapier gestalten.<\/p>\n<p style=\"text-align: center;\"><a href=\"https:\/\/www.sabine-seyffert.de\/blog\/wp-content\/uploads\/2020\/09\/Fuchs-Zapfen-Sabine-Seyffert.de-4.jpg\"><img loading=\"lazy\" decoding=\"async\" class=\"alignnone size-full wp-image-17383\" src=\"https:\/\/www.sabine-seyffert.de\/blog\/wp-content\/uploads\/2020\/09\/Fuchs-Zapfen-Sabine-Seyffert.de-4.jpg\" alt=\"\" width=\"800\" height=\"600\" srcset=\"https:\/\/www.sabine-seyffert.de\/blog\/wp-content\/uploads\/2020\/09\/Fuchs-Zapfen-Sabine-Seyffert.de-4.jpg 800w, https:\/\/www.sabine-seyffert.de\/blog\/wp-content\/uploads\/2020\/09\/Fuchs-Zapfen-Sabine-Seyffert.de-4-300x225.jpg 300w, https:\/\/www.sabine-seyffert.de\/blog\/wp-content\/uploads\/2020\/09\/Fuchs-Zapfen-Sabine-Seyffert.de-4-768x576.jpg 768w\" sizes=\"auto, (max-width: 800px) 100vw, 800px\" \/><\/a><\/p>\n<p style=\"text-align: justify;\">F\u00fcr die Nase schneidet ihr euch 2-3 St\u00fccke Kordel ab und knotet diese mittig. Sobald die Farbe ganz getrocknet ist, kann man diese unten mit einem Tropfen Hei\u00dfkleber aufkleben und einen kleinen Eichelhut dar\u00fcber setzen.<\/p>\n<p style=\"text-align: center;\"><a href=\"https:\/\/www.sabine-seyffert.de\/blog\/wp-content\/uploads\/2020\/09\/Fuchs-Zapfen-Sabine-Seyffert.de-2.jpg\"><img loading=\"lazy\" decoding=\"async\" class=\"alignnone size-full wp-image-17384\" src=\"https:\/\/www.sabine-seyffert.de\/blog\/wp-content\/uploads\/2020\/09\/Fuchs-Zapfen-Sabine-Seyffert.de-2.jpg\" alt=\"\" width=\"800\" height=\"600\" srcset=\"https:\/\/www.sabine-seyffert.de\/blog\/wp-content\/uploads\/2020\/09\/Fuchs-Zapfen-Sabine-Seyffert.de-2.jpg 800w, https:\/\/www.sabine-seyffert.de\/blog\/wp-content\/uploads\/2020\/09\/Fuchs-Zapfen-Sabine-Seyffert.de-2-300x225.jpg 300w, https:\/\/www.sabine-seyffert.de\/blog\/wp-content\/uploads\/2020\/09\/Fuchs-Zapfen-Sabine-Seyffert.de-2-768x576.jpg 768w\" sizes=\"auto, (max-width: 800px) 100vw, 800px\" \/><\/a><\/p>\n<p style=\"text-align: justify;\">Auch die Augen sind auch Eichelh\u00fcten gemacht. Einfach mit Hei\u00dfkleber (das h\u00e4lt am besten, alternativ fl\u00fcssiger Klebstoff) dazwischen stecken und festkleben. Innen noch mit wei\u00dfer &amp; schwarzer Farbe Augen hinein tupfen.<\/p>\n<p style=\"text-align: center;\"><a href=\"https:\/\/www.sabine-seyffert.de\/blog\/wp-content\/uploads\/2020\/09\/Fuchs-Zapfen-Sabine-Seyffert.de-1.jpg\"><img loading=\"lazy\" decoding=\"async\" class=\"alignnone size-full wp-image-17385\" src=\"https:\/\/www.sabine-seyffert.de\/blog\/wp-content\/uploads\/2020\/09\/Fuchs-Zapfen-Sabine-Seyffert.de-1.jpg\" alt=\"\" width=\"800\" height=\"600\" srcset=\"https:\/\/www.sabine-seyffert.de\/blog\/wp-content\/uploads\/2020\/09\/Fuchs-Zapfen-Sabine-Seyffert.de-1.jpg 800w, https:\/\/www.sabine-seyffert.de\/blog\/wp-content\/uploads\/2020\/09\/Fuchs-Zapfen-Sabine-Seyffert.de-1-300x225.jpg 300w, https:\/\/www.sabine-seyffert.de\/blog\/wp-content\/uploads\/2020\/09\/Fuchs-Zapfen-Sabine-Seyffert.de-1-768x576.jpg 768w\" sizes=\"auto, (max-width: 800px) 100vw, 800px\" \/><\/a><\/p>\n<p style=\"text-align: justify;\"><strong>Ein kleiner Tipp:<\/strong><br \/>\nUm den \u201enat\u00fcrlichen\u201c Fuchs gut in Szene zu setzen haben wir ihn in einen Eierkarton bzw. Deckel geklebt. Wenn dieser Innen beschriftet ist, kann man ihn d\u00fcnn mit Bastelfarbe \u00fcbermalen um den Aufdruck zu verdecken.<br \/>\nAu\u00dferdem haben wir aus einem gerade Zweig und dem unbedruckten Rand einer Zeitung ein Schild gebastelt und neben den Fuchs an den Deckel klebt. Auf den Wimpel kann man \u201eFuchs\u201c oder den Namen stempeln oder auch alternativ aus ausgeschnittenen Buchstaben einer Zeitung aufkleben.<\/p>\n<p style=\"text-align: center;\"><a href=\"https:\/\/www.sabine-seyffert.de\/blog\/wp-content\/uploads\/2020\/09\/Fuchs-Zapfen-Sabine-Seyffert.de-9.jpg\"><img loading=\"lazy\" decoding=\"async\" class=\"alignnone size-full wp-image-17386\" src=\"https:\/\/www.sabine-seyffert.de\/blog\/wp-content\/uploads\/2020\/09\/Fuchs-Zapfen-Sabine-Seyffert.de-9.jpg\" alt=\"\" width=\"600\" height=\"800\" srcset=\"https:\/\/www.sabine-seyffert.de\/blog\/wp-content\/uploads\/2020\/09\/Fuchs-Zapfen-Sabine-Seyffert.de-9.jpg 600w, https:\/\/www.sabine-seyffert.de\/blog\/wp-content\/uploads\/2020\/09\/Fuchs-Zapfen-Sabine-Seyffert.de-9-225x300.jpg 225w\" sizes=\"auto, (max-width: 600px) 100vw, 600px\" \/><\/a><\/p>\n<p style=\"text-align: justify;\">Mehr Ideen zum Thema Fuchs findet ihr in <a href=\"https:\/\/www.sabine-seyffert.de\/blog\/?cat=45\" target=\"_blank\" rel=\"noopener noreferrer\">diesem Blog Ordner<\/a>, weitere DIY Bastelideen f\u00fcr Kinder findet in <a href=\"https:\/\/www.sabine-seyffert.de\/blog\/?cat=32\" target=\"_blank\" rel=\"noopener noreferrer\">dieser Blog Kategorie<\/a>, alles zum Thema Upcycling mit detaillierter Bastelanleitung gibt es in <a href=\"https:\/\/www.sabine-seyffert.de\/blog\/?cat=47\" target=\"_blank\" rel=\"noopener noreferrer\">dieser Rubrik<\/a>, alles rund um die Herbstzeit sind in <a href=\"https:\/\/www.sabine-seyffert.de\/blog\/?cat=25\" target=\"_blank\" rel=\"noopener noreferrer\">diesem Blog Ordner<\/a> oder <a href=\"https:\/\/www.pinterest.de\/diysabineseyffert\" target=\"_blank\" rel=\"noopener noreferrer\">meiner Pinnwand<\/a> und andere kreative Sachen da.<\/p>\n<p style=\"text-align: center;\"><a href=\"https:\/\/www.sabine-seyffert.de\/blog\/wp-content\/uploads\/2020\/09\/Fuchs-Zapfen-Sabine-Seyffert.de-8.jpg\"><img loading=\"lazy\" decoding=\"async\" class=\"alignnone size-full wp-image-17387\" src=\"https:\/\/www.sabine-seyffert.de\/blog\/wp-content\/uploads\/2020\/09\/Fuchs-Zapfen-Sabine-Seyffert.de-8.jpg\" alt=\"\" width=\"600\" height=\"800\" srcset=\"https:\/\/www.sabine-seyffert.de\/blog\/wp-content\/uploads\/2020\/09\/Fuchs-Zapfen-Sabine-Seyffert.de-8.jpg 600w, https:\/\/www.sabine-seyffert.de\/blog\/wp-content\/uploads\/2020\/09\/Fuchs-Zapfen-Sabine-Seyffert.de-8-225x300.jpg 225w\" sizes=\"auto, (max-width: 600px) 100vw, 600px\" \/><\/a><\/p>\n<p style=\"text-align: justify;\"><a href=\"https:\/\/www.sabine-seyffert.de\/blog\/?page_id=32#urheberrecht\">urheberrechtlich gesch\u00fctzt<\/a>, \u00a9 Sabine Seyffert<\/p>\n","protected":false},"excerpt":{"rendered":"<p>Auch wenn das Wetter gerade recht hochsommerlich ist, so r\u00fcckt der Herbst n\u00e4her. Und daher zeige ich euch heute eine ganz einfache, aber lustige Bastelidee, die prima in diese Jahreszeit passt. F\u00fcchse sind bei meinen Kindern schon seit langem beliebt. Nicht nur durch die Fuchsgruppe im Kindergarten, sondern ganz besonders durch den Fuchsgeburtstag, den wir&#8230; <a href=\"https:\/\/www.sabine-seyffert.de\/blog\/diy-bastelidee-fuer-kinder-mit-naturmaterial-fuchs-aus-tannenzapfen-eicheln-eierkarton-basteln\/\" class=\"more-link\">Read more: DIY Bastelidee f\u00fcr Kinder mit Naturmaterial: Fuchs aus Tannenzapfen, Eicheln &#038; Eierkarton basteln<\/a><\/p>\n","protected":false},"author":2,"featured_media":0,"comment_status":"open","ping_status":"open","sticky":false,"template":"","format":"standard","meta":{"_metis_text_type":"","_metis_text_length":3145,"_post_count":0,"footnotes":""},"categories":[32,45,25,47],"tags":[],"class_list":["post-17377","post","type-post","status-publish","format-standard","hentry","category-kreatives-fur-kleine-kinderhande","category-fuchsgeburtstag","category-herbst","category-upcyceltes"],"_links":{"self":[{"href":"https:\/\/www.sabine-seyffert.de\/blog\/wp-json\/wp\/v2\/posts\/17377","targetHints":{"allow":["GET"]}}],"collection":[{"href":"https:\/\/www.sabine-seyffert.de\/blog\/wp-json\/wp\/v2\/posts"}],"about":[{"href":"https:\/\/www.sabine-seyffert.de\/blog\/wp-json\/wp\/v2\/types\/post"}],"author":[{"embeddable":true,"href":"https:\/\/www.sabine-seyffert.de\/blog\/wp-json\/wp\/v2\/users\/2"}],"replies":[{"embeddable":true,"href":"https:\/\/www.sabine-seyffert.de\/blog\/wp-json\/wp\/v2\/comments?post=17377"}],"version-history":[{"count":4,"href":"https:\/\/www.sabine-seyffert.de\/blog\/wp-json\/wp\/v2\/posts\/17377\/revisions"}],"predecessor-version":[{"id":24161,"href":"https:\/\/www.sabine-seyffert.de\/blog\/wp-json\/wp\/v2\/posts\/17377\/revisions\/24161"}],"wp:attachment":[{"href":"https:\/\/www.sabine-seyffert.de\/blog\/wp-json\/wp\/v2\/media?parent=17377"}],"wp:term":[{"taxonomy":"category","embeddable":true,"href":"https:\/\/www.sabine-seyffert.de\/blog\/wp-json\/wp\/v2\/categories?post=17377"},{"taxonomy":"post_tag","embeddable":true,"href":"https:\/\/www.sabine-seyffert.de\/blog\/wp-json\/wp\/v2\/tags?post=17377"}],"curies":[{"name":"wp","href":"https:\/\/api.w.org\/{rel}","templated":true}]}}