{"id":17367,"date":"2020-09-15T06:48:33","date_gmt":"2020-09-15T04:48:33","guid":{"rendered":"https:\/\/www.sabine-seyffert.de\/blog\/?p=17367"},"modified":"2022-09-02T11:39:08","modified_gmt":"2022-09-02T09:39:08","slug":"diy-bastelidee-upcycling-fuer-kinder-zwerge-kleine-wichtel-aus-korken-basteln","status":"publish","type":"post","link":"https:\/\/www.sabine-seyffert.de\/blog\/diy-bastelidee-upcycling-fuer-kinder-zwerge-kleine-wichtel-aus-korken-basteln\/","title":{"rendered":"DIY Bastelidee &#038; Upcycling f\u00fcr Kinder: Zwerge &#038; kleine Wichtel aus Korken basteln"},"content":{"rendered":"<p style=\"text-align: justify;\"><img loading=\"lazy\" decoding=\"async\" src=\"https:\/\/vg09.met.vgwort.de\/na\/9dc7b455c9304cd19e264a98985f22f5\" alt=\"\" width=\"1\" height=\"1\" \/>Wenn es im Herbst Drau\u00dfen ungem\u00fctlich wird, bleibt viel Zeit zum Kreativsein. So haben wir einen verregneten Nachmittag mit Regenwetterprogramm versehen und aus alten Weinkorken herbstliche Waldzwerge und Wichtelm\u00e4nner gebastelt. Die sind recht schnell gemacht und k\u00f6nnen aus Bastelmaterial gefertigt werden, dass man in der Regel zu Hause zur Hand hat. Nat\u00fcrlich k\u00f6nnt ihr das Material auch nach euren Materialvorr\u00e4ten abwandeln und eigenen Vorstellungen gestalten. Diese Bastelanleitung soll lediglich inspirieren und ein kleines Beispiel aufzeigen, wie man einen solchen Zwerg basteln kann \ud83d\ude09<\/p>\n<p style=\"text-align: center;\"><a href=\"https:\/\/www.sabine-seyffert.de\/blog\/wp-content\/uploads\/2020\/09\/Kork-Zwerg-Sabine-Seyffert.de-1.jpg\"><img loading=\"lazy\" decoding=\"async\" class=\"alignnone size-full wp-image-17368\" src=\"https:\/\/www.sabine-seyffert.de\/blog\/wp-content\/uploads\/2020\/09\/Kork-Zwerg-Sabine-Seyffert.de-1.jpg\" alt=\"\" width=\"800\" height=\"600\" srcset=\"https:\/\/www.sabine-seyffert.de\/blog\/wp-content\/uploads\/2020\/09\/Kork-Zwerg-Sabine-Seyffert.de-1.jpg 800w, https:\/\/www.sabine-seyffert.de\/blog\/wp-content\/uploads\/2020\/09\/Kork-Zwerg-Sabine-Seyffert.de-1-300x225.jpg 300w, https:\/\/www.sabine-seyffert.de\/blog\/wp-content\/uploads\/2020\/09\/Kork-Zwerg-Sabine-Seyffert.de-1-768x576.jpg 768w\" sizes=\"auto, (max-width: 800px) 100vw, 800px\" \/><\/a><\/p>\n<p style=\"text-align: justify;\"><strong>Das wird gebraucht:<\/strong><br \/>\nFlaschenkorken, Zeitungspapier, Wasserfarbe, Pinsel, Bastelfarbe, eine Bastelschere, Bastelkleber bzw. Klebestift, bunter Bastelfilz (alternativ Stoffreste oder auch Papier), etwas Kordel oder Wollreste<\/p>\n<p style=\"text-align: center;\"><a href=\"https:\/\/www.sabine-seyffert.de\/blog\/wp-content\/uploads\/2020\/09\/Blumen-Duo-Mini-Sabine-Seyffert.de-1.jpg\"><img loading=\"lazy\" decoding=\"async\" class=\"alignnone size-full wp-image-17369\" src=\"https:\/\/www.sabine-seyffert.de\/blog\/wp-content\/uploads\/2020\/09\/Blumen-Duo-Mini-Sabine-Seyffert.de-1.jpg\" alt=\"\" width=\"800\" height=\"600\" srcset=\"https:\/\/www.sabine-seyffert.de\/blog\/wp-content\/uploads\/2020\/09\/Blumen-Duo-Mini-Sabine-Seyffert.de-1.jpg 800w, https:\/\/www.sabine-seyffert.de\/blog\/wp-content\/uploads\/2020\/09\/Blumen-Duo-Mini-Sabine-Seyffert.de-1-300x225.jpg 300w, https:\/\/www.sabine-seyffert.de\/blog\/wp-content\/uploads\/2020\/09\/Blumen-Duo-Mini-Sabine-Seyffert.de-1-768x576.jpg 768w\" sizes=\"auto, (max-width: 800px) 100vw, 800px\" \/><\/a><\/p>\n<p style=\"text-align: justify;\"><strong>So wird\u2019s gemacht:<\/strong><br \/>\nF\u00fcr die Zwergengesichter braucht man etwas Zeitungspapier (mit Text bedruckt, ohne Bilder oder Farbe), das man zuvor mit hautfarbener Wasserfarbe anmalt. Wir haben von diesem <a href=\"https:\/\/www.sabine-seyffert.de\/blog\/?p=13917\" target=\"_blank\" rel=\"noopener noreferrer\">kostenlosen Bastelmaterial<\/a> immer einen gro\u00dfen Vorrat, da ich dieses regelm\u00e4\u00dfig f\u00fcr kreative DIY einsetze und es nichts kostet.<\/p>\n<p style=\"text-align: center;\"><a href=\"https:\/\/www.sabine-seyffert.de\/blog\/wp-content\/uploads\/2020\/09\/Kork-Zwerg-Sabine-Seyffert.de-5.jpg\"><img loading=\"lazy\" decoding=\"async\" class=\"alignnone size-full wp-image-17370\" src=\"https:\/\/www.sabine-seyffert.de\/blog\/wp-content\/uploads\/2020\/09\/Kork-Zwerg-Sabine-Seyffert.de-5.jpg\" alt=\"\" width=\"800\" height=\"600\" srcset=\"https:\/\/www.sabine-seyffert.de\/blog\/wp-content\/uploads\/2020\/09\/Kork-Zwerg-Sabine-Seyffert.de-5.jpg 800w, https:\/\/www.sabine-seyffert.de\/blog\/wp-content\/uploads\/2020\/09\/Kork-Zwerg-Sabine-Seyffert.de-5-300x225.jpg 300w, https:\/\/www.sabine-seyffert.de\/blog\/wp-content\/uploads\/2020\/09\/Kork-Zwerg-Sabine-Seyffert.de-5-768x576.jpg 768w\" sizes=\"auto, (max-width: 800px) 100vw, 800px\" \/><\/a><\/p>\n<p style=\"text-align: justify;\">Davon schneidet man einen etwa 1 cm breiten Streifen ab und klebt diesen um das obere Korkenst\u00fcck. Darunter kommt ein Streifen Bastelfilz, den man ebenfalls mit Klebestift um den Korken befestigt.<br \/>\nF\u00fcr die Zwergenm\u00fctze braucht man ebenfalls einen Streifen Filz. Den klebt man ganz oben \u00fcber den \u201eKopf\u201c und auf der R\u00fcckseite an den Kanten zusammen. Damit es eine richtige Zipfelm\u00fctze wird, bindet man ein St\u00fcck d\u00fcnne Kordel mittig daran fest.<\/p>\n<p style=\"text-align: center;\"><a href=\"https:\/\/www.sabine-seyffert.de\/blog\/wp-content\/uploads\/2020\/09\/Kork-Zwerg-Sabine-Seyffert.de-4.jpg\"><img loading=\"lazy\" decoding=\"async\" class=\"alignnone size-full wp-image-17371\" src=\"https:\/\/www.sabine-seyffert.de\/blog\/wp-content\/uploads\/2020\/09\/Kork-Zwerg-Sabine-Seyffert.de-4.jpg\" alt=\"\" width=\"800\" height=\"600\" srcset=\"https:\/\/www.sabine-seyffert.de\/blog\/wp-content\/uploads\/2020\/09\/Kork-Zwerg-Sabine-Seyffert.de-4.jpg 800w, https:\/\/www.sabine-seyffert.de\/blog\/wp-content\/uploads\/2020\/09\/Kork-Zwerg-Sabine-Seyffert.de-4-300x225.jpg 300w, https:\/\/www.sabine-seyffert.de\/blog\/wp-content\/uploads\/2020\/09\/Kork-Zwerg-Sabine-Seyffert.de-4-768x576.jpg 768w\" sizes=\"auto, (max-width: 800px) 100vw, 800px\" \/><\/a><\/p>\n<p style=\"text-align: justify;\">Aus wei\u00dfem Filz bekommen alle Zwerge noch einen wei\u00dfen Bart und ganz zum Schluss kann man mit einem d\u00fcnnen Pinsel das Gesicht aufmalen oder tupfen.<\/p>\n<p style=\"text-align: center;\"><a href=\"https:\/\/www.sabine-seyffert.de\/blog\/wp-content\/uploads\/2020\/09\/Kork-Zwerg-Sabine-Seyffert.de-3.jpg\"><img loading=\"lazy\" decoding=\"async\" class=\"alignnone size-full wp-image-17372\" src=\"https:\/\/www.sabine-seyffert.de\/blog\/wp-content\/uploads\/2020\/09\/Kork-Zwerg-Sabine-Seyffert.de-3.jpg\" alt=\"\" width=\"800\" height=\"600\" srcset=\"https:\/\/www.sabine-seyffert.de\/blog\/wp-content\/uploads\/2020\/09\/Kork-Zwerg-Sabine-Seyffert.de-3.jpg 800w, https:\/\/www.sabine-seyffert.de\/blog\/wp-content\/uploads\/2020\/09\/Kork-Zwerg-Sabine-Seyffert.de-3-300x225.jpg 300w, https:\/\/www.sabine-seyffert.de\/blog\/wp-content\/uploads\/2020\/09\/Kork-Zwerg-Sabine-Seyffert.de-3-768x576.jpg 768w\" sizes=\"auto, (max-width: 800px) 100vw, 800px\" \/><\/a><\/p>\n<p style=\"text-align: justify;\"><strong>Ein kleiner Tipp:<\/strong> Kleine Bastelprofis k\u00f6nnen ihren Zwergen auch aus d\u00fcnnen Zweigen und Papierresten noch Blumen oder andere Utensilien basteln.<\/p>\n<p style=\"text-align: center;\"><a href=\"https:\/\/www.sabine-seyffert.de\/blog\/wp-content\/uploads\/2020\/09\/Kork-Zwerg-Sabine-Seyffert.de-2.jpg\"><img loading=\"lazy\" decoding=\"async\" class=\"alignnone size-full wp-image-17373\" src=\"https:\/\/www.sabine-seyffert.de\/blog\/wp-content\/uploads\/2020\/09\/Kork-Zwerg-Sabine-Seyffert.de-2.jpg\" alt=\"\" width=\"800\" height=\"600\" srcset=\"https:\/\/www.sabine-seyffert.de\/blog\/wp-content\/uploads\/2020\/09\/Kork-Zwerg-Sabine-Seyffert.de-2.jpg 800w, https:\/\/www.sabine-seyffert.de\/blog\/wp-content\/uploads\/2020\/09\/Kork-Zwerg-Sabine-Seyffert.de-2-300x225.jpg 300w, https:\/\/www.sabine-seyffert.de\/blog\/wp-content\/uploads\/2020\/09\/Kork-Zwerg-Sabine-Seyffert.de-2-768x576.jpg 768w\" sizes=\"auto, (max-width: 800px) 100vw, 800px\" \/><\/a><\/p>\n<p style=\"text-align: justify;\">Wo die kleinen Zwerge wohnen werden, verrate ich euch in K\u00fcrze in dieser Bastelanleitung \ud83d\ude42<\/p>\n<p style=\"text-align: center;\"><a href=\"https:\/\/www.sabine-seyffert.de\/blog\/wp-content\/uploads\/2020\/09\/Kork-Zwerg-Sabine-Seyffert.de-6.jpg\"><img loading=\"lazy\" decoding=\"async\" class=\"alignnone size-full wp-image-17374\" src=\"https:\/\/www.sabine-seyffert.de\/blog\/wp-content\/uploads\/2020\/09\/Kork-Zwerg-Sabine-Seyffert.de-6.jpg\" alt=\"\" width=\"600\" height=\"800\" srcset=\"https:\/\/www.sabine-seyffert.de\/blog\/wp-content\/uploads\/2020\/09\/Kork-Zwerg-Sabine-Seyffert.de-6.jpg 600w, https:\/\/www.sabine-seyffert.de\/blog\/wp-content\/uploads\/2020\/09\/Kork-Zwerg-Sabine-Seyffert.de-6-225x300.jpg 225w\" sizes=\"auto, (max-width: 600px) 100vw, 600px\" \/><\/a><\/p>\n<p style=\"text-align: justify;\">Weitere kreative Bastelideen f\u00fcr Kinder findet ihr \u00fcbrigens in <a href=\"https:\/\/www.sabine-seyffert.de\/blog\/?cat=32\" target=\"_blank\" rel=\"noopener noreferrer\">dieser Blog Kategorie<\/a> oder <a href=\"https:\/\/www.pinterest.de\/diysabineseyffert\" target=\"_blank\" rel=\"noopener noreferrer\">meiner Pinnwand<\/a>, pfiffige Upcycling Ideen zum Nachmachen gibt es in <a href=\"https:\/\/www.sabine-seyffert.de\/blog\/?cat=47\" target=\"_blank\" rel=\"noopener noreferrer\">diesem Ordner<\/a>, alles rund um die Jahreszeit Herbst ist <a href=\"https:\/\/www.sabine-seyffert.de\/blog\/?cat=25\" target=\"_blank\" rel=\"noopener noreferrer\">hier<\/a> zu finden und andere kreative Sachen gibt es <a href=\"http:\/\/www.lunaju.de\/2020\/09\/kiddikram-september-2020.html\" target=\"_blank\" rel=\"noopener noreferrer\">dort<\/a>.<\/p>\n<p style=\"text-align: justify;\"><a href=\"https:\/\/www.sabine-seyffert.de\/blog\/?page_id=32#urheberrecht\">urheberrechtlich gesch\u00fctzt<\/a>, \u00a9 Sabine Seyffert<\/p>\n","protected":false},"excerpt":{"rendered":"<p>Wenn es im Herbst Drau\u00dfen ungem\u00fctlich wird, bleibt viel Zeit zum Kreativsein. So haben wir einen verregneten Nachmittag mit Regenwetterprogramm versehen und aus alten Weinkorken herbstliche Waldzwerge und Wichtelm\u00e4nner gebastelt. Die sind recht schnell gemacht und k\u00f6nnen aus Bastelmaterial gefertigt werden, dass man in der Regel zu Hause zur Hand hat. Nat\u00fcrlich k\u00f6nnt ihr das&#8230; <a href=\"https:\/\/www.sabine-seyffert.de\/blog\/diy-bastelidee-upcycling-fuer-kinder-zwerge-kleine-wichtel-aus-korken-basteln\/\" class=\"more-link\">Read more: DIY Bastelidee &#038; Upcycling f\u00fcr Kinder: Zwerge &#038; kleine Wichtel aus Korken basteln<\/a><\/p>\n","protected":false},"author":2,"featured_media":0,"comment_status":"open","ping_status":"open","sticky":false,"template":"","format":"standard","meta":{"_metis_text_type":"","_metis_text_length":2277,"_post_count":0,"footnotes":""},"categories":[32,25,10,47],"tags":[],"class_list":["post-17367","post","type-post","status-publish","format-standard","hentry","category-kreatives-fur-kleine-kinderhande","category-herbst","category-spiel-spas","category-upcyceltes"],"_links":{"self":[{"href":"https:\/\/www.sabine-seyffert.de\/blog\/wp-json\/wp\/v2\/posts\/17367","targetHints":{"allow":["GET"]}}],"collection":[{"href":"https:\/\/www.sabine-seyffert.de\/blog\/wp-json\/wp\/v2\/posts"}],"about":[{"href":"https:\/\/www.sabine-seyffert.de\/blog\/wp-json\/wp\/v2\/types\/post"}],"author":[{"embeddable":true,"href":"https:\/\/www.sabine-seyffert.de\/blog\/wp-json\/wp\/v2\/users\/2"}],"replies":[{"embeddable":true,"href":"https:\/\/www.sabine-seyffert.de\/blog\/wp-json\/wp\/v2\/comments?post=17367"}],"version-history":[{"count":3,"href":"https:\/\/www.sabine-seyffert.de\/blog\/wp-json\/wp\/v2\/posts\/17367\/revisions"}],"predecessor-version":[{"id":23951,"href":"https:\/\/www.sabine-seyffert.de\/blog\/wp-json\/wp\/v2\/posts\/17367\/revisions\/23951"}],"wp:attachment":[{"href":"https:\/\/www.sabine-seyffert.de\/blog\/wp-json\/wp\/v2\/media?parent=17367"}],"wp:term":[{"taxonomy":"category","embeddable":true,"href":"https:\/\/www.sabine-seyffert.de\/blog\/wp-json\/wp\/v2\/categories?post=17367"},{"taxonomy":"post_tag","embeddable":true,"href":"https:\/\/www.sabine-seyffert.de\/blog\/wp-json\/wp\/v2\/tags?post=17367"}],"curies":[{"name":"wp","href":"https:\/\/api.w.org\/{rel}","templated":true}]}}