{"id":17341,"date":"2020-09-12T08:07:02","date_gmt":"2020-09-12T06:07:02","guid":{"rendered":"https:\/\/www.sabine-seyffert.de\/blog\/?p=17341"},"modified":"2020-09-15T06:31:55","modified_gmt":"2020-09-15T04:31:55","slug":"geschenke-aus-der-kueche-schoen-verpackt-geschenkverpackung-aus-milchtuete-fuer-die-apfel-kekse","status":"publish","type":"post","link":"https:\/\/www.sabine-seyffert.de\/blog\/geschenke-aus-der-kueche-schoen-verpackt-geschenkverpackung-aus-milchtuete-fuer-die-apfel-kekse\/","title":{"rendered":"Geschenke aus der K\u00fcche sch\u00f6n verpackt: Geschenkverpackung aus Milcht\u00fcte f\u00fcr die Apfel Kekse"},"content":{"rendered":"<p style=\"text-align: justify;\"><img loading=\"lazy\" decoding=\"async\" src=\"https:\/\/vg09.met.vgwort.de\/na\/0c64511db0df43ed9ce7ec40511606a8\" alt=\"\" width=\"1\" height=\"1\" \/>Nachdem ich euch gestern das leckere <a href=\"https:\/\/www.sabine-seyffert.de\/blog\/?p=17327\" target=\"_blank\" rel=\"noopener noreferrer\">Rezept f\u00fcr die knusprigen Apfel Pl\u00e4tzchen<\/a> mit Waln\u00fcssen und Zimt verraten habe, gibt es heute eine pfiffige Upcycling Verpackung, damit sich die Leckereien auch als kleines Mitbringsel nutzen und verschenken lassen. Diese Verpackungsidee ist schnell gemacht, nachhaltig und kostenlos \u2013 prima, oder? Alles Bastelmaterial, was ihr daf\u00fcr braucht, habt ihr mit Sicherheit zu Hause und falls ihr bastelw\u00fctige Kinder zu Hause habt, k\u00f6nnen die f\u00fcr euch auch das Basteln \u00fcbernehmen.<\/p>\n<p style=\"text-align: center;\"><a href=\"https:\/\/www.sabine-seyffert.de\/blog\/wp-content\/uploads\/2020\/09\/Apfel-aus-Tetrapak-Sabine-Seyffert.de-3.jpg\"><img loading=\"lazy\" decoding=\"async\" class=\"alignnone size-full wp-image-17342\" src=\"https:\/\/www.sabine-seyffert.de\/blog\/wp-content\/uploads\/2020\/09\/Apfel-aus-Tetrapak-Sabine-Seyffert.de-3.jpg\" alt=\"\" width=\"800\" height=\"600\" srcset=\"https:\/\/www.sabine-seyffert.de\/blog\/wp-content\/uploads\/2020\/09\/Apfel-aus-Tetrapak-Sabine-Seyffert.de-3.jpg 800w, https:\/\/www.sabine-seyffert.de\/blog\/wp-content\/uploads\/2020\/09\/Apfel-aus-Tetrapak-Sabine-Seyffert.de-3-300x225.jpg 300w, https:\/\/www.sabine-seyffert.de\/blog\/wp-content\/uploads\/2020\/09\/Apfel-aus-Tetrapak-Sabine-Seyffert.de-3-768x576.jpg 768w\" sizes=\"auto, (max-width: 800px) 100vw, 800px\" \/><\/a><\/p>\n<p style=\"text-align: justify;\"><strong>Das wird gebraucht:<\/strong><br \/>\nEine leere Milchverpackung \/ Tetrapak, ein scharfes Bastelmesser \/ Cutter, Bastelkleber \/ Klebestift, eine altes Tageszeitung, Pinsel (Borstenpinsel), einen Wasserfarbkasten<\/p>\n<p style=\"text-align: center;\"><a href=\"https:\/\/www.sabine-seyffert.de\/blog\/wp-content\/uploads\/2020\/09\/Apfel-aus-Tetrapak-Sabine-Seyffert.de-.jpg\"><img loading=\"lazy\" decoding=\"async\" class=\"alignnone size-full wp-image-17343\" src=\"https:\/\/www.sabine-seyffert.de\/blog\/wp-content\/uploads\/2020\/09\/Apfel-aus-Tetrapak-Sabine-Seyffert.de-.jpg\" alt=\"\" width=\"800\" height=\"600\" srcset=\"https:\/\/www.sabine-seyffert.de\/blog\/wp-content\/uploads\/2020\/09\/Apfel-aus-Tetrapak-Sabine-Seyffert.de-.jpg 800w, https:\/\/www.sabine-seyffert.de\/blog\/wp-content\/uploads\/2020\/09\/Apfel-aus-Tetrapak-Sabine-Seyffert.de--300x225.jpg 300w, https:\/\/www.sabine-seyffert.de\/blog\/wp-content\/uploads\/2020\/09\/Apfel-aus-Tetrapak-Sabine-Seyffert.de--768x576.jpg 768w\" sizes=\"auto, (max-width: 800px) 100vw, 800px\" \/><\/a><\/p>\n<p style=\"text-align: justify;\"><strong>So wird\u2019s gemacht:<\/strong><br \/>\nLeere Milchkartons zum Basteln zu nutzen finde ich immer toll. Zum einen sind diese ganz stabil, kosten nichts und bevor man sie im M\u00fcll entsorgt, kann man die doch besser f\u00fcr nachhaltige, kreative Zwecke nutzen.<\/p>\n<p style=\"text-align: center;\"><a href=\"https:\/\/www.sabine-seyffert.de\/blog\/wp-content\/uploads\/2020\/09\/Apfel-aus-Tetrapak-Sabine-Seyffert.de-6.jpg\"><img loading=\"lazy\" decoding=\"async\" class=\"alignnone size-full wp-image-17344\" src=\"https:\/\/www.sabine-seyffert.de\/blog\/wp-content\/uploads\/2020\/09\/Apfel-aus-Tetrapak-Sabine-Seyffert.de-6.jpg\" alt=\"\" width=\"800\" height=\"600\" srcset=\"https:\/\/www.sabine-seyffert.de\/blog\/wp-content\/uploads\/2020\/09\/Apfel-aus-Tetrapak-Sabine-Seyffert.de-6.jpg 800w, https:\/\/www.sabine-seyffert.de\/blog\/wp-content\/uploads\/2020\/09\/Apfel-aus-Tetrapak-Sabine-Seyffert.de-6-300x225.jpg 300w, https:\/\/www.sabine-seyffert.de\/blog\/wp-content\/uploads\/2020\/09\/Apfel-aus-Tetrapak-Sabine-Seyffert.de-6-768x576.jpg 768w\" sizes=\"auto, (max-width: 800px) 100vw, 800px\" \/><\/a><\/p>\n<p style=\"text-align: justify;\">Eine ausf\u00fchrliche Bastelanleitung mit zahlreichen Tipps, wie man die Milcht\u00fcten am besten bearbeitet, findet ihr an <a href=\"https:\/\/www.sabine-seyffert.de\/blog\/?p=14184\" target=\"_blank\" rel=\"noopener noreferrer\">dieser Stelle<\/a>. Damit sollte das Basteln problemlos funktionieren \ud83d\ude42<\/p>\n<p style=\"text-align: center;\"><a href=\"https:\/\/www.sabine-seyffert.de\/blog\/wp-content\/uploads\/2020\/09\/Apfel-aus-Tetrapak-Sabine-Seyffert.de-5.jpg\"><img loading=\"lazy\" decoding=\"async\" class=\"alignnone size-full wp-image-17345\" src=\"https:\/\/www.sabine-seyffert.de\/blog\/wp-content\/uploads\/2020\/09\/Apfel-aus-Tetrapak-Sabine-Seyffert.de-5.jpg\" alt=\"\" width=\"800\" height=\"600\" srcset=\"https:\/\/www.sabine-seyffert.de\/blog\/wp-content\/uploads\/2020\/09\/Apfel-aus-Tetrapak-Sabine-Seyffert.de-5.jpg 800w, https:\/\/www.sabine-seyffert.de\/blog\/wp-content\/uploads\/2020\/09\/Apfel-aus-Tetrapak-Sabine-Seyffert.de-5-300x225.jpg 300w, https:\/\/www.sabine-seyffert.de\/blog\/wp-content\/uploads\/2020\/09\/Apfel-aus-Tetrapak-Sabine-Seyffert.de-5-768x576.jpg 768w\" sizes=\"auto, (max-width: 800px) 100vw, 800px\" \/><\/a><\/p>\n<p style=\"text-align: justify;\">Wenn ihr eure Milcht\u00fcte schlie\u00dflich von der \u00e4u\u00dferen Schicht befreit und die R\u00e4nder umgeklappt habt, k\u00f6nnt ihr diese verzieren. Passend zu <a href=\"https:\/\/www.instagram.com\/diy_sabine_seyffert\/\" target=\"_blank\" rel=\"noopener noreferrer\">meiner Apfelchallenge<\/a> (und nat\u00fcrlich den selbst gemachten <a href=\"https:\/\/www.sabine-seyffert.de\/blog\/?p=17327\" target=\"_blank\" rel=\"noopener noreferrer\">Apfelkeksen<\/a>) habe ich diese mit einem Apfel dekoriert. Wie so h\u00e4ufig, habe ich hierf\u00fcr mein <a href=\"https:\/\/www.sabine-seyffert.de\/blog\/?p=13917\" target=\"_blank\" rel=\"noopener noreferrer\">selbst gemachtes Bastelpapier<\/a> aus Zeitung genutzt, ohne das ich weiteres Material kaufen musste.<\/p>\n<p style=\"text-align: center;\"><a href=\"https:\/\/www.sabine-seyffert.de\/blog\/wp-content\/uploads\/2020\/09\/Apfel-aus-Tetrapak-Sabine-Seyffert.de-4.jpg\"><img loading=\"lazy\" decoding=\"async\" class=\"alignnone size-full wp-image-17346\" src=\"https:\/\/www.sabine-seyffert.de\/blog\/wp-content\/uploads\/2020\/09\/Apfel-aus-Tetrapak-Sabine-Seyffert.de-4.jpg\" alt=\"\" width=\"800\" height=\"600\" srcset=\"https:\/\/www.sabine-seyffert.de\/blog\/wp-content\/uploads\/2020\/09\/Apfel-aus-Tetrapak-Sabine-Seyffert.de-4.jpg 800w, https:\/\/www.sabine-seyffert.de\/blog\/wp-content\/uploads\/2020\/09\/Apfel-aus-Tetrapak-Sabine-Seyffert.de-4-300x225.jpg 300w, https:\/\/www.sabine-seyffert.de\/blog\/wp-content\/uploads\/2020\/09\/Apfel-aus-Tetrapak-Sabine-Seyffert.de-4-768x576.jpg 768w\" sizes=\"auto, (max-width: 800px) 100vw, 800px\" \/><\/a><\/p>\n<p style=\"text-align: justify;\">Aus rot gemaltem Papier habe ich einen kleinen Apfel gerissen. Alternativ kann man diesen auch mit Bleistift auf der R\u00fcckseite ausmalen und anschlie\u00dfend ausschneiden \u2013 eine einfachere Variante f\u00fcr Kinder.<\/p>\n<p style=\"text-align: center;\"><a href=\"https:\/\/www.sabine-seyffert.de\/blog\/wp-content\/uploads\/2020\/09\/Apfel-aus-Tetrapak-Sabine-Seyffert.de-1.jpg\"><img loading=\"lazy\" decoding=\"async\" class=\"alignnone size-full wp-image-17347\" src=\"https:\/\/www.sabine-seyffert.de\/blog\/wp-content\/uploads\/2020\/09\/Apfel-aus-Tetrapak-Sabine-Seyffert.de-1.jpg\" alt=\"\" width=\"800\" height=\"600\" srcset=\"https:\/\/www.sabine-seyffert.de\/blog\/wp-content\/uploads\/2020\/09\/Apfel-aus-Tetrapak-Sabine-Seyffert.de-1.jpg 800w, https:\/\/www.sabine-seyffert.de\/blog\/wp-content\/uploads\/2020\/09\/Apfel-aus-Tetrapak-Sabine-Seyffert.de-1-300x225.jpg 300w, https:\/\/www.sabine-seyffert.de\/blog\/wp-content\/uploads\/2020\/09\/Apfel-aus-Tetrapak-Sabine-Seyffert.de-1-768x576.jpg 768w\" sizes=\"auto, (max-width: 800px) 100vw, 800px\" \/><\/a><\/p>\n<p style=\"text-align: justify;\">Au\u00dferdem ben\u00f6tigt man noch einen Stiel, den man aus d\u00fcnner Pappe oder braun gemaltem Zeitungspapier schneidet sowie ein gr\u00fcnes Blatt.<\/p>\n<p><a href=\"https:\/\/www.sabine-seyffert.de\/blog\/wp-content\/uploads\/2020\/09\/Apfel-aus-Tetrapak-Sabine-Seyffert.de-2.jpg\"><img loading=\"lazy\" decoding=\"async\" class=\"alignnone size-full wp-image-17348\" src=\"https:\/\/www.sabine-seyffert.de\/blog\/wp-content\/uploads\/2020\/09\/Apfel-aus-Tetrapak-Sabine-Seyffert.de-2.jpg\" alt=\"\" width=\"800\" height=\"600\" srcset=\"https:\/\/www.sabine-seyffert.de\/blog\/wp-content\/uploads\/2020\/09\/Apfel-aus-Tetrapak-Sabine-Seyffert.de-2.jpg 800w, https:\/\/www.sabine-seyffert.de\/blog\/wp-content\/uploads\/2020\/09\/Apfel-aus-Tetrapak-Sabine-Seyffert.de-2-300x225.jpg 300w, https:\/\/www.sabine-seyffert.de\/blog\/wp-content\/uploads\/2020\/09\/Apfel-aus-Tetrapak-Sabine-Seyffert.de-2-768x576.jpg 768w\" sizes=\"auto, (max-width: 800px) 100vw, 800px\" \/><\/a><\/p>\n<p style=\"text-align: justify;\">Die Motive klebt man dann als ganzen Apfel auf die Milchverpackung und hat so eine tolle Geschenkbox zum Nulltarif \ud83d\ude09<\/p>\n<p style=\"text-align: center;\"><a href=\"https:\/\/www.sabine-seyffert.de\/blog\/wp-content\/uploads\/2020\/09\/Apfel-aus-Tetrapak-Sabine-Seyffert.de-9.jpg\"><img loading=\"lazy\" decoding=\"async\" class=\"alignnone size-full wp-image-17349\" src=\"https:\/\/www.sabine-seyffert.de\/blog\/wp-content\/uploads\/2020\/09\/Apfel-aus-Tetrapak-Sabine-Seyffert.de-9.jpg\" alt=\"\" width=\"600\" height=\"800\" srcset=\"https:\/\/www.sabine-seyffert.de\/blog\/wp-content\/uploads\/2020\/09\/Apfel-aus-Tetrapak-Sabine-Seyffert.de-9.jpg 600w, https:\/\/www.sabine-seyffert.de\/blog\/wp-content\/uploads\/2020\/09\/Apfel-aus-Tetrapak-Sabine-Seyffert.de-9-225x300.jpg 225w\" sizes=\"auto, (max-width: 600px) 100vw, 600px\" \/><\/a><\/p>\n<p style=\"text-align: justify;\"><strong>Ein kleiner Tipp:<\/strong> Den Apfel kann man nat\u00fcrlich weiter verzieren, in dem man eine kleine Raupe aufmalt \/ aufstempelt wie bei <a href=\"https:\/\/www.sabine-seyffert.de\/blog\/?p=17270\" target=\"_blank\" rel=\"noopener noreferrer\">dieser Idee<\/a> oder einfach mit einem Mini Herz aus Pappe, das man mit kleinen P\u00fcnktchenmuster verstehen kann.<\/p>\n<p style=\"text-align: center;\"><a href=\"https:\/\/www.sabine-seyffert.de\/blog\/wp-content\/uploads\/2020\/09\/Apfel-aus-Tetrapak-Sabine-Seyffert.de-7.jpg\"><img loading=\"lazy\" decoding=\"async\" class=\"alignnone size-full wp-image-17351\" src=\"https:\/\/www.sabine-seyffert.de\/blog\/wp-content\/uploads\/2020\/09\/Apfel-aus-Tetrapak-Sabine-Seyffert.de-7.jpg\" alt=\"\" width=\"600\" height=\"800\" srcset=\"https:\/\/www.sabine-seyffert.de\/blog\/wp-content\/uploads\/2020\/09\/Apfel-aus-Tetrapak-Sabine-Seyffert.de-7.jpg 600w, https:\/\/www.sabine-seyffert.de\/blog\/wp-content\/uploads\/2020\/09\/Apfel-aus-Tetrapak-Sabine-Seyffert.de-7-225x300.jpg 225w\" sizes=\"auto, (max-width: 600px) 100vw, 600px\" \/><\/a><\/p>\n<p style=\"text-align: justify;\">Weitere Geschenkverpackungen f\u00fcr ganz unterschiedliche Anl\u00e4sse findet ihr \u00fcbrigens in <a href=\"https:\/\/www.sabine-seyffert.de\/blog\/?cat=49\" target=\"_blank\" rel=\"noopener noreferrer\">dieser Blog Kategorie<\/a>, Geschenke aus der K\u00fcche mit passendem Rezept gibt es in <a href=\"https:\/\/www.sabine-seyffert.de\/blog\/?cat=43\" target=\"_blank\" rel=\"noopener noreferrer\">dieser Rubrik<\/a>, Upcycling Ideen mit Anleitung in diesem <a href=\"https:\/\/www.sabine-seyffert.de\/blog\/?cat=47\" target=\"_blank\" rel=\"noopener noreferrer\">Blog Ordner<\/a>, alles rund um die Sommerzeit gibt es <a href=\"https:\/\/www.sabine-seyffert.de\/blog\/?cat=24\" target=\"_blank\" rel=\"noopener noreferrer\">hier<\/a>, weitere Ideen mit Milchverpackungen an <a href=\"https:\/\/www.pinterest.de\/diysabineseyffert\/\" target=\"_blank\" rel=\"noopener noreferrer\">meiner Pinnwand<\/a> und andere kreative Sachen <a href=\"https:\/\/www.creadienstag.de\/2020\/09\/linkparty-428.html\" target=\"_blank\" rel=\"noopener noreferrer\">da<\/a>.<\/p>\n<p><a href=\"https:\/\/www.sabine-seyffert.de\/blog\/wp-content\/uploads\/2020\/09\/Apfel-aus-Tetrapak-Sabine-Seyffert.de-8.jpg\"><img loading=\"lazy\" decoding=\"async\" class=\"alignnone size-full wp-image-17350\" src=\"https:\/\/www.sabine-seyffert.de\/blog\/wp-content\/uploads\/2020\/09\/Apfel-aus-Tetrapak-Sabine-Seyffert.de-8.jpg\" alt=\"\" width=\"600\" height=\"800\" srcset=\"https:\/\/www.sabine-seyffert.de\/blog\/wp-content\/uploads\/2020\/09\/Apfel-aus-Tetrapak-Sabine-Seyffert.de-8.jpg 600w, https:\/\/www.sabine-seyffert.de\/blog\/wp-content\/uploads\/2020\/09\/Apfel-aus-Tetrapak-Sabine-Seyffert.de-8-225x300.jpg 225w\" sizes=\"auto, (max-width: 600px) 100vw, 600px\" \/><\/a><\/p>\n<p style=\"text-align: justify;\"><a href=\"https:\/\/www.sabine-seyffert.de\/blog\/?page_id=32#urheberrecht\">urheberrechtlich gesch\u00fctzt<\/a>, \u00a9 Sabine Seyffert<\/p>\n","protected":false},"excerpt":{"rendered":"<p>Nachdem ich euch gestern das leckere Rezept f\u00fcr die knusprigen Apfel Pl\u00e4tzchen mit Waln\u00fcssen und Zimt verraten habe, gibt es heute eine pfiffige Upcycling Verpackung, damit sich die Leckereien auch als kleines Mitbringsel nutzen und verschenken lassen. Diese Verpackungsidee ist schnell gemacht, nachhaltig und kostenlos \u2013 prima, oder? Alles Bastelmaterial, was ihr daf\u00fcr braucht, habt&#8230; <a href=\"https:\/\/www.sabine-seyffert.de\/blog\/geschenke-aus-der-kueche-schoen-verpackt-geschenkverpackung-aus-milchtuete-fuer-die-apfel-kekse\/\" class=\"more-link\">Read more: Geschenke aus der K\u00fcche sch\u00f6n verpackt: Geschenkverpackung aus Milcht\u00fcte f\u00fcr die Apfel Kekse<\/a><\/p>\n","protected":false},"author":2,"featured_media":0,"comment_status":"open","ping_status":"open","sticky":false,"template":"","format":"standard","meta":{"_metis_text_type":"","_metis_text_length":2601,"_post_count":0,"footnotes":""},"categories":[43,36,49,47],"tags":[],"class_list":["post-17341","post","type-post","status-publish","format-standard","hentry","category-geschenke-aus-der-kueche","category-klitzekleine-geschenkideen","category-verpackungsideen","category-upcyceltes"],"_links":{"self":[{"href":"https:\/\/www.sabine-seyffert.de\/blog\/wp-json\/wp\/v2\/posts\/17341","targetHints":{"allow":["GET"]}}],"collection":[{"href":"https:\/\/www.sabine-seyffert.de\/blog\/wp-json\/wp\/v2\/posts"}],"about":[{"href":"https:\/\/www.sabine-seyffert.de\/blog\/wp-json\/wp\/v2\/types\/post"}],"author":[{"embeddable":true,"href":"https:\/\/www.sabine-seyffert.de\/blog\/wp-json\/wp\/v2\/users\/2"}],"replies":[{"embeddable":true,"href":"https:\/\/www.sabine-seyffert.de\/blog\/wp-json\/wp\/v2\/comments?post=17341"}],"version-history":[{"count":3,"href":"https:\/\/www.sabine-seyffert.de\/blog\/wp-json\/wp\/v2\/posts\/17341\/revisions"}],"predecessor-version":[{"id":17366,"href":"https:\/\/www.sabine-seyffert.de\/blog\/wp-json\/wp\/v2\/posts\/17341\/revisions\/17366"}],"wp:attachment":[{"href":"https:\/\/www.sabine-seyffert.de\/blog\/wp-json\/wp\/v2\/media?parent=17341"}],"wp:term":[{"taxonomy":"category","embeddable":true,"href":"https:\/\/www.sabine-seyffert.de\/blog\/wp-json\/wp\/v2\/categories?post=17341"},{"taxonomy":"post_tag","embeddable":true,"href":"https:\/\/www.sabine-seyffert.de\/blog\/wp-json\/wp\/v2\/tags?post=17341"}],"curies":[{"name":"wp","href":"https:\/\/api.w.org\/{rel}","templated":true}]}}