{"id":1730,"date":"2013-05-15T12:10:14","date_gmt":"2013-05-15T10:10:14","guid":{"rendered":"http:\/\/www.sabine-seyffert.de\/blog\/?p=1730"},"modified":"2017-03-06T17:34:21","modified_gmt":"2017-03-06T15:34:21","slug":"fruhling-ja-du-bist%c2%b4s","status":"publish","type":"post","link":"https:\/\/www.sabine-seyffert.de\/blog\/fruhling-ja-du-bist%c2%b4s\/","title":{"rendered":"Fr\u00fchling, ja du bist\u00b4s!"},"content":{"rendered":"<p style=\"text-align: justify;\"><img loading=\"lazy\" decoding=\"async\" src=\"https:\/\/ssl-vg03.met.vgwort.de\/na\/66f61f3d7bd24609b6a087885e0a10e2\" alt=\"\" width=\"1\" height=\"1\" \/><br \/>\nBei <a href=\"http:\/\/tabea-heinicker.blogspot.de\/\" target=\"_blank\">Tabea<\/a> habe ich von dem <a href=\"http:\/\/tabea-heinicker.blogspot.de\/2013\/02\/mail-art-fruhling-2013-es-geht-los.html\" target=\"_blank\">Projekt Mail Art Fr\u00fchling 2013<\/a> erfahren und \u00fcberlegt, ob ich es wagen soll mich anzumelden. Meine Neugier hat gesiegt und ich kann sagen: Ich habe es nicht bereut! Im Gegenteil, ich freu mich riesig mit dabei zu sein. Woche f\u00fcr Woche flattert nun schon eine sch\u00f6ne Postkarte nach der n\u00e4chsten in meinen Briefkasten. So sehr ich den Kontakt per Mail sch\u00e4tze, so richtige Briefpost ist einfach etwas ganz Besonderes.<\/p>\n<p style=\"text-align: center;\"><a href=\"http:\/\/www.sabine-seyffert.de\/blog\/wp-content\/uploads\/2013\/05\/karte-Annette.jpg\"><img loading=\"lazy\" decoding=\"async\" class=\"alignnone size-full wp-image-1731\" src=\"http:\/\/www.sabine-seyffert.de\/blog\/wp-content\/uploads\/2013\/05\/karte-Annette.jpg\" alt=\"karte Annette\" width=\"800\" height=\"825\" srcset=\"https:\/\/www.sabine-seyffert.de\/blog\/wp-content\/uploads\/2013\/05\/karte-Annette.jpg 800w, https:\/\/www.sabine-seyffert.de\/blog\/wp-content\/uploads\/2013\/05\/karte-Annette-290x300.jpg 290w\" sizes=\"auto, (max-width: 800px) 100vw, 800px\" \/><\/a><\/p>\n<p style=\"text-align: justify;\">Die Postkarten wurden jeweils passend zu einer Gedichtszeile aus dem Fr\u00fchlingsgedicht von Eduard M\u00f6rike gebastelt. F\u00fcr alle Leser, die nicht an dem Projekt teilnehmen, es geht um folgendes Gedicht:<\/p>\n<p style=\"text-align: center;\"><a href=\"http:\/\/www.sabine-seyffert.de\/blog\/wp-content\/uploads\/2013\/05\/Karte-Mechthild.jpg\"><img loading=\"lazy\" decoding=\"async\" class=\"alignnone size-full wp-image-1732\" src=\"http:\/\/www.sabine-seyffert.de\/blog\/wp-content\/uploads\/2013\/05\/Karte-Mechthild.jpg\" alt=\"Karte Mechthild\" width=\"800\" height=\"791\" srcset=\"https:\/\/www.sabine-seyffert.de\/blog\/wp-content\/uploads\/2013\/05\/Karte-Mechthild.jpg 800w, https:\/\/www.sabine-seyffert.de\/blog\/wp-content\/uploads\/2013\/05\/Karte-Mechthild-300x296.jpg 300w\" sizes=\"auto, (max-width: 800px) 100vw, 800px\" \/><\/a><\/p>\n<p style=\"text-align: center;\"><strong><em>Fr\u00fchling<\/em><\/strong><br \/>\n<em> Fr\u00fchling l\u00e4\u00dft sein blaues Band<\/em><br \/>\n<em> Wieder flattern durch die L\u00fcfte<\/em><br \/>\n<em> S\u00fc\u00dfe, wohlbekannte D\u00fcfte<\/em><br \/>\n<em> Streifen ahnungsvoll das Land<\/em><br \/>\n<em> Veilchen tr\u00e4umen schon,<\/em><br \/>\n<em> Wollen balde kommen<\/em><br \/>\n<em> Horch, von fern ein leiser Harfenton!<\/em><br \/>\n<em> Fr\u00fchling, ja du bist&#8217;s!<\/em><br \/>\n<em> Dich hab ich vernommen!<\/em><\/p>\n<p style=\"text-align: center;\"><strong><em>Eduard M\u00f6rike<\/em><\/strong><\/p>\n<p style=\"text-align: center;\"><a href=\"http:\/\/www.sabine-seyffert.de\/blog\/wp-content\/uploads\/2013\/05\/Karte-ich-1.jpg\"><img loading=\"lazy\" decoding=\"async\" class=\"alignnone size-full wp-image-1733\" src=\"http:\/\/www.sabine-seyffert.de\/blog\/wp-content\/uploads\/2013\/05\/Karte-ich-1.jpg\" alt=\"Karte ich 1\" width=\"800\" height=\"600\" srcset=\"https:\/\/www.sabine-seyffert.de\/blog\/wp-content\/uploads\/2013\/05\/Karte-ich-1.jpg 800w, https:\/\/www.sabine-seyffert.de\/blog\/wp-content\/uploads\/2013\/05\/Karte-ich-1-300x225.jpg 300w\" sizes=\"auto, (max-width: 800px) 100vw, 800px\" \/><\/a><\/p>\n<p>Inzwischen ist auch die wunderbare Karte von <a href=\"http:\/\/blicksieben.blogspot.de\/\" target=\"_blank\">Annette<\/a> \u201eWollen balde kommen\u201c sowie die von <a href=\"http:\/\/fluegeltier.wordpress.com\/\" target=\"_blank\">Mechthild <\/a>\u201eHorch, von fern ein leiser Harfenton!\u201c wohlbehalten bei mir eingetroffen.<\/p>\n<p style=\"text-align: center;\"><a href=\"http:\/\/www.sabine-seyffert.de\/blog\/wp-content\/uploads\/2013\/05\/Karte-ich-2.jpg\"><img loading=\"lazy\" decoding=\"async\" class=\"alignnone size-full wp-image-1734\" src=\"http:\/\/www.sabine-seyffert.de\/blog\/wp-content\/uploads\/2013\/05\/Karte-ich-2.jpg\" alt=\"Karte ich 2\" width=\"800\" height=\"600\" srcset=\"https:\/\/www.sabine-seyffert.de\/blog\/wp-content\/uploads\/2013\/05\/Karte-ich-2.jpg 800w, https:\/\/www.sabine-seyffert.de\/blog\/wp-content\/uploads\/2013\/05\/Karte-ich-2-300x225.jpg 300w\" sizes=\"auto, (max-width: 800px) 100vw, 800px\" \/><\/a><\/p>\n<p>In dieser Woche bin ich an der Reihe und hoffe, dass meine Karten in der Zwischenzeit bei allen 8 Empf\u00e4ngern eingetroffen ist. Wenn nicht sollten die Betreffenden besser an dieser Stelle aufh\u00f6ren zu lesen \ud83d\ude42<\/p>\n<p style=\"text-align: center;\"><a href=\"http:\/\/www.sabine-seyffert.de\/blog\/wp-content\/uploads\/2013\/05\/Karte-ich-3.jpg\"><img loading=\"lazy\" decoding=\"async\" class=\"alignnone size-full wp-image-1735\" src=\"http:\/\/www.sabine-seyffert.de\/blog\/wp-content\/uploads\/2013\/05\/Karte-ich-3.jpg\" alt=\"Karte ich 3\" width=\"800\" height=\"600\" srcset=\"https:\/\/www.sabine-seyffert.de\/blog\/wp-content\/uploads\/2013\/05\/Karte-ich-3.jpg 800w, https:\/\/www.sabine-seyffert.de\/blog\/wp-content\/uploads\/2013\/05\/Karte-ich-3-300x225.jpg 300w\" sizes=\"auto, (max-width: 800px) 100vw, 800px\" \/><\/a><\/p>\n<p>Auf den Fr\u00fchling haben wir in diesem Jahr lange gewartet und somit habe ich mich sehr gefreut genau diese Zeile erwischt zu haben. Weil mir der Fr\u00fchling als solcher einfach nicht genug ist, habe ich die gesamte Karte mit dem Wort Fr\u00fchling bedruckt \u2013 nat\u00fcrlich in Gr\u00fcn, da ich das Fr\u00fchlingsgr\u00fcn ganz besonders mag.<\/p>\n<p style=\"text-align: center;\"><a href=\"http:\/\/www.sabine-seyffert.de\/blog\/wp-content\/uploads\/2013\/05\/Karte-ich-4.jpg\"><img loading=\"lazy\" decoding=\"async\" class=\"alignnone size-full wp-image-1736\" src=\"http:\/\/www.sabine-seyffert.de\/blog\/wp-content\/uploads\/2013\/05\/Karte-ich-4.jpg\" alt=\"Karte ich 4\" width=\"800\" height=\"653\" srcset=\"https:\/\/www.sabine-seyffert.de\/blog\/wp-content\/uploads\/2013\/05\/Karte-ich-4.jpg 800w, https:\/\/www.sabine-seyffert.de\/blog\/wp-content\/uploads\/2013\/05\/Karte-ich-4-300x244.jpg 300w\" sizes=\"auto, (max-width: 800px) 100vw, 800px\" \/><\/a><\/p>\n<p style=\"text-align: justify;\">Eine meiner T\u00f6chter hat die Karten dann in die vorgegebene Gr\u00f6\u00dfe geschnitten, w\u00e4hrend ich aus gr\u00fcnem Papier gro\u00dfe Schmetterlinge geschnitten habe. Diese haben wir dann passend zur Gedichtszeile mit \u201eja du bist\u00b4s\u201c bestempelt und an den Fl\u00fcgeln mit etwas Masking Tape beklebt.<\/p>\n<p style=\"text-align: center;\"><a href=\"http:\/\/www.sabine-seyffert.de\/blog\/wp-content\/uploads\/2013\/05\/Karte-ich-5.jpg\"><img loading=\"lazy\" decoding=\"async\" class=\"alignnone size-full wp-image-1737\" src=\"http:\/\/www.sabine-seyffert.de\/blog\/wp-content\/uploads\/2013\/05\/Karte-ich-5.jpg\" alt=\"Karte ich 5\" width=\"800\" height=\"692\" srcset=\"https:\/\/www.sabine-seyffert.de\/blog\/wp-content\/uploads\/2013\/05\/Karte-ich-5.jpg 800w, https:\/\/www.sabine-seyffert.de\/blog\/wp-content\/uploads\/2013\/05\/Karte-ich-5-300x259.jpg 300w\" sizes=\"auto, (max-width: 800px) 100vw, 800px\" \/><\/a><\/p>\n<p>Was ich an Briefpost besonders spannend finde, ist das Auspacken. Genau aus diesem Grunde habe ich jede einzelne Karte in gr\u00fcnes Seidenpapier verpackt und mit einem kleinen Gru\u00df versehen.<\/p>\n<p style=\"text-align: center;\"><a href=\"http:\/\/www.sabine-seyffert.de\/blog\/wp-content\/uploads\/2013\/05\/Karte-ich-6.jpg\"><img loading=\"lazy\" decoding=\"async\" class=\"alignnone size-full wp-image-1738\" src=\"http:\/\/www.sabine-seyffert.de\/blog\/wp-content\/uploads\/2013\/05\/Karte-ich-6.jpg\" alt=\"Karte ich 6\" width=\"800\" height=\"600\" srcset=\"https:\/\/www.sabine-seyffert.de\/blog\/wp-content\/uploads\/2013\/05\/Karte-ich-6.jpg 800w, https:\/\/www.sabine-seyffert.de\/blog\/wp-content\/uploads\/2013\/05\/Karte-ich-6-300x225.jpg 300w\" sizes=\"auto, (max-width: 800px) 100vw, 800px\" \/><\/a><\/p>\n<p>Am Montag Morgen habe ich alle Karten bereits um 5.30 Uhr in den Briefkasten geworfen und warte nun gespannt auf die letzte Karte, die die bunte Fr\u00fchlingssammlung dann komplett macht\u2026<\/p>\n<p style=\"text-align: center;\"><a href=\"http:\/\/www.sabine-seyffert.de\/blog\/wp-content\/uploads\/2013\/05\/Karte-ich-7.jpg\"><img loading=\"lazy\" decoding=\"async\" class=\"alignnone size-full wp-image-1739\" src=\"http:\/\/www.sabine-seyffert.de\/blog\/wp-content\/uploads\/2013\/05\/Karte-ich-7.jpg\" alt=\"Karte ich 7\" width=\"800\" height=\"600\" srcset=\"https:\/\/www.sabine-seyffert.de\/blog\/wp-content\/uploads\/2013\/05\/Karte-ich-7.jpg 800w, https:\/\/www.sabine-seyffert.de\/blog\/wp-content\/uploads\/2013\/05\/Karte-ich-7-300x225.jpg 300w\" sizes=\"auto, (max-width: 800px) 100vw, 800px\" \/><\/a><\/p>\n<p>Falls Ihr nochmals schauen wollt welche Karten ich bislang erhalten habe, kann Karte 1 <a href=\"http:\/\/www.sabine-seyffert.de\/blog\/?p=1168\" target=\"_blank\">hier<\/a>, Karte 2 &amp; 3 <a href=\"http:\/\/www.sabine-seyffert.de\/blog\/?p=1267\" target=\"_blank\">hier<\/a> und Karte 4 &amp; 5 <a href=\"http:\/\/www.sabine-seyffert.de\/blog\/?p=1406\" target=\"_blank\">hier<\/a> bewundern!<\/p>\n<p>Wer neugierig ist, was an Fr\u00fchlingspost in den letzten Wochen so Kreatives unterwegs war, kann bei <a href=\"http:\/\/www.muellerinart.blogspot.de\/p\/mail-art-fruhling_1425.html\" target=\"_blank\">Michaela in der Galerie<\/a> einen Blick auf die viele Post werfen!<\/p>\n<p><a href=\"http:\/\/www.sabine-seyffert.de\/blog\/?page_id=32#urheberrecht\">urherrechtlich gesch\u00fctzt<\/a>, \u00a9 Sabine Seyffert<\/p>\n","protected":false},"excerpt":{"rendered":"<p>Bei Tabea habe ich von dem Projekt Mail Art Fr\u00fchling 2013 erfahren und \u00fcberlegt, ob ich es wagen soll mich anzumelden. Meine Neugier hat gesiegt und ich kann sagen: Ich habe es nicht bereut! Im Gegenteil, ich freu mich riesig mit dabei zu sein. Woche f\u00fcr Woche flattert nun schon eine sch\u00f6ne Postkarte nach der&#8230; <a href=\"https:\/\/www.sabine-seyffert.de\/blog\/fruhling-ja-du-bist%c2%b4s\/\" class=\"more-link\">Read more: Fr\u00fchling, ja du bist\u00b4s!<\/a><\/p>\n","protected":false},"author":2,"featured_media":1734,"comment_status":"open","ping_status":"open","sticky":false,"template":"","format":"standard","meta":{"_metis_text_type":"","_metis_text_length":2614,"_post_count":0,"footnotes":""},"categories":[23,51],"tags":[],"class_list":["post-1730","post","type-post","status-publish","format-standard","has-post-thumbnail","hentry","category-fruhling","category-postkarten-grusskarten"],"_links":{"self":[{"href":"https:\/\/www.sabine-seyffert.de\/blog\/wp-json\/wp\/v2\/posts\/1730","targetHints":{"allow":["GET"]}}],"collection":[{"href":"https:\/\/www.sabine-seyffert.de\/blog\/wp-json\/wp\/v2\/posts"}],"about":[{"href":"https:\/\/www.sabine-seyffert.de\/blog\/wp-json\/wp\/v2\/types\/post"}],"author":[{"embeddable":true,"href":"https:\/\/www.sabine-seyffert.de\/blog\/wp-json\/wp\/v2\/users\/2"}],"replies":[{"embeddable":true,"href":"https:\/\/www.sabine-seyffert.de\/blog\/wp-json\/wp\/v2\/comments?post=1730"}],"version-history":[{"count":12,"href":"https:\/\/www.sabine-seyffert.de\/blog\/wp-json\/wp\/v2\/posts\/1730\/revisions"}],"predecessor-version":[{"id":6128,"href":"https:\/\/www.sabine-seyffert.de\/blog\/wp-json\/wp\/v2\/posts\/1730\/revisions\/6128"}],"wp:featuredmedia":[{"embeddable":true,"href":"https:\/\/www.sabine-seyffert.de\/blog\/wp-json\/wp\/v2\/media\/1734"}],"wp:attachment":[{"href":"https:\/\/www.sabine-seyffert.de\/blog\/wp-json\/wp\/v2\/media?parent=1730"}],"wp:term":[{"taxonomy":"category","embeddable":true,"href":"https:\/\/www.sabine-seyffert.de\/blog\/wp-json\/wp\/v2\/categories?post=1730"},{"taxonomy":"post_tag","embeddable":true,"href":"https:\/\/www.sabine-seyffert.de\/blog\/wp-json\/wp\/v2\/tags?post=1730"}],"curies":[{"name":"wp","href":"https:\/\/api.w.org\/{rel}","templated":true}]}}