{"id":17296,"date":"2020-09-09T06:25:50","date_gmt":"2020-09-09T04:25:50","guid":{"rendered":"https:\/\/www.sabine-seyffert.de\/blog\/?p=17296"},"modified":"2020-09-09T06:25:50","modified_gmt":"2020-09-09T04:25:50","slug":"diy-basteln-mit-kindern-kreatives-malen-mit-aepfeln-basteln-suesse-apfelanhaenger","status":"publish","type":"post","link":"https:\/\/www.sabine-seyffert.de\/blog\/diy-basteln-mit-kindern-kreatives-malen-mit-aepfeln-basteln-suesse-apfelanhaenger\/","title":{"rendered":"DIY Basteln mit Kindern: Kreatives Malen mit \u00c4pfeln &#038; Basteln \u2013 s\u00fc\u00dfe Apfelanh\u00e4nger"},"content":{"rendered":"<p style=\"text-align: justify;\"><img loading=\"lazy\" decoding=\"async\" src=\"https:\/\/vg09.met.vgwort.de\/na\/d958cc7011bc4a1e8af472e0ccae1ab8\" alt=\"\" width=\"1\" height=\"1\" \/>Weiter geht es mit der kreativen <a href=\"https:\/\/www.instagram.com\/diy_sabine_seyffert\/\" target=\"_blank\" rel=\"noopener noreferrer\">Apfelchallenge<\/a>. Dazu hatte ich euch schon die <a href=\"https:\/\/www.sabine-seyffert.de\/blog\/?p=17270\" target=\"_blank\" rel=\"noopener noreferrer\">\u00c4pfel aus Pappe mit kleinem Wurm<\/a> sowie die <a href=\"https:\/\/www.sabine-seyffert.de\/blog\/?p=17282\" target=\"_blank\" rel=\"noopener noreferrer\">lustigen Apfelzwerge<\/a> gezeigt. In meiner Kunst AG habe ich mit den Kindern im letzten Jahr eine tolle Deko gebastelt. Dazu haben wir \u00c4pfel aus unserem Garten verwendet. Die habe ich zum Basteln vor der Biotonne gerettet (die \u00c4pfel sind leider ungenie\u00dfbar!).<br \/>\nDieses Mal haben wir kleine Anh\u00e4nger daraus gebastelt, die man entweder als kleine Deko f\u00fcr das Fenster oder auch als Geschenkanh\u00e4nger oder kleines Mitbringsel nutzen kann.<\/p>\n<p style=\"text-align: center;\"><a href=\"https:\/\/www.sabine-seyffert.de\/blog\/wp-content\/uploads\/2020\/09\/Apfel-Anh\u00e4nger-Pappe-Sabine-Seyffert.de-14.jpg\"><img loading=\"lazy\" decoding=\"async\" class=\"alignnone size-full wp-image-17297\" src=\"https:\/\/www.sabine-seyffert.de\/blog\/wp-content\/uploads\/2020\/09\/Apfel-Anh\u00e4nger-Pappe-Sabine-Seyffert.de-14.jpg\" alt=\"\" width=\"800\" height=\"600\" srcset=\"https:\/\/www.sabine-seyffert.de\/blog\/wp-content\/uploads\/2020\/09\/Apfel-Anh\u00e4nger-Pappe-Sabine-Seyffert.de-14.jpg 800w, https:\/\/www.sabine-seyffert.de\/blog\/wp-content\/uploads\/2020\/09\/Apfel-Anh\u00e4nger-Pappe-Sabine-Seyffert.de-14-300x225.jpg 300w, https:\/\/www.sabine-seyffert.de\/blog\/wp-content\/uploads\/2020\/09\/Apfel-Anh\u00e4nger-Pappe-Sabine-Seyffert.de-14-768x576.jpg 768w\" sizes=\"auto, (max-width: 800px) 100vw, 800px\" \/><\/a><\/p>\n<p style=\"text-align: justify;\"><strong>Das wird gebraucht:<\/strong><br \/>\n1 Apfel, ein scharfes Messer, einen Wasserfarbkasten, breite Borstenpinsel, wei\u00dfes Tonpapier \/ Tonkarton, einen leeren Karton, einen Bleistift oder Zirkel, ein Bastelmesser \/ Cutter, eine Bastelschere, eine Lochzange, eine Nietenzange, kleine Metall\u00f6sen, eine leere Milcht\u00fcte, Bastelkleber sowie Kordel oder d\u00fcnnes Geschenkband<\/p>\n<p style=\"text-align: center;\"><a href=\"https:\/\/www.sabine-seyffert.de\/blog\/wp-content\/uploads\/2020\/09\/Apfel-Anh\u00e4nger-Pappe-Sabine-Seyffert.de-0.jpg\"><img loading=\"lazy\" decoding=\"async\" class=\"alignnone size-full wp-image-17298\" src=\"https:\/\/www.sabine-seyffert.de\/blog\/wp-content\/uploads\/2020\/09\/Apfel-Anh\u00e4nger-Pappe-Sabine-Seyffert.de-0.jpg\" alt=\"\" width=\"800\" height=\"600\" srcset=\"https:\/\/www.sabine-seyffert.de\/blog\/wp-content\/uploads\/2020\/09\/Apfel-Anh\u00e4nger-Pappe-Sabine-Seyffert.de-0.jpg 800w, https:\/\/www.sabine-seyffert.de\/blog\/wp-content\/uploads\/2020\/09\/Apfel-Anh\u00e4nger-Pappe-Sabine-Seyffert.de-0-300x225.jpg 300w, https:\/\/www.sabine-seyffert.de\/blog\/wp-content\/uploads\/2020\/09\/Apfel-Anh\u00e4nger-Pappe-Sabine-Seyffert.de-0-768x576.jpg 768w\" sizes=\"auto, (max-width: 800px) 100vw, 800px\" \/><\/a><\/p>\n<p style=\"text-align: justify;\"><strong>So wird\u2019s gemacht:<\/strong><br \/>\nZuerst teilt man den Apfel m\u00f6glichst mittig. Dabei sollte man versuchen gerade zu schneiden, damit sich die Apfelh\u00e4lfte auch zum Stempeln eignet. Das funktioniert am besten, wenn die Oberfl\u00e4che gleichm\u00e4\u00dfig glatt ist.<\/p>\n<p style=\"text-align: center;\"><a href=\"https:\/\/www.sabine-seyffert.de\/blog\/wp-content\/uploads\/2020\/09\/Apfel-Anh\u00e4nger-Pappe-Sabine-Seyffert.de-9.jpg\"><img loading=\"lazy\" decoding=\"async\" class=\"alignnone size-full wp-image-17299\" src=\"https:\/\/www.sabine-seyffert.de\/blog\/wp-content\/uploads\/2020\/09\/Apfel-Anh\u00e4nger-Pappe-Sabine-Seyffert.de-9.jpg\" alt=\"\" width=\"800\" height=\"600\" srcset=\"https:\/\/www.sabine-seyffert.de\/blog\/wp-content\/uploads\/2020\/09\/Apfel-Anh\u00e4nger-Pappe-Sabine-Seyffert.de-9.jpg 800w, https:\/\/www.sabine-seyffert.de\/blog\/wp-content\/uploads\/2020\/09\/Apfel-Anh\u00e4nger-Pappe-Sabine-Seyffert.de-9-300x225.jpg 300w, https:\/\/www.sabine-seyffert.de\/blog\/wp-content\/uploads\/2020\/09\/Apfel-Anh\u00e4nger-Pappe-Sabine-Seyffert.de-9-768x576.jpg 768w\" sizes=\"auto, (max-width: 800px) 100vw, 800px\" \/><\/a><\/p>\n<p style=\"text-align: justify;\">Wer mag, kann noch schnell in einen <a href=\"https:\/\/www.sabine-seyffert.de\/blog\/?p=12310\" target=\"_blank\" rel=\"noopener noreferrer\">Malkittel<\/a> schl\u00fcpfen und schon kann der sommerliche Bastelspa\u00df beginnen.<\/p>\n<p style=\"text-align: center;\"><a href=\"https:\/\/www.sabine-seyffert.de\/blog\/wp-content\/uploads\/2020\/09\/Apfel-Anh\u00e4nger-Pappe-Sabine-Seyffert.de-7.jpg\"><img loading=\"lazy\" decoding=\"async\" class=\"alignnone size-full wp-image-17300\" src=\"https:\/\/www.sabine-seyffert.de\/blog\/wp-content\/uploads\/2020\/09\/Apfel-Anh\u00e4nger-Pappe-Sabine-Seyffert.de-7.jpg\" alt=\"\" width=\"800\" height=\"600\" srcset=\"https:\/\/www.sabine-seyffert.de\/blog\/wp-content\/uploads\/2020\/09\/Apfel-Anh\u00e4nger-Pappe-Sabine-Seyffert.de-7.jpg 800w, https:\/\/www.sabine-seyffert.de\/blog\/wp-content\/uploads\/2020\/09\/Apfel-Anh\u00e4nger-Pappe-Sabine-Seyffert.de-7-300x225.jpg 300w, https:\/\/www.sabine-seyffert.de\/blog\/wp-content\/uploads\/2020\/09\/Apfel-Anh\u00e4nger-Pappe-Sabine-Seyffert.de-7-768x576.jpg 768w\" sizes=\"auto, (max-width: 800px) 100vw, 800px\" \/><\/a><\/p>\n<p style=\"text-align: justify;\">Der Apfel wird nun mit Wasserfarbe bemalt. Damit k\u00f6nnen die Kinder auf das wei\u00dfe Tonpapier stempeln. Zwischen den \u00c4pfeln sollte immer soviel Abstand sein, dass sich die gestempelten Motive sp\u00e4ter auch noch auseinander schneiden lassen.<\/p>\n<p style=\"text-align: center;\"><a href=\"https:\/\/www.sabine-seyffert.de\/blog\/wp-content\/uploads\/2020\/09\/Apfel-Anh\u00e4nger-Pappe-Sabine-Seyffert.de-6.jpg\"><img loading=\"lazy\" decoding=\"async\" class=\"alignnone size-full wp-image-17301\" src=\"https:\/\/www.sabine-seyffert.de\/blog\/wp-content\/uploads\/2020\/09\/Apfel-Anh\u00e4nger-Pappe-Sabine-Seyffert.de-6.jpg\" alt=\"\" width=\"800\" height=\"600\" srcset=\"https:\/\/www.sabine-seyffert.de\/blog\/wp-content\/uploads\/2020\/09\/Apfel-Anh\u00e4nger-Pappe-Sabine-Seyffert.de-6.jpg 800w, https:\/\/www.sabine-seyffert.de\/blog\/wp-content\/uploads\/2020\/09\/Apfel-Anh\u00e4nger-Pappe-Sabine-Seyffert.de-6-300x225.jpg 300w, https:\/\/www.sabine-seyffert.de\/blog\/wp-content\/uploads\/2020\/09\/Apfel-Anh\u00e4nger-Pappe-Sabine-Seyffert.de-6-768x576.jpg 768w\" sizes=\"auto, (max-width: 800px) 100vw, 800px\" \/><\/a><\/p>\n<p style=\"text-align: justify;\">Auf die Pappe zeichnet man mit einem Zirkel Kreise, die rund 2 cm mehr Durchmesser haben, als die \u00c4pfel. Die Kreise schneidet man aus und streicht sie d\u00fcnn mit wei\u00dfer Farbe (Acryl oder mit Wasser verd\u00fcnntem Deckwei\u00df) ein.<\/p>\n<p style=\"text-align: center;\"><a href=\"https:\/\/www.sabine-seyffert.de\/blog\/wp-content\/uploads\/2020\/09\/Apfel-Anh\u00e4nger-Pappe-Sabine-Seyffert.de-3.jpg\"><img loading=\"lazy\" decoding=\"async\" class=\"alignnone size-full wp-image-17302\" src=\"https:\/\/www.sabine-seyffert.de\/blog\/wp-content\/uploads\/2020\/09\/Apfel-Anh\u00e4nger-Pappe-Sabine-Seyffert.de-3.jpg\" alt=\"\" width=\"800\" height=\"600\" srcset=\"https:\/\/www.sabine-seyffert.de\/blog\/wp-content\/uploads\/2020\/09\/Apfel-Anh\u00e4nger-Pappe-Sabine-Seyffert.de-3.jpg 800w, https:\/\/www.sabine-seyffert.de\/blog\/wp-content\/uploads\/2020\/09\/Apfel-Anh\u00e4nger-Pappe-Sabine-Seyffert.de-3-300x225.jpg 300w, https:\/\/www.sabine-seyffert.de\/blog\/wp-content\/uploads\/2020\/09\/Apfel-Anh\u00e4nger-Pappe-Sabine-Seyffert.de-3-768x576.jpg 768w\" sizes=\"auto, (max-width: 800px) 100vw, 800px\" \/><\/a><\/p>\n<p style=\"text-align: justify;\">Den Milchkarton befreit man von seinem Aufdruck bzw. der Beschichtung (<a href=\"https:\/\/www.sabine-seyffert.de\/blog\/?p=14184\" target=\"_blank\" rel=\"noopener noreferrer\">hier<\/a> gibt es eine detaillierte Bastelanleitung dazu!) und schneidet darauf kleine Stiele f\u00fcr die \u00c4pfel sowie Bl\u00e4tter und kleine Apfelkerne.<\/p>\n<p style=\"text-align: center;\"><a href=\"https:\/\/www.sabine-seyffert.de\/blog\/wp-content\/uploads\/2020\/09\/Apfel-Anh\u00e4nger-Pappe-Sabine-Seyffert.de-2.jpg\"><img loading=\"lazy\" decoding=\"async\" class=\"alignnone size-full wp-image-17303\" src=\"https:\/\/www.sabine-seyffert.de\/blog\/wp-content\/uploads\/2020\/09\/Apfel-Anh\u00e4nger-Pappe-Sabine-Seyffert.de-2.jpg\" alt=\"\" width=\"800\" height=\"600\" srcset=\"https:\/\/www.sabine-seyffert.de\/blog\/wp-content\/uploads\/2020\/09\/Apfel-Anh\u00e4nger-Pappe-Sabine-Seyffert.de-2.jpg 800w, https:\/\/www.sabine-seyffert.de\/blog\/wp-content\/uploads\/2020\/09\/Apfel-Anh\u00e4nger-Pappe-Sabine-Seyffert.de-2-300x225.jpg 300w, https:\/\/www.sabine-seyffert.de\/blog\/wp-content\/uploads\/2020\/09\/Apfel-Anh\u00e4nger-Pappe-Sabine-Seyffert.de-2-768x576.jpg 768w\" sizes=\"auto, (max-width: 800px) 100vw, 800px\" \/><\/a><\/p>\n<p style=\"text-align: justify;\">Nun werden alle gestempelten \u00c4pfel ausgeschnitten, mit Kernen, Blatt und Stiel beklebt. Ein kleiner Tipp \u2013 der Milchkarton hat unterschiedliche Farben, je nachdem ob man die innere oder \u00e4u\u00dfere Seite verwendet :-))<\/p>\n<p style=\"text-align: center;\"><a href=\"https:\/\/www.sabine-seyffert.de\/blog\/wp-content\/uploads\/2020\/09\/Apfel-Anh\u00e4nger-Pappe-Sabine-Seyffert.de-5.jpg\"><img loading=\"lazy\" decoding=\"async\" class=\"alignnone size-full wp-image-17304\" src=\"https:\/\/www.sabine-seyffert.de\/blog\/wp-content\/uploads\/2020\/09\/Apfel-Anh\u00e4nger-Pappe-Sabine-Seyffert.de-5.jpg\" alt=\"\" width=\"800\" height=\"600\" srcset=\"https:\/\/www.sabine-seyffert.de\/blog\/wp-content\/uploads\/2020\/09\/Apfel-Anh\u00e4nger-Pappe-Sabine-Seyffert.de-5.jpg 800w, https:\/\/www.sabine-seyffert.de\/blog\/wp-content\/uploads\/2020\/09\/Apfel-Anh\u00e4nger-Pappe-Sabine-Seyffert.de-5-300x225.jpg 300w, https:\/\/www.sabine-seyffert.de\/blog\/wp-content\/uploads\/2020\/09\/Apfel-Anh\u00e4nger-Pappe-Sabine-Seyffert.de-5-768x576.jpg 768w\" sizes=\"auto, (max-width: 800px) 100vw, 800px\" \/><\/a><\/p>\n<p style=\"text-align: justify;\">Dann klebt man die \u00c4pfel auf die bemalten Kreise und locht diese am oberen Rand. Damit der Karton nicht einrei\u00dft, haben wir die Anh\u00e4nger mit kleinen Metall\u00f6sen versehen.<\/p>\n<p style=\"text-align: center;\"><a href=\"https:\/\/www.sabine-seyffert.de\/blog\/wp-content\/uploads\/2020\/09\/Apfel-Anh\u00e4nger-Pappe-Sabine-Seyffert.de-4.jpg\"><img loading=\"lazy\" decoding=\"async\" class=\"alignnone size-full wp-image-17305\" src=\"https:\/\/www.sabine-seyffert.de\/blog\/wp-content\/uploads\/2020\/09\/Apfel-Anh\u00e4nger-Pappe-Sabine-Seyffert.de-4.jpg\" alt=\"\" width=\"800\" height=\"600\" srcset=\"https:\/\/www.sabine-seyffert.de\/blog\/wp-content\/uploads\/2020\/09\/Apfel-Anh\u00e4nger-Pappe-Sabine-Seyffert.de-4.jpg 800w, https:\/\/www.sabine-seyffert.de\/blog\/wp-content\/uploads\/2020\/09\/Apfel-Anh\u00e4nger-Pappe-Sabine-Seyffert.de-4-300x225.jpg 300w, https:\/\/www.sabine-seyffert.de\/blog\/wp-content\/uploads\/2020\/09\/Apfel-Anh\u00e4nger-Pappe-Sabine-Seyffert.de-4-768x576.jpg 768w\" sizes=\"auto, (max-width: 800px) 100vw, 800px\" \/><\/a><\/p>\n<p style=\"text-align: justify;\">Dadurch l\u00e4sst sich ein St\u00fcck Kordel oder wei\u00dfes Chiffonband ziehen, an dem man die Anh\u00e4nger aufh\u00e4ngen oder am Geschenk befestigen kann.<\/p>\n<p style=\"text-align: center;\"><a href=\"https:\/\/www.sabine-seyffert.de\/blog\/wp-content\/uploads\/2020\/09\/Apfel-Anh\u00e4nger-Pappe-Sabine-Seyffert.de-1.jpg\"><img loading=\"lazy\" decoding=\"async\" class=\"alignnone size-full wp-image-17306\" src=\"https:\/\/www.sabine-seyffert.de\/blog\/wp-content\/uploads\/2020\/09\/Apfel-Anh\u00e4nger-Pappe-Sabine-Seyffert.de-1.jpg\" alt=\"\" width=\"800\" height=\"600\" srcset=\"https:\/\/www.sabine-seyffert.de\/blog\/wp-content\/uploads\/2020\/09\/Apfel-Anh\u00e4nger-Pappe-Sabine-Seyffert.de-1.jpg 800w, https:\/\/www.sabine-seyffert.de\/blog\/wp-content\/uploads\/2020\/09\/Apfel-Anh\u00e4nger-Pappe-Sabine-Seyffert.de-1-300x225.jpg 300w, https:\/\/www.sabine-seyffert.de\/blog\/wp-content\/uploads\/2020\/09\/Apfel-Anh\u00e4nger-Pappe-Sabine-Seyffert.de-1-768x576.jpg 768w\" sizes=\"auto, (max-width: 800px) 100vw, 800px\" \/><\/a><\/p>\n<p style=\"text-align: justify;\">Weitere Bastelanleitungen speziell f\u00fcr Kinder findet ihr \u00fcbrigens in <a href=\"https:\/\/www.sabine-seyffert.de\/blog\/?cat=32\" target=\"_blank\" rel=\"noopener noreferrer\">dieser Blog Kategorie<\/a>, alle Ideen rund um das Thema Sommer gibt es in <a href=\"https:\/\/www.sabine-seyffert.de\/blog\/?cat=24\" target=\"_blank\" rel=\"noopener noreferrer\">diesem Ordner<\/a>, alle DIY rund um Upcycling sind in <a href=\"https:\/\/www.sabine-seyffert.de\/blog\/?cat=47\" target=\"_blank\" rel=\"noopener noreferrer\">dieser Rubrik<\/a> zu finden und andere kreative Sachen gibt es an dieser Stelle.<\/p>\n<p style=\"text-align: justify;\"><a href=\"https:\/\/www.sabine-seyffert.de\/blog\/?page_id=32#urheberrecht\">urheberrechtlich gesch\u00fctzt<\/a>, \u00a9 Sabine Seyffert<\/p>\n","protected":false},"excerpt":{"rendered":"<p>Weiter geht es mit der kreativen Apfelchallenge. Dazu hatte ich euch schon die \u00c4pfel aus Pappe mit kleinem Wurm sowie die lustigen Apfelzwerge gezeigt. In meiner Kunst AG habe ich mit den Kindern im letzten Jahr eine tolle Deko gebastelt. Dazu haben wir \u00c4pfel aus unserem Garten verwendet. Die habe ich zum Basteln vor der&#8230; <a href=\"https:\/\/www.sabine-seyffert.de\/blog\/diy-basteln-mit-kindern-kreatives-malen-mit-aepfeln-basteln-suesse-apfelanhaenger\/\" class=\"more-link\">Read more: DIY Basteln mit Kindern: Kreatives Malen mit \u00c4pfeln &#038; Basteln \u2013 s\u00fc\u00dfe Apfelanh\u00e4nger<\/a><\/p>\n","protected":false},"author":2,"featured_media":0,"comment_status":"open","ping_status":"open","sticky":false,"template":"","format":"standard","meta":{"_metis_text_type":"","_metis_text_length":2744,"_post_count":0,"footnotes":""},"categories":[32,12,24],"tags":[],"class_list":["post-17296","post","type-post","status-publish","format-standard","hentry","category-kreatives-fur-kleine-kinderhande","category-deko-ideen","category-sommer"],"_links":{"self":[{"href":"https:\/\/www.sabine-seyffert.de\/blog\/wp-json\/wp\/v2\/posts\/17296","targetHints":{"allow":["GET"]}}],"collection":[{"href":"https:\/\/www.sabine-seyffert.de\/blog\/wp-json\/wp\/v2\/posts"}],"about":[{"href":"https:\/\/www.sabine-seyffert.de\/blog\/wp-json\/wp\/v2\/types\/post"}],"author":[{"embeddable":true,"href":"https:\/\/www.sabine-seyffert.de\/blog\/wp-json\/wp\/v2\/users\/2"}],"replies":[{"embeddable":true,"href":"https:\/\/www.sabine-seyffert.de\/blog\/wp-json\/wp\/v2\/comments?post=17296"}],"version-history":[{"count":5,"href":"https:\/\/www.sabine-seyffert.de\/blog\/wp-json\/wp\/v2\/posts\/17296\/revisions"}],"predecessor-version":[{"id":17311,"href":"https:\/\/www.sabine-seyffert.de\/blog\/wp-json\/wp\/v2\/posts\/17296\/revisions\/17311"}],"wp:attachment":[{"href":"https:\/\/www.sabine-seyffert.de\/blog\/wp-json\/wp\/v2\/media?parent=17296"}],"wp:term":[{"taxonomy":"category","embeddable":true,"href":"https:\/\/www.sabine-seyffert.de\/blog\/wp-json\/wp\/v2\/categories?post=17296"},{"taxonomy":"post_tag","embeddable":true,"href":"https:\/\/www.sabine-seyffert.de\/blog\/wp-json\/wp\/v2\/tags?post=17296"}],"curies":[{"name":"wp","href":"https:\/\/api.w.org\/{rel}","templated":true}]}}