{"id":17212,"date":"2020-08-29T19:54:10","date_gmt":"2020-08-29T17:54:10","guid":{"rendered":"https:\/\/www.sabine-seyffert.de\/blog\/?p=17212"},"modified":"2020-08-29T19:54:10","modified_gmt":"2020-08-29T17:54:10","slug":"diy-maritime-naeh-bastelidee-selbst-gemachte-papierboote-als-sommerliche-deko-girlande-2","status":"publish","type":"post","link":"https:\/\/www.sabine-seyffert.de\/blog\/diy-maritime-naeh-bastelidee-selbst-gemachte-papierboote-als-sommerliche-deko-girlande-2\/","title":{"rendered":"DIY Maritime N\u00e4h- &#038; Bastelidee: Selbst gemachte Papierboote als sommerliche Deko Girlande"},"content":{"rendered":"<p style=\"text-align: justify;\"><img loading=\"lazy\" decoding=\"async\" src=\"https:\/\/vg09.met.vgwort.de\/na\/6599c01f76794333b535eb402569d91c\" alt=\"\" width=\"1\" height=\"1\" \/>Wir waren bei lieben Freunden zum Essen eingeladen und da ich ungern mit leeren H\u00e4nden komme, habe ich vor unserem Besuch noch eine sch\u00f6ne Sommerdeko gebastelt. Zwei andere Varianten davon habe ich euch hier schon einmal gezeigt: Einmal in <a href=\"https:\/\/www.sabine-seyffert.de\/blog\/?p=13158\" target=\"_blank\" rel=\"noopener noreferrer\">sommerlichen Blau T\u00f6nen<\/a> und hier in <a href=\"https:\/\/www.sabine-seyffert.de\/blog\/?p=14971\" target=\"_blank\" rel=\"noopener noreferrer\">edler Kombi aus Wei\u00df und Kraftpapier<\/a>. Allerdings habe ich diese diesmal farblich etwas abgewandelt und schlichter gehalten. Daf\u00fcr die kleinen Boote jedoch personalisiert, dass es ein ganz pers\u00f6nliches Geschenk wird.<br \/>\nWer es auch lieber schlicht und einfacher mag, dem verrate ich nun die Bastelanleitung zum Nachbasteln \ud83d\ude09<\/p>\n<p style=\"text-align: center;\"><a href=\"https:\/\/www.sabine-seyffert.de\/blog\/wp-content\/uploads\/2020\/08\/Boote-wei\u00df-gen\u00e4ht-11.jpg\"><img loading=\"lazy\" decoding=\"async\" class=\"alignnone size-full wp-image-17214\" src=\"https:\/\/www.sabine-seyffert.de\/blog\/wp-content\/uploads\/2020\/08\/Boote-wei\u00df-gen\u00e4ht-11.jpg\" alt=\"\" width=\"800\" height=\"600\" srcset=\"https:\/\/www.sabine-seyffert.de\/blog\/wp-content\/uploads\/2020\/08\/Boote-wei\u00df-gen\u00e4ht-11.jpg 800w, https:\/\/www.sabine-seyffert.de\/blog\/wp-content\/uploads\/2020\/08\/Boote-wei\u00df-gen\u00e4ht-11-300x225.jpg 300w, https:\/\/www.sabine-seyffert.de\/blog\/wp-content\/uploads\/2020\/08\/Boote-wei\u00df-gen\u00e4ht-11-768x576.jpg 768w\" sizes=\"auto, (max-width: 800px) 100vw, 800px\" \/><\/a><\/p>\n<p style=\"text-align: justify;\"><strong>Das wird gebraucht:<\/strong><br \/>\nUni wei\u00dfes Tonpapier \/ Tonzeichenpapier (keinen Fotokarton, der ist hierf\u00fcr viel zu fest!), farbiges N\u00e4hgarn in unterschiedlichen Farbt\u00f6nen, unterschiedlich blaue Papierreste (m\u00f6glichst in den Farben des N\u00e4hgarn), wei\u00dfe Holzperlen, Bastelkleber, Bleistift, Schere, eine N\u00e4hmaschine, Zahnstocher, wei\u00dfe Kordel oder Bakertwine, eine Hei\u00dfklebepistole samt Klebepatronen sowie optional kleine Buchstabenstempel und ein Stempelkissen<\/p>\n<p style=\"text-align: center;\"><a href=\"https:\/\/www.sabine-seyffert.de\/blog\/wp-content\/uploads\/2020\/08\/Boote-wei\u00df-gen\u00e4ht-9.jpg\"><img loading=\"lazy\" decoding=\"async\" class=\"alignnone size-full wp-image-17215\" src=\"https:\/\/www.sabine-seyffert.de\/blog\/wp-content\/uploads\/2020\/08\/Boote-wei\u00df-gen\u00e4ht-9.jpg\" alt=\"\" width=\"800\" height=\"600\" srcset=\"https:\/\/www.sabine-seyffert.de\/blog\/wp-content\/uploads\/2020\/08\/Boote-wei\u00df-gen\u00e4ht-9.jpg 800w, https:\/\/www.sabine-seyffert.de\/blog\/wp-content\/uploads\/2020\/08\/Boote-wei\u00df-gen\u00e4ht-9-300x225.jpg 300w, https:\/\/www.sabine-seyffert.de\/blog\/wp-content\/uploads\/2020\/08\/Boote-wei\u00df-gen\u00e4ht-9-768x576.jpg 768w\" sizes=\"auto, (max-width: 800px) 100vw, 800px\" \/><\/a><\/p>\n<p style=\"text-align: justify;\"><strong>So wird\u2019s gemacht:<\/strong><br \/>\nAm besten fertigt man sich aus einer alten Kartonage eine Bastelvorlage f\u00fcr das \u201ePapierboot\u201c Motiv an. Damit zeichnet man sich auf das wei\u00dfe Tonpapier die Umrisse. Pro Deko Element \u201eBoot\u201c ben\u00f6tigt man zwei Papierschiffe. Diese schneidet man aus.<\/p>\n<p style=\"text-align: center;\"><a href=\"https:\/\/www.sabine-seyffert.de\/blog\/wp-content\/uploads\/2020\/08\/Boote-wei\u00df-gen\u00e4ht-8.jpg\"><img loading=\"lazy\" decoding=\"async\" class=\"alignnone size-full wp-image-17216\" src=\"https:\/\/www.sabine-seyffert.de\/blog\/wp-content\/uploads\/2020\/08\/Boote-wei\u00df-gen\u00e4ht-8.jpg\" alt=\"\" width=\"800\" height=\"600\" srcset=\"https:\/\/www.sabine-seyffert.de\/blog\/wp-content\/uploads\/2020\/08\/Boote-wei\u00df-gen\u00e4ht-8.jpg 800w, https:\/\/www.sabine-seyffert.de\/blog\/wp-content\/uploads\/2020\/08\/Boote-wei\u00df-gen\u00e4ht-8-300x225.jpg 300w, https:\/\/www.sabine-seyffert.de\/blog\/wp-content\/uploads\/2020\/08\/Boote-wei\u00df-gen\u00e4ht-8-768x576.jpg 768w\" sizes=\"auto, (max-width: 800px) 100vw, 800px\" \/><\/a><\/p>\n<p style=\"text-align: justify;\">Jedes der Schiffe habe ich mit einer anderen Garnfarbe umn\u00e4ht, damit dass Mobil\u00e9 ein bisschen Farbe bekommt. Aber das ist reine Geschmackssache!<\/p>\n<p style=\"text-align: center;\"><a href=\"https:\/\/www.sabine-seyffert.de\/blog\/wp-content\/uploads\/2020\/08\/Boote-wei\u00df-gen\u00e4ht-7.jpg\"><img loading=\"lazy\" decoding=\"async\" class=\"alignnone size-full wp-image-17217\" src=\"https:\/\/www.sabine-seyffert.de\/blog\/wp-content\/uploads\/2020\/08\/Boote-wei\u00df-gen\u00e4ht-7.jpg\" alt=\"\" width=\"800\" height=\"600\" srcset=\"https:\/\/www.sabine-seyffert.de\/blog\/wp-content\/uploads\/2020\/08\/Boote-wei\u00df-gen\u00e4ht-7.jpg 800w, https:\/\/www.sabine-seyffert.de\/blog\/wp-content\/uploads\/2020\/08\/Boote-wei\u00df-gen\u00e4ht-7-300x225.jpg 300w, https:\/\/www.sabine-seyffert.de\/blog\/wp-content\/uploads\/2020\/08\/Boote-wei\u00df-gen\u00e4ht-7-768x576.jpg 768w\" sizes=\"auto, (max-width: 800px) 100vw, 800px\" \/><\/a><\/p>\n<p style=\"text-align: justify;\">Farblich passend habe ich jedem der Boote noch einen Fahnenmast gebastelt.<\/p>\n<p><a href=\"https:\/\/www.sabine-seyffert.de\/blog\/wp-content\/uploads\/2020\/08\/Boote-wei\u00df-gen\u00e4ht-6.jpg\"><img loading=\"lazy\" decoding=\"async\" class=\"alignnone size-full wp-image-17218\" src=\"https:\/\/www.sabine-seyffert.de\/blog\/wp-content\/uploads\/2020\/08\/Boote-wei\u00df-gen\u00e4ht-6.jpg\" alt=\"\" width=\"800\" height=\"600\" srcset=\"https:\/\/www.sabine-seyffert.de\/blog\/wp-content\/uploads\/2020\/08\/Boote-wei\u00df-gen\u00e4ht-6.jpg 800w, https:\/\/www.sabine-seyffert.de\/blog\/wp-content\/uploads\/2020\/08\/Boote-wei\u00df-gen\u00e4ht-6-300x225.jpg 300w, https:\/\/www.sabine-seyffert.de\/blog\/wp-content\/uploads\/2020\/08\/Boote-wei\u00df-gen\u00e4ht-6-768x576.jpg 768w\" sizes=\"auto, (max-width: 800px) 100vw, 800px\" \/><\/a><\/p>\n<p style=\"text-align: justify;\">Dazu habe ich aus blauen Papierresten schmale Rechtecke geschnitten, diese mittig geknickt und mit Kleber um die Zahnstocher geklebt. Das Ende schneidet man mit der Schere zu einem Wimpel.<\/p>\n<p style=\"text-align: center;\"><a href=\"https:\/\/www.sabine-seyffert.de\/blog\/wp-content\/uploads\/2020\/08\/Boote-wei\u00df-gen\u00e4ht-5.jpg\"><img loading=\"lazy\" decoding=\"async\" class=\"alignnone size-full wp-image-17219\" src=\"https:\/\/www.sabine-seyffert.de\/blog\/wp-content\/uploads\/2020\/08\/Boote-wei\u00df-gen\u00e4ht-5.jpg\" alt=\"\" width=\"800\" height=\"600\" srcset=\"https:\/\/www.sabine-seyffert.de\/blog\/wp-content\/uploads\/2020\/08\/Boote-wei\u00df-gen\u00e4ht-5.jpg 800w, https:\/\/www.sabine-seyffert.de\/blog\/wp-content\/uploads\/2020\/08\/Boote-wei\u00df-gen\u00e4ht-5-300x225.jpg 300w, https:\/\/www.sabine-seyffert.de\/blog\/wp-content\/uploads\/2020\/08\/Boote-wei\u00df-gen\u00e4ht-5-768x576.jpg 768w\" sizes=\"auto, (max-width: 800px) 100vw, 800px\" \/><\/a><\/p>\n<p style=\"text-align: justify;\">Mit Hei\u00dfkleber fixiert man an jedem der Boote von der Innenseite mittig einen \u201eMast\u201c.<\/p>\n<p style=\"text-align: center;\"><a href=\"https:\/\/www.sabine-seyffert.de\/blog\/wp-content\/uploads\/2020\/08\/Boote-wei\u00df-gen\u00e4ht-4.jpg\"><img loading=\"lazy\" decoding=\"async\" class=\"alignnone size-full wp-image-17220\" src=\"https:\/\/www.sabine-seyffert.de\/blog\/wp-content\/uploads\/2020\/08\/Boote-wei\u00df-gen\u00e4ht-4.jpg\" alt=\"\" width=\"800\" height=\"600\" srcset=\"https:\/\/www.sabine-seyffert.de\/blog\/wp-content\/uploads\/2020\/08\/Boote-wei\u00df-gen\u00e4ht-4.jpg 800w, https:\/\/www.sabine-seyffert.de\/blog\/wp-content\/uploads\/2020\/08\/Boote-wei\u00df-gen\u00e4ht-4-300x225.jpg 300w, https:\/\/www.sabine-seyffert.de\/blog\/wp-content\/uploads\/2020\/08\/Boote-wei\u00df-gen\u00e4ht-4-768x576.jpg 768w\" sizes=\"auto, (max-width: 800px) 100vw, 800px\" \/><\/a><\/p>\n<p style=\"text-align: justify;\">Dann legt man die Kordel zwischen das Boot und klebt das Pendant passgenau mit Hei\u00dfkleber dar\u00fcber. Bis man alle Schiffe auf diese Weise an der Kordel angebracht hat.<\/p>\n<p style=\"text-align: center;\"><a href=\"https:\/\/www.sabine-seyffert.de\/blog\/wp-content\/uploads\/2020\/08\/Boote-wei\u00df-gen\u00e4ht-3.jpg\"><img loading=\"lazy\" decoding=\"async\" class=\"alignnone size-full wp-image-17221\" src=\"https:\/\/www.sabine-seyffert.de\/blog\/wp-content\/uploads\/2020\/08\/Boote-wei\u00df-gen\u00e4ht-3.jpg\" alt=\"\" width=\"800\" height=\"600\" srcset=\"https:\/\/www.sabine-seyffert.de\/blog\/wp-content\/uploads\/2020\/08\/Boote-wei\u00df-gen\u00e4ht-3.jpg 800w, https:\/\/www.sabine-seyffert.de\/blog\/wp-content\/uploads\/2020\/08\/Boote-wei\u00df-gen\u00e4ht-3-300x225.jpg 300w, https:\/\/www.sabine-seyffert.de\/blog\/wp-content\/uploads\/2020\/08\/Boote-wei\u00df-gen\u00e4ht-3-768x576.jpg 768w\" sizes=\"auto, (max-width: 800px) 100vw, 800px\" \/><\/a><\/p>\n<p style=\"text-align: justify;\">Das untere und obere Ende habe ich noch mit einer wei\u00dfen Holzperle best\u00fcckt und das Kordelende f\u00fcr die Aufh\u00e4ngung mit kleiner Schlaufe versehen.<\/p>\n<p style=\"text-align: center;\"><a href=\"https:\/\/www.sabine-seyffert.de\/blog\/wp-content\/uploads\/2020\/08\/Boote-wei\u00df-gen\u00e4ht-2.jpg\"><img loading=\"lazy\" decoding=\"async\" class=\"alignnone size-full wp-image-17222\" src=\"https:\/\/www.sabine-seyffert.de\/blog\/wp-content\/uploads\/2020\/08\/Boote-wei\u00df-gen\u00e4ht-2.jpg\" alt=\"\" width=\"800\" height=\"600\" srcset=\"https:\/\/www.sabine-seyffert.de\/blog\/wp-content\/uploads\/2020\/08\/Boote-wei\u00df-gen\u00e4ht-2.jpg 800w, https:\/\/www.sabine-seyffert.de\/blog\/wp-content\/uploads\/2020\/08\/Boote-wei\u00df-gen\u00e4ht-2-300x225.jpg 300w, https:\/\/www.sabine-seyffert.de\/blog\/wp-content\/uploads\/2020\/08\/Boote-wei\u00df-gen\u00e4ht-2-768x576.jpg 768w\" sizes=\"auto, (max-width: 800px) 100vw, 800px\" \/><\/a><\/p>\n<p style=\"text-align: justify;\">Weil es so sch\u00f6n passte, habe ich jedes Boot noch mit Namen bedruckt. So wird die Girlande ein ganz pers\u00f6nliches Geschenk \ud83d\ude42<\/p>\n<p style=\"text-align: center;\"><a href=\"https:\/\/www.sabine-seyffert.de\/blog\/wp-content\/uploads\/2020\/08\/Boote-wei\u00df-gen\u00e4ht-1.jpg\"><img loading=\"lazy\" decoding=\"async\" class=\"alignnone size-full wp-image-17223\" src=\"https:\/\/www.sabine-seyffert.de\/blog\/wp-content\/uploads\/2020\/08\/Boote-wei\u00df-gen\u00e4ht-1.jpg\" alt=\"\" width=\"800\" height=\"600\" srcset=\"https:\/\/www.sabine-seyffert.de\/blog\/wp-content\/uploads\/2020\/08\/Boote-wei\u00df-gen\u00e4ht-1.jpg 800w, https:\/\/www.sabine-seyffert.de\/blog\/wp-content\/uploads\/2020\/08\/Boote-wei\u00df-gen\u00e4ht-1-300x225.jpg 300w, https:\/\/www.sabine-seyffert.de\/blog\/wp-content\/uploads\/2020\/08\/Boote-wei\u00df-gen\u00e4ht-1-768x576.jpg 768w\" sizes=\"auto, (max-width: 800px) 100vw, 800px\" \/><\/a><\/p>\n<p style=\"text-align: justify;\">Weitere sommerliche Ideen findet ihr in <a href=\"https:\/\/www.sabine-seyffert.de\/blog\/?cat=24\" target=\"_blank\" rel=\"noopener noreferrer\">diesem Ordner<\/a>, alles rund um Deko in <a href=\"https:\/\/www.sabine-seyffert.de\/blog\/?cat=12\" target=\"_blank\" rel=\"noopener noreferrer\">dieser Kategorie<\/a>, N\u00e4hanleitungen <a href=\"https:\/\/www.sabine-seyffert.de\/blog\/?cat=33\" target=\"_blank\" rel=\"noopener noreferrer\">hier<\/a>, Geschenkideen zum Selbermachen in <a href=\"https:\/\/www.sabine-seyffert.de\/blog\/?cat=36\" target=\"_blank\" rel=\"noopener noreferrer\">dieser Rubrik<\/a> und andere kreative Sachen an dieser Stelle.<\/p>\n<p style=\"text-align: center;\"><a href=\"https:\/\/www.sabine-seyffert.de\/blog\/wp-content\/uploads\/2020\/08\/Boote-wei\u00df-gen\u00e4ht-10.jpg\"><img loading=\"lazy\" decoding=\"async\" class=\"alignnone size-full wp-image-17226\" src=\"https:\/\/www.sabine-seyffert.de\/blog\/wp-content\/uploads\/2020\/08\/Boote-wei\u00df-gen\u00e4ht-10.jpg\" alt=\"\" width=\"800\" height=\"600\" srcset=\"https:\/\/www.sabine-seyffert.de\/blog\/wp-content\/uploads\/2020\/08\/Boote-wei\u00df-gen\u00e4ht-10.jpg 800w, https:\/\/www.sabine-seyffert.de\/blog\/wp-content\/uploads\/2020\/08\/Boote-wei\u00df-gen\u00e4ht-10-300x225.jpg 300w, https:\/\/www.sabine-seyffert.de\/blog\/wp-content\/uploads\/2020\/08\/Boote-wei\u00df-gen\u00e4ht-10-768x576.jpg 768w\" sizes=\"auto, (max-width: 800px) 100vw, 800px\" \/><\/a><\/p>\n<p style=\"text-align: justify;\"><a href=\"https:\/\/www.sabine-seyffert.de\/blog\/?page_id=32#urheberrecht\">urheberrechtlich gesch\u00fctzt<\/a>, \u00a9 Sabine Seyffert<\/p>\n","protected":false},"excerpt":{"rendered":"<p>Wir waren bei lieben Freunden zum Essen eingeladen und da ich ungern mit leeren H\u00e4nden komme, habe ich vor unserem Besuch noch eine sch\u00f6ne Sommerdeko gebastelt. Zwei andere Varianten davon habe ich euch hier schon einmal gezeigt: Einmal in sommerlichen Blau T\u00f6nen und hier in edler Kombi aus Wei\u00df und Kraftpapier. Allerdings habe ich diese&#8230; <a href=\"https:\/\/www.sabine-seyffert.de\/blog\/diy-maritime-naeh-bastelidee-selbst-gemachte-papierboote-als-sommerliche-deko-girlande-2\/\" class=\"more-link\">Read more: DIY Maritime N\u00e4h- &#038; Bastelidee: Selbst gemachte Papierboote als sommerliche Deko Girlande<\/a><\/p>\n","protected":false},"author":2,"featured_media":0,"comment_status":"open","ping_status":"open","sticky":false,"template":"","format":"standard","meta":{"_metis_text_type":"","_metis_text_length":2495,"_post_count":0,"footnotes":""},"categories":[12,36,33,24],"tags":[],"class_list":["post-17212","post","type-post","status-publish","format-standard","hentry","category-deko-ideen","category-klitzekleine-geschenkideen","category-kreative-naherein","category-sommer"],"_links":{"self":[{"href":"https:\/\/www.sabine-seyffert.de\/blog\/wp-json\/wp\/v2\/posts\/17212","targetHints":{"allow":["GET"]}}],"collection":[{"href":"https:\/\/www.sabine-seyffert.de\/blog\/wp-json\/wp\/v2\/posts"}],"about":[{"href":"https:\/\/www.sabine-seyffert.de\/blog\/wp-json\/wp\/v2\/types\/post"}],"author":[{"embeddable":true,"href":"https:\/\/www.sabine-seyffert.de\/blog\/wp-json\/wp\/v2\/users\/2"}],"replies":[{"embeddable":true,"href":"https:\/\/www.sabine-seyffert.de\/blog\/wp-json\/wp\/v2\/comments?post=17212"}],"version-history":[{"count":6,"href":"https:\/\/www.sabine-seyffert.de\/blog\/wp-json\/wp\/v2\/posts\/17212\/revisions"}],"predecessor-version":[{"id":17230,"href":"https:\/\/www.sabine-seyffert.de\/blog\/wp-json\/wp\/v2\/posts\/17212\/revisions\/17230"}],"wp:attachment":[{"href":"https:\/\/www.sabine-seyffert.de\/blog\/wp-json\/wp\/v2\/media?parent=17212"}],"wp:term":[{"taxonomy":"category","embeddable":true,"href":"https:\/\/www.sabine-seyffert.de\/blog\/wp-json\/wp\/v2\/categories?post=17212"},{"taxonomy":"post_tag","embeddable":true,"href":"https:\/\/www.sabine-seyffert.de\/blog\/wp-json\/wp\/v2\/tags?post=17212"}],"curies":[{"name":"wp","href":"https:\/\/api.w.org\/{rel}","templated":true}]}}