{"id":17168,"date":"2020-08-23T10:09:53","date_gmt":"2020-08-23T08:09:53","guid":{"rendered":"https:\/\/www.sabine-seyffert.de\/blog\/?p=17168"},"modified":"2020-08-23T10:09:53","modified_gmt":"2020-08-23T08:09:53","slug":"kochen-mit-kindern-heute-koche-ich-koestliche-kraeuterschnecken-als-picknick-pausensnack","status":"publish","type":"post","link":"https:\/\/www.sabine-seyffert.de\/blog\/kochen-mit-kindern-heute-koche-ich-koestliche-kraeuterschnecken-als-picknick-pausensnack\/","title":{"rendered":"Kochen mit Kindern: Heute koche ich &#8211; k\u00f6stliche Kr\u00e4uterschnecken als Picknick &#038; Pausensnack"},"content":{"rendered":"<p style=\"text-align: justify;\"><img loading=\"lazy\" decoding=\"async\" src=\"https:\/\/vg09.met.vgwort.de\/na\/1dc3782357a44029881e49871da2ec15\" alt=\"\" width=\"1\" height=\"1\" \/>Der Sommer verw\u00f6hnt uns weiterhin mit wundersch\u00f6nem Wetter und in der letzten Woche gab es sogar den ersten Wandertag nach den Sommerferien. Geplant war ein Ausflug mit gem\u00fctlichem Picknick. Dazu passt dieses kinderleichte Rezept ganz prima. Denn die Kr\u00e4uterschnecken hat meine Tochter fast ohne meine Hilfe selbst gemacht. Vor allem sind diese blitzschnell fertig und ausgesprochen lecker! F\u00fcr alle, die die gef\u00fcllten Teigschnecken nachbacken m\u00f6chten, gibt es hier das Rezept.<\/p>\n<p>\u00a0<a href=\"https:\/\/www.sabine-seyffert.de\/blog\/wp-content\/uploads\/2020\/08\/Kr\u00e4uterschnecken-Sabine-Seyffert.de-5.jpg\"><img loading=\"lazy\" decoding=\"async\" class=\"alignnone size-full wp-image-17173\" src=\"https:\/\/www.sabine-seyffert.de\/blog\/wp-content\/uploads\/2020\/08\/Kr\u00e4uterschnecken-Sabine-Seyffert.de-5.jpg\" alt=\"\" width=\"800\" height=\"600\" srcset=\"https:\/\/www.sabine-seyffert.de\/blog\/wp-content\/uploads\/2020\/08\/Kr\u00e4uterschnecken-Sabine-Seyffert.de-5.jpg 800w, https:\/\/www.sabine-seyffert.de\/blog\/wp-content\/uploads\/2020\/08\/Kr\u00e4uterschnecken-Sabine-Seyffert.de-5-300x225.jpg 300w, https:\/\/www.sabine-seyffert.de\/blog\/wp-content\/uploads\/2020\/08\/Kr\u00e4uterschnecken-Sabine-Seyffert.de-5-768x576.jpg 768w\" sizes=\"auto, (max-width: 800px) 100vw, 800px\" \/><\/a><\/p>\n<p style=\"text-align: justify;\"><strong>Das wird gebraucht:<\/strong><br \/>\n2 Rollen frischer Hefeteig, 1 Becher Kr\u00e4uter Creme Fraiche (200 g), 1 P\u00e4ckchen 8-Kr\u00e4uter (Tiefk\u00fchlmischung), 200 g Schafsk\u00e4se, etwas Schwarzk\u00fcmmel, evtl. Salz &amp; Pfeffer<\/p>\n<p style=\"text-align: center;\"><a href=\"https:\/\/www.sabine-seyffert.de\/blog\/wp-content\/uploads\/2020\/08\/Kr\u00e4uterschnecken-Sabine-Seyffert.de-3.jpg\"><img loading=\"lazy\" decoding=\"async\" class=\"alignnone size-full wp-image-17171\" src=\"https:\/\/www.sabine-seyffert.de\/blog\/wp-content\/uploads\/2020\/08\/Kr\u00e4uterschnecken-Sabine-Seyffert.de-3.jpg\" alt=\"\" width=\"800\" height=\"600\" srcset=\"https:\/\/www.sabine-seyffert.de\/blog\/wp-content\/uploads\/2020\/08\/Kr\u00e4uterschnecken-Sabine-Seyffert.de-3.jpg 800w, https:\/\/www.sabine-seyffert.de\/blog\/wp-content\/uploads\/2020\/08\/Kr\u00e4uterschnecken-Sabine-Seyffert.de-3-300x225.jpg 300w, https:\/\/www.sabine-seyffert.de\/blog\/wp-content\/uploads\/2020\/08\/Kr\u00e4uterschnecken-Sabine-Seyffert.de-3-768x576.jpg 768w\" sizes=\"auto, (max-width: 800px) 100vw, 800px\" \/><\/a><\/p>\n<p style=\"text-align: justify;\"><strong>So wird\u2019s gemacht:<\/strong><br \/>\nNimm den Hefeteig aus der Verpackung und rolle diesen vorsichtig auseinander. In einer kleinen Sch\u00fcssel verr\u00fchrst du das Creme Fraiche mit der Tiefk\u00fchlkr\u00e4utermischung. Nun kannst du auf jeder Hefeteigrolle das Creme Fraiche verstreichen.<\/p>\n<p style=\"text-align: center;\"><a href=\"https:\/\/www.sabine-seyffert.de\/blog\/wp-content\/uploads\/2020\/08\/Kr\u00e4uterschnecken-Sabine-Seyffert.de-8.jpg\"><img loading=\"lazy\" decoding=\"async\" class=\"alignnone size-full wp-image-17176\" src=\"https:\/\/www.sabine-seyffert.de\/blog\/wp-content\/uploads\/2020\/08\/Kr\u00e4uterschnecken-Sabine-Seyffert.de-8.jpg\" alt=\"\" width=\"800\" height=\"600\" srcset=\"https:\/\/www.sabine-seyffert.de\/blog\/wp-content\/uploads\/2020\/08\/Kr\u00e4uterschnecken-Sabine-Seyffert.de-8.jpg 800w, https:\/\/www.sabine-seyffert.de\/blog\/wp-content\/uploads\/2020\/08\/Kr\u00e4uterschnecken-Sabine-Seyffert.de-8-300x225.jpg 300w, https:\/\/www.sabine-seyffert.de\/blog\/wp-content\/uploads\/2020\/08\/Kr\u00e4uterschnecken-Sabine-Seyffert.de-8-768x576.jpg 768w\" sizes=\"auto, (max-width: 800px) 100vw, 800px\" \/><\/a><\/p>\n<p style=\"text-align: justify;\">Jetzt schneidest du den Schafsk\u00e4se mittig durch und verteilst bzw. br\u00f6selst je eine H\u00e4lfte des K\u00e4ses auf dem bestrichenen Teig.<\/p>\n<p style=\"text-align: center;\"><a href=\"https:\/\/www.sabine-seyffert.de\/blog\/wp-content\/uploads\/2020\/08\/Kr\u00e4uterschnecken-Sabine-Seyffert.de-7.jpg\"><img loading=\"lazy\" decoding=\"async\" class=\"alignnone size-full wp-image-17175\" src=\"https:\/\/www.sabine-seyffert.de\/blog\/wp-content\/uploads\/2020\/08\/Kr\u00e4uterschnecken-Sabine-Seyffert.de-7.jpg\" alt=\"\" width=\"800\" height=\"600\" srcset=\"https:\/\/www.sabine-seyffert.de\/blog\/wp-content\/uploads\/2020\/08\/Kr\u00e4uterschnecken-Sabine-Seyffert.de-7.jpg 800w, https:\/\/www.sabine-seyffert.de\/blog\/wp-content\/uploads\/2020\/08\/Kr\u00e4uterschnecken-Sabine-Seyffert.de-7-300x225.jpg 300w, https:\/\/www.sabine-seyffert.de\/blog\/wp-content\/uploads\/2020\/08\/Kr\u00e4uterschnecken-Sabine-Seyffert.de-7-768x576.jpg 768w\" sizes=\"auto, (max-width: 800px) 100vw, 800px\" \/><\/a><\/p>\n<p style=\"text-align: justify;\">Anschlie\u00dfend rollst du den belegten Teil der L\u00e4nge nach wieder auf und schneidest mit einem scharfen K\u00fcchenmesser etwa 2 cm dicke Scheiben ab, die du auf ein gefettetes oder mit Backpapier ausgelegtes Backblech legst.<\/p>\n<p style=\"text-align: center;\"><a href=\"https:\/\/www.sabine-seyffert.de\/blog\/wp-content\/uploads\/2020\/08\/Kr\u00e4uterschnecken-Sabine-Seyffert.de-1.jpg\"><img loading=\"lazy\" decoding=\"async\" class=\"alignnone size-full wp-image-17169\" src=\"https:\/\/www.sabine-seyffert.de\/blog\/wp-content\/uploads\/2020\/08\/Kr\u00e4uterschnecken-Sabine-Seyffert.de-1.jpg\" alt=\"\" width=\"800\" height=\"600\" srcset=\"https:\/\/www.sabine-seyffert.de\/blog\/wp-content\/uploads\/2020\/08\/Kr\u00e4uterschnecken-Sabine-Seyffert.de-1.jpg 800w, https:\/\/www.sabine-seyffert.de\/blog\/wp-content\/uploads\/2020\/08\/Kr\u00e4uterschnecken-Sabine-Seyffert.de-1-300x225.jpg 300w, https:\/\/www.sabine-seyffert.de\/blog\/wp-content\/uploads\/2020\/08\/Kr\u00e4uterschnecken-Sabine-Seyffert.de-1-768x576.jpg 768w\" sizes=\"auto, (max-width: 800px) 100vw, 800px\" \/><\/a><\/p>\n<p style=\"text-align: justify;\">\u00dcber jede Teigschnecke kannst du noch etwas Schwarzk\u00fcmmel streuen. Dann werden die Kr\u00e4uterschnecken im Ofen bei rund 180\u00b0 C f\u00fcr etwa 20 Minuten gebacken, bis diese am Rand goldbraun sind.<\/p>\n<p style=\"text-align: center;\"><a href=\"https:\/\/www.sabine-seyffert.de\/blog\/wp-content\/uploads\/2020\/08\/Kr\u00e4uterschnecken-Sabine-Seyffert.de-4.jpg\"><img loading=\"lazy\" decoding=\"async\" class=\"alignnone size-full wp-image-17172\" src=\"https:\/\/www.sabine-seyffert.de\/blog\/wp-content\/uploads\/2020\/08\/Kr\u00e4uterschnecken-Sabine-Seyffert.de-4.jpg\" alt=\"\" width=\"800\" height=\"600\" srcset=\"https:\/\/www.sabine-seyffert.de\/blog\/wp-content\/uploads\/2020\/08\/Kr\u00e4uterschnecken-Sabine-Seyffert.de-4.jpg 800w, https:\/\/www.sabine-seyffert.de\/blog\/wp-content\/uploads\/2020\/08\/Kr\u00e4uterschnecken-Sabine-Seyffert.de-4-300x225.jpg 300w, https:\/\/www.sabine-seyffert.de\/blog\/wp-content\/uploads\/2020\/08\/Kr\u00e4uterschnecken-Sabine-Seyffert.de-4-768x576.jpg 768w\" sizes=\"auto, (max-width: 800px) 100vw, 800px\" \/><\/a><\/p>\n<p style=\"text-align: justify;\"><strong>Ein kleiner Tipp:<\/strong><br \/>\nW\u00fcrziger werden die Kr\u00e4uterschnecken, wenn man eine kleine Knoblauchzehe mit in die Creme Fraiche Kr\u00e4utermischung r\u00fchrt!<\/p>\n<p style=\"text-align: center;\"><a href=\"https:\/\/www.sabine-seyffert.de\/blog\/wp-content\/uploads\/2020\/08\/Kr\u00e4uterschnecken-Sabine-Seyffert.de-5.jpg\"><img loading=\"lazy\" decoding=\"async\" class=\"alignnone size-full wp-image-17173\" src=\"https:\/\/www.sabine-seyffert.de\/blog\/wp-content\/uploads\/2020\/08\/Kr\u00e4uterschnecken-Sabine-Seyffert.de-5.jpg\" alt=\"\" width=\"800\" height=\"600\" srcset=\"https:\/\/www.sabine-seyffert.de\/blog\/wp-content\/uploads\/2020\/08\/Kr\u00e4uterschnecken-Sabine-Seyffert.de-5.jpg 800w, https:\/\/www.sabine-seyffert.de\/blog\/wp-content\/uploads\/2020\/08\/Kr\u00e4uterschnecken-Sabine-Seyffert.de-5-300x225.jpg 300w, https:\/\/www.sabine-seyffert.de\/blog\/wp-content\/uploads\/2020\/08\/Kr\u00e4uterschnecken-Sabine-Seyffert.de-5-768x576.jpg 768w\" sizes=\"auto, (max-width: 800px) 100vw, 800px\" \/><\/a><\/p>\n<p style=\"text-align: justify;\">Weitere vegetarische Rezeptideen findet ihr \u00fcbrigens in <a href=\"https:\/\/www.sabine-seyffert.de\/blog\/?cat=30\" target=\"_blank\" rel=\"noopener noreferrer\">diesem Blog Ordner<\/a>, vegane Rezepte in <a href=\"https:\/\/www.sabine-seyffert.de\/blog\/?cat=44\" target=\"_blank\" rel=\"noopener noreferrer\">dieser Rubrik<\/a> und s\u00fc\u00dfe Leckereien gibt es in <a href=\"https:\/\/www.sabine-seyffert.de\/blog\/?cat=31\" target=\"_blank\" rel=\"noopener noreferrer\">dieser Kategorie<\/a>.<\/p>\n<p><a href=\"https:\/\/www.sabine-seyffert.de\/blog\/wp-content\/uploads\/2020\/08\/Kr\u00e4uterschnecken-Sabine-Seyffert.de-9.jpg\"><img loading=\"lazy\" decoding=\"async\" class=\"size-full wp-image-17177 aligncenter\" src=\"https:\/\/www.sabine-seyffert.de\/blog\/wp-content\/uploads\/2020\/08\/Kr\u00e4uterschnecken-Sabine-Seyffert.de-9.jpg\" alt=\"\" width=\"600\" height=\"800\" srcset=\"https:\/\/www.sabine-seyffert.de\/blog\/wp-content\/uploads\/2020\/08\/Kr\u00e4uterschnecken-Sabine-Seyffert.de-9.jpg 600w, https:\/\/www.sabine-seyffert.de\/blog\/wp-content\/uploads\/2020\/08\/Kr\u00e4uterschnecken-Sabine-Seyffert.de-9-225x300.jpg 225w\" sizes=\"auto, (max-width: 600px) 100vw, 600px\" \/><\/a><\/p>\n<p style=\"text-align: justify;\"><a href=\"https:\/\/www.sabine-seyffert.de\/blog\/?page_id=32#urheberrecht\">urheberrechtlich gesch\u00fctzt<\/a>, \u00a9 Sabine Seyffert<\/p>\n","protected":false},"excerpt":{"rendered":"<p>Der Sommer verw\u00f6hnt uns weiterhin mit wundersch\u00f6nem Wetter und in der letzten Woche gab es sogar den ersten Wandertag nach den Sommerferien. Geplant war ein Ausflug mit gem\u00fctlichem Picknick. Dazu passt dieses kinderleichte Rezept ganz prima. Denn die Kr\u00e4uterschnecken hat meine Tochter fast ohne meine Hilfe selbst gemacht. Vor allem sind diese blitzschnell fertig und&#8230; <a href=\"https:\/\/www.sabine-seyffert.de\/blog\/kochen-mit-kindern-heute-koche-ich-koestliche-kraeuterschnecken-als-picknick-pausensnack\/\" class=\"more-link\">Read more: Kochen mit Kindern: Heute koche ich &#8211; k\u00f6stliche Kr\u00e4uterschnecken als Picknick &#038; Pausensnack<\/a><\/p>\n","protected":false},"author":2,"featured_media":0,"comment_status":"open","ping_status":"open","sticky":false,"template":"","format":"standard","meta":{"_metis_text_type":"","_metis_text_length":1805,"_post_count":0,"footnotes":""},"categories":[43,30,24],"tags":[],"class_list":["post-17168","post","type-post","status-publish","format-standard","hentry","category-geschenke-aus-der-kueche","category-rezepte-herzhaft","category-sommer"],"_links":{"self":[{"href":"https:\/\/www.sabine-seyffert.de\/blog\/wp-json\/wp\/v2\/posts\/17168","targetHints":{"allow":["GET"]}}],"collection":[{"href":"https:\/\/www.sabine-seyffert.de\/blog\/wp-json\/wp\/v2\/posts"}],"about":[{"href":"https:\/\/www.sabine-seyffert.de\/blog\/wp-json\/wp\/v2\/types\/post"}],"author":[{"embeddable":true,"href":"https:\/\/www.sabine-seyffert.de\/blog\/wp-json\/wp\/v2\/users\/2"}],"replies":[{"embeddable":true,"href":"https:\/\/www.sabine-seyffert.de\/blog\/wp-json\/wp\/v2\/comments?post=17168"}],"version-history":[{"count":2,"href":"https:\/\/www.sabine-seyffert.de\/blog\/wp-json\/wp\/v2\/posts\/17168\/revisions"}],"predecessor-version":[{"id":17179,"href":"https:\/\/www.sabine-seyffert.de\/blog\/wp-json\/wp\/v2\/posts\/17168\/revisions\/17179"}],"wp:attachment":[{"href":"https:\/\/www.sabine-seyffert.de\/blog\/wp-json\/wp\/v2\/media?parent=17168"}],"wp:term":[{"taxonomy":"category","embeddable":true,"href":"https:\/\/www.sabine-seyffert.de\/blog\/wp-json\/wp\/v2\/categories?post=17168"},{"taxonomy":"post_tag","embeddable":true,"href":"https:\/\/www.sabine-seyffert.de\/blog\/wp-json\/wp\/v2\/tags?post=17168"}],"curies":[{"name":"wp","href":"https:\/\/api.w.org\/{rel}","templated":true}]}}