{"id":17141,"date":"2020-08-20T09:09:17","date_gmt":"2020-08-20T07:09:17","guid":{"rendered":"https:\/\/www.sabine-seyffert.de\/blog\/?p=17141"},"modified":"2020-08-20T09:09:17","modified_gmt":"2020-08-20T07:09:17","slug":"diy-bastelidee-fuer-kinder-sommergruss-selbst-gemacht-kirschen-mit-korken-stempeln","status":"publish","type":"post","link":"https:\/\/www.sabine-seyffert.de\/blog\/diy-bastelidee-fuer-kinder-sommergruss-selbst-gemacht-kirschen-mit-korken-stempeln\/","title":{"rendered":"DIY Bastelidee f\u00fcr Kinder: Sommergru\u00df selbst gemacht &#8211; Kirschen mit Korken stempeln"},"content":{"rendered":"<p style=\"text-align: justify;\"><img loading=\"lazy\" decoding=\"async\" src=\"https:\/\/vg09.met.vgwort.de\/na\/b365a86918004a989f8955d7caa5d997\" alt=\"\" width=\"1\" height=\"1\" \/>Heute gibt es eine ganz sommerliche Bastelidee f\u00fcr euch und alle, die gerne kreativ sind. Ob man die fertigen Bilder als Postkarte verwendet, als Bild oder eine Geschenkverpackung daraus bastelt, bleibt euch \u00fcberlassen. Auch jeden Fall macht diese Bastelei richtig Lust auf knackige Kirschen. L\u00e4uft euch auch schon das Wasser im Mund zusammen?<\/p>\n<p style=\"text-align: center;\"><a href=\"https:\/\/www.sabine-seyffert.de\/blog\/wp-content\/uploads\/2020\/08\/Kirschen-Korken-Sabine-Seyffert.de-10.jpg\"><img loading=\"lazy\" decoding=\"async\" class=\"alignnone size-full wp-image-17142\" src=\"https:\/\/www.sabine-seyffert.de\/blog\/wp-content\/uploads\/2020\/08\/Kirschen-Korken-Sabine-Seyffert.de-10.jpg\" alt=\"\" width=\"800\" height=\"600\" srcset=\"https:\/\/www.sabine-seyffert.de\/blog\/wp-content\/uploads\/2020\/08\/Kirschen-Korken-Sabine-Seyffert.de-10.jpg 800w, https:\/\/www.sabine-seyffert.de\/blog\/wp-content\/uploads\/2020\/08\/Kirschen-Korken-Sabine-Seyffert.de-10-300x225.jpg 300w, https:\/\/www.sabine-seyffert.de\/blog\/wp-content\/uploads\/2020\/08\/Kirschen-Korken-Sabine-Seyffert.de-10-768x576.jpg 768w\" sizes=\"auto, (max-width: 800px) 100vw, 800px\" \/><\/a><\/p>\n<p style=\"text-align: justify;\"><strong>Das wird gebraucht:<\/strong><br \/>\nWei\u00dfe Blanko Postkarte \/ Klappkarte oder alternativ wei\u00dfen Tonkarton, eine Bastelschere, eine alte Tageszeitung, Borstenpinsel, Bastelkleber, einen Wasserfarbkasten, etwas Deckwei\u00df oder wei\u00dfe Acrylfarbe (auf Wasserbasis), einen Flaschenkorken, evtl. Malkittel, eine Malunterlage sowie optional Buchstabenstempel und ein Stempelkissen<\/p>\n<p style=\"text-align: center;\"><a href=\"https:\/\/www.sabine-seyffert.de\/blog\/wp-content\/uploads\/2020\/08\/Kirschen-Korken-Sabine-Seyffert.de-11.jpg\"><img loading=\"lazy\" decoding=\"async\" class=\"alignnone size-full wp-image-17143\" src=\"https:\/\/www.sabine-seyffert.de\/blog\/wp-content\/uploads\/2020\/08\/Kirschen-Korken-Sabine-Seyffert.de-11.jpg\" alt=\"\" width=\"800\" height=\"600\" srcset=\"https:\/\/www.sabine-seyffert.de\/blog\/wp-content\/uploads\/2020\/08\/Kirschen-Korken-Sabine-Seyffert.de-11.jpg 800w, https:\/\/www.sabine-seyffert.de\/blog\/wp-content\/uploads\/2020\/08\/Kirschen-Korken-Sabine-Seyffert.de-11-300x225.jpg 300w, https:\/\/www.sabine-seyffert.de\/blog\/wp-content\/uploads\/2020\/08\/Kirschen-Korken-Sabine-Seyffert.de-11-768x576.jpg 768w\" sizes=\"auto, (max-width: 800px) 100vw, 800px\" \/><\/a><\/p>\n<p style=\"text-align: justify;\"><strong>So wird\u2019s gemacht:<\/strong><br \/>\nNach den gebastelten Kirschen aus bemaltem Karton aus <a href=\"https:\/\/www.sabine-seyffert.de\/blog\/?p=12764\" target=\"_blank\" rel=\"noopener noreferrer\">dieser Bastelanleitung<\/a>, gibt es nun eine einfachere Variante, die sich auch f\u00fcr j\u00fcngere Kinder eignet. Dazu braucht man vor allen Dingen eins \u2013 einen Flaschenkorken.<\/p>\n<p style=\"text-align: center;\"><a href=\"https:\/\/www.sabine-seyffert.de\/blog\/wp-content\/uploads\/2020\/08\/Kirschen-Korken-Sabine-Seyffert.de-2.jpg\"><img loading=\"lazy\" decoding=\"async\" class=\"alignnone size-full wp-image-17144\" src=\"https:\/\/www.sabine-seyffert.de\/blog\/wp-content\/uploads\/2020\/08\/Kirschen-Korken-Sabine-Seyffert.de-2.jpg\" alt=\"\" width=\"800\" height=\"600\" srcset=\"https:\/\/www.sabine-seyffert.de\/blog\/wp-content\/uploads\/2020\/08\/Kirschen-Korken-Sabine-Seyffert.de-2.jpg 800w, https:\/\/www.sabine-seyffert.de\/blog\/wp-content\/uploads\/2020\/08\/Kirschen-Korken-Sabine-Seyffert.de-2-300x225.jpg 300w, https:\/\/www.sabine-seyffert.de\/blog\/wp-content\/uploads\/2020\/08\/Kirschen-Korken-Sabine-Seyffert.de-2-768x576.jpg 768w\" sizes=\"auto, (max-width: 800px) 100vw, 800px\" \/><\/a><\/p>\n<p style=\"text-align: justify;\">Wer m\u00f6chte, kann vor dem Malen in einen <a href=\"https:\/\/www.sabine-seyffert.de\/blog\/?p=12310\" target=\"_blank\" rel=\"noopener noreferrer\">Malkittel<\/a> schl\u00fcpfen und den Tisch gut abdecken. Dann bekommt jeder eine wei\u00dfe Karte aus festem Papier. Mit roter Wasserfarbe darf nun die Unterseite des Korken bemalt werden. Dabei kann man die roten T\u00f6ne variieren und untereinander mischen, damit es nicht so eint\u00f6nig aussieht. Damit druckt man dann auf der Karte verschiedene Kirschen. Mal als Paar, mal einzeln.<\/p>\n<p style=\"text-align: center;\"><a href=\"https:\/\/www.sabine-seyffert.de\/blog\/wp-content\/uploads\/2020\/08\/Kirschen-Korken-Sabine-Seyffert.de-1.jpg\"><img loading=\"lazy\" decoding=\"async\" class=\"alignnone size-full wp-image-17145\" src=\"https:\/\/www.sabine-seyffert.de\/blog\/wp-content\/uploads\/2020\/08\/Kirschen-Korken-Sabine-Seyffert.de-1.jpg\" alt=\"\" width=\"800\" height=\"600\" srcset=\"https:\/\/www.sabine-seyffert.de\/blog\/wp-content\/uploads\/2020\/08\/Kirschen-Korken-Sabine-Seyffert.de-1.jpg 800w, https:\/\/www.sabine-seyffert.de\/blog\/wp-content\/uploads\/2020\/08\/Kirschen-Korken-Sabine-Seyffert.de-1-300x225.jpg 300w, https:\/\/www.sabine-seyffert.de\/blog\/wp-content\/uploads\/2020\/08\/Kirschen-Korken-Sabine-Seyffert.de-1-768x576.jpg 768w\" sizes=\"auto, (max-width: 800px) 100vw, 800px\" \/><\/a><\/p>\n<p style=\"text-align: justify;\">Au\u00dferdem kann man auf etwas wei\u00dfes Papier mit gr\u00fcner Wasserfarbe malen und auch auf den mit Text bedruckten Teil einer Tageszeitung (wie in <a href=\"https:\/\/www.sabine-seyffert.de\/blog\/?p=13917\" target=\"_blank\" rel=\"noopener noreferrer\">dieser Bastelanleitung<\/a> ausf\u00fchrlich beschrieben). Von dem bemalten Zeitungspapier kann man auch ein St\u00fcck mit roter Farbe und einen Streifen mit Deckwei\u00df \u00fcbermalen.<\/p>\n<p style=\"text-align: center;\"><a href=\"https:\/\/www.sabine-seyffert.de\/blog\/wp-content\/uploads\/2020\/08\/Kirschen-Korken-Sabine-Seyffert.de-9.jpg\"><img loading=\"lazy\" decoding=\"async\" class=\"alignnone size-full wp-image-17146\" src=\"https:\/\/www.sabine-seyffert.de\/blog\/wp-content\/uploads\/2020\/08\/Kirschen-Korken-Sabine-Seyffert.de-9.jpg\" alt=\"\" width=\"800\" height=\"600\" srcset=\"https:\/\/www.sabine-seyffert.de\/blog\/wp-content\/uploads\/2020\/08\/Kirschen-Korken-Sabine-Seyffert.de-9.jpg 800w, https:\/\/www.sabine-seyffert.de\/blog\/wp-content\/uploads\/2020\/08\/Kirschen-Korken-Sabine-Seyffert.de-9-300x225.jpg 300w, https:\/\/www.sabine-seyffert.de\/blog\/wp-content\/uploads\/2020\/08\/Kirschen-Korken-Sabine-Seyffert.de-9-768x576.jpg 768w\" sizes=\"auto, (max-width: 800px) 100vw, 800px\" \/><\/a><\/p>\n<p style=\"text-align: justify;\">Sobald die Farbe getrocknet ist, kann man aus dem gr\u00fcnen Zeitungspapier Stiele f\u00fcr die Kirschen und gr\u00fcne Bl\u00e4tter ausschneiden. Auf dem wei\u00df bemalten Papier kann man einen kleinen Sommergru\u00df drucken, schreiben oder Stempeln und diesen als kleinen Wimpel mit rot bemaltem Papier unterlegen.<\/p>\n<p style=\"text-align: center;\"><a href=\"https:\/\/www.sabine-seyffert.de\/blog\/wp-content\/uploads\/2020\/08\/Kirschen-Korken-Sabine-Seyffert.de-6.jpg\"><img loading=\"lazy\" decoding=\"async\" class=\"alignnone size-full wp-image-17147\" src=\"https:\/\/www.sabine-seyffert.de\/blog\/wp-content\/uploads\/2020\/08\/Kirschen-Korken-Sabine-Seyffert.de-6.jpg\" alt=\"\" width=\"800\" height=\"600\" srcset=\"https:\/\/www.sabine-seyffert.de\/blog\/wp-content\/uploads\/2020\/08\/Kirschen-Korken-Sabine-Seyffert.de-6.jpg 800w, https:\/\/www.sabine-seyffert.de\/blog\/wp-content\/uploads\/2020\/08\/Kirschen-Korken-Sabine-Seyffert.de-6-300x225.jpg 300w, https:\/\/www.sabine-seyffert.de\/blog\/wp-content\/uploads\/2020\/08\/Kirschen-Korken-Sabine-Seyffert.de-6-768x576.jpg 768w\" sizes=\"auto, (max-width: 800px) 100vw, 800px\" \/><\/a><\/p>\n<p style=\"text-align: justify;\">So hat man eine tolle Karte, die sich verschenken oder verschicken l\u00e4sst!<\/p>\n<p style=\"text-align: center;\"><a href=\"https:\/\/www.sabine-seyffert.de\/blog\/wp-content\/uploads\/2020\/08\/Kirschen-Korken-Sabine-Seyffert.de-9-1.jpg\"><img loading=\"lazy\" decoding=\"async\" class=\"alignnone size-full wp-image-17148\" src=\"https:\/\/www.sabine-seyffert.de\/blog\/wp-content\/uploads\/2020\/08\/Kirschen-Korken-Sabine-Seyffert.de-9-1.jpg\" alt=\"\" width=\"800\" height=\"600\" srcset=\"https:\/\/www.sabine-seyffert.de\/blog\/wp-content\/uploads\/2020\/08\/Kirschen-Korken-Sabine-Seyffert.de-9-1.jpg 800w, https:\/\/www.sabine-seyffert.de\/blog\/wp-content\/uploads\/2020\/08\/Kirschen-Korken-Sabine-Seyffert.de-9-1-300x225.jpg 300w, https:\/\/www.sabine-seyffert.de\/blog\/wp-content\/uploads\/2020\/08\/Kirschen-Korken-Sabine-Seyffert.de-9-1-768x576.jpg 768w\" sizes=\"auto, (max-width: 800px) 100vw, 800px\" \/><\/a><\/p>\n<p style=\"text-align: justify;\"><strong>Ein kleiner Tipp:<\/strong><br \/>\nWenn j\u00fcngere Kinder mitbasteln, k\u00f6nnen die Stiele und Bl\u00e4tter alternativ auch einfach mit Stiften gemalt werden.<\/p>\n<p style=\"text-align: center;\"><a href=\"https:\/\/www.sabine-seyffert.de\/blog\/wp-content\/uploads\/2020\/08\/Kirschen-Korken-Sabine-Seyffert.de-8.jpg\"><img loading=\"lazy\" decoding=\"async\" class=\"alignnone size-full wp-image-17149\" src=\"https:\/\/www.sabine-seyffert.de\/blog\/wp-content\/uploads\/2020\/08\/Kirschen-Korken-Sabine-Seyffert.de-8.jpg\" alt=\"\" width=\"800\" height=\"600\" srcset=\"https:\/\/www.sabine-seyffert.de\/blog\/wp-content\/uploads\/2020\/08\/Kirschen-Korken-Sabine-Seyffert.de-8.jpg 800w, https:\/\/www.sabine-seyffert.de\/blog\/wp-content\/uploads\/2020\/08\/Kirschen-Korken-Sabine-Seyffert.de-8-300x225.jpg 300w, https:\/\/www.sabine-seyffert.de\/blog\/wp-content\/uploads\/2020\/08\/Kirschen-Korken-Sabine-Seyffert.de-8-768x576.jpg 768w\" sizes=\"auto, (max-width: 800px) 100vw, 800px\" \/><\/a><\/p>\n<p style=\"text-align: justify;\">Weitere Bastelanleitungen f\u00fcr selbst gemachte Postkarten findet ihr \u00fcbrigens in <a href=\"https:\/\/www.sabine-seyffert.de\/blog\/?cat=51\" target=\"_blank\" rel=\"noopener noreferrer\">dieser Blog Kategorie<\/a>, alle DIY f\u00fcr Kinder gibt es in <a href=\"https:\/\/www.sabine-seyffert.de\/blog\/?cat=32\" target=\"_blank\" rel=\"noopener noreferrer\">diesem Ordner<\/a>, alle Ideen rund um den Sommer in <a href=\"https:\/\/www.sabine-seyffert.de\/blog\/?cat=24\" target=\"_blank\" rel=\"noopener noreferrer\">dieser Rubrik<\/a> und andere kreative Sachen gibt es an dieser Stelle.<\/p>\n<p style=\"text-align: center;\"><a href=\"https:\/\/www.sabine-seyffert.de\/blog\/wp-content\/uploads\/2020\/08\/Kirschen-Korken-Sabine-Seyffert.de-4.jpg\"><img loading=\"lazy\" decoding=\"async\" class=\"alignnone size-full wp-image-17150\" src=\"https:\/\/www.sabine-seyffert.de\/blog\/wp-content\/uploads\/2020\/08\/Kirschen-Korken-Sabine-Seyffert.de-4.jpg\" alt=\"\" width=\"600\" height=\"800\" srcset=\"https:\/\/www.sabine-seyffert.de\/blog\/wp-content\/uploads\/2020\/08\/Kirschen-Korken-Sabine-Seyffert.de-4.jpg 600w, https:\/\/www.sabine-seyffert.de\/blog\/wp-content\/uploads\/2020\/08\/Kirschen-Korken-Sabine-Seyffert.de-4-225x300.jpg 225w\" sizes=\"auto, (max-width: 600px) 100vw, 600px\" \/><\/a><\/p>\n<p style=\"text-align: justify;\"><a href=\"https:\/\/www.sabine-seyffert.de\/blog\/?page_id=32#urheberrecht\">urheberrechtlich gesch\u00fctzt<\/a>, \u00a9 Sabine Seyffert<\/p>\n","protected":false},"excerpt":{"rendered":"<p>Heute gibt es eine ganz sommerliche Bastelidee f\u00fcr euch und alle, die gerne kreativ sind. Ob man die fertigen Bilder als Postkarte verwendet, als Bild oder eine Geschenkverpackung daraus bastelt, bleibt euch \u00fcberlassen. Auch jeden Fall macht diese Bastelei richtig Lust auf knackige Kirschen. L\u00e4uft euch auch schon das Wasser im Mund zusammen? Das wird&#8230; <a href=\"https:\/\/www.sabine-seyffert.de\/blog\/diy-bastelidee-fuer-kinder-sommergruss-selbst-gemacht-kirschen-mit-korken-stempeln\/\" class=\"more-link\">Read more: DIY Bastelidee f\u00fcr Kinder: Sommergru\u00df selbst gemacht &#8211; Kirschen mit Korken stempeln<\/a><\/p>\n","protected":false},"author":2,"featured_media":0,"comment_status":"open","ping_status":"open","sticky":false,"template":"","format":"standard","meta":{"_metis_text_type":"","_metis_text_length":2435,"_post_count":0,"footnotes":""},"categories":[32,51,24,47],"tags":[],"class_list":["post-17141","post","type-post","status-publish","format-standard","hentry","category-kreatives-fur-kleine-kinderhande","category-postkarten-grusskarten","category-sommer","category-upcyceltes"],"_links":{"self":[{"href":"https:\/\/www.sabine-seyffert.de\/blog\/wp-json\/wp\/v2\/posts\/17141","targetHints":{"allow":["GET"]}}],"collection":[{"href":"https:\/\/www.sabine-seyffert.de\/blog\/wp-json\/wp\/v2\/posts"}],"about":[{"href":"https:\/\/www.sabine-seyffert.de\/blog\/wp-json\/wp\/v2\/types\/post"}],"author":[{"embeddable":true,"href":"https:\/\/www.sabine-seyffert.de\/blog\/wp-json\/wp\/v2\/users\/2"}],"replies":[{"embeddable":true,"href":"https:\/\/www.sabine-seyffert.de\/blog\/wp-json\/wp\/v2\/comments?post=17141"}],"version-history":[{"count":2,"href":"https:\/\/www.sabine-seyffert.de\/blog\/wp-json\/wp\/v2\/posts\/17141\/revisions"}],"predecessor-version":[{"id":17152,"href":"https:\/\/www.sabine-seyffert.de\/blog\/wp-json\/wp\/v2\/posts\/17141\/revisions\/17152"}],"wp:attachment":[{"href":"https:\/\/www.sabine-seyffert.de\/blog\/wp-json\/wp\/v2\/media?parent=17141"}],"wp:term":[{"taxonomy":"category","embeddable":true,"href":"https:\/\/www.sabine-seyffert.de\/blog\/wp-json\/wp\/v2\/categories?post=17141"},{"taxonomy":"post_tag","embeddable":true,"href":"https:\/\/www.sabine-seyffert.de\/blog\/wp-json\/wp\/v2\/tags?post=17141"}],"curies":[{"name":"wp","href":"https:\/\/api.w.org\/{rel}","templated":true}]}}