{"id":17109,"date":"2020-08-15T11:02:23","date_gmt":"2020-08-15T09:02:23","guid":{"rendered":"https:\/\/www.sabine-seyffert.de\/blog\/?p=17109"},"modified":"2020-08-15T17:52:10","modified_gmt":"2020-08-15T15:52:10","slug":"backen-mit-kindern-leckere-schokobroetchen-zum-fruehstueck-als-pausenbrot-oder-fuers-picknick","status":"publish","type":"post","link":"https:\/\/www.sabine-seyffert.de\/blog\/backen-mit-kindern-leckere-schokobroetchen-zum-fruehstueck-als-pausenbrot-oder-fuers-picknick\/","title":{"rendered":"Backen mit Kindern: Leckere Schokobr\u00f6tchen zum Fr\u00fchst\u00fcck, als Pausenbrot oder f\u00fcrs Picknick"},"content":{"rendered":"<p style=\"text-align: justify;\"><img loading=\"lazy\" decoding=\"async\" src=\"https:\/\/vg09.met.vgwort.de\/na\/7febfb5fd80741d8bfe3c9976488cf11\" alt=\"\" width=\"1\" height=\"1\" \/>Die Schule ist in der letzten Woche wieder gestartet. Da sind gute Ideen f\u00fcr die Pausen gefragt, die sich gut mitnehmen und auch vorbereiten lassen. Wie w\u00e4re es mit selbst gemachten Schokobr\u00f6tchen? Die gehen immer! Also ab in die K\u00fcche und schon kann es losgehen!<\/p>\n<p style=\"text-align: center;\"><a href=\"https:\/\/www.sabine-seyffert.de\/blog\/wp-content\/uploads\/2020\/08\/Br\u00f6tchen-Schoko-Sabine-Seyffert.de-5.jpg\"><img loading=\"lazy\" decoding=\"async\" class=\"alignnone size-full wp-image-17110\" src=\"https:\/\/www.sabine-seyffert.de\/blog\/wp-content\/uploads\/2020\/08\/Br\u00f6tchen-Schoko-Sabine-Seyffert.de-5.jpg\" alt=\"\" width=\"800\" height=\"600\" srcset=\"https:\/\/www.sabine-seyffert.de\/blog\/wp-content\/uploads\/2020\/08\/Br\u00f6tchen-Schoko-Sabine-Seyffert.de-5.jpg 800w, https:\/\/www.sabine-seyffert.de\/blog\/wp-content\/uploads\/2020\/08\/Br\u00f6tchen-Schoko-Sabine-Seyffert.de-5-300x225.jpg 300w, https:\/\/www.sabine-seyffert.de\/blog\/wp-content\/uploads\/2020\/08\/Br\u00f6tchen-Schoko-Sabine-Seyffert.de-5-768x576.jpg 768w\" sizes=\"auto, (max-width: 800px) 100vw, 800px\" \/><\/a><\/p>\n<p style=\"text-align: justify;\"><strong>Das wird gebraucht:<\/strong><br \/>\n250 g Mehl, 90 g weiche Butter (am besten 1 Stunde vor dem Backen aus dem K\u00fchlschrank nehmen!), 90 g Zucker, 1 Ei, 125 g Quark (40%), \u00bd P\u00e4ckchen Backpulver, 100 g Schokotr\u00f6pfchen (backstabil) sowie etwas Puderzucker zum Bestreuen<\/p>\n<p><a href=\"https:\/\/www.sabine-seyffert.de\/blog\/wp-content\/uploads\/2020\/08\/Br\u00f6tchen-Schoko-Sabine-Seyffert.de-6.jpg\"><img loading=\"lazy\" decoding=\"async\" class=\"alignnone size-full wp-image-17111\" src=\"https:\/\/www.sabine-seyffert.de\/blog\/wp-content\/uploads\/2020\/08\/Br\u00f6tchen-Schoko-Sabine-Seyffert.de-6.jpg\" alt=\"\" width=\"800\" height=\"600\" srcset=\"https:\/\/www.sabine-seyffert.de\/blog\/wp-content\/uploads\/2020\/08\/Br\u00f6tchen-Schoko-Sabine-Seyffert.de-6.jpg 800w, https:\/\/www.sabine-seyffert.de\/blog\/wp-content\/uploads\/2020\/08\/Br\u00f6tchen-Schoko-Sabine-Seyffert.de-6-300x225.jpg 300w, https:\/\/www.sabine-seyffert.de\/blog\/wp-content\/uploads\/2020\/08\/Br\u00f6tchen-Schoko-Sabine-Seyffert.de-6-768x576.jpg 768w\" sizes=\"auto, (max-width: 800px) 100vw, 800px\" \/><\/a><\/p>\n<p style=\"text-align: justify;\"><span style=\"color: #ff6600;\"><strong>Hinweis:<\/strong><\/span> Die angegebene Menge ergibt ein Blech mit 9 Schokobr\u00f6tchen<\/p>\n<p style=\"text-align: center;\"><a href=\"https:\/\/www.sabine-seyffert.de\/blog\/wp-content\/uploads\/2020\/08\/Br\u00f6tchen-Schoko-Sabine-Seyffert.de-8.jpg\"><img loading=\"lazy\" decoding=\"async\" class=\"alignnone size-full wp-image-17112\" src=\"https:\/\/www.sabine-seyffert.de\/blog\/wp-content\/uploads\/2020\/08\/Br\u00f6tchen-Schoko-Sabine-Seyffert.de-8.jpg\" alt=\"\" width=\"600\" height=\"800\" srcset=\"https:\/\/www.sabine-seyffert.de\/blog\/wp-content\/uploads\/2020\/08\/Br\u00f6tchen-Schoko-Sabine-Seyffert.de-8.jpg 600w, https:\/\/www.sabine-seyffert.de\/blog\/wp-content\/uploads\/2020\/08\/Br\u00f6tchen-Schoko-Sabine-Seyffert.de-8-225x300.jpg 225w\" sizes=\"auto, (max-width: 600px) 100vw, 600px\" \/><\/a><\/p>\n<p style=\"text-align: justify;\"><strong>So wird\u2019s gemacht:<\/strong><br \/>\nSch\u00fctte alle Zutaten (bis auf den Puderzucker) in eine gro\u00dfe R\u00fchrsch\u00fcssel. Dann kannst du mit sauberen H\u00e4nden daraus einen glatten Teig kneten. Dieser sollte nicht zu trocken sein, aber auch nicht mehr an den H\u00e4nden kleben.<\/p>\n<p style=\"text-align: center;\"><a href=\"https:\/\/www.sabine-seyffert.de\/blog\/wp-content\/uploads\/2020\/08\/Br\u00f6tchen-Schoko-Sabine-Seyffert.de-4.jpg\"><img loading=\"lazy\" decoding=\"async\" class=\"alignnone size-full wp-image-17113\" src=\"https:\/\/www.sabine-seyffert.de\/blog\/wp-content\/uploads\/2020\/08\/Br\u00f6tchen-Schoko-Sabine-Seyffert.de-4.jpg\" alt=\"\" width=\"800\" height=\"600\" srcset=\"https:\/\/www.sabine-seyffert.de\/blog\/wp-content\/uploads\/2020\/08\/Br\u00f6tchen-Schoko-Sabine-Seyffert.de-4.jpg 800w, https:\/\/www.sabine-seyffert.de\/blog\/wp-content\/uploads\/2020\/08\/Br\u00f6tchen-Schoko-Sabine-Seyffert.de-4-300x225.jpg 300w, https:\/\/www.sabine-seyffert.de\/blog\/wp-content\/uploads\/2020\/08\/Br\u00f6tchen-Schoko-Sabine-Seyffert.de-4-768x576.jpg 768w\" sizes=\"auto, (max-width: 800px) 100vw, 800px\" \/><\/a><\/p>\n<p style=\"text-align: justify;\"><strong>Kleiner Tipp:<\/strong><br \/>\nDurch die Zugabe von etwas Mehl wird der Teig trockener, gibst du einen weiteren W\u00fcrfel Butter oder einen Essl\u00f6ffel Milch hinzu, wird er feuchter. Jetzt schmierst du das Backblech entweder gleichm\u00e4\u00dfig d\u00fcnn mit Margarine ein oder legst es mit einem Bogen Backpapier aus. Dann rollst du aus dem Teig kleine Kugeln und platzierst diese gleichm\u00e4\u00dfig auf dem Blech.<\/p>\n<p style=\"text-align: center;\"><a href=\"https:\/\/www.sabine-seyffert.de\/blog\/wp-content\/uploads\/2020\/08\/Br\u00f6tchen-Schoko-Sabine-Seyffert.de-2.jpg\"><img loading=\"lazy\" decoding=\"async\" class=\"alignnone size-full wp-image-17114\" src=\"https:\/\/www.sabine-seyffert.de\/blog\/wp-content\/uploads\/2020\/08\/Br\u00f6tchen-Schoko-Sabine-Seyffert.de-2.jpg\" alt=\"\" width=\"800\" height=\"600\" srcset=\"https:\/\/www.sabine-seyffert.de\/blog\/wp-content\/uploads\/2020\/08\/Br\u00f6tchen-Schoko-Sabine-Seyffert.de-2.jpg 800w, https:\/\/www.sabine-seyffert.de\/blog\/wp-content\/uploads\/2020\/08\/Br\u00f6tchen-Schoko-Sabine-Seyffert.de-2-300x225.jpg 300w, https:\/\/www.sabine-seyffert.de\/blog\/wp-content\/uploads\/2020\/08\/Br\u00f6tchen-Schoko-Sabine-Seyffert.de-2-768x576.jpg 768w\" sizes=\"auto, (max-width: 800px) 100vw, 800px\" \/><\/a><\/p>\n<p style=\"text-align: justify;\"><strong>Achtung:<\/strong> Die Br\u00f6tchen gehen beim Backen noch auf, daher solltest du zwischen den einzelnen Schokobr\u00f6tchen unbedingt etwas Platz auf dem Blech lassen!<\/p>\n<p style=\"text-align: justify;\">Die Backzeit betr\u00e4gt ca. 15 Minuten bei 175 \u00b0C, kann aber je nach Gr\u00f6\u00dfe, Teig und Backofen varrieren. Sobald sie leicht gebr\u00e4unt sind, sind die Br\u00f6tchen fertig und k\u00f6nnen aus dem Ofen genommen werden.<\/p>\n<p style=\"text-align: center;\"><a href=\"https:\/\/www.sabine-seyffert.de\/blog\/wp-content\/uploads\/2020\/08\/Br\u00f6tchen-Schoko-Sabine-Seyffert.de-1.jpg\"><img loading=\"lazy\" decoding=\"async\" class=\"alignnone size-full wp-image-17115\" src=\"https:\/\/www.sabine-seyffert.de\/blog\/wp-content\/uploads\/2020\/08\/Br\u00f6tchen-Schoko-Sabine-Seyffert.de-1.jpg\" alt=\"\" width=\"800\" height=\"600\" srcset=\"https:\/\/www.sabine-seyffert.de\/blog\/wp-content\/uploads\/2020\/08\/Br\u00f6tchen-Schoko-Sabine-Seyffert.de-1.jpg 800w, https:\/\/www.sabine-seyffert.de\/blog\/wp-content\/uploads\/2020\/08\/Br\u00f6tchen-Schoko-Sabine-Seyffert.de-1-300x225.jpg 300w, https:\/\/www.sabine-seyffert.de\/blog\/wp-content\/uploads\/2020\/08\/Br\u00f6tchen-Schoko-Sabine-Seyffert.de-1-768x576.jpg 768w\" sizes=\"auto, (max-width: 800px) 100vw, 800px\" \/><\/a><\/p>\n<p style=\"text-align: justify;\">Die Schokobr\u00f6tchen schmecken frisch aus dem Ofen ebenso gut, wie einen Tag sp\u00e4ter und eignen sich auch prima als Fr\u00fchst\u00fcck f\u00fcr die Pause oder ein kleines Nachmittags Picknick im Garten. Jetzt, wo es noch so herrlich sommerlich ist, kann man die s\u00fc\u00dfen Br\u00f6tchen auch prima als Proviant mit auf einen Ausflug nehmen!<\/p>\n<p style=\"text-align: center;\"><a href=\"https:\/\/www.sabine-seyffert.de\/blog\/wp-content\/uploads\/2020\/08\/Br\u00f6tchen-Schoko-Sabine-Seyffert.de-3.jpg\"><img loading=\"lazy\" decoding=\"async\" class=\"alignnone size-full wp-image-17116\" src=\"https:\/\/www.sabine-seyffert.de\/blog\/wp-content\/uploads\/2020\/08\/Br\u00f6tchen-Schoko-Sabine-Seyffert.de-3.jpg\" alt=\"\" width=\"800\" height=\"600\" srcset=\"https:\/\/www.sabine-seyffert.de\/blog\/wp-content\/uploads\/2020\/08\/Br\u00f6tchen-Schoko-Sabine-Seyffert.de-3.jpg 800w, https:\/\/www.sabine-seyffert.de\/blog\/wp-content\/uploads\/2020\/08\/Br\u00f6tchen-Schoko-Sabine-Seyffert.de-3-300x225.jpg 300w, https:\/\/www.sabine-seyffert.de\/blog\/wp-content\/uploads\/2020\/08\/Br\u00f6tchen-Schoko-Sabine-Seyffert.de-3-768x576.jpg 768w\" sizes=\"auto, (max-width: 800px) 100vw, 800px\" \/><\/a><\/p>\n<p style=\"text-align: justify;\">Weitere s\u00fc\u00dfe Rezeptideen findet ihr \u00fcbrigens in <a href=\"https:\/\/www.sabine-seyffert.de\/blog\/?cat=31\" target=\"_blank\" rel=\"noopener noreferrer\">dieser Rubrik<\/a>, herzhafte vegetarische Rezept in <a href=\"https:\/\/www.sabine-seyffert.de\/blog\/?cat=30\" target=\"_blank\" rel=\"noopener noreferrer\">diesem Ordner<\/a>, alle veganen Rezepte in <a href=\"https:\/\/www.sabine-seyffert.de\/blog\/?cat=44\" target=\"_blank\" rel=\"noopener noreferrer\">dieser Kategorie<\/a> und alles rund um den Sommer an <a href=\"https:\/\/www.sabine-seyffert.de\/blog\/?cat=24\" target=\"_blank\" rel=\"noopener noreferrer\">dieser Stelle<\/a>.<\/p>\n<p style=\"text-align: center;\"><a href=\"https:\/\/www.sabine-seyffert.de\/blog\/wp-content\/uploads\/2020\/08\/Br\u00f6tchen-Schoko-Sabine-Seyffert.de-7.jpg\"><img loading=\"lazy\" decoding=\"async\" class=\"alignnone size-full wp-image-17117\" src=\"https:\/\/www.sabine-seyffert.de\/blog\/wp-content\/uploads\/2020\/08\/Br\u00f6tchen-Schoko-Sabine-Seyffert.de-7.jpg\" alt=\"\" width=\"600\" height=\"800\" srcset=\"https:\/\/www.sabine-seyffert.de\/blog\/wp-content\/uploads\/2020\/08\/Br\u00f6tchen-Schoko-Sabine-Seyffert.de-7.jpg 600w, https:\/\/www.sabine-seyffert.de\/blog\/wp-content\/uploads\/2020\/08\/Br\u00f6tchen-Schoko-Sabine-Seyffert.de-7-225x300.jpg 225w\" sizes=\"auto, (max-width: 600px) 100vw, 600px\" \/><\/a><\/p>\n<p style=\"text-align: justify;\"><a href=\"https:\/\/www.sabine-seyffert.de\/blog\/?page_id=32#urheberrecht\">urheberrechtlich gesch\u00fctzt<\/a>, \u00a9 Sabine Seyffert<\/p>\n","protected":false},"excerpt":{"rendered":"<p>Die Schule ist in der letzten Woche wieder gestartet. Da sind gute Ideen f\u00fcr die Pausen gefragt, die sich gut mitnehmen und auch vorbereiten lassen. Wie w\u00e4re es mit selbst gemachten Schokobr\u00f6tchen? Die gehen immer! Also ab in die K\u00fcche und schon kann es losgehen! Das wird gebraucht: 250 g Mehl, 90 g weiche Butter&#8230; <a href=\"https:\/\/www.sabine-seyffert.de\/blog\/backen-mit-kindern-leckere-schokobroetchen-zum-fruehstueck-als-pausenbrot-oder-fuers-picknick\/\" class=\"more-link\">Read more: Backen mit Kindern: Leckere Schokobr\u00f6tchen zum Fr\u00fchst\u00fcck, als Pausenbrot oder f\u00fcrs Picknick<\/a><\/p>\n","protected":false},"author":2,"featured_media":0,"comment_status":"open","ping_status":"open","sticky":false,"template":"","format":"standard","meta":{"_metis_text_type":"","_metis_text_length":2108,"_post_count":0,"footnotes":""},"categories":[43,31,24],"tags":[],"class_list":["post-17109","post","type-post","status-publish","format-standard","hentry","category-geschenke-aus-der-kueche","category-rezepte-suse-kuchen-co","category-sommer"],"_links":{"self":[{"href":"https:\/\/www.sabine-seyffert.de\/blog\/wp-json\/wp\/v2\/posts\/17109","targetHints":{"allow":["GET"]}}],"collection":[{"href":"https:\/\/www.sabine-seyffert.de\/blog\/wp-json\/wp\/v2\/posts"}],"about":[{"href":"https:\/\/www.sabine-seyffert.de\/blog\/wp-json\/wp\/v2\/types\/post"}],"author":[{"embeddable":true,"href":"https:\/\/www.sabine-seyffert.de\/blog\/wp-json\/wp\/v2\/users\/2"}],"replies":[{"embeddable":true,"href":"https:\/\/www.sabine-seyffert.de\/blog\/wp-json\/wp\/v2\/comments?post=17109"}],"version-history":[{"count":5,"href":"https:\/\/www.sabine-seyffert.de\/blog\/wp-json\/wp\/v2\/posts\/17109\/revisions"}],"predecessor-version":[{"id":17123,"href":"https:\/\/www.sabine-seyffert.de\/blog\/wp-json\/wp\/v2\/posts\/17109\/revisions\/17123"}],"wp:attachment":[{"href":"https:\/\/www.sabine-seyffert.de\/blog\/wp-json\/wp\/v2\/media?parent=17109"}],"wp:term":[{"taxonomy":"category","embeddable":true,"href":"https:\/\/www.sabine-seyffert.de\/blog\/wp-json\/wp\/v2\/categories?post=17109"},{"taxonomy":"post_tag","embeddable":true,"href":"https:\/\/www.sabine-seyffert.de\/blog\/wp-json\/wp\/v2\/tags?post=17109"}],"curies":[{"name":"wp","href":"https:\/\/api.w.org\/{rel}","templated":true}]}}