{"id":17086,"date":"2020-08-11T11:18:58","date_gmt":"2020-08-11T09:18:58","guid":{"rendered":"https:\/\/www.sabine-seyffert.de\/blog\/?p=17086"},"modified":"2022-11-06T13:12:40","modified_gmt":"2022-11-06T11:12:40","slug":"diy-geschenke-zur-geburt-willkommen-baby-eine-selbst-genaehte-schutzhuelle-fuer-das-u-heft-3","status":"publish","type":"post","link":"https:\/\/www.sabine-seyffert.de\/blog\/diy-geschenke-zur-geburt-willkommen-baby-eine-selbst-genaehte-schutzhuelle-fuer-das-u-heft-3\/","title":{"rendered":"DIY Geschenke zur Geburt: Willkommen Baby \u2013 Eine selbst gen\u00e4hte Schutzh\u00fclle f\u00fcr das U-Heft #3"},"content":{"rendered":"<p style=\"text-align: justify;\"><img loading=\"lazy\" decoding=\"async\" src=\"https:\/\/vg09.met.vgwort.de\/na\/3e1ed80b64df4fe38194523e0844c4f2\" alt=\"\" width=\"1\" height=\"1\" \/>Wieder einmal hat ein neuer Erdenb\u00fcrger das Licht der Welt erblickt. Und wer hier mitliest wei\u00df, dass ich zu diesem besonderen Anlass auch immer gerne ein ganz pers\u00f6nliches Geschenk anfertige, was ebenso einzigartig ist, wie das Neugeborene.<br \/>\nDa die selbst gemachten Hefth\u00fcllen f\u00fcr das gelbe Untersuchungsheft bei den frisch gebackenen Eltern bislang ausgesprochen gut ankamen (<a href=\"https:\/\/www.sabine-seyffert.de\/blog\/?p=12214\" target=\"_blank\" rel=\"noopener noreferrer\">Variante 1<\/a> und <a href=\"https:\/\/www.sabine-seyffert.de\/blog\/?p=14608\" target=\"_blank\" rel=\"noopener noreferrer\">Variante 2<\/a>), habe ich mich mal wieder kreativ an der N\u00e4hmaschine bet\u00e4tigt und eine solche Schutzh\u00fclle gen\u00e4ht. Schlie\u00dflich begleitet diese das Kind ja bei den Vorsorgeuntersuchungen die n\u00e4chsten Jahre ganz treu \ud83d\ude09<\/p>\n<p style=\"text-align: center;\"><a href=\"https:\/\/www.sabine-seyffert.de\/blog\/wp-content\/uploads\/2020\/08\/Hefth\u00fclle-U-Heft-Phi-4.jpg\"><img loading=\"lazy\" decoding=\"async\" class=\"alignnone size-full wp-image-17087\" src=\"https:\/\/www.sabine-seyffert.de\/blog\/wp-content\/uploads\/2020\/08\/Hefth\u00fclle-U-Heft-Phi-4.jpg\" alt=\"\" width=\"800\" height=\"600\" srcset=\"https:\/\/www.sabine-seyffert.de\/blog\/wp-content\/uploads\/2020\/08\/Hefth\u00fclle-U-Heft-Phi-4.jpg 800w, https:\/\/www.sabine-seyffert.de\/blog\/wp-content\/uploads\/2020\/08\/Hefth\u00fclle-U-Heft-Phi-4-300x225.jpg 300w, https:\/\/www.sabine-seyffert.de\/blog\/wp-content\/uploads\/2020\/08\/Hefth\u00fclle-U-Heft-Phi-4-768x576.jpg 768w\" sizes=\"auto, (max-width: 800px) 100vw, 800px\" \/><\/a><\/p>\n<p style=\"text-align: justify;\"><strong>Das wird gebraucht:<\/strong><br \/>\nM\u00f6glicht glatter Webstoff aus reiner Baumwolle, eine alte (kaputte) Jeans Hose, Stoffreste in blau T\u00f6nen und rot, Vliesofix, einen Bleistift, eine Stoffschere, Papierschere, B\u00fcgeleisen, N\u00e4hgarn, eine N\u00e4hmaschine, ein gelbes Untersuchungsheft als Vorlage, einen Gelstift oder Stoffkreide als Stift mit d\u00fcnner Miene sowie optional ein Applikationsf\u00fc\u00dfchen f\u00fcr die N\u00e4hmaschine<\/p>\n<p style=\"text-align: center;\"><a href=\"https:\/\/www.sabine-seyffert.de\/blog\/wp-content\/uploads\/2020\/08\/Hefth\u00fclle-U-Heft-Phi-2.jpg\"><img loading=\"lazy\" decoding=\"async\" class=\"alignnone size-full wp-image-17088\" src=\"https:\/\/www.sabine-seyffert.de\/blog\/wp-content\/uploads\/2020\/08\/Hefth\u00fclle-U-Heft-Phi-2.jpg\" alt=\"\" width=\"800\" height=\"600\" srcset=\"https:\/\/www.sabine-seyffert.de\/blog\/wp-content\/uploads\/2020\/08\/Hefth\u00fclle-U-Heft-Phi-2.jpg 800w, https:\/\/www.sabine-seyffert.de\/blog\/wp-content\/uploads\/2020\/08\/Hefth\u00fclle-U-Heft-Phi-2-300x225.jpg 300w, https:\/\/www.sabine-seyffert.de\/blog\/wp-content\/uploads\/2020\/08\/Hefth\u00fclle-U-Heft-Phi-2-768x576.jpg 768w\" sizes=\"auto, (max-width: 800px) 100vw, 800px\" \/><\/a><\/p>\n<p style=\"text-align: justify;\"><strong>So wird\u2019s gemacht:<\/strong><br \/>\nZugegeben, das N\u00e4hen nach Ma\u00df, bei dem alles wirklich passen und die Gr\u00f6\u00dfe stimmen muss, bringt mich jedes Mal aufs Neue an meine Grenzen. Nicht erst einmal habe ich eine fertige H\u00fclle \u201eentsorgen\u201c m\u00fcssen, weil diese zu klein war und ich im kreativen N\u00e4hwahn mal wieder nicht genau genug hingeschaut habe\u2026<\/p>\n<p style=\"text-align: center;\"><a href=\"https:\/\/www.sabine-seyffert.de\/blog\/wp-content\/uploads\/2020\/08\/Hefth\u00fclle-U-Heft-Phi-3.jpg\"><img loading=\"lazy\" decoding=\"async\" class=\"alignnone size-full wp-image-17089\" src=\"https:\/\/www.sabine-seyffert.de\/blog\/wp-content\/uploads\/2020\/08\/Hefth\u00fclle-U-Heft-Phi-3.jpg\" alt=\"\" width=\"800\" height=\"600\" srcset=\"https:\/\/www.sabine-seyffert.de\/blog\/wp-content\/uploads\/2020\/08\/Hefth\u00fclle-U-Heft-Phi-3.jpg 800w, https:\/\/www.sabine-seyffert.de\/blog\/wp-content\/uploads\/2020\/08\/Hefth\u00fclle-U-Heft-Phi-3-300x225.jpg 300w, https:\/\/www.sabine-seyffert.de\/blog\/wp-content\/uploads\/2020\/08\/Hefth\u00fclle-U-Heft-Phi-3-768x576.jpg 768w\" sizes=\"auto, (max-width: 800px) 100vw, 800px\" \/><\/a><\/p>\n<p style=\"text-align: justify;\">Diese Stoffh\u00fclle ist zumindest beim ersten Mal gegl\u00fcckt und ganz nach meinem Geschmack: Sch\u00f6n maritim, mit aus meiner Lieblingsjeans upcyceltem Papierboot und aufgesticktem Namen. Okay, dazu ist ein bisschen \u00dcbung von N\u00f6ten, aber meistens bin ich mit dem Ergebnis ganz zufrieden.<br \/>\nDie H\u00fclle n\u00e4ht ihr nach <a href=\"https:\/\/www.sabine-seyffert.de\/blog\/?p=12645\" target=\"_blank\" rel=\"noopener noreferrer\">dieser<\/a> oder <a href=\"https:\/\/www.sabine-seyffert.de\/blog\/?p=12214\" target=\"_blank\" rel=\"noopener noreferrer\">jener<\/a> Anleitung zusammen. Wenn diese \u201epasst\u201c, kommt die Applikation an die Reihe. Nicht andersherum, denn sonst \u00e4rgert ihr euch wie ich, wenn die H\u00fclle zu klein oder gro\u00df ist!<\/p>\n<p style=\"text-align: center;\"><a href=\"https:\/\/www.sabine-seyffert.de\/blog\/wp-content\/uploads\/2020\/08\/Hefth\u00fclle-U-Heft-Phi-6.jpg\"><img loading=\"lazy\" decoding=\"async\" class=\"alignnone size-full wp-image-17090\" src=\"https:\/\/www.sabine-seyffert.de\/blog\/wp-content\/uploads\/2020\/08\/Hefth\u00fclle-U-Heft-Phi-6.jpg\" alt=\"\" width=\"800\" height=\"600\" srcset=\"https:\/\/www.sabine-seyffert.de\/blog\/wp-content\/uploads\/2020\/08\/Hefth\u00fclle-U-Heft-Phi-6.jpg 800w, https:\/\/www.sabine-seyffert.de\/blog\/wp-content\/uploads\/2020\/08\/Hefth\u00fclle-U-Heft-Phi-6-300x225.jpg 300w, https:\/\/www.sabine-seyffert.de\/blog\/wp-content\/uploads\/2020\/08\/Hefth\u00fclle-U-Heft-Phi-6-768x576.jpg 768w\" sizes=\"auto, (max-width: 800px) 100vw, 800px\" \/><\/a><\/p>\n<p style=\"text-align: justify;\">Die einzelnen Motive zeichne ich mir auf Vlisofix vor und b\u00fcgele dies auf den gew\u00fcnschten Stoff. Dann schneidet man die Teile aus, und n\u00e4ht diese nacheinander auf die gen\u00e4hte H\u00fclle.<br \/>\nF\u00fcr die Schriftz\u00fcge empfehle ich euch ein Applikationsf\u00fc\u00dfchen, damit man ganz genau sieht, wo man n\u00e4ht. Der Einfachheithalber male ich die Schrift mit meinem d\u00fcnnen Stift vor und n\u00e4he dann m\u00f6glichst exakt \u00fcber die Schrift dr\u00fcber. So klappt es ganz wunderbar.<\/p>\n<p style=\"text-align: center;\"><a href=\"https:\/\/www.sabine-seyffert.de\/blog\/wp-content\/uploads\/2020\/08\/Hefth\u00fclle-U-Heft-Phi-7.jpg\"><img loading=\"lazy\" decoding=\"async\" class=\"alignnone size-full wp-image-17091\" src=\"https:\/\/www.sabine-seyffert.de\/blog\/wp-content\/uploads\/2020\/08\/Hefth\u00fclle-U-Heft-Phi-7.jpg\" alt=\"\" width=\"800\" height=\"600\" srcset=\"https:\/\/www.sabine-seyffert.de\/blog\/wp-content\/uploads\/2020\/08\/Hefth\u00fclle-U-Heft-Phi-7.jpg 800w, https:\/\/www.sabine-seyffert.de\/blog\/wp-content\/uploads\/2020\/08\/Hefth\u00fclle-U-Heft-Phi-7-300x225.jpg 300w, https:\/\/www.sabine-seyffert.de\/blog\/wp-content\/uploads\/2020\/08\/Hefth\u00fclle-U-Heft-Phi-7-768x576.jpg 768w\" sizes=\"auto, (max-width: 800px) 100vw, 800px\" \/><\/a><\/p>\n<p style=\"text-align: justify;\">Habt ihr auch ein Lieblingsmotiv, was sich bei euren kreativen Projekten immer wieder findet?<\/p>\n<p style=\"text-align: center;\"><a href=\"https:\/\/www.sabine-seyffert.de\/blog\/wp-content\/uploads\/2020\/08\/Hefth\u00fclle-U-Heft-Phi-5.jpg\"><img loading=\"lazy\" decoding=\"async\" class=\"alignnone size-full wp-image-17092\" src=\"https:\/\/www.sabine-seyffert.de\/blog\/wp-content\/uploads\/2020\/08\/Hefth\u00fclle-U-Heft-Phi-5.jpg\" alt=\"\" width=\"800\" height=\"600\" srcset=\"https:\/\/www.sabine-seyffert.de\/blog\/wp-content\/uploads\/2020\/08\/Hefth\u00fclle-U-Heft-Phi-5.jpg 800w, https:\/\/www.sabine-seyffert.de\/blog\/wp-content\/uploads\/2020\/08\/Hefth\u00fclle-U-Heft-Phi-5-300x225.jpg 300w, https:\/\/www.sabine-seyffert.de\/blog\/wp-content\/uploads\/2020\/08\/Hefth\u00fclle-U-Heft-Phi-5-768x576.jpg 768w\" sizes=\"auto, (max-width: 800px) 100vw, 800px\" \/><\/a><\/p>\n<p style=\"text-align: justify;\">Weitere N\u00e4hideen samt Anleitungen findet ihr \u00fcbrigens in <a href=\"https:\/\/www.sabine-seyffert.de\/blog\/?cat=33\" target=\"_blank\" rel=\"noopener noreferrer\">dieser Blog Kategorie<\/a>, klitzekleine <a href=\"https:\/\/www.sabine-seyffert.de\/blog\/?cat=36\" target=\"_blank\" rel=\"noopener noreferrer\">Geschenkideen zum Selbermachen<\/a> und zu verschiedenen Anl\u00e4ssen gibt es in diesem Ordner, alles rund um den Sommer in <a href=\"https:\/\/www.sabine-seyffert.de\/blog\/?cat=24\" target=\"_blank\" rel=\"noopener noreferrer\">dieser Rubrik<\/a> und andere kreative Sachen gibt es an dieser Stelle.<\/p>\n<p style=\"text-align: center;\"><a href=\"https:\/\/www.sabine-seyffert.de\/blog\/wp-content\/uploads\/2020\/08\/Hefth\u00fclle-U-Heft-Phi-1.jpg\"><img loading=\"lazy\" decoding=\"async\" class=\"alignnone size-full wp-image-17093\" src=\"https:\/\/www.sabine-seyffert.de\/blog\/wp-content\/uploads\/2020\/08\/Hefth\u00fclle-U-Heft-Phi-1.jpg\" alt=\"\" width=\"800\" height=\"600\" srcset=\"https:\/\/www.sabine-seyffert.de\/blog\/wp-content\/uploads\/2020\/08\/Hefth\u00fclle-U-Heft-Phi-1.jpg 800w, https:\/\/www.sabine-seyffert.de\/blog\/wp-content\/uploads\/2020\/08\/Hefth\u00fclle-U-Heft-Phi-1-300x225.jpg 300w, https:\/\/www.sabine-seyffert.de\/blog\/wp-content\/uploads\/2020\/08\/Hefth\u00fclle-U-Heft-Phi-1-768x576.jpg 768w\" sizes=\"auto, (max-width: 800px) 100vw, 800px\" \/><\/a><\/p>\n<p style=\"text-align: justify;\"><a href=\"https:\/\/www.sabine-seyffert.de\/blog\/?page_id=32#urheberrecht\">urheberrechtlich gesch\u00fctzt<\/a>, \u00a9 Sabine Seyffert<\/p>\n","protected":false},"excerpt":{"rendered":"<p>Wieder einmal hat ein neuer Erdenb\u00fcrger das Licht der Welt erblickt. Und wer hier mitliest wei\u00df, dass ich zu diesem besonderen Anlass auch immer gerne ein ganz pers\u00f6nliches Geschenk anfertige, was ebenso einzigartig ist, wie das Neugeborene. Da die selbst gemachten Hefth\u00fcllen f\u00fcr das gelbe Untersuchungsheft bei den frisch gebackenen Eltern bislang ausgesprochen gut ankamen&#8230; <a href=\"https:\/\/www.sabine-seyffert.de\/blog\/diy-geschenke-zur-geburt-willkommen-baby-eine-selbst-genaehte-schutzhuelle-fuer-das-u-heft-3\/\" class=\"more-link\">Read more: DIY Geschenke zur Geburt: Willkommen Baby \u2013 Eine selbst gen\u00e4hte Schutzh\u00fclle f\u00fcr das U-Heft #3<\/a><\/p>\n","protected":false},"author":2,"featured_media":0,"comment_status":"open","ping_status":"open","sticky":false,"template":"","format":"standard","meta":{"_metis_text_type":"","_metis_text_length":2668,"_post_count":0,"footnotes":""},"categories":[36,33,24],"tags":[],"class_list":["post-17086","post","type-post","status-publish","format-standard","hentry","category-klitzekleine-geschenkideen","category-kreative-naherein","category-sommer"],"_links":{"self":[{"href":"https:\/\/www.sabine-seyffert.de\/blog\/wp-json\/wp\/v2\/posts\/17086","targetHints":{"allow":["GET"]}}],"collection":[{"href":"https:\/\/www.sabine-seyffert.de\/blog\/wp-json\/wp\/v2\/posts"}],"about":[{"href":"https:\/\/www.sabine-seyffert.de\/blog\/wp-json\/wp\/v2\/types\/post"}],"author":[{"embeddable":true,"href":"https:\/\/www.sabine-seyffert.de\/blog\/wp-json\/wp\/v2\/users\/2"}],"replies":[{"embeddable":true,"href":"https:\/\/www.sabine-seyffert.de\/blog\/wp-json\/wp\/v2\/comments?post=17086"}],"version-history":[{"count":5,"href":"https:\/\/www.sabine-seyffert.de\/blog\/wp-json\/wp\/v2\/posts\/17086\/revisions"}],"predecessor-version":[{"id":24374,"href":"https:\/\/www.sabine-seyffert.de\/blog\/wp-json\/wp\/v2\/posts\/17086\/revisions\/24374"}],"wp:attachment":[{"href":"https:\/\/www.sabine-seyffert.de\/blog\/wp-json\/wp\/v2\/media?parent=17086"}],"wp:term":[{"taxonomy":"category","embeddable":true,"href":"https:\/\/www.sabine-seyffert.de\/blog\/wp-json\/wp\/v2\/categories?post=17086"},{"taxonomy":"post_tag","embeddable":true,"href":"https:\/\/www.sabine-seyffert.de\/blog\/wp-json\/wp\/v2\/tags?post=17086"}],"curies":[{"name":"wp","href":"https:\/\/api.w.org\/{rel}","templated":true}]}}