{"id":17074,"date":"2020-08-09T19:50:26","date_gmt":"2020-08-09T17:50:26","guid":{"rendered":"https:\/\/www.sabine-seyffert.de\/blog\/?p=17074"},"modified":"2020-08-09T19:50:26","modified_gmt":"2020-08-09T17:50:26","slug":"diy-bastelidee-zum-schulstart-schulstartkalender-buntstifte-geschenkidee-zur-einschulung","status":"publish","type":"post","link":"https:\/\/www.sabine-seyffert.de\/blog\/diy-bastelidee-zum-schulstart-schulstartkalender-buntstifte-geschenkidee-zur-einschulung\/","title":{"rendered":"DIY Bastelidee zum Schulstart: Schulstartkalender Buntstifte \u2013 Geschenkidee zur Einschulung"},"content":{"rendered":"<p style=\"text-align: justify;\"><img loading=\"lazy\" decoding=\"async\" src=\"https:\/\/vg09.met.vgwort.de\/na\/a1edb67625664e4a9066b8a29f8de9dc\" alt=\"\" width=\"1\" height=\"1\" \/>Die Sommerferien n\u00e4hern sich geschwind dem Ende und am Mittwoch starten wir hier ins neue Schuljahr. In welcher Form und wie genau das neue Schuljahr aufgrund von Corona verl\u00e4uft, wei\u00df derzeit wohl niemand. Fest steht aber, dass es bei uns zum Schulbeginn immer eine kleine \u00dcberraschung gibt. Wie beispielsweise die hier vor kurzem vorgestellte Idee mit dem <a href=\"https:\/\/www.sabine-seyffert.de\/blog\/?p=17046\" target=\"_blank\" rel=\"noopener noreferrer\">\u00dcberraschungs-Buntstift<\/a> aus Papier oder <a href=\"https:\/\/www.sabine-seyffert.de\/blog\/?p=13148\" target=\"_blank\" rel=\"noopener noreferrer\">dieser DIY Geschenkidee<\/a>.<br \/>\nDa die letzten Monate nicht wirklich leicht waren, gibt es in diesem Sommer eine kleine Motivationshilfe. Und zwar habe ich zu diesem Zweck <a href=\"https:\/\/www.sabine-seyffert.de\/blog\/?p=13196\" target=\"_blank\" rel=\"noopener noreferrer\">unseren tollen Schulkalender<\/a> von vor zwei Jahren als Idee genommen und ihn in etwas anderer Form gebastelt.<\/p>\n<p style=\"text-align: center;\"><a href=\"https:\/\/www.sabine-seyffert.de\/blog\/wp-content\/uploads\/2020\/08\/Kalender-Buntstift-Sabine-Seyffert.de-5.jpg\"><img loading=\"lazy\" decoding=\"async\" class=\"alignnone size-full wp-image-17075\" src=\"https:\/\/www.sabine-seyffert.de\/blog\/wp-content\/uploads\/2020\/08\/Kalender-Buntstift-Sabine-Seyffert.de-5.jpg\" alt=\"\" width=\"800\" height=\"600\" srcset=\"https:\/\/www.sabine-seyffert.de\/blog\/wp-content\/uploads\/2020\/08\/Kalender-Buntstift-Sabine-Seyffert.de-5.jpg 800w, https:\/\/www.sabine-seyffert.de\/blog\/wp-content\/uploads\/2020\/08\/Kalender-Buntstift-Sabine-Seyffert.de-5-300x225.jpg 300w, https:\/\/www.sabine-seyffert.de\/blog\/wp-content\/uploads\/2020\/08\/Kalender-Buntstift-Sabine-Seyffert.de-5-768x576.jpg 768w\" sizes=\"auto, (max-width: 800px) 100vw, 800px\" \/><\/a><\/p>\n<p style=\"text-align: justify;\"><strong>Das wird gebraucht:<\/strong><br \/>\nPackpapier, Kordel, bunte Papierreste (wie wir sie immer in einem Schuhkarton sammeln), eine Bastelschere, Bastelkleber, eine Hei\u00dfklebepistole samt Klebepatrone, Kraftpapier oder d\u00fcnne Pappe, Buchstabenstempel samt Stempelkissen oder einen PC samt Drucker sowie nat\u00fcrlich 12 kleine \u00dcberraschungen, Gutscheine oder Leckereien<\/p>\n<p style=\"text-align: center;\"><a href=\"https:\/\/www.sabine-seyffert.de\/blog\/wp-content\/uploads\/2020\/08\/Kalender-Buntstift-Sabine-Seyffert.de-8.jpg\"><img loading=\"lazy\" decoding=\"async\" class=\"alignnone size-full wp-image-17076\" src=\"https:\/\/www.sabine-seyffert.de\/blog\/wp-content\/uploads\/2020\/08\/Kalender-Buntstift-Sabine-Seyffert.de-8.jpg\" alt=\"\" width=\"800\" height=\"600\" srcset=\"https:\/\/www.sabine-seyffert.de\/blog\/wp-content\/uploads\/2020\/08\/Kalender-Buntstift-Sabine-Seyffert.de-8.jpg 800w, https:\/\/www.sabine-seyffert.de\/blog\/wp-content\/uploads\/2020\/08\/Kalender-Buntstift-Sabine-Seyffert.de-8-300x225.jpg 300w, https:\/\/www.sabine-seyffert.de\/blog\/wp-content\/uploads\/2020\/08\/Kalender-Buntstift-Sabine-Seyffert.de-8-768x576.jpg 768w\" sizes=\"auto, (max-width: 800px) 100vw, 800px\" \/><\/a><\/p>\n<p style=\"text-align: justify;\"><strong>So wird\u2019s gemacht:<\/strong><br \/>\nZuerst habe ich mit eine kleine Bastelschablone f\u00fcr die Buntstifte angefertigt und dann aus Kraftpapier 12 Stifte ausgeschnitten.<\/p>\n<p style=\"text-align: center;\"><a href=\"https:\/\/www.sabine-seyffert.de\/blog\/wp-content\/uploads\/2020\/08\/Kalender-Buntstift-Sabine-Seyffert.de-3.jpg\"><img loading=\"lazy\" decoding=\"async\" class=\"alignnone size-full wp-image-17077\" src=\"https:\/\/www.sabine-seyffert.de\/blog\/wp-content\/uploads\/2020\/08\/Kalender-Buntstift-Sabine-Seyffert.de-3.jpg\" alt=\"\" width=\"800\" height=\"600\" srcset=\"https:\/\/www.sabine-seyffert.de\/blog\/wp-content\/uploads\/2020\/08\/Kalender-Buntstift-Sabine-Seyffert.de-3.jpg 800w, https:\/\/www.sabine-seyffert.de\/blog\/wp-content\/uploads\/2020\/08\/Kalender-Buntstift-Sabine-Seyffert.de-3-300x225.jpg 300w, https:\/\/www.sabine-seyffert.de\/blog\/wp-content\/uploads\/2020\/08\/Kalender-Buntstift-Sabine-Seyffert.de-3-768x576.jpg 768w\" sizes=\"auto, (max-width: 800px) 100vw, 800px\" \/><\/a><\/p>\n<p style=\"text-align: justify;\">Diese habe ich anschlie\u00dfend am unteren Teil mit buntem Papier \u00fcberklebt. Darauf kann man nun jeden der Mini Stifte verzieren. Ob mit in Streifen geschnittenes Papier, aufgeklebten Punkten oder aufgemaltem Muster ist ganz egal. Eurer Fantasie sind keine Grenzen gesetzt.<\/p>\n<p style=\"text-align: center;\"><a href=\"https:\/\/www.sabine-seyffert.de\/blog\/wp-content\/uploads\/2020\/08\/Kalender-Buntstift-Sabine-Seyffert.de-7.jpg\"><img loading=\"lazy\" decoding=\"async\" class=\"alignnone size-full wp-image-17078\" src=\"https:\/\/www.sabine-seyffert.de\/blog\/wp-content\/uploads\/2020\/08\/Kalender-Buntstift-Sabine-Seyffert.de-7.jpg\" alt=\"\" width=\"800\" height=\"600\" srcset=\"https:\/\/www.sabine-seyffert.de\/blog\/wp-content\/uploads\/2020\/08\/Kalender-Buntstift-Sabine-Seyffert.de-7.jpg 800w, https:\/\/www.sabine-seyffert.de\/blog\/wp-content\/uploads\/2020\/08\/Kalender-Buntstift-Sabine-Seyffert.de-7-300x225.jpg 300w, https:\/\/www.sabine-seyffert.de\/blog\/wp-content\/uploads\/2020\/08\/Kalender-Buntstift-Sabine-Seyffert.de-7-768x576.jpg 768w\" sizes=\"auto, (max-width: 800px) 100vw, 800px\" \/><\/a><\/p>\n<p style=\"text-align: justify;\">Zum Schluss bekommt jeder der Stifte noch eine bunte Miene. Dazu klebt man einfach ein kleines St\u00fcck Papier auf und schneidet das \u00fcberstehende Papier am Rand ab.<\/p>\n<p style=\"text-align: center;\"><a href=\"https:\/\/www.sabine-seyffert.de\/blog\/wp-content\/uploads\/2020\/08\/Kalender-Buntstift-Sabine-Seyffert.de-6.jpg\"><img loading=\"lazy\" decoding=\"async\" class=\"alignnone size-full wp-image-17079\" src=\"https:\/\/www.sabine-seyffert.de\/blog\/wp-content\/uploads\/2020\/08\/Kalender-Buntstift-Sabine-Seyffert.de-6.jpg\" alt=\"\" width=\"800\" height=\"600\" srcset=\"https:\/\/www.sabine-seyffert.de\/blog\/wp-content\/uploads\/2020\/08\/Kalender-Buntstift-Sabine-Seyffert.de-6.jpg 800w, https:\/\/www.sabine-seyffert.de\/blog\/wp-content\/uploads\/2020\/08\/Kalender-Buntstift-Sabine-Seyffert.de-6-300x225.jpg 300w, https:\/\/www.sabine-seyffert.de\/blog\/wp-content\/uploads\/2020\/08\/Kalender-Buntstift-Sabine-Seyffert.de-6-768x576.jpg 768w\" sizes=\"auto, (max-width: 800px) 100vw, 800px\" \/><\/a><\/p>\n<p style=\"text-align: justify;\">Nun packt man die kleinen Geschenke in Packpapier. In einige der P\u00e4ckchen habe ich kleine Zettel mit Motivationsspr\u00fcchen gepackt, die auch w\u00e4hrend des langen Schuljahres immer wieder aufs neue Motivieren und die Lust auf Schule heben sollen.<\/p>\n<p style=\"text-align: center;\"><a href=\"https:\/\/www.sabine-seyffert.de\/blog\/wp-content\/uploads\/2020\/08\/Kalender-Buntstift-Sabine-Seyffert.de-2.jpg\"><img loading=\"lazy\" decoding=\"async\" class=\"alignnone size-full wp-image-17080\" src=\"https:\/\/www.sabine-seyffert.de\/blog\/wp-content\/uploads\/2020\/08\/Kalender-Buntstift-Sabine-Seyffert.de-2.jpg\" alt=\"\" width=\"800\" height=\"600\" srcset=\"https:\/\/www.sabine-seyffert.de\/blog\/wp-content\/uploads\/2020\/08\/Kalender-Buntstift-Sabine-Seyffert.de-2.jpg 800w, https:\/\/www.sabine-seyffert.de\/blog\/wp-content\/uploads\/2020\/08\/Kalender-Buntstift-Sabine-Seyffert.de-2-300x225.jpg 300w, https:\/\/www.sabine-seyffert.de\/blog\/wp-content\/uploads\/2020\/08\/Kalender-Buntstift-Sabine-Seyffert.de-2-768x576.jpg 768w\" sizes=\"auto, (max-width: 800px) 100vw, 800px\" \/><\/a><\/p>\n<p style=\"text-align: justify;\"><strong>Achtung<\/strong> \u2013 wenn ihr essbare Sachen darin versteckt, achtet unbedingt auf das Haltbarkeitsdatum! Anschlie\u00dfend habe ich Kordel um die P\u00e4ckchen gebunden und auf der Vorderseite mit einem Tropfen Hei\u00dfkleber einen der bunten Stifte darauf gefestigt. Damit das Kind wei\u00df, in welchem Monat es welches der Geschenke \u00f6ffnen darf, habe ich vorab Papier mit Monatsnamen bedruckt. Beim letzten Mal habe ich diese per Hand aufgestempelt. Es klappt also beides.<\/p>\n<p style=\"text-align: center;\"><a href=\"https:\/\/www.sabine-seyffert.de\/blog\/wp-content\/uploads\/2020\/08\/Kalender-Buntstift-Sabine-Seyffert.de-12.jpg\"><img loading=\"lazy\" decoding=\"async\" class=\"alignnone size-full wp-image-17081\" src=\"https:\/\/www.sabine-seyffert.de\/blog\/wp-content\/uploads\/2020\/08\/Kalender-Buntstift-Sabine-Seyffert.de-12.jpg\" alt=\"\" width=\"600\" height=\"800\" srcset=\"https:\/\/www.sabine-seyffert.de\/blog\/wp-content\/uploads\/2020\/08\/Kalender-Buntstift-Sabine-Seyffert.de-12.jpg 600w, https:\/\/www.sabine-seyffert.de\/blog\/wp-content\/uploads\/2020\/08\/Kalender-Buntstift-Sabine-Seyffert.de-12-225x300.jpg 225w\" sizes=\"auto, (max-width: 600px) 100vw, 600px\" \/><\/a><\/p>\n<p style=\"text-align: justify;\">Dann h\u00e4ngt man alles an einen langen Ast, Kleiderb\u00fcgel oder Kranz und fertig ist die \u00dcberraschung zum neuen Schuljahr!<\/p>\n<p style=\"text-align: center;\"><a href=\"https:\/\/www.sabine-seyffert.de\/blog\/wp-content\/uploads\/2020\/08\/Kalender-Buntstift-Sabine-Seyffert.de-1.jpg\"><img loading=\"lazy\" decoding=\"async\" class=\"alignnone size-full wp-image-17082\" src=\"https:\/\/www.sabine-seyffert.de\/blog\/wp-content\/uploads\/2020\/08\/Kalender-Buntstift-Sabine-Seyffert.de-1.jpg\" alt=\"\" width=\"800\" height=\"600\" srcset=\"https:\/\/www.sabine-seyffert.de\/blog\/wp-content\/uploads\/2020\/08\/Kalender-Buntstift-Sabine-Seyffert.de-1.jpg 800w, https:\/\/www.sabine-seyffert.de\/blog\/wp-content\/uploads\/2020\/08\/Kalender-Buntstift-Sabine-Seyffert.de-1-300x225.jpg 300w, https:\/\/www.sabine-seyffert.de\/blog\/wp-content\/uploads\/2020\/08\/Kalender-Buntstift-Sabine-Seyffert.de-1-768x576.jpg 768w\" sizes=\"auto, (max-width: 800px) 100vw, 800px\" \/><\/a><\/p>\n<p style=\"text-align: justify;\"><strong>Ein kleiner Tipp:<\/strong> Dieser Kalender eignet sich auch, \u00e4hnlich wie <a href=\"https:\/\/www.sabine-seyffert.de\/blog\/?p=8121\" target=\"_blank\" rel=\"noopener noreferrer\">dieser Kalendervariante<\/a>, als Einschulungskalender, damit das Warten auf den ersten Schultag nicht zu lang wird \ud83d\ude09<\/p>\n<p style=\"text-align: center;\"><a href=\"https:\/\/www.sabine-seyffert.de\/blog\/wp-content\/uploads\/2020\/08\/Kalender-Buntstift-Sabine-Seyffert.de-11.jpg\"><img loading=\"lazy\" decoding=\"async\" class=\"alignnone size-full wp-image-17083\" src=\"https:\/\/www.sabine-seyffert.de\/blog\/wp-content\/uploads\/2020\/08\/Kalender-Buntstift-Sabine-Seyffert.de-11.jpg\" alt=\"\" width=\"600\" height=\"800\" srcset=\"https:\/\/www.sabine-seyffert.de\/blog\/wp-content\/uploads\/2020\/08\/Kalender-Buntstift-Sabine-Seyffert.de-11.jpg 600w, https:\/\/www.sabine-seyffert.de\/blog\/wp-content\/uploads\/2020\/08\/Kalender-Buntstift-Sabine-Seyffert.de-11-225x300.jpg 225w\" sizes=\"auto, (max-width: 600px) 100vw, 600px\" \/><\/a><\/p>\n<p style=\"text-align: justify;\">Weitere DIY zum Thema Einschulung findet ihr \u00fcbrigens in <a href=\"https:\/\/www.sabine-seyffert.de\/blog\/?cat=40\" target=\"_blank\" rel=\"noopener noreferrer\">dieser Blog Kategorie<\/a>, alle Bastelideen rund um den Sommer gibt es in <a href=\"https:\/\/www.sabine-seyffert.de\/blog\/?cat=24\" target=\"_blank\" rel=\"noopener noreferrer\">dieser Rubrik<\/a>, Bastelideen speziell f\u00fcr Kinder sind in <a href=\"https:\/\/www.sabine-seyffert.de\/blog\/?cat=32\" target=\"_blank\" rel=\"noopener noreferrer\">diesem Blog Ordner<\/a> und andere kreative Sachen da und auch an dieser Stelle.<\/p>\n<p style=\"text-align: center;\"><a href=\"https:\/\/www.sabine-seyffert.de\/blog\/wp-content\/uploads\/2020\/08\/Kalender-Buntstift-Sabine-Seyffert.de-4.jpg\"><img loading=\"lazy\" decoding=\"async\" class=\"alignnone size-full wp-image-17084\" src=\"https:\/\/www.sabine-seyffert.de\/blog\/wp-content\/uploads\/2020\/08\/Kalender-Buntstift-Sabine-Seyffert.de-4.jpg\" alt=\"\" width=\"800\" height=\"600\" srcset=\"https:\/\/www.sabine-seyffert.de\/blog\/wp-content\/uploads\/2020\/08\/Kalender-Buntstift-Sabine-Seyffert.de-4.jpg 800w, https:\/\/www.sabine-seyffert.de\/blog\/wp-content\/uploads\/2020\/08\/Kalender-Buntstift-Sabine-Seyffert.de-4-300x225.jpg 300w, https:\/\/www.sabine-seyffert.de\/blog\/wp-content\/uploads\/2020\/08\/Kalender-Buntstift-Sabine-Seyffert.de-4-768x576.jpg 768w\" sizes=\"auto, (max-width: 800px) 100vw, 800px\" \/><\/a><\/p>\n<p><a href=\"https:\/\/www.sabine-seyffert.de\/blog\/?page_id=32#urheberrecht\">urheberrechtlich gesch\u00fctzt<\/a>, \u00a9 Sabine Seyffert<\/p>\n","protected":false},"excerpt":{"rendered":"<p>Die Sommerferien n\u00e4hern sich geschwind dem Ende und am Mittwoch starten wir hier ins neue Schuljahr. In welcher Form und wie genau das neue Schuljahr aufgrund von Corona verl\u00e4uft, wei\u00df derzeit wohl niemand. Fest steht aber, dass es bei uns zum Schulbeginn immer eine kleine \u00dcberraschung gibt. Wie beispielsweise die hier vor kurzem vorgestellte Idee&#8230; <a href=\"https:\/\/www.sabine-seyffert.de\/blog\/diy-bastelidee-zum-schulstart-schulstartkalender-buntstifte-geschenkidee-zur-einschulung\/\" class=\"more-link\">Read more: DIY Bastelidee zum Schulstart: Schulstartkalender Buntstifte \u2013 Geschenkidee zur Einschulung<\/a><\/p>\n","protected":false},"author":2,"featured_media":0,"comment_status":"open","ping_status":"open","sticky":false,"template":"","format":"standard","meta":{"_metis_text_type":"","_metis_text_length":2885,"_post_count":0,"footnotes":""},"categories":[36,49,40,24],"tags":[],"class_list":["post-17074","post","type-post","status-publish","format-standard","hentry","category-klitzekleine-geschenkideen","category-verpackungsideen","category-schulstart","category-sommer"],"_links":{"self":[{"href":"https:\/\/www.sabine-seyffert.de\/blog\/wp-json\/wp\/v2\/posts\/17074","targetHints":{"allow":["GET"]}}],"collection":[{"href":"https:\/\/www.sabine-seyffert.de\/blog\/wp-json\/wp\/v2\/posts"}],"about":[{"href":"https:\/\/www.sabine-seyffert.de\/blog\/wp-json\/wp\/v2\/types\/post"}],"author":[{"embeddable":true,"href":"https:\/\/www.sabine-seyffert.de\/blog\/wp-json\/wp\/v2\/users\/2"}],"replies":[{"embeddable":true,"href":"https:\/\/www.sabine-seyffert.de\/blog\/wp-json\/wp\/v2\/comments?post=17074"}],"version-history":[{"count":1,"href":"https:\/\/www.sabine-seyffert.de\/blog\/wp-json\/wp\/v2\/posts\/17074\/revisions"}],"predecessor-version":[{"id":17085,"href":"https:\/\/www.sabine-seyffert.de\/blog\/wp-json\/wp\/v2\/posts\/17074\/revisions\/17085"}],"wp:attachment":[{"href":"https:\/\/www.sabine-seyffert.de\/blog\/wp-json\/wp\/v2\/media?parent=17074"}],"wp:term":[{"taxonomy":"category","embeddable":true,"href":"https:\/\/www.sabine-seyffert.de\/blog\/wp-json\/wp\/v2\/categories?post=17074"},{"taxonomy":"post_tag","embeddable":true,"href":"https:\/\/www.sabine-seyffert.de\/blog\/wp-json\/wp\/v2\/tags?post=17074"}],"curies":[{"name":"wp","href":"https:\/\/api.w.org\/{rel}","templated":true}]}}