{"id":17017,"date":"2020-07-30T06:56:37","date_gmt":"2020-07-30T04:56:37","guid":{"rendered":"https:\/\/www.sabine-seyffert.de\/blog\/?p=17017"},"modified":"2020-07-30T06:56:37","modified_gmt":"2020-07-30T04:56:37","slug":"diy-basteln-mit-kindern-gefuellte-ananas-als-geschenkverpackung-bastelspass-mit-klorollen","status":"publish","type":"post","link":"https:\/\/www.sabine-seyffert.de\/blog\/diy-basteln-mit-kindern-gefuellte-ananas-als-geschenkverpackung-bastelspass-mit-klorollen\/","title":{"rendered":"DIY Basteln mit Kindern: Gef\u00fcllte Ananas als Geschenkverpackung \u2013 Bastelspa\u00df mit Klorollen"},"content":{"rendered":"<p style=\"text-align: justify;\"><img loading=\"lazy\" decoding=\"async\" src=\"https:\/\/vg09.met.vgwort.de\/na\/ddc597653eaa4d93b5f01be713989dab\" alt=\"\" width=\"1\" height=\"1\" \/>Heute gibt es mal wieder eine kreative Bastelidee f\u00fcr Kinder, die vielseitig einsetzbar ist: Upcycelte Ananas aus leeren Klorollen. Darin kann man im Handumdrehen kleine \u00dcberraschungen, Gutscheine oder eine S\u00fc\u00dfigkeit verstecken und diese so als Geschenk \u00fcberreichen. Ebenso taugt diese Bastelidee auch als Mitgebsel auf einem Kindergeburtstag oder als kleine Aufmerksamkeit f\u00fcr den letzten Schultag vor den Sommerferien. Diese Idee ist das passende Pendant zu den hier schon gezeigten <a href=\"https:\/\/www.sabine-seyffert.de\/blog\/?p=12788\" target=\"_blank\" rel=\"noopener noreferrer\">\u00dcberraschungs-Erdbeeren<\/a>.<br \/>\nWer die tropischen Fr\u00fcchte nicht verschenken, sondern behalten m\u00f6chte, kann sich einfach selber welche Basteln und sie als Sommerdeko nutzen. Also auf, los geht\u2019s!<\/p>\n<p style=\"text-align: center;\"><a href=\"https:\/\/www.sabine-seyffert.de\/blog\/wp-content\/uploads\/2020\/07\/Ananas-Klorolle-Verpackung-1.jpg\"><img loading=\"lazy\" decoding=\"async\" class=\"alignnone size-full wp-image-17018\" src=\"https:\/\/www.sabine-seyffert.de\/blog\/wp-content\/uploads\/2020\/07\/Ananas-Klorolle-Verpackung-1.jpg\" alt=\"\" width=\"600\" height=\"800\" srcset=\"https:\/\/www.sabine-seyffert.de\/blog\/wp-content\/uploads\/2020\/07\/Ananas-Klorolle-Verpackung-1.jpg 600w, https:\/\/www.sabine-seyffert.de\/blog\/wp-content\/uploads\/2020\/07\/Ananas-Klorolle-Verpackung-1-225x300.jpg 225w\" sizes=\"auto, (max-width: 600px) 100vw, 600px\" \/><\/a><\/p>\n<p style=\"text-align: justify;\"><strong>Das wird gebraucht:<\/strong><br \/>\nLeere Klopapierrollen, eine Bastelunterlage oder abwaschbare Tischdecke, eine Schere, einen B\u00fcrotacker, einen breiten Borstenpinsel, Wasserfarbe, ein Glas mit Wasser, optional einen Malkittel, Bastelkleber, gr\u00fcnes Tonpapier sowie kleine Geschenke oder \u00dcberraschungen zum Bef\u00fcllen.<\/p>\n<p style=\"text-align: center;\"><a href=\"https:\/\/www.sabine-seyffert.de\/blog\/wp-content\/uploads\/2020\/07\/Ananas-Klorolle-Verpackung.jpg\"><img loading=\"lazy\" decoding=\"async\" class=\"alignnone size-full wp-image-17019\" src=\"https:\/\/www.sabine-seyffert.de\/blog\/wp-content\/uploads\/2020\/07\/Ananas-Klorolle-Verpackung.jpg\" alt=\"\" width=\"800\" height=\"600\" srcset=\"https:\/\/www.sabine-seyffert.de\/blog\/wp-content\/uploads\/2020\/07\/Ananas-Klorolle-Verpackung.jpg 800w, https:\/\/www.sabine-seyffert.de\/blog\/wp-content\/uploads\/2020\/07\/Ananas-Klorolle-Verpackung-300x225.jpg 300w, https:\/\/www.sabine-seyffert.de\/blog\/wp-content\/uploads\/2020\/07\/Ananas-Klorolle-Verpackung-768x576.jpg 768w\" sizes=\"auto, (max-width: 800px) 100vw, 800px\" \/><\/a><\/p>\n<p style=\"text-align: justify;\"><strong>So wird\u2019s gemacht:<\/strong><br \/>\nZuerst wird der Tisch abgedeckt. Wer mag, zieht sich einen Malkittel \u00fcber. Danach werden die Papprollen mit reichlich gelber Wasserfarbe angemalt.<\/p>\n<p style=\"text-align: center;\"><a href=\"https:\/\/www.sabine-seyffert.de\/blog\/wp-content\/uploads\/2020\/07\/Ananas-Klorolle-Verpackung-12.jpg\"><img loading=\"lazy\" decoding=\"async\" class=\"alignnone size-full wp-image-17020\" src=\"https:\/\/www.sabine-seyffert.de\/blog\/wp-content\/uploads\/2020\/07\/Ananas-Klorolle-Verpackung-12.jpg\" alt=\"\" width=\"800\" height=\"600\" srcset=\"https:\/\/www.sabine-seyffert.de\/blog\/wp-content\/uploads\/2020\/07\/Ananas-Klorolle-Verpackung-12.jpg 800w, https:\/\/www.sabine-seyffert.de\/blog\/wp-content\/uploads\/2020\/07\/Ananas-Klorolle-Verpackung-12-300x225.jpg 300w, https:\/\/www.sabine-seyffert.de\/blog\/wp-content\/uploads\/2020\/07\/Ananas-Klorolle-Verpackung-12-768x576.jpg 768w\" sizes=\"auto, (max-width: 800px) 100vw, 800px\" \/><\/a><\/p>\n<p style=\"text-align: justify;\">Damit sie sch\u00f6n leuchten, sollte man viel Farbe und nur wenig Wasser verwenden! Im Anschluss zeichnet man mit beiger Wasserfarbe d\u00fcnne Rauten dar\u00fcber.<\/p>\n<p style=\"text-align: center;\"><a href=\"https:\/\/www.sabine-seyffert.de\/blog\/wp-content\/uploads\/2020\/07\/Ananas-Klorolle-Verpackung-19.jpg\"><img loading=\"lazy\" decoding=\"async\" class=\"alignnone size-full wp-image-17021\" src=\"https:\/\/www.sabine-seyffert.de\/blog\/wp-content\/uploads\/2020\/07\/Ananas-Klorolle-Verpackung-19.jpg\" alt=\"\" width=\"800\" height=\"600\" srcset=\"https:\/\/www.sabine-seyffert.de\/blog\/wp-content\/uploads\/2020\/07\/Ananas-Klorolle-Verpackung-19.jpg 800w, https:\/\/www.sabine-seyffert.de\/blog\/wp-content\/uploads\/2020\/07\/Ananas-Klorolle-Verpackung-19-300x225.jpg 300w, https:\/\/www.sabine-seyffert.de\/blog\/wp-content\/uploads\/2020\/07\/Ananas-Klorolle-Verpackung-19-768x576.jpg 768w\" sizes=\"auto, (max-width: 800px) 100vw, 800px\" \/><\/a><\/p>\n<p style=\"text-align: justify;\">Sobald die Farbe getrocknet ist, geht es weiter. Im Sommer dauert dies nicht lange! Am unteren Rand klappt man die H\u00e4lfte des Rands nach Innen (wie bei diesen gebastelten <a href=\"https:\/\/www.sabine-seyffert.de\/blog\/?p=6324\" target=\"_blank\" rel=\"noopener noreferrer\">Klopapier Eulen<\/a>) und den gegen\u00fcberliegenden Rand dar\u00fcber.<\/p>\n<p style=\"text-align: center;\"><a href=\"https:\/\/www.sabine-seyffert.de\/blog\/wp-content\/uploads\/2020\/07\/Ananas-Klorolle-Verpackung-11.jpg\"><img loading=\"lazy\" decoding=\"async\" class=\"alignnone size-full wp-image-17022\" src=\"https:\/\/www.sabine-seyffert.de\/blog\/wp-content\/uploads\/2020\/07\/Ananas-Klorolle-Verpackung-11.jpg\" alt=\"\" width=\"800\" height=\"600\" srcset=\"https:\/\/www.sabine-seyffert.de\/blog\/wp-content\/uploads\/2020\/07\/Ananas-Klorolle-Verpackung-11.jpg 800w, https:\/\/www.sabine-seyffert.de\/blog\/wp-content\/uploads\/2020\/07\/Ananas-Klorolle-Verpackung-11-300x225.jpg 300w, https:\/\/www.sabine-seyffert.de\/blog\/wp-content\/uploads\/2020\/07\/Ananas-Klorolle-Verpackung-11-768x576.jpg 768w\" sizes=\"auto, (max-width: 800px) 100vw, 800px\" \/><\/a><\/p>\n<p style=\"text-align: justify;\">Das noch offene Ende wird am Rand leicht mit der Schere abgerundet (siehe Detail Foto) und mittig zusammengetackert.<\/p>\n<p style=\"text-align: center;\"><a href=\"https:\/\/www.sabine-seyffert.de\/blog\/wp-content\/uploads\/2020\/07\/Ananas-Klorolle-Verpackung-9.jpg\"><img loading=\"lazy\" decoding=\"async\" class=\"alignnone size-full wp-image-17023\" src=\"https:\/\/www.sabine-seyffert.de\/blog\/wp-content\/uploads\/2020\/07\/Ananas-Klorolle-Verpackung-9.jpg\" alt=\"\" width=\"800\" height=\"600\" srcset=\"https:\/\/www.sabine-seyffert.de\/blog\/wp-content\/uploads\/2020\/07\/Ananas-Klorolle-Verpackung-9.jpg 800w, https:\/\/www.sabine-seyffert.de\/blog\/wp-content\/uploads\/2020\/07\/Ananas-Klorolle-Verpackung-9-300x225.jpg 300w, https:\/\/www.sabine-seyffert.de\/blog\/wp-content\/uploads\/2020\/07\/Ananas-Klorolle-Verpackung-9-768x576.jpg 768w\" sizes=\"auto, (max-width: 800px) 100vw, 800px\" \/><\/a><\/p>\n<p style=\"text-align: justify;\">Aus gr\u00fcnem Bastelpapier schneidet man nun noch ein kleines B\u00fcschel \u201eBl\u00e4tter\u201c, mit dem man die Ananas \u00fcber dem getackerten Rand verzieren kann.<\/p>\n<p style=\"text-align: justify;\"><a href=\"https:\/\/www.sabine-seyffert.de\/blog\/wp-content\/uploads\/2020\/07\/Ananas-Klorolle-Verpackung-8.jpg\"><img loading=\"lazy\" decoding=\"async\" class=\"size-full wp-image-17024 aligncenter\" src=\"https:\/\/www.sabine-seyffert.de\/blog\/wp-content\/uploads\/2020\/07\/Ananas-Klorolle-Verpackung-8.jpg\" alt=\"\" width=\"800\" height=\"600\" srcset=\"https:\/\/www.sabine-seyffert.de\/blog\/wp-content\/uploads\/2020\/07\/Ananas-Klorolle-Verpackung-8.jpg 800w, https:\/\/www.sabine-seyffert.de\/blog\/wp-content\/uploads\/2020\/07\/Ananas-Klorolle-Verpackung-8-300x225.jpg 300w, https:\/\/www.sabine-seyffert.de\/blog\/wp-content\/uploads\/2020\/07\/Ananas-Klorolle-Verpackung-8-768x576.jpg 768w\" sizes=\"auto, (max-width: 800px) 100vw, 800px\" \/><\/a><\/p>\n<p style=\"text-align: justify;\">Damit es plastischer wirkt, haben wir \u00fcber das ausgeschnittene Gr\u00fcn noch einzelne Halme dr\u00fcber geklebt.<\/p>\n<p style=\"text-align: center;\"><a href=\"https:\/\/www.sabine-seyffert.de\/blog\/wp-content\/uploads\/2020\/07\/Ananas-Klorolle-Verpackung-7.jpg\"><img loading=\"lazy\" decoding=\"async\" class=\"alignnone size-full wp-image-17025\" src=\"https:\/\/www.sabine-seyffert.de\/blog\/wp-content\/uploads\/2020\/07\/Ananas-Klorolle-Verpackung-7.jpg\" alt=\"\" width=\"800\" height=\"600\" srcset=\"https:\/\/www.sabine-seyffert.de\/blog\/wp-content\/uploads\/2020\/07\/Ananas-Klorolle-Verpackung-7.jpg 800w, https:\/\/www.sabine-seyffert.de\/blog\/wp-content\/uploads\/2020\/07\/Ananas-Klorolle-Verpackung-7-300x225.jpg 300w, https:\/\/www.sabine-seyffert.de\/blog\/wp-content\/uploads\/2020\/07\/Ananas-Klorolle-Verpackung-7-768x576.jpg 768w\" sizes=\"auto, (max-width: 800px) 100vw, 800px\" \/><\/a><\/p>\n<p style=\"text-align: justify;\">Ganz zum Schluss kann man die gebastelten Fr\u00fcchte nun am zusammengeklappten Rand unten wieder \u00d6ffnen und bef\u00fcllen. Fertig ist eine ganz au\u00dfergew\u00f6hnliche Geschenkverpackung!<\/p>\n<p style=\"text-align: center;\"><a href=\"https:\/\/www.sabine-seyffert.de\/blog\/wp-content\/uploads\/2020\/07\/Ananas-Klorolle-Verpackung-6.jpg\"><img loading=\"lazy\" decoding=\"async\" class=\"alignnone size-full wp-image-17026\" src=\"https:\/\/www.sabine-seyffert.de\/blog\/wp-content\/uploads\/2020\/07\/Ananas-Klorolle-Verpackung-6.jpg\" alt=\"\" width=\"800\" height=\"600\" srcset=\"https:\/\/www.sabine-seyffert.de\/blog\/wp-content\/uploads\/2020\/07\/Ananas-Klorolle-Verpackung-6.jpg 800w, https:\/\/www.sabine-seyffert.de\/blog\/wp-content\/uploads\/2020\/07\/Ananas-Klorolle-Verpackung-6-300x225.jpg 300w, https:\/\/www.sabine-seyffert.de\/blog\/wp-content\/uploads\/2020\/07\/Ananas-Klorolle-Verpackung-6-768x576.jpg 768w\" sizes=\"auto, (max-width: 800px) 100vw, 800px\" \/><\/a><\/p>\n<p style=\"text-align: justify;\"><strong>Ein kleiner Tipp:<\/strong><br \/>\nDiese gebastelten Ananas Fr\u00fcchte im Mini Format kann man au\u00dferdem auch prima als Partydeko f\u00fcr ein Sommerfest nutzen!<\/p>\n<p style=\"text-align: center;\"><a href=\"https:\/\/www.sabine-seyffert.de\/blog\/wp-content\/uploads\/2020\/07\/Ananas-Klorolle-Verpackung-5.jpg\"><img loading=\"lazy\" decoding=\"async\" class=\"alignnone size-full wp-image-17027\" src=\"https:\/\/www.sabine-seyffert.de\/blog\/wp-content\/uploads\/2020\/07\/Ananas-Klorolle-Verpackung-5.jpg\" alt=\"\" width=\"800\" height=\"600\" srcset=\"https:\/\/www.sabine-seyffert.de\/blog\/wp-content\/uploads\/2020\/07\/Ananas-Klorolle-Verpackung-5.jpg 800w, https:\/\/www.sabine-seyffert.de\/blog\/wp-content\/uploads\/2020\/07\/Ananas-Klorolle-Verpackung-5-300x225.jpg 300w, https:\/\/www.sabine-seyffert.de\/blog\/wp-content\/uploads\/2020\/07\/Ananas-Klorolle-Verpackung-5-768x576.jpg 768w\" sizes=\"auto, (max-width: 800px) 100vw, 800px\" \/><\/a><\/p>\n<p style=\"text-align: justify;\">Weitere Bastelanleitungen f\u00fcr Kinder findet ihr \u00fcbrigens in <a href=\"https:\/\/www.sabine-seyffert.de\/blog\/?cat=32\" target=\"_blank\" rel=\"noopener noreferrer\">dieser Blog Kategorie<\/a>, kreative Upcycling Ideen gibt es in <a href=\"https:\/\/www.sabine-seyffert.de\/blog\/?cat=47\" target=\"_blank\" rel=\"noopener noreferrer\">diesem Ordner<\/a>, ausgefallene Geschenkverpackungen zu unterschiedlichen Anl\u00e4ssen <a href=\"https:\/\/www.sabine-seyffert.de\/blog\/?cat=49\" target=\"_blank\" rel=\"noopener noreferrer\">hier<\/a> und andere kreative Sachen gibt es an <a href=\"http:\/\/www.lunaju.de\/2020\/06\/kiddikram-juni-und-juli.html\" target=\"_blank\" rel=\"noopener nofollow noreferrer\">dieser<\/a> und jener Stelle.<\/p>\n<p style=\"text-align: justify;\"><a href=\"https:\/\/www.sabine-seyffert.de\/blog\/?page_id=32#urheberrecht\">urheberrechtlich gesch\u00fctzt<\/a>, \u00a9 Sabine Seyffert<\/p>\n","protected":false},"excerpt":{"rendered":"<p>Heute gibt es mal wieder eine kreative Bastelidee f\u00fcr Kinder, die vielseitig einsetzbar ist: Upcycelte Ananas aus leeren Klorollen. Darin kann man im Handumdrehen kleine \u00dcberraschungen, Gutscheine oder eine S\u00fc\u00dfigkeit verstecken und diese so als Geschenk \u00fcberreichen. Ebenso taugt diese Bastelidee auch als Mitgebsel auf einem Kindergeburtstag oder als kleine Aufmerksamkeit f\u00fcr den letzten Schultag&#8230; <a href=\"https:\/\/www.sabine-seyffert.de\/blog\/diy-basteln-mit-kindern-gefuellte-ananas-als-geschenkverpackung-bastelspass-mit-klorollen\/\" class=\"more-link\">Read more: DIY Basteln mit Kindern: Gef\u00fcllte Ananas als Geschenkverpackung \u2013 Bastelspa\u00df mit Klorollen<\/a><\/p>\n","protected":false},"author":2,"featured_media":0,"comment_status":"open","ping_status":"open","sticky":false,"template":"","format":"standard","meta":{"_metis_text_type":"","_metis_text_length":2505,"_post_count":0,"footnotes":""},"categories":[32,49,21,24,47],"tags":[],"class_list":["post-17017","post","type-post","status-publish","format-standard","hentry","category-kreatives-fur-kleine-kinderhande","category-verpackungsideen","category-kinderfeste-partys","category-sommer","category-upcyceltes"],"_links":{"self":[{"href":"https:\/\/www.sabine-seyffert.de\/blog\/wp-json\/wp\/v2\/posts\/17017","targetHints":{"allow":["GET"]}}],"collection":[{"href":"https:\/\/www.sabine-seyffert.de\/blog\/wp-json\/wp\/v2\/posts"}],"about":[{"href":"https:\/\/www.sabine-seyffert.de\/blog\/wp-json\/wp\/v2\/types\/post"}],"author":[{"embeddable":true,"href":"https:\/\/www.sabine-seyffert.de\/blog\/wp-json\/wp\/v2\/users\/2"}],"replies":[{"embeddable":true,"href":"https:\/\/www.sabine-seyffert.de\/blog\/wp-json\/wp\/v2\/comments?post=17017"}],"version-history":[{"count":1,"href":"https:\/\/www.sabine-seyffert.de\/blog\/wp-json\/wp\/v2\/posts\/17017\/revisions"}],"predecessor-version":[{"id":17028,"href":"https:\/\/www.sabine-seyffert.de\/blog\/wp-json\/wp\/v2\/posts\/17017\/revisions\/17028"}],"wp:attachment":[{"href":"https:\/\/www.sabine-seyffert.de\/blog\/wp-json\/wp\/v2\/media?parent=17017"}],"wp:term":[{"taxonomy":"category","embeddable":true,"href":"https:\/\/www.sabine-seyffert.de\/blog\/wp-json\/wp\/v2\/categories?post=17017"},{"taxonomy":"post_tag","embeddable":true,"href":"https:\/\/www.sabine-seyffert.de\/blog\/wp-json\/wp\/v2\/tags?post=17017"}],"curies":[{"name":"wp","href":"https:\/\/api.w.org\/{rel}","templated":true}]}}