{"id":17002,"date":"2020-07-28T20:28:13","date_gmt":"2020-07-28T18:28:13","guid":{"rendered":"https:\/\/www.sabine-seyffert.de\/blog\/?p=17002"},"modified":"2020-07-28T20:28:13","modified_gmt":"2020-07-28T18:28:13","slug":"diy-bastelidee-fuer-kinder-selbst-gemachtes-eis-am-stiel-als-sommerliche-fensterdeko","status":"publish","type":"post","link":"https:\/\/www.sabine-seyffert.de\/blog\/diy-bastelidee-fuer-kinder-selbst-gemachtes-eis-am-stiel-als-sommerliche-fensterdeko\/","title":{"rendered":"DIY Bastelidee f\u00fcr Kinder: Selbst gemachtes Eis am Stiel als sommerliche Fensterdeko"},"content":{"rendered":"<p style=\"text-align: justify;\"><img loading=\"lazy\" decoding=\"async\" src=\"https:\/\/vg09.met.vgwort.de\/na\/fcf12e5e939a43c5903b60c6454d8e38\" alt=\"\" width=\"1\" height=\"1\" \/>Im Sommer darf das Lieblingseis am Stiel nicht fehlen. Gerade an warmen Tagen, an denen die Sonne scheint, ist dies eine willkommene Erfrischung. Hier auf dem Blog habe ich daher schon des \u00d6fteren Bastelideen mit dieser Leckerei vorgestellt, wie beispielsweise das <a href=\"https:\/\/www.sabine-seyffert.de\/blog\/?p=7694\" target=\"_blank\" rel=\"noopener noreferrer\">Eis am Stiel<\/a>, gemalt mit Wasserfarben, dem selbst gemachten <a href=\"https:\/\/www.sabine-seyffert.de\/blog\/?p=16761\" target=\"_blank\" rel=\"noopener noreferrer\">Feriengru\u00df mit Eis<\/a>,\u00a0 Mini <a href=\"https:\/\/www.sabine-seyffert.de\/blog\/?p=12939\" target=\"_blank\" rel=\"noopener noreferrer\">Eish\u00f6rnchen aus B\u00fcgelperlen<\/a> oder gar die <a href=\"https:\/\/www.sabine-seyffert.de\/blog\/?p=14696\" target=\"_blank\" rel=\"noopener noreferrer\">sommerliche Geschenkverpackung<\/a> mit den kleinen Eis Girlanden, die man nach dem Auspacken noch als Deko verwenden kann oder dieser <a href=\"https:\/\/www.sabine-seyffert.de\/blog\/?p=16860\" target=\"_blank\" rel=\"noopener noreferrer\">sommerlichen Verpackungsidee<\/a> f\u00fcr den Kindergeburtstag.<br \/>\nDieses Jahr gibt es auch wieder eine kreative DIY Idee zum Thema Eis. Dieses Mal jedoch als leuchtende Fensterdeko.<\/p>\n<p style=\"text-align: center;\"><a href=\"https:\/\/www.sabine-seyffert.de\/blog\/wp-content\/uploads\/2020\/07\/Eis-am-Stiel-Fenster-Sabine-Seyffert.de-2.jpg\"><img loading=\"lazy\" decoding=\"async\" class=\"alignnone size-full wp-image-17004\" src=\"https:\/\/www.sabine-seyffert.de\/blog\/wp-content\/uploads\/2020\/07\/Eis-am-Stiel-Fenster-Sabine-Seyffert.de-2.jpg\" alt=\"\" width=\"800\" height=\"600\" srcset=\"https:\/\/www.sabine-seyffert.de\/blog\/wp-content\/uploads\/2020\/07\/Eis-am-Stiel-Fenster-Sabine-Seyffert.de-2.jpg 800w, https:\/\/www.sabine-seyffert.de\/blog\/wp-content\/uploads\/2020\/07\/Eis-am-Stiel-Fenster-Sabine-Seyffert.de-2-300x225.jpg 300w, https:\/\/www.sabine-seyffert.de\/blog\/wp-content\/uploads\/2020\/07\/Eis-am-Stiel-Fenster-Sabine-Seyffert.de-2-768x576.jpg 768w\" sizes=\"auto, (max-width: 800px) 100vw, 800px\" \/><\/a><\/p>\n<p style=\"text-align: justify;\"><strong>Das wird gebraucht:<\/strong><br \/>\nEisstiele oder Holzspatel, wei\u00dfen Tonkarton, einen Bleistift, wei\u00dfen Transparentpapier, farbiges Seidenpapier, eine Bastelschere, Bastelkleber (Klebstift)<\/p>\n<p style=\"text-align: center;\"><a href=\"https:\/\/www.sabine-seyffert.de\/blog\/wp-content\/uploads\/2020\/07\/Eis-am-Stiel-Fenster-Sabine-Seyffert.de-8.jpg\"><img loading=\"lazy\" decoding=\"async\" class=\"alignnone size-full wp-image-17005\" src=\"https:\/\/www.sabine-seyffert.de\/blog\/wp-content\/uploads\/2020\/07\/Eis-am-Stiel-Fenster-Sabine-Seyffert.de-8.jpg\" alt=\"\" width=\"800\" height=\"600\" srcset=\"https:\/\/www.sabine-seyffert.de\/blog\/wp-content\/uploads\/2020\/07\/Eis-am-Stiel-Fenster-Sabine-Seyffert.de-8.jpg 800w, https:\/\/www.sabine-seyffert.de\/blog\/wp-content\/uploads\/2020\/07\/Eis-am-Stiel-Fenster-Sabine-Seyffert.de-8-300x225.jpg 300w, https:\/\/www.sabine-seyffert.de\/blog\/wp-content\/uploads\/2020\/07\/Eis-am-Stiel-Fenster-Sabine-Seyffert.de-8-768x576.jpg 768w\" sizes=\"auto, (max-width: 800px) 100vw, 800px\" \/><\/a><\/p>\n<p style=\"text-align: justify;\"><strong>So wird\u2019s gemacht:<\/strong><br \/>\nZuerst habe ich f\u00fcr die Kinder aus einer alten Kartonage (Pappkarton, M\u00fcsliverpackung o.\u00e4.) eine Schablone gefertigt. Mit dieser k\u00f6nnen sich die Kinder anschlie\u00dfend die Umrisse des Eis auf den Tonkarton zeichnen.<\/p>\n<p style=\"text-align: center;\"><a href=\"https:\/\/www.sabine-seyffert.de\/blog\/wp-content\/uploads\/2020\/07\/Eis-am-Stiel-Fenster-Sabine-Seyffert.de-7.jpg\"><img loading=\"lazy\" decoding=\"async\" class=\"alignnone size-full wp-image-17006\" src=\"https:\/\/www.sabine-seyffert.de\/blog\/wp-content\/uploads\/2020\/07\/Eis-am-Stiel-Fenster-Sabine-Seyffert.de-7.jpg\" alt=\"\" width=\"800\" height=\"600\" srcset=\"https:\/\/www.sabine-seyffert.de\/blog\/wp-content\/uploads\/2020\/07\/Eis-am-Stiel-Fenster-Sabine-Seyffert.de-7.jpg 800w, https:\/\/www.sabine-seyffert.de\/blog\/wp-content\/uploads\/2020\/07\/Eis-am-Stiel-Fenster-Sabine-Seyffert.de-7-300x225.jpg 300w, https:\/\/www.sabine-seyffert.de\/blog\/wp-content\/uploads\/2020\/07\/Eis-am-Stiel-Fenster-Sabine-Seyffert.de-7-768x576.jpg 768w\" sizes=\"auto, (max-width: 800px) 100vw, 800px\" \/><\/a><\/p>\n<p style=\"text-align: justify;\">F\u00fcr jedes Eis, ben\u00f6tigt man diese Form zweimal, damit die Dekoration auch wirklich von beiden Seiten sch\u00f6n aussieht.<br \/>\nAu\u00dferdem malt man sich die Eisform (ohne das Inneren!) auf dem wei\u00dfen Transparentpapier und schneidet dieses aus.<\/p>\n<p style=\"text-align: center;\"><a href=\"https:\/\/www.sabine-seyffert.de\/blog\/wp-content\/uploads\/2020\/07\/Eis-am-Stiel-Fenster-Sabine-Seyffert.de-6.jpg\"><img loading=\"lazy\" decoding=\"async\" class=\"alignnone size-full wp-image-17007\" src=\"https:\/\/www.sabine-seyffert.de\/blog\/wp-content\/uploads\/2020\/07\/Eis-am-Stiel-Fenster-Sabine-Seyffert.de-6.jpg\" alt=\"\" width=\"800\" height=\"600\" srcset=\"https:\/\/www.sabine-seyffert.de\/blog\/wp-content\/uploads\/2020\/07\/Eis-am-Stiel-Fenster-Sabine-Seyffert.de-6.jpg 800w, https:\/\/www.sabine-seyffert.de\/blog\/wp-content\/uploads\/2020\/07\/Eis-am-Stiel-Fenster-Sabine-Seyffert.de-6-300x225.jpg 300w, https:\/\/www.sabine-seyffert.de\/blog\/wp-content\/uploads\/2020\/07\/Eis-am-Stiel-Fenster-Sabine-Seyffert.de-6-768x576.jpg 768w\" sizes=\"auto, (max-width: 800px) 100vw, 800px\" \/><\/a><\/p>\n<p style=\"text-align: justify;\">Das Transparentpapier wird von Innen auf die ausgeschnittene Tonkartonform geklebt. Dann kann man mit dem Schm\u00fccken und Verzieren anfangen. Hier sind der Fantasie keine Granzen gesetzt.<\/p>\n<p><a href=\"https:\/\/www.sabine-seyffert.de\/blog\/wp-content\/uploads\/2020\/07\/Eis-am-Stiel-Fenster-Sabine-Seyffert.de-5.jpg\"><img loading=\"lazy\" decoding=\"async\" class=\"alignnone size-full wp-image-17008\" src=\"https:\/\/www.sabine-seyffert.de\/blog\/wp-content\/uploads\/2020\/07\/Eis-am-Stiel-Fenster-Sabine-Seyffert.de-5.jpg\" alt=\"\" width=\"800\" height=\"600\" srcset=\"https:\/\/www.sabine-seyffert.de\/blog\/wp-content\/uploads\/2020\/07\/Eis-am-Stiel-Fenster-Sabine-Seyffert.de-5.jpg 800w, https:\/\/www.sabine-seyffert.de\/blog\/wp-content\/uploads\/2020\/07\/Eis-am-Stiel-Fenster-Sabine-Seyffert.de-5-300x225.jpg 300w, https:\/\/www.sabine-seyffert.de\/blog\/wp-content\/uploads\/2020\/07\/Eis-am-Stiel-Fenster-Sabine-Seyffert.de-5-768x576.jpg 768w\" sizes=\"auto, (max-width: 800px) 100vw, 800px\" \/><\/a><\/p>\n<p style=\"text-align: justify;\">Ob man das Seidenpapier in Streifen schneidet und aufklebt, mit kleinen bunten Kreisen beklebt oder aus dem Seidenpapier kleine K\u00fcgelchen rollt und mit Kleber anbringt ist egal. Je unterschiedlicher die Formen, Farben und Muster sind, desto sch\u00f6ner leuchtet das Eis schlie\u00dflich im Sonnenlicht.<\/p>\n<p style=\"text-align: center;\"><a href=\"https:\/\/www.sabine-seyffert.de\/blog\/wp-content\/uploads\/2020\/07\/Eis-am-Stiel-Fenster-Sabine-Seyffert.de-4.jpg\"><img loading=\"lazy\" decoding=\"async\" class=\"alignnone size-full wp-image-17009\" src=\"https:\/\/www.sabine-seyffert.de\/blog\/wp-content\/uploads\/2020\/07\/Eis-am-Stiel-Fenster-Sabine-Seyffert.de-4.jpg\" alt=\"\" width=\"800\" height=\"600\" srcset=\"https:\/\/www.sabine-seyffert.de\/blog\/wp-content\/uploads\/2020\/07\/Eis-am-Stiel-Fenster-Sabine-Seyffert.de-4.jpg 800w, https:\/\/www.sabine-seyffert.de\/blog\/wp-content\/uploads\/2020\/07\/Eis-am-Stiel-Fenster-Sabine-Seyffert.de-4-300x225.jpg 300w, https:\/\/www.sabine-seyffert.de\/blog\/wp-content\/uploads\/2020\/07\/Eis-am-Stiel-Fenster-Sabine-Seyffert.de-4-768x576.jpg 768w\" sizes=\"auto, (max-width: 800px) 100vw, 800px\" \/><\/a><\/p>\n<p style=\"text-align: justify;\">Ist das Transparentpapier beklebt, schneidet man den Eisstiel oder Holzspatel mittig mit einer scharfen Schere durch. Hierbei sollte unbedingt ein Erwachsener helfen!<br \/>\nDen halben Stiel klebt man nun mittig an den unteren Eisrand und setzt dann mit etwas Kleber die zweite Eish\u00e4lfte von oben darauf.<\/p>\n<p style=\"text-align: center;\"><a href=\"https:\/\/www.sabine-seyffert.de\/blog\/wp-content\/uploads\/2020\/07\/Eis-am-Stiel-Fenster-Sabine-Seyffert.de-1.jpg\"><img loading=\"lazy\" decoding=\"async\" class=\"alignnone size-full wp-image-17010\" src=\"https:\/\/www.sabine-seyffert.de\/blog\/wp-content\/uploads\/2020\/07\/Eis-am-Stiel-Fenster-Sabine-Seyffert.de-1.jpg\" alt=\"\" width=\"800\" height=\"600\" srcset=\"https:\/\/www.sabine-seyffert.de\/blog\/wp-content\/uploads\/2020\/07\/Eis-am-Stiel-Fenster-Sabine-Seyffert.de-1.jpg 800w, https:\/\/www.sabine-seyffert.de\/blog\/wp-content\/uploads\/2020\/07\/Eis-am-Stiel-Fenster-Sabine-Seyffert.de-1-300x225.jpg 300w, https:\/\/www.sabine-seyffert.de\/blog\/wp-content\/uploads\/2020\/07\/Eis-am-Stiel-Fenster-Sabine-Seyffert.de-1-768x576.jpg 768w\" sizes=\"auto, (max-width: 800px) 100vw, 800px\" \/><\/a><\/p>\n<p style=\"text-align: justify;\">Das fertige Eis kann man schlie\u00dflich mit etwas d\u00fcnnem Nylongarn versehen und am Fensterrahmen befestigen. So hat man einen sch\u00f6nen Suncatcher und eine ganz sommerliche Feriendeko f\u00fcr das Kinderzimmer!<\/p>\n<p style=\"text-align: center;\"><a href=\"https:\/\/www.sabine-seyffert.de\/blog\/wp-content\/uploads\/2020\/07\/Eis-am-Stiel-Fenster-Sabine-Seyffert.de-3.jpg\"><img loading=\"lazy\" decoding=\"async\" class=\"alignnone size-full wp-image-17011\" src=\"https:\/\/www.sabine-seyffert.de\/blog\/wp-content\/uploads\/2020\/07\/Eis-am-Stiel-Fenster-Sabine-Seyffert.de-3.jpg\" alt=\"\" width=\"800\" height=\"600\" srcset=\"https:\/\/www.sabine-seyffert.de\/blog\/wp-content\/uploads\/2020\/07\/Eis-am-Stiel-Fenster-Sabine-Seyffert.de-3.jpg 800w, https:\/\/www.sabine-seyffert.de\/blog\/wp-content\/uploads\/2020\/07\/Eis-am-Stiel-Fenster-Sabine-Seyffert.de-3-300x225.jpg 300w, https:\/\/www.sabine-seyffert.de\/blog\/wp-content\/uploads\/2020\/07\/Eis-am-Stiel-Fenster-Sabine-Seyffert.de-3-768x576.jpg 768w\" sizes=\"auto, (max-width: 800px) 100vw, 800px\" \/><\/a><\/p>\n<p style=\"text-align: justify;\">Weitere Bastelanleitungen f\u00fcr Kinder findet ihr \u00fcbrigens in <a href=\"https:\/\/www.sabine-seyffert.de\/blog\/?cat=32\" target=\"_blank\" rel=\"noopener noreferrer\">dieser Blog Kategorie<\/a>, alle DIY rund um selbst gemachte Deko gibt es in <a href=\"https:\/\/www.sabine-seyffert.de\/blog\/?cat=12\" target=\"_blank\" rel=\"noopener noreferrer\">diesem Ordner<\/a>, alle Ideen rund um den Sommer in <a href=\"https:\/\/www.sabine-seyffert.de\/blog\/?cat=24\" target=\"_blank\" rel=\"noopener noreferrer\">dieser Rubrik<\/a>, tolle Ausflugstipps gibt es an <a href=\"https:\/\/www.sabine-seyffert.de\/blog\/?cat=39\" target=\"_blank\" rel=\"noopener noreferrer\">dieser Stelle<\/a> und andere kreative Sachen da.<\/p>\n<p style=\"text-align: center;\"><a href=\"https:\/\/www.sabine-seyffert.de\/blog\/wp-content\/uploads\/2020\/07\/Eis-am-Stiel-Fenster-Sabine-Seyffert.de-9.jpg\"><img loading=\"lazy\" decoding=\"async\" class=\"alignnone size-full wp-image-17012\" src=\"https:\/\/www.sabine-seyffert.de\/blog\/wp-content\/uploads\/2020\/07\/Eis-am-Stiel-Fenster-Sabine-Seyffert.de-9.jpg\" alt=\"\" width=\"600\" height=\"800\" srcset=\"https:\/\/www.sabine-seyffert.de\/blog\/wp-content\/uploads\/2020\/07\/Eis-am-Stiel-Fenster-Sabine-Seyffert.de-9.jpg 600w, https:\/\/www.sabine-seyffert.de\/blog\/wp-content\/uploads\/2020\/07\/Eis-am-Stiel-Fenster-Sabine-Seyffert.de-9-225x300.jpg 225w\" sizes=\"auto, (max-width: 600px) 100vw, 600px\" \/><\/a><\/p>\n<p style=\"text-align: justify;\"><a href=\"https:\/\/www.sabine-seyffert.de\/blog\/?page_id=32#urheberrecht\">urheberrechtlich gesch\u00fctzt<\/a>, \u00a9 Sabine Seyffert<\/p>\n","protected":false},"excerpt":{"rendered":"<p>Im Sommer darf das Lieblingseis am Stiel nicht fehlen. Gerade an warmen Tagen, an denen die Sonne scheint, ist dies eine willkommene Erfrischung. Hier auf dem Blog habe ich daher schon des \u00d6fteren Bastelideen mit dieser Leckerei vorgestellt, wie beispielsweise das Eis am Stiel, gemalt mit Wasserfarben, dem selbst gemachten Feriengru\u00df mit Eis,\u00a0 Mini Eish\u00f6rnchen&#8230; <a href=\"https:\/\/www.sabine-seyffert.de\/blog\/diy-bastelidee-fuer-kinder-selbst-gemachtes-eis-am-stiel-als-sommerliche-fensterdeko\/\" class=\"more-link\">Read more: DIY Bastelidee f\u00fcr Kinder: Selbst gemachtes Eis am Stiel als sommerliche Fensterdeko<\/a><\/p>\n","protected":false},"author":2,"featured_media":0,"comment_status":"open","ping_status":"open","sticky":false,"template":"","format":"standard","meta":{"_metis_text_type":"","_metis_text_length":2626,"_post_count":0,"footnotes":""},"categories":[32,12,24],"tags":[],"class_list":["post-17002","post","type-post","status-publish","format-standard","hentry","category-kreatives-fur-kleine-kinderhande","category-deko-ideen","category-sommer"],"_links":{"self":[{"href":"https:\/\/www.sabine-seyffert.de\/blog\/wp-json\/wp\/v2\/posts\/17002","targetHints":{"allow":["GET"]}}],"collection":[{"href":"https:\/\/www.sabine-seyffert.de\/blog\/wp-json\/wp\/v2\/posts"}],"about":[{"href":"https:\/\/www.sabine-seyffert.de\/blog\/wp-json\/wp\/v2\/types\/post"}],"author":[{"embeddable":true,"href":"https:\/\/www.sabine-seyffert.de\/blog\/wp-json\/wp\/v2\/users\/2"}],"replies":[{"embeddable":true,"href":"https:\/\/www.sabine-seyffert.de\/blog\/wp-json\/wp\/v2\/comments?post=17002"}],"version-history":[{"count":5,"href":"https:\/\/www.sabine-seyffert.de\/blog\/wp-json\/wp\/v2\/posts\/17002\/revisions"}],"predecessor-version":[{"id":17016,"href":"https:\/\/www.sabine-seyffert.de\/blog\/wp-json\/wp\/v2\/posts\/17002\/revisions\/17016"}],"wp:attachment":[{"href":"https:\/\/www.sabine-seyffert.de\/blog\/wp-json\/wp\/v2\/media?parent=17002"}],"wp:term":[{"taxonomy":"category","embeddable":true,"href":"https:\/\/www.sabine-seyffert.de\/blog\/wp-json\/wp\/v2\/categories?post=17002"},{"taxonomy":"post_tag","embeddable":true,"href":"https:\/\/www.sabine-seyffert.de\/blog\/wp-json\/wp\/v2\/tags?post=17002"}],"curies":[{"name":"wp","href":"https:\/\/api.w.org\/{rel}","templated":true}]}}