{"id":16826,"date":"2020-06-22T06:28:51","date_gmt":"2020-06-22T04:28:51","guid":{"rendered":"https:\/\/www.sabine-seyffert.de\/blog\/?p=16826"},"modified":"2020-07-01T06:34:08","modified_gmt":"2020-07-01T04:34:08","slug":"diy-bastelidee-fuer-kinder-wolke-aus-zeitungspapier-mit-regentropfen-buntem-regenbogen","status":"publish","type":"post","link":"https:\/\/www.sabine-seyffert.de\/blog\/diy-bastelidee-fuer-kinder-wolke-aus-zeitungspapier-mit-regentropfen-buntem-regenbogen\/","title":{"rendered":"DIY Bastelidee f\u00fcr Kinder: Wolke aus Zeitungspapier mit Regentropfen &#038; buntem Regenbogen"},"content":{"rendered":"<p style=\"text-align: justify;\"><img loading=\"lazy\" decoding=\"async\" src=\"https:\/\/vg01.met.vgwort.de\/na\/8d54518462c14998aadfdbbc76ee5d37\" alt=\"\" width=\"1\" height=\"1\" \/>Einfach mal auf und davon fliegen. Die Sommerferien sind zum Gl\u00fcck ja nicht mehr weit. Vielleicht mit einer so sch\u00f6nen Wolke wie dieser? Hast du Lust? Dann schnapp dir schnell einen Malkittel und einen Stapel mit alten Zeitungen. Dann k\u00f6nnen wir gemeinsam eine Wolke mit leuchtendem Regenbogen basteln. Und zwar aus kostenlosem Bastelmaterial. Da spart man sich den Einkauf, schont die Umwelt und das Portemonnaie.<\/p>\n<p style=\"text-align: center;\"><a href=\"https:\/\/www.sabine-seyffert.de\/blog\/wp-content\/uploads\/2020\/06\/Wolke-Zeitung-Sabine-Seyffert.de-5.jpg\"><img loading=\"lazy\" decoding=\"async\" class=\"alignnone size-full wp-image-16827\" src=\"https:\/\/www.sabine-seyffert.de\/blog\/wp-content\/uploads\/2020\/06\/Wolke-Zeitung-Sabine-Seyffert.de-5.jpg\" alt=\"\" width=\"800\" height=\"600\" srcset=\"https:\/\/www.sabine-seyffert.de\/blog\/wp-content\/uploads\/2020\/06\/Wolke-Zeitung-Sabine-Seyffert.de-5.jpg 800w, https:\/\/www.sabine-seyffert.de\/blog\/wp-content\/uploads\/2020\/06\/Wolke-Zeitung-Sabine-Seyffert.de-5-300x225.jpg 300w, https:\/\/www.sabine-seyffert.de\/blog\/wp-content\/uploads\/2020\/06\/Wolke-Zeitung-Sabine-Seyffert.de-5-768x576.jpg 768w\" sizes=\"auto, (max-width: 800px) 100vw, 800px\" \/><\/a><\/p>\n<p style=\"text-align: justify;\"><strong>Das wird gebraucht:<\/strong><br \/>\nEine Bastelschere, einen Wasserfarbkasten inclusiv Deckwei\u00df, m\u00f6glichst breite Pinsel (am besten sind Borstenpinsel), allerhand alte Tageszeitungen, etwas Kordel (oder Wollreste), einen B\u00fcrohefter \/ Tacker, Bastelkleber \/ Klebestift, eine Malunterlage und einen Bastelkittel<\/p>\n<p style=\"text-align: center;\"><a href=\"https:\/\/www.sabine-seyffert.de\/blog\/wp-content\/uploads\/2020\/06\/Wolke-Zeitung-Sabine-Seyffert.de-12.jpg\"><img loading=\"lazy\" decoding=\"async\" class=\"alignnone size-full wp-image-16828\" src=\"https:\/\/www.sabine-seyffert.de\/blog\/wp-content\/uploads\/2020\/06\/Wolke-Zeitung-Sabine-Seyffert.de-12.jpg\" alt=\"\" width=\"800\" height=\"600\" srcset=\"https:\/\/www.sabine-seyffert.de\/blog\/wp-content\/uploads\/2020\/06\/Wolke-Zeitung-Sabine-Seyffert.de-12.jpg 800w, https:\/\/www.sabine-seyffert.de\/blog\/wp-content\/uploads\/2020\/06\/Wolke-Zeitung-Sabine-Seyffert.de-12-300x225.jpg 300w, https:\/\/www.sabine-seyffert.de\/blog\/wp-content\/uploads\/2020\/06\/Wolke-Zeitung-Sabine-Seyffert.de-12-768x576.jpg 768w\" sizes=\"auto, (max-width: 800px) 100vw, 800px\" \/><\/a><\/p>\n<p style=\"text-align: justify;\"><strong>So wird\u2019s gemacht:<\/strong><br \/>\nDie Langweile bleibt heute mal Drau\u00dfen. Wir nutzen den Nachmittag und die Zeit lieber f\u00fcr kreative Besch\u00e4ftigungen wie diese. Also fix den Tisch abdecken und dann geht es der Zeitung an den Kragen.<br \/>\nDiese wird als erstes bemalt. Ein gro\u00dfes St\u00fcck (am besten eine ganze Seite) mit Deckwei\u00df und dann ben\u00f6tigt ihr noch alle Farben des Regenbogens. Das w\u00e4re rot, orange, gelb, gr\u00fcn. blau und lila. Ihr k\u00f6nnt aber auch einen Fantasieregenbogen in den Farben eurer Wahl gestalten. Auf jeden Fall braucht ihr ein wenig blau bemaltes Papier f\u00fcr die Regentropfen.<\/p>\n<p style=\"text-align: center;\"><a href=\"https:\/\/www.sabine-seyffert.de\/blog\/wp-content\/uploads\/2020\/06\/Wolke-Zeitung-Sabine-Seyffert.de-11.jpg\"><img loading=\"lazy\" decoding=\"async\" class=\"alignnone size-full wp-image-16829\" src=\"https:\/\/www.sabine-seyffert.de\/blog\/wp-content\/uploads\/2020\/06\/Wolke-Zeitung-Sabine-Seyffert.de-11.jpg\" alt=\"\" width=\"800\" height=\"600\" srcset=\"https:\/\/www.sabine-seyffert.de\/blog\/wp-content\/uploads\/2020\/06\/Wolke-Zeitung-Sabine-Seyffert.de-11.jpg 800w, https:\/\/www.sabine-seyffert.de\/blog\/wp-content\/uploads\/2020\/06\/Wolke-Zeitung-Sabine-Seyffert.de-11-300x225.jpg 300w, https:\/\/www.sabine-seyffert.de\/blog\/wp-content\/uploads\/2020\/06\/Wolke-Zeitung-Sabine-Seyffert.de-11-768x576.jpg 768w\" sizes=\"auto, (max-width: 800px) 100vw, 800px\" \/><\/a><\/p>\n<p style=\"text-align: justify;\">W\u00e4hrend das Papier trocknet, nehmt ihr euch eine Zeitung und schneidet diese klein. Alternativ k\u00f6nnt ihr diese auch rei\u00dfen oder klein kn\u00fcddeln. Wie es euch am liebsten ist und es am besten klappt.<\/p>\n<p style=\"text-align: center;\"><a href=\"https:\/\/www.sabine-seyffert.de\/blog\/wp-content\/uploads\/2020\/06\/Wolke-Zeitung-Sabine-Seyffert.de-10.jpg\"><img loading=\"lazy\" decoding=\"async\" class=\"alignnone size-full wp-image-16830\" src=\"https:\/\/www.sabine-seyffert.de\/blog\/wp-content\/uploads\/2020\/06\/Wolke-Zeitung-Sabine-Seyffert.de-10.jpg\" alt=\"\" width=\"800\" height=\"600\" srcset=\"https:\/\/www.sabine-seyffert.de\/blog\/wp-content\/uploads\/2020\/06\/Wolke-Zeitung-Sabine-Seyffert.de-10.jpg 800w, https:\/\/www.sabine-seyffert.de\/blog\/wp-content\/uploads\/2020\/06\/Wolke-Zeitung-Sabine-Seyffert.de-10-300x225.jpg 300w, https:\/\/www.sabine-seyffert.de\/blog\/wp-content\/uploads\/2020\/06\/Wolke-Zeitung-Sabine-Seyffert.de-10-768x576.jpg 768w\" sizes=\"auto, (max-width: 800px) 100vw, 800px\" \/><\/a><\/p>\n<p style=\"text-align: justify;\">Jetzt schneidet ihr euch aus dem wei\u00df bemalten Papier eine gro\u00dfe Wolke. Unsere hat in etwa die Gr\u00f6\u00dfe Din A 4. Viel gr\u00f6\u00dfer sollte sie nicht sein, da das Papier das Gewicht sonst nicht h\u00e4lt und rei\u00dft.<br \/>\n<strong>Achtung<\/strong>, die Wolke ben\u00f6tigt ihr in doppelter Ausf\u00fchrung!<\/p>\n<p style=\"text-align: center;\"><a href=\"https:\/\/www.sabine-seyffert.de\/blog\/wp-content\/uploads\/2020\/06\/Wolke-Zeitung-Sabine-Seyffert.de-9.jpg\"><img loading=\"lazy\" decoding=\"async\" class=\"alignnone size-full wp-image-16831\" src=\"https:\/\/www.sabine-seyffert.de\/blog\/wp-content\/uploads\/2020\/06\/Wolke-Zeitung-Sabine-Seyffert.de-9.jpg\" alt=\"\" width=\"800\" height=\"600\" srcset=\"https:\/\/www.sabine-seyffert.de\/blog\/wp-content\/uploads\/2020\/06\/Wolke-Zeitung-Sabine-Seyffert.de-9.jpg 800w, https:\/\/www.sabine-seyffert.de\/blog\/wp-content\/uploads\/2020\/06\/Wolke-Zeitung-Sabine-Seyffert.de-9-300x225.jpg 300w, https:\/\/www.sabine-seyffert.de\/blog\/wp-content\/uploads\/2020\/06\/Wolke-Zeitung-Sabine-Seyffert.de-9-768x576.jpg 768w\" sizes=\"auto, (max-width: 800px) 100vw, 800px\" \/><\/a><\/p>\n<p style=\"text-align: justify;\">Nun schneidet ihr euch einige blaue Regentropfen (auch hier immer in doppelter Ausf\u00fchrung und Machart, ganz \u00e4hnlich wie bei <a href=\"https:\/\/www.sabine-seyffert.de\/blog\/?p=11219\" target=\"_blank\" rel=\"noopener noreferrer\">dieser Regenwolke<\/a>) und klebt diese um d\u00fcnne Kordel.<\/p>\n<p><a href=\"https:\/\/www.sabine-seyffert.de\/blog\/wp-content\/uploads\/2020\/06\/Wolke-Zeitung-Sabine-Seyffert.de-8.jpg\"><img loading=\"lazy\" decoding=\"async\" class=\"alignnone size-full wp-image-16832\" src=\"https:\/\/www.sabine-seyffert.de\/blog\/wp-content\/uploads\/2020\/06\/Wolke-Zeitung-Sabine-Seyffert.de-8.jpg\" alt=\"\" width=\"800\" height=\"600\" srcset=\"https:\/\/www.sabine-seyffert.de\/blog\/wp-content\/uploads\/2020\/06\/Wolke-Zeitung-Sabine-Seyffert.de-8.jpg 800w, https:\/\/www.sabine-seyffert.de\/blog\/wp-content\/uploads\/2020\/06\/Wolke-Zeitung-Sabine-Seyffert.de-8-300x225.jpg 300w, https:\/\/www.sabine-seyffert.de\/blog\/wp-content\/uploads\/2020\/06\/Wolke-Zeitung-Sabine-Seyffert.de-8-768x576.jpg 768w\" sizes=\"auto, (max-width: 800px) 100vw, 800px\" \/><\/a><\/p>\n<p style=\"text-align: justify;\">Die Kordelenden klebt ihr an den unteren Rand (Innenseite) der Wolke. Dann legt ihr die andere Wolke darauf und tackert diese am unteren Rand und den \u00e4u\u00dferen Seiten zusammen. Jetzt k\u00f6nnt ihr diese Innen mit dem zerkleinerten Zeitungspapier bef\u00fcllen und auspolstern, damit die Wolke sch\u00f6n Volumen bekommt. Steckt genug F\u00fcllung drin, tackert ihr den Rest der Wolke oben zu.<\/p>\n<p style=\"text-align: center;\"><a href=\"https:\/\/www.sabine-seyffert.de\/blog\/wp-content\/uploads\/2020\/06\/Wolke-Zeitung-Sabine-Seyffert.de-7.jpg\"><img loading=\"lazy\" decoding=\"async\" class=\"alignnone size-full wp-image-16833\" src=\"https:\/\/www.sabine-seyffert.de\/blog\/wp-content\/uploads\/2020\/06\/Wolke-Zeitung-Sabine-Seyffert.de-7.jpg\" alt=\"\" width=\"800\" height=\"600\" srcset=\"https:\/\/www.sabine-seyffert.de\/blog\/wp-content\/uploads\/2020\/06\/Wolke-Zeitung-Sabine-Seyffert.de-7.jpg 800w, https:\/\/www.sabine-seyffert.de\/blog\/wp-content\/uploads\/2020\/06\/Wolke-Zeitung-Sabine-Seyffert.de-7-300x225.jpg 300w, https:\/\/www.sabine-seyffert.de\/blog\/wp-content\/uploads\/2020\/06\/Wolke-Zeitung-Sabine-Seyffert.de-7-768x576.jpg 768w\" sizes=\"auto, (max-width: 800px) 100vw, 800px\" \/><\/a><\/p>\n<p style=\"text-align: justify;\">Aus dem bunten Papier gestaltet ihr euch noch einen Regenbogen, den ihr quer \u00fcber die Wolke kleben k\u00f6nnt. Die Streifen kann man rei\u00dfen oder auch schneiden.<\/p>\n<p><a href=\"https:\/\/www.sabine-seyffert.de\/blog\/wp-content\/uploads\/2020\/06\/Wolke-Zeitung-Sabine-Seyffert.de-6.jpg\"><img loading=\"lazy\" decoding=\"async\" class=\"alignnone size-full wp-image-16834\" src=\"https:\/\/www.sabine-seyffert.de\/blog\/wp-content\/uploads\/2020\/06\/Wolke-Zeitung-Sabine-Seyffert.de-6.jpg\" alt=\"\" width=\"800\" height=\"600\" srcset=\"https:\/\/www.sabine-seyffert.de\/blog\/wp-content\/uploads\/2020\/06\/Wolke-Zeitung-Sabine-Seyffert.de-6.jpg 800w, https:\/\/www.sabine-seyffert.de\/blog\/wp-content\/uploads\/2020\/06\/Wolke-Zeitung-Sabine-Seyffert.de-6-300x225.jpg 300w, https:\/\/www.sabine-seyffert.de\/blog\/wp-content\/uploads\/2020\/06\/Wolke-Zeitung-Sabine-Seyffert.de-6-768x576.jpg 768w\" sizes=\"auto, (max-width: 800px) 100vw, 800px\" \/><\/a><\/p>\n<p style=\"text-align: justify;\">Ganz zum Schluss oben mittig ein Loch hineinstanzen und etwas Kordel hindurchziehen. So kann man die Regenbogenwolke als Deko aufh\u00e4ngen.<\/p>\n<p style=\"text-align: center;\"><a href=\"https:\/\/www.sabine-seyffert.de\/blog\/wp-content\/uploads\/2020\/06\/Wolke-Zeitung-Sabine-Seyffert.de-4.jpg\"><img loading=\"lazy\" decoding=\"async\" class=\"alignnone size-full wp-image-16835\" src=\"https:\/\/www.sabine-seyffert.de\/blog\/wp-content\/uploads\/2020\/06\/Wolke-Zeitung-Sabine-Seyffert.de-4.jpg\" alt=\"\" width=\"800\" height=\"600\" srcset=\"https:\/\/www.sabine-seyffert.de\/blog\/wp-content\/uploads\/2020\/06\/Wolke-Zeitung-Sabine-Seyffert.de-4.jpg 800w, https:\/\/www.sabine-seyffert.de\/blog\/wp-content\/uploads\/2020\/06\/Wolke-Zeitung-Sabine-Seyffert.de-4-300x225.jpg 300w, https:\/\/www.sabine-seyffert.de\/blog\/wp-content\/uploads\/2020\/06\/Wolke-Zeitung-Sabine-Seyffert.de-4-768x576.jpg 768w\" sizes=\"auto, (max-width: 800px) 100vw, 800px\" \/><\/a><\/p>\n<p style=\"text-align: justify;\"><strong>Ein kleiner Tipp:<\/strong><br \/>\nZum Aufh\u00e4ngen am besten die L\u00f6cher auf mit Lochverst\u00e4rkern versehen, damit das Papier nicht einrei\u00dft!<\/p>\n<p style=\"text-align: center;\"><a href=\"https:\/\/www.sabine-seyffert.de\/blog\/wp-content\/uploads\/2020\/06\/Wolke-Zeitung-Sabine-Seyffert.de-1.jpg\"><img loading=\"lazy\" decoding=\"async\" class=\"alignnone size-full wp-image-16836\" src=\"https:\/\/www.sabine-seyffert.de\/blog\/wp-content\/uploads\/2020\/06\/Wolke-Zeitung-Sabine-Seyffert.de-1.jpg\" alt=\"\" width=\"600\" height=\"800\" srcset=\"https:\/\/www.sabine-seyffert.de\/blog\/wp-content\/uploads\/2020\/06\/Wolke-Zeitung-Sabine-Seyffert.de-1.jpg 600w, https:\/\/www.sabine-seyffert.de\/blog\/wp-content\/uploads\/2020\/06\/Wolke-Zeitung-Sabine-Seyffert.de-1-225x300.jpg 225w\" sizes=\"auto, (max-width: 600px) 100vw, 600px\" \/><\/a><\/p>\n<p style=\"text-align: justify;\">Weitere DIY Bastelideen f\u00fcr Kinder findet ihr \u00fcbrigens in <a href=\"https:\/\/www.sabine-seyffert.de\/blog\/?cat=32\" target=\"_blank\" rel=\"noopener noreferrer\">dieser Blog Kategorie<\/a>, alles zum Thema Upcycling mit detaillierter Bastelanleitung gibt es in <a href=\"https:\/\/www.sabine-seyffert.de\/blog\/?cat=47\" target=\"_blank\" rel=\"noopener noreferrer\">dieser Rubrik<\/a>, alles rund um die Sommerzeit sind in <a href=\"https:\/\/www.sabine-seyffert.de\/blog\/?cat=24\" target=\"_blank\" rel=\"noopener noreferrer\">diesem Blog Ordner<\/a>, weitere Regenb\u00f6gen an meiner <a href=\"https:\/\/www.pinterest.de\/diysabineseyffert\/\" target=\"_blank\" rel=\"noopener noreferrer\">Pinnwand<\/a> und andere kreative Sachen <a href=\"http:\/\/www.lunaju.de\/2020\/06\/kiddikram-juni-und-juli.html\" target=\"_blank\" rel=\"noopener nofollow noreferrer\">da<\/a>.<\/p>\n<p style=\"text-align: center;\"><a href=\"https:\/\/www.sabine-seyffert.de\/blog\/wp-content\/uploads\/2020\/06\/Wolke-Zeitung-Sabine-Seyffert.de-2.jpg\"><img loading=\"lazy\" decoding=\"async\" class=\"alignnone size-full wp-image-16837\" src=\"https:\/\/www.sabine-seyffert.de\/blog\/wp-content\/uploads\/2020\/06\/Wolke-Zeitung-Sabine-Seyffert.de-2.jpg\" alt=\"\" width=\"600\" height=\"800\" srcset=\"https:\/\/www.sabine-seyffert.de\/blog\/wp-content\/uploads\/2020\/06\/Wolke-Zeitung-Sabine-Seyffert.de-2.jpg 600w, https:\/\/www.sabine-seyffert.de\/blog\/wp-content\/uploads\/2020\/06\/Wolke-Zeitung-Sabine-Seyffert.de-2-225x300.jpg 225w\" sizes=\"auto, (max-width: 600px) 100vw, 600px\" \/><\/a><\/p>\n<p style=\"text-align: justify;\"><a href=\"https:\/\/www.sabine-seyffert.de\/blog\/?page_id=32#urheberrecht\">urheberrechtlich gesch\u00fctzt<\/a>, \u00a9 Sabine Seyffert<\/p>\n","protected":false},"excerpt":{"rendered":"<p>Einfach mal auf und davon fliegen. Die Sommerferien sind zum Gl\u00fcck ja nicht mehr weit. Vielleicht mit einer so sch\u00f6nen Wolke wie dieser? Hast du Lust? Dann schnapp dir schnell einen Malkittel und einen Stapel mit alten Zeitungen. Dann k\u00f6nnen wir gemeinsam eine Wolke mit leuchtendem Regenbogen basteln. Und zwar aus kostenlosem Bastelmaterial. Da spart&#8230; <a href=\"https:\/\/www.sabine-seyffert.de\/blog\/diy-bastelidee-fuer-kinder-wolke-aus-zeitungspapier-mit-regentropfen-buntem-regenbogen\/\" class=\"more-link\">Read more: DIY Bastelidee f\u00fcr Kinder: Wolke aus Zeitungspapier mit Regentropfen &#038; buntem Regenbogen<\/a><\/p>\n","protected":false},"author":2,"featured_media":0,"comment_status":"open","ping_status":"open","sticky":false,"template":"","format":"standard","meta":{"_metis_text_type":"","_metis_text_length":3033,"_post_count":0,"footnotes":""},"categories":[32,12,37,47],"tags":[],"class_list":["post-16826","post","type-post","status-publish","format-standard","hentry","category-kreatives-fur-kleine-kinderhande","category-deko-ideen","category-himmlisches","category-upcyceltes"],"_links":{"self":[{"href":"https:\/\/www.sabine-seyffert.de\/blog\/wp-json\/wp\/v2\/posts\/16826","targetHints":{"allow":["GET"]}}],"collection":[{"href":"https:\/\/www.sabine-seyffert.de\/blog\/wp-json\/wp\/v2\/posts"}],"about":[{"href":"https:\/\/www.sabine-seyffert.de\/blog\/wp-json\/wp\/v2\/types\/post"}],"author":[{"embeddable":true,"href":"https:\/\/www.sabine-seyffert.de\/blog\/wp-json\/wp\/v2\/users\/2"}],"replies":[{"embeddable":true,"href":"https:\/\/www.sabine-seyffert.de\/blog\/wp-json\/wp\/v2\/comments?post=16826"}],"version-history":[{"count":4,"href":"https:\/\/www.sabine-seyffert.de\/blog\/wp-json\/wp\/v2\/posts\/16826\/revisions"}],"predecessor-version":[{"id":16889,"href":"https:\/\/www.sabine-seyffert.de\/blog\/wp-json\/wp\/v2\/posts\/16826\/revisions\/16889"}],"wp:attachment":[{"href":"https:\/\/www.sabine-seyffert.de\/blog\/wp-json\/wp\/v2\/media?parent=16826"}],"wp:term":[{"taxonomy":"category","embeddable":true,"href":"https:\/\/www.sabine-seyffert.de\/blog\/wp-json\/wp\/v2\/categories?post=16826"},{"taxonomy":"post_tag","embeddable":true,"href":"https:\/\/www.sabine-seyffert.de\/blog\/wp-json\/wp\/v2\/tags?post=16826"}],"curies":[{"name":"wp","href":"https:\/\/api.w.org\/{rel}","templated":true}]}}