{"id":16790,"date":"2020-06-17T09:49:24","date_gmt":"2020-06-17T07:49:24","guid":{"rendered":"https:\/\/www.sabine-seyffert.de\/blog\/?p=16790"},"modified":"2020-06-17T09:49:24","modified_gmt":"2020-06-17T07:49:24","slug":"basteln-mit-kindern-wir-basteln-uns-den-sommer-als-bild-kinderleichtes-maritimes-upcycling","status":"publish","type":"post","link":"https:\/\/www.sabine-seyffert.de\/blog\/basteln-mit-kindern-wir-basteln-uns-den-sommer-als-bild-kinderleichtes-maritimes-upcycling\/","title":{"rendered":"Basteln mit Kindern: Wir basteln uns den Sommer als Bild \u2013 kinderleichtes, maritimes Upcycling"},"content":{"rendered":"<p style=\"text-align: justify;\"><img loading=\"lazy\" decoding=\"async\" src=\"https:\/\/vg01.met.vgwort.de\/na\/f6f43823343146ac885f69c4af71b2e4\" alt=\"\" width=\"1\" height=\"1\" \/>Wenn ich an den Sommer denke, dann kommen wir vor allen Dingen folgende Bilder in den Sinn: Strahlend blauer Himmel, kleine wei\u00dfe Sch\u00e4fchenwolken, das weite Meer auf dem unz\u00e4hlige Wellen im Sommerwind tanzen, kleine Boote am Horizont, jede Menge Strand, Muscheln, feiner Sand, Urlaub und ganz viel Zeit zum Spielen, Lachen und Spa\u00df haben.<\/p>\n<p style=\"text-align: justify;\">Und genau aus diesen Motiven, habe ich mit Kindern gemeinsam, sommerliche Upcycling Bilder als Deko f\u00fcr das Kinderzimmer gebastelt. Das ben\u00f6tigte Material hat man in jedem Haushalt zur Hand und muss daf\u00fcr nicht extra Bastelmaterial kaufen. Somit kann der sommerliche Bastelspa\u00df gleich starten. Und so haben wir die Bilder gemacht:<\/p>\n<p style=\"text-align: center;\"><a href=\"https:\/\/www.sabine-seyffert.de\/blog\/wp-content\/uploads\/2020\/06\/Bild-Upcycling-Sabine-Seyffert.de-10.jpg\"><img loading=\"lazy\" decoding=\"async\" class=\"alignnone size-full wp-image-16792\" src=\"https:\/\/www.sabine-seyffert.de\/blog\/wp-content\/uploads\/2020\/06\/Bild-Upcycling-Sabine-Seyffert.de-10.jpg\" alt=\"\" width=\"600\" height=\"800\" srcset=\"https:\/\/www.sabine-seyffert.de\/blog\/wp-content\/uploads\/2020\/06\/Bild-Upcycling-Sabine-Seyffert.de-10.jpg 600w, https:\/\/www.sabine-seyffert.de\/blog\/wp-content\/uploads\/2020\/06\/Bild-Upcycling-Sabine-Seyffert.de-10-225x300.jpg 225w\" sizes=\"auto, (max-width: 600px) 100vw, 600px\" \/><\/a><\/p>\n<p style=\"text-align: justify;\"><strong>Das wird gebraucht:<\/strong><br \/>\nPappe (bsp. ein alter Pappkarton), eine scharfe Schere, Bastelkleber (Klebestift), eine alte Tageszeitung, Wasserfarbe, Deckwei\u00df einen Zahnstocher (oder ganz d\u00fcnnen Stock) sowie optional Pastellkreide und eine alte Buchseite<\/p>\n<p style=\"text-align: center;\"><a href=\"https:\/\/www.sabine-seyffert.de\/blog\/wp-content\/uploads\/2020\/06\/Bild-Upcycling-Sabine-Seyffert.de-0.jpg\"><img loading=\"lazy\" decoding=\"async\" class=\"alignnone size-full wp-image-16793\" src=\"https:\/\/www.sabine-seyffert.de\/blog\/wp-content\/uploads\/2020\/06\/Bild-Upcycling-Sabine-Seyffert.de-0.jpg\" alt=\"\" width=\"800\" height=\"600\" srcset=\"https:\/\/www.sabine-seyffert.de\/blog\/wp-content\/uploads\/2020\/06\/Bild-Upcycling-Sabine-Seyffert.de-0.jpg 800w, https:\/\/www.sabine-seyffert.de\/blog\/wp-content\/uploads\/2020\/06\/Bild-Upcycling-Sabine-Seyffert.de-0-300x225.jpg 300w, https:\/\/www.sabine-seyffert.de\/blog\/wp-content\/uploads\/2020\/06\/Bild-Upcycling-Sabine-Seyffert.de-0-768x576.jpg 768w\" sizes=\"auto, (max-width: 800px) 100vw, 800px\" \/><\/a><\/p>\n<p style=\"text-align: justify;\"><strong>So wird\u2019s gemacht:<\/strong><br \/>\nAls erstes schneidet sich jedes Kind aus der Kartonage ein St\u00fcck f\u00fcr sein Bild. Ob rund, rechteckig oder quadratisch ist ganz egal und reine Geschmackssache.<\/p>\n<p><a href=\"https:\/\/www.sabine-seyffert.de\/blog\/wp-content\/uploads\/2020\/06\/Bild-Upcycling-Sabine-Seyffert.de-8.jpg\"><img loading=\"lazy\" decoding=\"async\" class=\"alignnone size-full wp-image-16794\" src=\"https:\/\/www.sabine-seyffert.de\/blog\/wp-content\/uploads\/2020\/06\/Bild-Upcycling-Sabine-Seyffert.de-8.jpg\" alt=\"\" width=\"800\" height=\"600\" srcset=\"https:\/\/www.sabine-seyffert.de\/blog\/wp-content\/uploads\/2020\/06\/Bild-Upcycling-Sabine-Seyffert.de-8.jpg 800w, https:\/\/www.sabine-seyffert.de\/blog\/wp-content\/uploads\/2020\/06\/Bild-Upcycling-Sabine-Seyffert.de-8-300x225.jpg 300w, https:\/\/www.sabine-seyffert.de\/blog\/wp-content\/uploads\/2020\/06\/Bild-Upcycling-Sabine-Seyffert.de-8-768x576.jpg 768w\" sizes=\"auto, (max-width: 800px) 100vw, 800px\" \/><\/a><\/p>\n<p style=\"text-align: justify;\">Dann d\u00fcrfen sich alle aus der Tageszeitung mehrere St\u00fccke mit bedrucktem Text ausschneiden (die Breite sollte der Breite der Papp Vorlage entsprechend!) und anschlie\u00dfend mit verschiedenen Blaut\u00f6nen aus dem Wasserfarbkasten bemalen.<\/p>\n<p><a href=\"https:\/\/www.sabine-seyffert.de\/blog\/wp-content\/uploads\/2020\/06\/Bild-Upcycling-Sabine-Seyffert.de-7.jpg\"><img loading=\"lazy\" decoding=\"async\" class=\"alignnone size-full wp-image-16795\" src=\"https:\/\/www.sabine-seyffert.de\/blog\/wp-content\/uploads\/2020\/06\/Bild-Upcycling-Sabine-Seyffert.de-7.jpg\" alt=\"\" width=\"800\" height=\"600\" srcset=\"https:\/\/www.sabine-seyffert.de\/blog\/wp-content\/uploads\/2020\/06\/Bild-Upcycling-Sabine-Seyffert.de-7.jpg 800w, https:\/\/www.sabine-seyffert.de\/blog\/wp-content\/uploads\/2020\/06\/Bild-Upcycling-Sabine-Seyffert.de-7-300x225.jpg 300w, https:\/\/www.sabine-seyffert.de\/blog\/wp-content\/uploads\/2020\/06\/Bild-Upcycling-Sabine-Seyffert.de-7-768x576.jpg 768w\" sizes=\"auto, (max-width: 800px) 100vw, 800px\" \/><\/a><\/p>\n<p style=\"text-align: justify;\">(Eine ganz detaillierte Bastelanleitung zu diesem selbst gemachten Bastelpapier findet ihr in <a href=\"https:\/\/www.sabine-seyffert.de\/blog\/?p=13917\" target=\"_blank\" rel=\"noopener noreferrer\">diesem Blog Artikel<\/a>.) Ebenso zwei kleinere St\u00fccke mit roter Farbe und Deckwei\u00df.<\/p>\n<p style=\"text-align: center;\"><a href=\"https:\/\/www.sabine-seyffert.de\/blog\/wp-content\/uploads\/2020\/06\/Bild-Upcycling-Sabine-Seyffert.de-4.jpg\"><img loading=\"lazy\" decoding=\"async\" class=\"alignnone size-full wp-image-16796\" src=\"https:\/\/www.sabine-seyffert.de\/blog\/wp-content\/uploads\/2020\/06\/Bild-Upcycling-Sabine-Seyffert.de-4.jpg\" alt=\"\" width=\"800\" height=\"600\" srcset=\"https:\/\/www.sabine-seyffert.de\/blog\/wp-content\/uploads\/2020\/06\/Bild-Upcycling-Sabine-Seyffert.de-4.jpg 800w, https:\/\/www.sabine-seyffert.de\/blog\/wp-content\/uploads\/2020\/06\/Bild-Upcycling-Sabine-Seyffert.de-4-300x225.jpg 300w, https:\/\/www.sabine-seyffert.de\/blog\/wp-content\/uploads\/2020\/06\/Bild-Upcycling-Sabine-Seyffert.de-4-768x576.jpg 768w\" sizes=\"auto, (max-width: 800px) 100vw, 800px\" \/><\/a><\/p>\n<p style=\"text-align: justify;\">W\u00e4hrend die Farbe trocknet, darf sich jeder aus einer alten Buchseite ein kleines Papierboot falten. Wer kein Buch zur Hand hat, kann einfach zwei mit Text bedruckte Teile Zeitung zusammenkleben und zu einem Rechteck schneiden. Damit wird das Boot zwar nicht ganz so stabil, funktioniert aber dennoch!<\/p>\n<p style=\"text-align: center;\"><a href=\"https:\/\/www.sabine-seyffert.de\/blog\/wp-content\/uploads\/2020\/06\/Bild-Upcycling-Sabine-Seyffert.de-6.jpg\"><img loading=\"lazy\" decoding=\"async\" class=\"alignnone size-full wp-image-16797\" src=\"https:\/\/www.sabine-seyffert.de\/blog\/wp-content\/uploads\/2020\/06\/Bild-Upcycling-Sabine-Seyffert.de-6.jpg\" alt=\"\" width=\"800\" height=\"600\" srcset=\"https:\/\/www.sabine-seyffert.de\/blog\/wp-content\/uploads\/2020\/06\/Bild-Upcycling-Sabine-Seyffert.de-6.jpg 800w, https:\/\/www.sabine-seyffert.de\/blog\/wp-content\/uploads\/2020\/06\/Bild-Upcycling-Sabine-Seyffert.de-6-300x225.jpg 300w, https:\/\/www.sabine-seyffert.de\/blog\/wp-content\/uploads\/2020\/06\/Bild-Upcycling-Sabine-Seyffert.de-6-768x576.jpg 768w\" sizes=\"auto, (max-width: 800px) 100vw, 800px\" \/><\/a><\/p>\n<p style=\"text-align: justify;\">Von unten schiebt man einen Zahnstocher (aus Holz) durch die Bootsmitte und kann am herausschauenden St\u00fcck oben aus dem rot bemalten Zeitungspapier eine kleine Fahne \/ Wimpel ankleben.<\/p>\n<p style=\"text-align: center;\"><a href=\"https:\/\/www.sabine-seyffert.de\/blog\/wp-content\/uploads\/2020\/06\/Bild-Upcycling-Sabine-Seyffert.de-10-1.jpg\"><img loading=\"lazy\" decoding=\"async\" class=\"alignnone size-full wp-image-16798\" src=\"https:\/\/www.sabine-seyffert.de\/blog\/wp-content\/uploads\/2020\/06\/Bild-Upcycling-Sabine-Seyffert.de-10-1.jpg\" alt=\"\" width=\"600\" height=\"800\" srcset=\"https:\/\/www.sabine-seyffert.de\/blog\/wp-content\/uploads\/2020\/06\/Bild-Upcycling-Sabine-Seyffert.de-10-1.jpg 600w, https:\/\/www.sabine-seyffert.de\/blog\/wp-content\/uploads\/2020\/06\/Bild-Upcycling-Sabine-Seyffert.de-10-1-225x300.jpg 225w\" sizes=\"auto, (max-width: 600px) 100vw, 600px\" \/><\/a><\/p>\n<p style=\"text-align: justify;\">Aus der Zeitung darf sich jedes Kind noch Buchstaben ausschneiden, um damit bsp. in eine Bildecke den Schriftzug \u201eSommer\u201c, \u201eFerien\u201c oder \u201eUrlaub\u201c aufzukleben.<\/p>\n<p style=\"text-align: justify;\"><a href=\"https:\/\/www.sabine-seyffert.de\/blog\/wp-content\/uploads\/2020\/06\/Bild-Upcycling-Sabine-Seyffert.de-5.jpg\"><img loading=\"lazy\" decoding=\"async\" class=\"alignnone size-full wp-image-16799\" src=\"https:\/\/www.sabine-seyffert.de\/blog\/wp-content\/uploads\/2020\/06\/Bild-Upcycling-Sabine-Seyffert.de-5.jpg\" alt=\"\" width=\"800\" height=\"600\" srcset=\"https:\/\/www.sabine-seyffert.de\/blog\/wp-content\/uploads\/2020\/06\/Bild-Upcycling-Sabine-Seyffert.de-5.jpg 800w, https:\/\/www.sabine-seyffert.de\/blog\/wp-content\/uploads\/2020\/06\/Bild-Upcycling-Sabine-Seyffert.de-5-300x225.jpg 300w, https:\/\/www.sabine-seyffert.de\/blog\/wp-content\/uploads\/2020\/06\/Bild-Upcycling-Sabine-Seyffert.de-5-768x576.jpg 768w\" sizes=\"auto, (max-width: 800px) 100vw, 800px\" \/><\/a><br \/>\nInzwischen sollte das Papier getrocknet sein, so dass man aus den unterschiedlichen Blaut\u00f6nen schmale Streifen als Wellen rei\u00dfen kann. Diese werden versetzt \u00fcbereinander an den unteren Rand geklebt. Auf dieses Meer klebt man das Boot und kann aus dem wei\u00df bemalten Papier noch eine Wolke und V\u00f6gel ausschneiden.<\/p>\n<p style=\"text-align: center;\"><a href=\"https:\/\/www.sabine-seyffert.de\/blog\/wp-content\/uploads\/2020\/06\/Bild-Upcycling-Sabine-Seyffert.de-3.jpg\"><img loading=\"lazy\" decoding=\"async\" class=\"alignnone size-full wp-image-16800\" src=\"https:\/\/www.sabine-seyffert.de\/blog\/wp-content\/uploads\/2020\/06\/Bild-Upcycling-Sabine-Seyffert.de-3.jpg\" alt=\"\" width=\"800\" height=\"600\" srcset=\"https:\/\/www.sabine-seyffert.de\/blog\/wp-content\/uploads\/2020\/06\/Bild-Upcycling-Sabine-Seyffert.de-3.jpg 800w, https:\/\/www.sabine-seyffert.de\/blog\/wp-content\/uploads\/2020\/06\/Bild-Upcycling-Sabine-Seyffert.de-3-300x225.jpg 300w, https:\/\/www.sabine-seyffert.de\/blog\/wp-content\/uploads\/2020\/06\/Bild-Upcycling-Sabine-Seyffert.de-3-768x576.jpg 768w\" sizes=\"auto, (max-width: 800px) 100vw, 800px\" \/><\/a><\/p>\n<p style=\"text-align: justify;\">Wer mag, darf vorab mit Pastellkreide den oberen Bildteil, wo die Pappe zu sehen ist, hellblau einf\u00e4rben und die Kreide zu diesem Zweck verwischen. Fertig ist das upcycelte Sommerbild!<\/p>\n<p style=\"text-align: center;\"><a href=\"https:\/\/www.sabine-seyffert.de\/blog\/wp-content\/uploads\/2020\/06\/Bild-Upcycling-Sabine-Seyffert.de-2.jpg\"><img loading=\"lazy\" decoding=\"async\" class=\"alignnone size-full wp-image-16801\" src=\"https:\/\/www.sabine-seyffert.de\/blog\/wp-content\/uploads\/2020\/06\/Bild-Upcycling-Sabine-Seyffert.de-2.jpg\" alt=\"\" width=\"800\" height=\"600\" srcset=\"https:\/\/www.sabine-seyffert.de\/blog\/wp-content\/uploads\/2020\/06\/Bild-Upcycling-Sabine-Seyffert.de-2.jpg 800w, https:\/\/www.sabine-seyffert.de\/blog\/wp-content\/uploads\/2020\/06\/Bild-Upcycling-Sabine-Seyffert.de-2-300x225.jpg 300w, https:\/\/www.sabine-seyffert.de\/blog\/wp-content\/uploads\/2020\/06\/Bild-Upcycling-Sabine-Seyffert.de-2-768x576.jpg 768w\" sizes=\"auto, (max-width: 800px) 100vw, 800px\" \/><\/a><\/p>\n<p style=\"text-align: justify;\"><strong>Kleiner Tipp:<\/strong> Mit diesem sommerlichen Motiv kann man auch prima <a href=\"https:\/\/www.sabine-seyffert.de\/blog\/?cat=49\" target=\"_blank\" rel=\"noopener noreferrer\">Geschenkverpackungen<\/a> oder einen <a href=\"https:\/\/www.sabine-seyffert.de\/blog\/?cat=51\" target=\"_blank\" rel=\"noopener noreferrer\">Feriengru\u00df per Post<\/a> schm\u00fccken<\/p>\n<p style=\"text-align: center;\"><a href=\"https:\/\/www.sabine-seyffert.de\/blog\/wp-content\/uploads\/2020\/06\/Bild-Upcycling-Sabine-Seyffert.de-1.jpg\"><img loading=\"lazy\" decoding=\"async\" class=\"alignnone size-full wp-image-16802\" src=\"https:\/\/www.sabine-seyffert.de\/blog\/wp-content\/uploads\/2020\/06\/Bild-Upcycling-Sabine-Seyffert.de-1.jpg\" alt=\"\" width=\"800\" height=\"600\" srcset=\"https:\/\/www.sabine-seyffert.de\/blog\/wp-content\/uploads\/2020\/06\/Bild-Upcycling-Sabine-Seyffert.de-1.jpg 800w, https:\/\/www.sabine-seyffert.de\/blog\/wp-content\/uploads\/2020\/06\/Bild-Upcycling-Sabine-Seyffert.de-1-300x225.jpg 300w, https:\/\/www.sabine-seyffert.de\/blog\/wp-content\/uploads\/2020\/06\/Bild-Upcycling-Sabine-Seyffert.de-1-768x576.jpg 768w\" sizes=\"auto, (max-width: 800px) 100vw, 800px\" \/><\/a><\/p>\n<p style=\"text-align: justify;\">Weitere Bastelanleitungen f\u00fcr Kinder findet ihr \u00fcbrigens in <a href=\"https:\/\/www.sabine-seyffert.de\/blog\/?cat=32\" target=\"_blank\" rel=\"noopener noreferrer\">dieser Blog Kategorie<\/a>, alle DIY rund um Sommer gibt es in <a href=\"https:\/\/www.sabine-seyffert.de\/blog\/?cat=24\" target=\"_blank\" rel=\"noopener noreferrer\">diesem Ordner<\/a>, alle Upcycling Ideen tummeln sich in <a href=\"https:\/\/www.sabine-seyffert.de\/blog\/?cat=47\" target=\"_blank\" rel=\"noopener noreferrer\">dieser Rubrik<\/a> und andere kreative Sachen gibt es an dieser Stelle.<\/p>\n<p style=\"text-align: center;\"><a href=\"https:\/\/www.sabine-seyffert.de\/blog\/wp-content\/uploads\/2020\/06\/Bild-Upcycling-Sabine-Seyffert.de-9.jpg\"><img loading=\"lazy\" decoding=\"async\" class=\"alignnone size-full wp-image-16803\" src=\"https:\/\/www.sabine-seyffert.de\/blog\/wp-content\/uploads\/2020\/06\/Bild-Upcycling-Sabine-Seyffert.de-9.jpg\" alt=\"\" width=\"600\" height=\"800\" srcset=\"https:\/\/www.sabine-seyffert.de\/blog\/wp-content\/uploads\/2020\/06\/Bild-Upcycling-Sabine-Seyffert.de-9.jpg 600w, https:\/\/www.sabine-seyffert.de\/blog\/wp-content\/uploads\/2020\/06\/Bild-Upcycling-Sabine-Seyffert.de-9-225x300.jpg 225w\" sizes=\"auto, (max-width: 600px) 100vw, 600px\" \/><\/a><\/p>\n<p style=\"text-align: justify;\"><a href=\"https:\/\/www.sabine-seyffert.de\/blog\/?page_id=32#urheberrecht\">urheberrechtlich gesch\u00fctzt<\/a>, \u00a9 Sabine Seyffert<\/p>\n","protected":false},"excerpt":{"rendered":"<p>Wenn ich an den Sommer denke, dann kommen wir vor allen Dingen folgende Bilder in den Sinn: Strahlend blauer Himmel, kleine wei\u00dfe Sch\u00e4fchenwolken, das weite Meer auf dem unz\u00e4hlige Wellen im Sommerwind tanzen, kleine Boote am Horizont, jede Menge Strand, Muscheln, feiner Sand, Urlaub und ganz viel Zeit zum Spielen, Lachen und Spa\u00df haben. Und&#8230; <a href=\"https:\/\/www.sabine-seyffert.de\/blog\/basteln-mit-kindern-wir-basteln-uns-den-sommer-als-bild-kinderleichtes-maritimes-upcycling\/\" class=\"more-link\">Read more: Basteln mit Kindern: Wir basteln uns den Sommer als Bild \u2013 kinderleichtes, maritimes Upcycling<\/a><\/p>\n","protected":false},"author":2,"featured_media":0,"comment_status":"open","ping_status":"open","sticky":false,"template":"","format":"standard","meta":{"_metis_text_type":"","_metis_text_length":3049,"_post_count":0,"footnotes":""},"categories":[32,51,24,47],"tags":[],"class_list":["post-16790","post","type-post","status-publish","format-standard","hentry","category-kreatives-fur-kleine-kinderhande","category-postkarten-grusskarten","category-sommer","category-upcyceltes"],"_links":{"self":[{"href":"https:\/\/www.sabine-seyffert.de\/blog\/wp-json\/wp\/v2\/posts\/16790","targetHints":{"allow":["GET"]}}],"collection":[{"href":"https:\/\/www.sabine-seyffert.de\/blog\/wp-json\/wp\/v2\/posts"}],"about":[{"href":"https:\/\/www.sabine-seyffert.de\/blog\/wp-json\/wp\/v2\/types\/post"}],"author":[{"embeddable":true,"href":"https:\/\/www.sabine-seyffert.de\/blog\/wp-json\/wp\/v2\/users\/2"}],"replies":[{"embeddable":true,"href":"https:\/\/www.sabine-seyffert.de\/blog\/wp-json\/wp\/v2\/comments?post=16790"}],"version-history":[{"count":3,"href":"https:\/\/www.sabine-seyffert.de\/blog\/wp-json\/wp\/v2\/posts\/16790\/revisions"}],"predecessor-version":[{"id":16806,"href":"https:\/\/www.sabine-seyffert.de\/blog\/wp-json\/wp\/v2\/posts\/16790\/revisions\/16806"}],"wp:attachment":[{"href":"https:\/\/www.sabine-seyffert.de\/blog\/wp-json\/wp\/v2\/media?parent=16790"}],"wp:term":[{"taxonomy":"category","embeddable":true,"href":"https:\/\/www.sabine-seyffert.de\/blog\/wp-json\/wp\/v2\/categories?post=16790"},{"taxonomy":"post_tag","embeddable":true,"href":"https:\/\/www.sabine-seyffert.de\/blog\/wp-json\/wp\/v2\/tags?post=16790"}],"curies":[{"name":"wp","href":"https:\/\/api.w.org\/{rel}","templated":true}]}}