{"id":16761,"date":"2020-06-13T10:53:53","date_gmt":"2020-06-13T08:53:53","guid":{"rendered":"https:\/\/www.sabine-seyffert.de\/blog\/?p=16761"},"modified":"2020-06-13T10:53:53","modified_gmt":"2020-06-13T08:53:53","slug":"diy-bastelidee-fuer-den-sommer-ein-eis-fuer-dich-erfrischender-sommergruss-fuer-die-post","status":"publish","type":"post","link":"https:\/\/www.sabine-seyffert.de\/blog\/diy-bastelidee-fuer-den-sommer-ein-eis-fuer-dich-erfrischender-sommergruss-fuer-die-post\/","title":{"rendered":"DIY Bastelidee f\u00fcr den Sommer: Ein Eis f\u00fcr dich \u2013 erfrischender Sommergru\u00df f\u00fcr die Post"},"content":{"rendered":"<p style=\"text-align: justify;\"><img loading=\"lazy\" decoding=\"async\" src=\"https:\/\/vg01.met.vgwort.de\/na\/c0ab61214a3e4bb39c2dc6ad8882a0ca\" alt=\"\" width=\"1\" height=\"1\" \/>Der Sommerstart steht kurz bevor und die Ferien sind auch nicht mehr weit. Daher l\u00e4ute ich jetzt einfach mal die \u201eEis\u201c Zeit ein. Denn gegen eine kalte Erfrischung an hei\u00dfen Sommertagen, wie diesen, gibt es wohl nichts einzuwenden.<br \/>\nMeine Eissorte schmilzt garantiert nicht und ist eine sch\u00f6ne Variante zu dem Eis am Stiel aus <a href=\"https:\/\/www.sabine-seyffert.de\/blog\/?p=7694\" target=\"_blank\" rel=\"noopener noreferrer\">dieser\u00a0 Bastelanleitung<\/a> und <a href=\"https:\/\/www.sabine-seyffert.de\/blog\/?p=14696\" target=\"_blank\" rel=\"noopener noreferrer\">dieser lustigen Geschenkverpackung<\/a>. Denn mit diesem selbst gemachten Eis kann man eine liebe Freundin \u00fcberraschen. Denn Postkarten kann man immer schreiben, egal ob aus dem Urlaub oder von zu Hause.<br \/>\nWer also gerne bastelt und ein paar Eish\u00f6rnchen verschicken m\u00f6chte, darf gleich ans Werk gehen!<\/p>\n<p style=\"text-align: center;\"><a href=\"https:\/\/www.sabine-seyffert.de\/blog\/wp-content\/uploads\/2020\/06\/Eish\u00f6rnchen-Post-Sabine-Seyffert.de-4.jpg\"><img loading=\"lazy\" decoding=\"async\" class=\"alignnone size-full wp-image-16762\" src=\"https:\/\/www.sabine-seyffert.de\/blog\/wp-content\/uploads\/2020\/06\/Eish\u00f6rnchen-Post-Sabine-Seyffert.de-4.jpg\" alt=\"\" width=\"800\" height=\"600\" srcset=\"https:\/\/www.sabine-seyffert.de\/blog\/wp-content\/uploads\/2020\/06\/Eish\u00f6rnchen-Post-Sabine-Seyffert.de-4.jpg 800w, https:\/\/www.sabine-seyffert.de\/blog\/wp-content\/uploads\/2020\/06\/Eish\u00f6rnchen-Post-Sabine-Seyffert.de-4-300x225.jpg 300w, https:\/\/www.sabine-seyffert.de\/blog\/wp-content\/uploads\/2020\/06\/Eish\u00f6rnchen-Post-Sabine-Seyffert.de-4-768x576.jpg 768w\" sizes=\"auto, (max-width: 800px) 100vw, 800px\" \/><\/a><\/p>\n<p style=\"text-align: justify;\"><strong>Das wird gebraucht:<\/strong><br \/>\nEine Blanko Postkarte \/ Klappkarte mit passendem Umschlag, wei\u00dfes Tonzeichenpapier (o.\u00e4.) Zahnstocher aus Holz, buntes Papier, Buchstabenstempel und ein Stempelkissen, eine Bastelschere, Kleber, etwas Wellenkarton (ersatzweise Wellpappe), einen Wasserfarbkasten, ein breiter Borstenpinsel, ein Glas mit Leitungswasser sowie eine Malunterlage<\/p>\n<p style=\"text-align: center;\"><a href=\"https:\/\/www.sabine-seyffert.de\/blog\/wp-content\/uploads\/2020\/06\/Eish\u00f6rnchen-Post-Sabine-Seyffert.de-10.jpg\"><img loading=\"lazy\" decoding=\"async\" class=\"alignnone size-full wp-image-16763\" src=\"https:\/\/www.sabine-seyffert.de\/blog\/wp-content\/uploads\/2020\/06\/Eish\u00f6rnchen-Post-Sabine-Seyffert.de-10.jpg\" alt=\"\" width=\"800\" height=\"600\" srcset=\"https:\/\/www.sabine-seyffert.de\/blog\/wp-content\/uploads\/2020\/06\/Eish\u00f6rnchen-Post-Sabine-Seyffert.de-10.jpg 800w, https:\/\/www.sabine-seyffert.de\/blog\/wp-content\/uploads\/2020\/06\/Eish\u00f6rnchen-Post-Sabine-Seyffert.de-10-300x225.jpg 300w, https:\/\/www.sabine-seyffert.de\/blog\/wp-content\/uploads\/2020\/06\/Eish\u00f6rnchen-Post-Sabine-Seyffert.de-10-768x576.jpg 768w\" sizes=\"auto, (max-width: 800px) 100vw, 800px\" \/><\/a><\/p>\n<p style=\"text-align: justify;\"><strong>So wird\u2019s gemacht:<\/strong><br \/>\nZuerst deckt man den Tisch mit einer Malunterlage oder einer alten Zeitung ab. Dann malt man mit dem Borstenpinsel bunte Felder auf das wei\u00dfe Tonpapier.<\/p>\n<p style=\"text-align: center;\"><a href=\"https:\/\/www.sabine-seyffert.de\/blog\/wp-content\/uploads\/2020\/06\/Eish\u00f6rnchen-Post-Sabine-Seyffert.de-9.jpg\"><img loading=\"lazy\" decoding=\"async\" class=\"alignnone size-full wp-image-16764\" src=\"https:\/\/www.sabine-seyffert.de\/blog\/wp-content\/uploads\/2020\/06\/Eish\u00f6rnchen-Post-Sabine-Seyffert.de-9.jpg\" alt=\"\" width=\"800\" height=\"600\" srcset=\"https:\/\/www.sabine-seyffert.de\/blog\/wp-content\/uploads\/2020\/06\/Eish\u00f6rnchen-Post-Sabine-Seyffert.de-9.jpg 800w, https:\/\/www.sabine-seyffert.de\/blog\/wp-content\/uploads\/2020\/06\/Eish\u00f6rnchen-Post-Sabine-Seyffert.de-9-300x225.jpg 300w, https:\/\/www.sabine-seyffert.de\/blog\/wp-content\/uploads\/2020\/06\/Eish\u00f6rnchen-Post-Sabine-Seyffert.de-9-768x576.jpg 768w\" sizes=\"auto, (max-width: 800px) 100vw, 800px\" \/><\/a><\/p>\n<p style=\"text-align: justify;\">W\u00e4hrend die Farbe trocknet kann man die restlichen Sachen f\u00fcr die Gru\u00dfkarte vorbereiten.<\/p>\n<p style=\"text-align: center;\"><a href=\"https:\/\/www.sabine-seyffert.de\/blog\/wp-content\/uploads\/2020\/06\/Eish\u00f6rnchen-Post-Sabine-Seyffert.de-8.jpg\"><img loading=\"lazy\" decoding=\"async\" class=\"alignnone size-full wp-image-16765\" src=\"https:\/\/www.sabine-seyffert.de\/blog\/wp-content\/uploads\/2020\/06\/Eish\u00f6rnchen-Post-Sabine-Seyffert.de-8.jpg\" alt=\"\" width=\"800\" height=\"600\" srcset=\"https:\/\/www.sabine-seyffert.de\/blog\/wp-content\/uploads\/2020\/06\/Eish\u00f6rnchen-Post-Sabine-Seyffert.de-8.jpg 800w, https:\/\/www.sabine-seyffert.de\/blog\/wp-content\/uploads\/2020\/06\/Eish\u00f6rnchen-Post-Sabine-Seyffert.de-8-300x225.jpg 300w, https:\/\/www.sabine-seyffert.de\/blog\/wp-content\/uploads\/2020\/06\/Eish\u00f6rnchen-Post-Sabine-Seyffert.de-8-768x576.jpg 768w\" sizes=\"auto, (max-width: 800px) 100vw, 800px\" \/><\/a><\/p>\n<p style=\"text-align: justify;\">Auf etwas buntes Papier stempelt man den Schriftzug EIS und schneidet daraus einen kleinen Wimpel. Den klebt man um einen Zahnstocher.<\/p>\n<p style=\"text-align: center;\"><a href=\"https:\/\/www.sabine-seyffert.de\/blog\/wp-content\/uploads\/2020\/06\/Eish\u00f6rnchen-Post-Sabine-Seyffert.de-7.jpg\"><img loading=\"lazy\" decoding=\"async\" class=\"alignnone size-full wp-image-16766\" src=\"https:\/\/www.sabine-seyffert.de\/blog\/wp-content\/uploads\/2020\/06\/Eish\u00f6rnchen-Post-Sabine-Seyffert.de-7.jpg\" alt=\"\" width=\"800\" height=\"600\" srcset=\"https:\/\/www.sabine-seyffert.de\/blog\/wp-content\/uploads\/2020\/06\/Eish\u00f6rnchen-Post-Sabine-Seyffert.de-7.jpg 800w, https:\/\/www.sabine-seyffert.de\/blog\/wp-content\/uploads\/2020\/06\/Eish\u00f6rnchen-Post-Sabine-Seyffert.de-7-300x225.jpg 300w, https:\/\/www.sabine-seyffert.de\/blog\/wp-content\/uploads\/2020\/06\/Eish\u00f6rnchen-Post-Sabine-Seyffert.de-7-768x576.jpg 768w\" sizes=\"auto, (max-width: 800px) 100vw, 800px\" \/><\/a><\/p>\n<p style=\"text-align: justify;\">Aus dem Wellenkarton schneidet man ein Eish\u00f6rnchen, wer mag kann sich dieses auf der R\u00fcckseite mit Bleistift vorzeichnen. Au\u00dferdem kann man mit Buchstabenstempeln noch einen kleinen Sommergru\u00df an den Kartenrand stempeln.<\/p>\n<p style=\"text-align: center;\"><a href=\"https:\/\/www.sabine-seyffert.de\/blog\/wp-content\/uploads\/2020\/06\/Eish\u00f6rnchen-Post-Sabine-Seyffert.de-5.jpg\"><img loading=\"lazy\" decoding=\"async\" class=\"alignnone size-full wp-image-16767\" src=\"https:\/\/www.sabine-seyffert.de\/blog\/wp-content\/uploads\/2020\/06\/Eish\u00f6rnchen-Post-Sabine-Seyffert.de-5.jpg\" alt=\"\" width=\"800\" height=\"600\" srcset=\"https:\/\/www.sabine-seyffert.de\/blog\/wp-content\/uploads\/2020\/06\/Eish\u00f6rnchen-Post-Sabine-Seyffert.de-5.jpg 800w, https:\/\/www.sabine-seyffert.de\/blog\/wp-content\/uploads\/2020\/06\/Eish\u00f6rnchen-Post-Sabine-Seyffert.de-5-300x225.jpg 300w, https:\/\/www.sabine-seyffert.de\/blog\/wp-content\/uploads\/2020\/06\/Eish\u00f6rnchen-Post-Sabine-Seyffert.de-5-768x576.jpg 768w\" sizes=\"auto, (max-width: 800px) 100vw, 800px\" \/><\/a><\/p>\n<p style=\"text-align: justify;\">Wenn die Wasserfarbe trocken ist stanzt oder schneidet man runde Eiskugel aus. Dann klebt man das Eish\u00f6rnchen auf die Karte und die bemalten Eiskugeln dar\u00fcber. Dazwischen steckt man noch das Eis-F\u00e4hnchen.<\/p>\n<p style=\"text-align: center;\"><a href=\"https:\/\/www.sabine-seyffert.de\/blog\/wp-content\/uploads\/2020\/06\/Eish\u00f6rnchen-Post-Sabine-Seyffert.de-6.jpg\"><img loading=\"lazy\" decoding=\"async\" class=\"alignnone size-full wp-image-16768\" src=\"https:\/\/www.sabine-seyffert.de\/blog\/wp-content\/uploads\/2020\/06\/Eish\u00f6rnchen-Post-Sabine-Seyffert.de-6.jpg\" alt=\"\" width=\"800\" height=\"600\" srcset=\"https:\/\/www.sabine-seyffert.de\/blog\/wp-content\/uploads\/2020\/06\/Eish\u00f6rnchen-Post-Sabine-Seyffert.de-6.jpg 800w, https:\/\/www.sabine-seyffert.de\/blog\/wp-content\/uploads\/2020\/06\/Eish\u00f6rnchen-Post-Sabine-Seyffert.de-6-300x225.jpg 300w, https:\/\/www.sabine-seyffert.de\/blog\/wp-content\/uploads\/2020\/06\/Eish\u00f6rnchen-Post-Sabine-Seyffert.de-6-768x576.jpg 768w\" sizes=\"auto, (max-width: 800px) 100vw, 800px\" \/><\/a><\/p>\n<p style=\"text-align: justify;\">So eine tolle Sommerkarte gibt es garantiert nicht zu kaufen \ud83d\ude09<\/p>\n<p style=\"text-align: center;\"><a href=\"https:\/\/www.sabine-seyffert.de\/blog\/wp-content\/uploads\/2020\/06\/Eish\u00f6rnchen-Post-Sabine-Seyffert.de-3.jpg\"><img loading=\"lazy\" decoding=\"async\" class=\"alignnone size-full wp-image-16769\" src=\"https:\/\/www.sabine-seyffert.de\/blog\/wp-content\/uploads\/2020\/06\/Eish\u00f6rnchen-Post-Sabine-Seyffert.de-3.jpg\" alt=\"\" width=\"800\" height=\"600\" srcset=\"https:\/\/www.sabine-seyffert.de\/blog\/wp-content\/uploads\/2020\/06\/Eish\u00f6rnchen-Post-Sabine-Seyffert.de-3.jpg 800w, https:\/\/www.sabine-seyffert.de\/blog\/wp-content\/uploads\/2020\/06\/Eish\u00f6rnchen-Post-Sabine-Seyffert.de-3-300x225.jpg 300w, https:\/\/www.sabine-seyffert.de\/blog\/wp-content\/uploads\/2020\/06\/Eish\u00f6rnchen-Post-Sabine-Seyffert.de-3-768x576.jpg 768w\" sizes=\"auto, (max-width: 800px) 100vw, 800px\" \/><\/a><\/p>\n<p>Schaut mal, dies ist noch eine pfiffige Bastelvariante mit <a href=\"https:\/\/www.sabine-seyffert.de\/blog\/?p=12939\" target=\"_blank\" rel=\"noopener noreferrer\">k\u00fchlen Eish\u00f6rnchen<\/a> aus B\u00fcgelperlen<\/p>\n<p style=\"text-align: center;\"><a href=\"https:\/\/www.sabine-seyffert.de\/blog\/wp-content\/uploads\/2020\/06\/Eish\u00f6rnchen-Post-Sabine-Seyffert.de-2.jpg\"><img loading=\"lazy\" decoding=\"async\" class=\"alignnone size-full wp-image-16770\" src=\"https:\/\/www.sabine-seyffert.de\/blog\/wp-content\/uploads\/2020\/06\/Eish\u00f6rnchen-Post-Sabine-Seyffert.de-2.jpg\" alt=\"\" width=\"800\" height=\"600\" srcset=\"https:\/\/www.sabine-seyffert.de\/blog\/wp-content\/uploads\/2020\/06\/Eish\u00f6rnchen-Post-Sabine-Seyffert.de-2.jpg 800w, https:\/\/www.sabine-seyffert.de\/blog\/wp-content\/uploads\/2020\/06\/Eish\u00f6rnchen-Post-Sabine-Seyffert.de-2-300x225.jpg 300w, https:\/\/www.sabine-seyffert.de\/blog\/wp-content\/uploads\/2020\/06\/Eish\u00f6rnchen-Post-Sabine-Seyffert.de-2-768x576.jpg 768w\" sizes=\"auto, (max-width: 800px) 100vw, 800px\" \/><\/a><\/p>\n<p style=\"text-align: justify;\">Weitere Bastelanleitungen f\u00fcr Kinder findet ihr \u00fcbrigens in <a href=\"https:\/\/www.sabine-seyffert.de\/blog\/?cat=32\" target=\"_blank\" rel=\"noopener noreferrer\">dieser Blog Kategorie<\/a>, alle DIY rund um den Sommer gibt es in <a href=\"https:\/\/www.sabine-seyffert.de\/blog\/?cat=24\" target=\"_blank\" rel=\"noopener noreferrer\">diesem Ordner<\/a>, tolle Ausflugstipps f\u00fcr die Ferienzeit in <a href=\"https:\/\/www.sabine-seyffert.de\/blog\/?cat=39\" target=\"_blank\" rel=\"noopener noreferrer\">dieser Rubrik<\/a> und andere kreative Sachen gibt es da und auch an dieser Stelle.<\/p>\n<p style=\"text-align: center;\"><a href=\"https:\/\/www.sabine-seyffert.de\/blog\/wp-content\/uploads\/2020\/06\/Eish\u00f6rnchen-Post-Sabine-Seyffert.de-1.jpg\"><img loading=\"lazy\" decoding=\"async\" class=\"alignnone size-full wp-image-16771\" src=\"https:\/\/www.sabine-seyffert.de\/blog\/wp-content\/uploads\/2020\/06\/Eish\u00f6rnchen-Post-Sabine-Seyffert.de-1.jpg\" alt=\"\" width=\"800\" height=\"600\" srcset=\"https:\/\/www.sabine-seyffert.de\/blog\/wp-content\/uploads\/2020\/06\/Eish\u00f6rnchen-Post-Sabine-Seyffert.de-1.jpg 800w, https:\/\/www.sabine-seyffert.de\/blog\/wp-content\/uploads\/2020\/06\/Eish\u00f6rnchen-Post-Sabine-Seyffert.de-1-300x225.jpg 300w, https:\/\/www.sabine-seyffert.de\/blog\/wp-content\/uploads\/2020\/06\/Eish\u00f6rnchen-Post-Sabine-Seyffert.de-1-768x576.jpg 768w\" sizes=\"auto, (max-width: 800px) 100vw, 800px\" \/><\/a><\/p>\n<p style=\"text-align: justify;\"><a href=\"https:\/\/www.sabine-seyffert.de\/blog\/?page_id=32#urheberrecht\">urheberrechtlich gesch\u00fctzt<\/a>, \u00a9 Sabine Seyffert<\/p>\n","protected":false},"excerpt":{"rendered":"<p>Der Sommerstart steht kurz bevor und die Ferien sind auch nicht mehr weit. Daher l\u00e4ute ich jetzt einfach mal die \u201eEis\u201c Zeit ein. Denn gegen eine kalte Erfrischung an hei\u00dfen Sommertagen, wie diesen, gibt es wohl nichts einzuwenden. Meine Eissorte schmilzt garantiert nicht und ist eine sch\u00f6ne Variante zu dem Eis am Stiel aus dieser\u00a0&#8230; <a href=\"https:\/\/www.sabine-seyffert.de\/blog\/diy-bastelidee-fuer-den-sommer-ein-eis-fuer-dich-erfrischender-sommergruss-fuer-die-post\/\" class=\"more-link\">Read more: DIY Bastelidee f\u00fcr den Sommer: Ein Eis f\u00fcr dich \u2013 erfrischender Sommergru\u00df f\u00fcr die Post<\/a><\/p>\n","protected":false},"author":2,"featured_media":0,"comment_status":"open","ping_status":"open","sticky":false,"template":"","format":"standard","meta":{"_metis_text_type":"","_metis_text_length":2292,"_post_count":0,"footnotes":""},"categories":[32,51,24],"tags":[],"class_list":["post-16761","post","type-post","status-publish","format-standard","hentry","category-kreatives-fur-kleine-kinderhande","category-postkarten-grusskarten","category-sommer"],"_links":{"self":[{"href":"https:\/\/www.sabine-seyffert.de\/blog\/wp-json\/wp\/v2\/posts\/16761","targetHints":{"allow":["GET"]}}],"collection":[{"href":"https:\/\/www.sabine-seyffert.de\/blog\/wp-json\/wp\/v2\/posts"}],"about":[{"href":"https:\/\/www.sabine-seyffert.de\/blog\/wp-json\/wp\/v2\/types\/post"}],"author":[{"embeddable":true,"href":"https:\/\/www.sabine-seyffert.de\/blog\/wp-json\/wp\/v2\/users\/2"}],"replies":[{"embeddable":true,"href":"https:\/\/www.sabine-seyffert.de\/blog\/wp-json\/wp\/v2\/comments?post=16761"}],"version-history":[{"count":2,"href":"https:\/\/www.sabine-seyffert.de\/blog\/wp-json\/wp\/v2\/posts\/16761\/revisions"}],"predecessor-version":[{"id":16773,"href":"https:\/\/www.sabine-seyffert.de\/blog\/wp-json\/wp\/v2\/posts\/16761\/revisions\/16773"}],"wp:attachment":[{"href":"https:\/\/www.sabine-seyffert.de\/blog\/wp-json\/wp\/v2\/media?parent=16761"}],"wp:term":[{"taxonomy":"category","embeddable":true,"href":"https:\/\/www.sabine-seyffert.de\/blog\/wp-json\/wp\/v2\/categories?post=16761"},{"taxonomy":"post_tag","embeddable":true,"href":"https:\/\/www.sabine-seyffert.de\/blog\/wp-json\/wp\/v2\/tags?post=16761"}],"curies":[{"name":"wp","href":"https:\/\/api.w.org\/{rel}","templated":true}]}}