{"id":16744,"date":"2020-06-10T06:30:28","date_gmt":"2020-06-10T04:30:28","guid":{"rendered":"https:\/\/www.sabine-seyffert.de\/blog\/?p=16744"},"modified":"2020-06-16T06:21:40","modified_gmt":"2020-06-16T04:21:40","slug":"diy-bastelidee-selbst-gemachtes-etikett-mit-upcycling-erdbeeren-fuer-geschenke-marmelade-als-anhaenger","status":"publish","type":"post","link":"https:\/\/www.sabine-seyffert.de\/blog\/diy-bastelidee-selbst-gemachtes-etikett-mit-upcycling-erdbeeren-fuer-geschenke-marmelade-als-anhaenger\/","title":{"rendered":"DIY Bastelidee: Selbst gemachtes Etikett mit Upcycling Erdbeeren f\u00fcr Geschenke, Marmelade &#038; als Anh\u00e4nger"},"content":{"rendered":"<p style=\"text-align: justify;\"><img loading=\"lazy\" decoding=\"async\" src=\"https:\/\/vg01.met.vgwort.de\/na\/4c67930062f4480a97e3ea528bb13191\" alt=\"\" width=\"1\" height=\"1\" \/>Heute habe ich mal wieder eine kleine DIY Idee f\u00fcr die \u201eGro\u00dfen\u201c unter euch. Wobei sich diese Geschenkanh\u00e4nger nat\u00fcrlich bei Bedarf auch mit Kindern basteln und anfertigen lassen. In dem Fall solltet ihr die Anh\u00e4nger nur deutlich \u201egr\u00f6\u00dfer\u201c gestalten. In meinem Fall sind die gebastelten Erdbeeren sehr klein, dass w\u00fcrde Kinder vom K\u00f6nnen her sicher etwas \u00fcberfordern.<br \/>\nAlso, habt ihr Lust auf eine sommerliche Bastelei und ein paar dekorative Tags, mit denen ihr kleine Mitbringsel oder selbst gekochte <a href=\"https:\/\/www.sabine-seyffert.de\/blog\/?s=erdbeermarmelade\" target=\"_blank\" rel=\"noopener noreferrer\">Erdbeermarmelade<\/a> schm\u00fccken und dekorieren k\u00f6nnt? Dann los!<\/p>\n<p style=\"text-align: center;\"><a href=\"https:\/\/www.sabine-seyffert.de\/blog\/wp-content\/uploads\/2020\/06\/Erdbeer-Label-Sabine-Seyffert.de-7.jpg\"><img loading=\"lazy\" decoding=\"async\" class=\"alignnone size-full wp-image-16745\" src=\"https:\/\/www.sabine-seyffert.de\/blog\/wp-content\/uploads\/2020\/06\/Erdbeer-Label-Sabine-Seyffert.de-7.jpg\" alt=\"\" width=\"800\" height=\"600\" srcset=\"https:\/\/www.sabine-seyffert.de\/blog\/wp-content\/uploads\/2020\/06\/Erdbeer-Label-Sabine-Seyffert.de-7.jpg 800w, https:\/\/www.sabine-seyffert.de\/blog\/wp-content\/uploads\/2020\/06\/Erdbeer-Label-Sabine-Seyffert.de-7-300x225.jpg 300w, https:\/\/www.sabine-seyffert.de\/blog\/wp-content\/uploads\/2020\/06\/Erdbeer-Label-Sabine-Seyffert.de-7-768x576.jpg 768w\" sizes=\"auto, (max-width: 800px) 100vw, 800px\" \/><\/a><\/p>\n<p style=\"text-align: justify;\"><strong>Das wird gebraucht:<\/strong><br \/>\nKraftpapier oder d\u00fcnne Pappe, ggf. einen Bleistift oder einen Motivlocher \u201eEtikett\u201c, eine Bastelschere, einen Wasserfarbkasten, gelbe Acrylfarbe \/ Bastelfarbe, Pinsel, eine alte Tageszeitung, einen Zahnstocher, Bastelkleber \/ Klebestift, Kordeln sowie optional eine Malunterlage oder abwaschbare Tischdecke<\/p>\n<p style=\"text-align: center;\"><a href=\"https:\/\/www.sabine-seyffert.de\/blog\/wp-content\/uploads\/2020\/06\/Erdbeer-Label-Sabine-Seyffert.de-3.jpg\"><img loading=\"lazy\" decoding=\"async\" class=\"alignnone size-full wp-image-16746\" src=\"https:\/\/www.sabine-seyffert.de\/blog\/wp-content\/uploads\/2020\/06\/Erdbeer-Label-Sabine-Seyffert.de-3.jpg\" alt=\"\" width=\"800\" height=\"600\" srcset=\"https:\/\/www.sabine-seyffert.de\/blog\/wp-content\/uploads\/2020\/06\/Erdbeer-Label-Sabine-Seyffert.de-3.jpg 800w, https:\/\/www.sabine-seyffert.de\/blog\/wp-content\/uploads\/2020\/06\/Erdbeer-Label-Sabine-Seyffert.de-3-300x225.jpg 300w, https:\/\/www.sabine-seyffert.de\/blog\/wp-content\/uploads\/2020\/06\/Erdbeer-Label-Sabine-Seyffert.de-3-768x576.jpg 768w\" sizes=\"auto, (max-width: 800px) 100vw, 800px\" \/><\/a><\/p>\n<p style=\"text-align: justify;\"><strong>So wird\u2019s gemacht:<\/strong><br \/>\nDeckt den Tisch ab und schneidet euch aus einer altes Tageszeitung ein paar mit reinem Text bedruckte Teile aus, die ihr anschlie\u00dfend nach <a href=\"https:\/\/www.sabine-seyffert.de\/blog\/?p=13917\" target=\"_blank\" rel=\"noopener noreferrer\">dieser Bastelanleitung<\/a> mit roter und gr\u00fcner Wasserfarbe \u00fcbermalen k\u00f6nnt.<\/p>\n<p style=\"text-align: center;\"><a href=\"https:\/\/www.sabine-seyffert.de\/blog\/wp-content\/uploads\/2020\/06\/Erdbeer-Label-Sabine-Seyffert.de-4.jpg\"><img loading=\"lazy\" decoding=\"async\" class=\"alignnone size-full wp-image-16747\" src=\"https:\/\/www.sabine-seyffert.de\/blog\/wp-content\/uploads\/2020\/06\/Erdbeer-Label-Sabine-Seyffert.de-4.jpg\" alt=\"\" width=\"800\" height=\"600\" srcset=\"https:\/\/www.sabine-seyffert.de\/blog\/wp-content\/uploads\/2020\/06\/Erdbeer-Label-Sabine-Seyffert.de-4.jpg 800w, https:\/\/www.sabine-seyffert.de\/blog\/wp-content\/uploads\/2020\/06\/Erdbeer-Label-Sabine-Seyffert.de-4-300x225.jpg 300w, https:\/\/www.sabine-seyffert.de\/blog\/wp-content\/uploads\/2020\/06\/Erdbeer-Label-Sabine-Seyffert.de-4-768x576.jpg 768w\" sizes=\"auto, (max-width: 800px) 100vw, 800px\" \/><\/a><\/p>\n<p style=\"text-align: justify;\">W\u00e4hrend das Zeitungspapier samt Farbschicht kurz trocknet, bereitet ihr die Etiketten vor. Am schnellsten und einfachsten geht dies nat\u00fcrlich mit Hilfe eines Motivstanzers. Aber man kann sich die Anh\u00e4nger auch ganz einfach, wie <a href=\"https:\/\/www.sabine-seyffert.de\/blog\/?p=16621\" target=\"_blank\" rel=\"noopener noreferrer\">diese<\/a>, aus Pappe zuschneiden. Entweder frei Hand oder mit Lineal und Bleistift vorzeichnen.<\/p>\n<p style=\"text-align: center;\"><a href=\"https:\/\/www.sabine-seyffert.de\/blog\/wp-content\/uploads\/2020\/06\/Erdbeer-Label-Sabine-Seyffert.de-2.jpg\"><img loading=\"lazy\" decoding=\"async\" class=\"alignnone size-full wp-image-16748\" src=\"https:\/\/www.sabine-seyffert.de\/blog\/wp-content\/uploads\/2020\/06\/Erdbeer-Label-Sabine-Seyffert.de-2.jpg\" alt=\"\" width=\"800\" height=\"600\" srcset=\"https:\/\/www.sabine-seyffert.de\/blog\/wp-content\/uploads\/2020\/06\/Erdbeer-Label-Sabine-Seyffert.de-2.jpg 800w, https:\/\/www.sabine-seyffert.de\/blog\/wp-content\/uploads\/2020\/06\/Erdbeer-Label-Sabine-Seyffert.de-2-300x225.jpg 300w, https:\/\/www.sabine-seyffert.de\/blog\/wp-content\/uploads\/2020\/06\/Erdbeer-Label-Sabine-Seyffert.de-2-768x576.jpg 768w\" sizes=\"auto, (max-width: 800px) 100vw, 800px\" \/><\/a><\/p>\n<p style=\"text-align: justify;\">Die vorbereiteten Etiketten werden im Anschluss mit kleinen oder gro\u00dfen Erdbeeren verziert. Dazu schneidet man sich aus dem roten Zeitungspapier die ben\u00f6tigten Beeren aus und passend dazu etwas \u201egr\u00fcn\u201c aus dem gr\u00fcn bemalten Papier.<\/p>\n<p style=\"text-align: center;\"><a href=\"https:\/\/www.sabine-seyffert.de\/blog\/wp-content\/uploads\/2020\/06\/Erdbeer-Label-Sabine-Seyffert.de-1.jpg\"><img loading=\"lazy\" decoding=\"async\" class=\"alignnone size-full wp-image-16749\" src=\"https:\/\/www.sabine-seyffert.de\/blog\/wp-content\/uploads\/2020\/06\/Erdbeer-Label-Sabine-Seyffert.de-1.jpg\" alt=\"\" width=\"800\" height=\"600\" srcset=\"https:\/\/www.sabine-seyffert.de\/blog\/wp-content\/uploads\/2020\/06\/Erdbeer-Label-Sabine-Seyffert.de-1.jpg 800w, https:\/\/www.sabine-seyffert.de\/blog\/wp-content\/uploads\/2020\/06\/Erdbeer-Label-Sabine-Seyffert.de-1-300x225.jpg 300w, https:\/\/www.sabine-seyffert.de\/blog\/wp-content\/uploads\/2020\/06\/Erdbeer-Label-Sabine-Seyffert.de-1-768x576.jpg 768w\" sizes=\"auto, (max-width: 800px) 100vw, 800px\" \/><\/a><\/p>\n<p style=\"text-align: justify;\">Die Erdbeeren klebt ihr jeweils aus den beiden Teilen als Ganzes zusammen. Anschlie\u00dfend bekommen die Fr\u00fcchte noch das f\u00fcr sie typische P\u00fcnktchenmuster.<\/p>\n<p style=\"text-align: center;\"><a href=\"https:\/\/www.sabine-seyffert.de\/blog\/wp-content\/uploads\/2020\/06\/Erdbeer-Label-Sabine-Seyffert.de-6.jpg\"><img loading=\"lazy\" decoding=\"async\" class=\"alignnone size-full wp-image-16750\" src=\"https:\/\/www.sabine-seyffert.de\/blog\/wp-content\/uploads\/2020\/06\/Erdbeer-Label-Sabine-Seyffert.de-6.jpg\" alt=\"\" width=\"800\" height=\"600\" srcset=\"https:\/\/www.sabine-seyffert.de\/blog\/wp-content\/uploads\/2020\/06\/Erdbeer-Label-Sabine-Seyffert.de-6.jpg 800w, https:\/\/www.sabine-seyffert.de\/blog\/wp-content\/uploads\/2020\/06\/Erdbeer-Label-Sabine-Seyffert.de-6-300x225.jpg 300w, https:\/\/www.sabine-seyffert.de\/blog\/wp-content\/uploads\/2020\/06\/Erdbeer-Label-Sabine-Seyffert.de-6-768x576.jpg 768w\" sizes=\"auto, (max-width: 800px) 100vw, 800px\" \/><\/a><\/p>\n<p style=\"text-align: justify;\">Das kann man entweder mit einem wirklich d\u00fcnnen Pinsel auftupfen. Noch einfacher geht es mit einem Zahnstocher, den man in gelbe Farbe tunkt und damit die Mini Punkte stempelt.<\/p>\n<p style=\"text-align: center;\"><a href=\"https:\/\/www.sabine-seyffert.de\/blog\/wp-content\/uploads\/2020\/06\/Erdbeer-Label-Sabine-Seyffert.de-12.jpg\"><img loading=\"lazy\" decoding=\"async\" class=\"alignnone size-full wp-image-16751\" src=\"https:\/\/www.sabine-seyffert.de\/blog\/wp-content\/uploads\/2020\/06\/Erdbeer-Label-Sabine-Seyffert.de-12.jpg\" alt=\"\" width=\"800\" height=\"600\" srcset=\"https:\/\/www.sabine-seyffert.de\/blog\/wp-content\/uploads\/2020\/06\/Erdbeer-Label-Sabine-Seyffert.de-12.jpg 800w, https:\/\/www.sabine-seyffert.de\/blog\/wp-content\/uploads\/2020\/06\/Erdbeer-Label-Sabine-Seyffert.de-12-300x225.jpg 300w, https:\/\/www.sabine-seyffert.de\/blog\/wp-content\/uploads\/2020\/06\/Erdbeer-Label-Sabine-Seyffert.de-12-768x576.jpg 768w\" sizes=\"auto, (max-width: 800px) 100vw, 800px\" \/><\/a><\/p>\n<p style=\"text-align: justify;\">Mit Hilfe von Kordel oder Geschenkband lassen sich die selbst gemachten Anh\u00e4nger nun um Marmeladengl\u00e4ser, Geschenke oder Mitbringsel binden und befestigen.<\/p>\n<p style=\"text-align: center;\"><a href=\"https:\/\/www.sabine-seyffert.de\/blog\/wp-content\/uploads\/2020\/06\/Erdbeer-Label-Sabine-Seyffert.de-10.jpg\"><img loading=\"lazy\" decoding=\"async\" class=\"alignnone size-full wp-image-16752\" src=\"https:\/\/www.sabine-seyffert.de\/blog\/wp-content\/uploads\/2020\/06\/Erdbeer-Label-Sabine-Seyffert.de-10.jpg\" alt=\"\" width=\"600\" height=\"800\" srcset=\"https:\/\/www.sabine-seyffert.de\/blog\/wp-content\/uploads\/2020\/06\/Erdbeer-Label-Sabine-Seyffert.de-10.jpg 600w, https:\/\/www.sabine-seyffert.de\/blog\/wp-content\/uploads\/2020\/06\/Erdbeer-Label-Sabine-Seyffert.de-10-225x300.jpg 225w\" sizes=\"auto, (max-width: 600px) 100vw, 600px\" \/><\/a><\/p>\n<p style=\"text-align: justify;\">Weitere DIY Geschenkideen findet ihr \u00fcbrigens in <a href=\"https:\/\/www.sabine-seyffert.de\/blog\/?cat=36\" target=\"_blank\" rel=\"noopener noreferrer\">dieser Blog Kategorie<\/a>, selbst gemachte Geschenkverpackungen f\u00fcr unterschiedliche Anl\u00e4sse gibt es in <a href=\"https:\/\/www.sabine-seyffert.de\/blog\/?cat=49\" target=\"_blank\" rel=\"noopener noreferrer\">dieser Rubrik<\/a>, alles zum Thema Upcycling <a href=\"https:\/\/www.sabine-seyffert.de\/blog\/?cat=47\" target=\"_blank\" rel=\"noopener noreferrer\">hier<\/a>, alle Ideen rund um die Sommerzeit sind in <a href=\"https:\/\/www.sabine-seyffert.de\/blog\/?cat=24\" target=\"_blank\" rel=\"noopener noreferrer\">diesem Blog Ordner<\/a> und andere kreative Sachen <a href=\"https:\/\/www.creadienstag.de\/2020\/06\/linkparty-422.html\" target=\"_blank\" rel=\"noopener nofollow noreferrer\">da<\/a>.<\/p>\n<p style=\"text-align: center;\"><a href=\"https:\/\/www.sabine-seyffert.de\/blog\/wp-content\/uploads\/2020\/06\/Erdbeer-Label-Sabine-Seyffert.de-11.jpg\"><img loading=\"lazy\" decoding=\"async\" class=\"alignnone size-full wp-image-16753\" src=\"https:\/\/www.sabine-seyffert.de\/blog\/wp-content\/uploads\/2020\/06\/Erdbeer-Label-Sabine-Seyffert.de-11.jpg\" alt=\"\" width=\"600\" height=\"800\" srcset=\"https:\/\/www.sabine-seyffert.de\/blog\/wp-content\/uploads\/2020\/06\/Erdbeer-Label-Sabine-Seyffert.de-11.jpg 600w, https:\/\/www.sabine-seyffert.de\/blog\/wp-content\/uploads\/2020\/06\/Erdbeer-Label-Sabine-Seyffert.de-11-225x300.jpg 225w\" sizes=\"auto, (max-width: 600px) 100vw, 600px\" \/><\/a><\/p>\n<p style=\"text-align: justify;\"><a href=\"https:\/\/www.sabine-seyffert.de\/blog\/?page_id=32#urheberrecht\">urheberrechtlich gesch\u00fctzt<\/a>, \u00a9 Sabine Seyffert<\/p>\n","protected":false},"excerpt":{"rendered":"<p>Heute habe ich mal wieder eine kleine DIY Idee f\u00fcr die \u201eGro\u00dfen\u201c unter euch. Wobei sich diese Geschenkanh\u00e4nger nat\u00fcrlich bei Bedarf auch mit Kindern basteln und anfertigen lassen. In dem Fall solltet ihr die Anh\u00e4nger nur deutlich \u201egr\u00f6\u00dfer\u201c gestalten. In meinem Fall sind die gebastelten Erdbeeren sehr klein, dass w\u00fcrde Kinder vom K\u00f6nnen her sicher&#8230; <a href=\"https:\/\/www.sabine-seyffert.de\/blog\/diy-bastelidee-selbst-gemachtes-etikett-mit-upcycling-erdbeeren-fuer-geschenke-marmelade-als-anhaenger\/\" class=\"more-link\">Read more: DIY Bastelidee: Selbst gemachtes Etikett mit Upcycling Erdbeeren f\u00fcr Geschenke, Marmelade &#038; als Anh\u00e4nger<\/a><\/p>\n","protected":false},"author":2,"featured_media":0,"comment_status":"open","ping_status":"open","sticky":false,"template":"","format":"standard","meta":{"_metis_text_type":"","_metis_text_length":2486,"_post_count":0,"footnotes":""},"categories":[36,49,24,47],"tags":[],"class_list":["post-16744","post","type-post","status-publish","format-standard","hentry","category-klitzekleine-geschenkideen","category-verpackungsideen","category-sommer","category-upcyceltes"],"_links":{"self":[{"href":"https:\/\/www.sabine-seyffert.de\/blog\/wp-json\/wp\/v2\/posts\/16744","targetHints":{"allow":["GET"]}}],"collection":[{"href":"https:\/\/www.sabine-seyffert.de\/blog\/wp-json\/wp\/v2\/posts"}],"about":[{"href":"https:\/\/www.sabine-seyffert.de\/blog\/wp-json\/wp\/v2\/types\/post"}],"author":[{"embeddable":true,"href":"https:\/\/www.sabine-seyffert.de\/blog\/wp-json\/wp\/v2\/users\/2"}],"replies":[{"embeddable":true,"href":"https:\/\/www.sabine-seyffert.de\/blog\/wp-json\/wp\/v2\/comments?post=16744"}],"version-history":[{"count":4,"href":"https:\/\/www.sabine-seyffert.de\/blog\/wp-json\/wp\/v2\/posts\/16744\/revisions"}],"predecessor-version":[{"id":16789,"href":"https:\/\/www.sabine-seyffert.de\/blog\/wp-json\/wp\/v2\/posts\/16744\/revisions\/16789"}],"wp:attachment":[{"href":"https:\/\/www.sabine-seyffert.de\/blog\/wp-json\/wp\/v2\/media?parent=16744"}],"wp:term":[{"taxonomy":"category","embeddable":true,"href":"https:\/\/www.sabine-seyffert.de\/blog\/wp-json\/wp\/v2\/categories?post=16744"},{"taxonomy":"post_tag","embeddable":true,"href":"https:\/\/www.sabine-seyffert.de\/blog\/wp-json\/wp\/v2\/tags?post=16744"}],"curies":[{"name":"wp","href":"https:\/\/api.w.org\/{rel}","templated":true}]}}