{"id":16729,"date":"2020-06-08T08:27:55","date_gmt":"2020-06-08T06:27:55","guid":{"rendered":"https:\/\/www.sabine-seyffert.de\/blog\/?p=16729"},"modified":"2020-06-13T10:58:08","modified_gmt":"2020-06-13T08:58:08","slug":"diy-bastelidee-beschaeftigung-fuer-kinder-erdbeeren-aus-walnuss-filz-zeitung-karton-basteln","status":"publish","type":"post","link":"https:\/\/www.sabine-seyffert.de\/blog\/diy-bastelidee-beschaeftigung-fuer-kinder-erdbeeren-aus-walnuss-filz-zeitung-karton-basteln\/","title":{"rendered":"DIY Bastelidee &#038; Besch\u00e4ftigung f\u00fcr Kinder: Erdbeeren aus Walnuss, Filz, Zeitung &#038; Karton basteln"},"content":{"rendered":"<p style=\"text-align: justify;\"><img loading=\"lazy\" decoding=\"async\" src=\"https:\/\/vg01.met.vgwort.de\/na\/559ce718b4a44d19afdda2e487e56b1c\" alt=\"\" width=\"1\" height=\"1\" \/>Auf meinem Blog tummeln sind mittlerweile nicht nur unz\u00e4hlige Rezeptideen mit <a href=\"https:\/\/www.sabine-seyffert.de\/blog\/?s=erdbeer\" target=\"_blank\" rel=\"noopener noreferrer\">Erdbeeren<\/a> sondern auch zahlreiche Bastelideen. Schlie\u00dflich gibt es so viele Varianten und unterschiedliches Bastelmaterial mit denen sich die s\u00fc\u00dfen Beeren basteln lassen. Dieses Mal ist ein sch\u00f6nes Upcycling daraus geworden, was kinderleicht und selberzumachen ist. Habt ihr Lust auf ein paar Erdbeeren, die sich lange halten und eine tolle Sommerdeko sind? Dann schnappt euch die Malkittel und los geht\u2019s!<\/p>\n<p style=\"text-align: center;\"><a href=\"https:\/\/www.sabine-seyffert.de\/blog\/wp-content\/uploads\/2020\/06\/Erdbeere-Walnuss-Sabine-Seyffert.de-7.jpg\"><img loading=\"lazy\" decoding=\"async\" class=\"alignnone size-full wp-image-16730\" src=\"https:\/\/www.sabine-seyffert.de\/blog\/wp-content\/uploads\/2020\/06\/Erdbeere-Walnuss-Sabine-Seyffert.de-7.jpg\" alt=\"\" width=\"800\" height=\"600\" srcset=\"https:\/\/www.sabine-seyffert.de\/blog\/wp-content\/uploads\/2020\/06\/Erdbeere-Walnuss-Sabine-Seyffert.de-7.jpg 800w, https:\/\/www.sabine-seyffert.de\/blog\/wp-content\/uploads\/2020\/06\/Erdbeere-Walnuss-Sabine-Seyffert.de-7-300x225.jpg 300w, https:\/\/www.sabine-seyffert.de\/blog\/wp-content\/uploads\/2020\/06\/Erdbeere-Walnuss-Sabine-Seyffert.de-7-768x576.jpg 768w\" sizes=\"auto, (max-width: 800px) 100vw, 800px\" \/><\/a><\/p>\n<p style=\"text-align: justify;\"><strong>Das wird gebraucht:<\/strong><br \/>\nPappe \/ ein leerer Karton, ein Bastelmesser \/ Cutter, eine Bastelschere, gr\u00fcner Bastelfilz, d\u00fcnne Zweige, Waln\u00fcsse, einen Nussknacker, rote und gelbe Acrylfarbe \/ Bastelfarbe, einen Wasserfarbkasten, Pinsel, Bastelkleber \/ Klebestift, eine Hei\u00dfklebepistole, eine Malunterlage und einen Bastelkittel<\/p>\n<p style=\"text-align: center;\"><a href=\"https:\/\/www.sabine-seyffert.de\/blog\/wp-content\/uploads\/2020\/06\/Erdbeere-Walnuss-Sabine-Seyffert.de-.jpg\"><img loading=\"lazy\" decoding=\"async\" class=\"alignnone size-full wp-image-16731\" src=\"https:\/\/www.sabine-seyffert.de\/blog\/wp-content\/uploads\/2020\/06\/Erdbeere-Walnuss-Sabine-Seyffert.de-.jpg\" alt=\"\" width=\"800\" height=\"600\" srcset=\"https:\/\/www.sabine-seyffert.de\/blog\/wp-content\/uploads\/2020\/06\/Erdbeere-Walnuss-Sabine-Seyffert.de-.jpg 800w, https:\/\/www.sabine-seyffert.de\/blog\/wp-content\/uploads\/2020\/06\/Erdbeere-Walnuss-Sabine-Seyffert.de--300x225.jpg 300w, https:\/\/www.sabine-seyffert.de\/blog\/wp-content\/uploads\/2020\/06\/Erdbeere-Walnuss-Sabine-Seyffert.de--768x576.jpg 768w\" sizes=\"auto, (max-width: 800px) 100vw, 800px\" \/><\/a><\/p>\n<p style=\"text-align: justify;\"><strong>So wird\u2019s gemacht:<\/strong><br \/>\nDenkt daran, den Tisch etwas abzudecken und dann knackt ein paar Waln\u00fcsse. Aber Vorsicht, die Schale sollte dabei m\u00f6glichst unversehrt bleiben und nicht kaputt gehen. Vielleicht hilft euch ein Erwachsener dabei.<\/p>\n<p style=\"text-align: center;\"><a href=\"https:\/\/www.sabine-seyffert.de\/blog\/wp-content\/uploads\/2020\/06\/Erdbeere-Walnuss-Sabine-Seyffert.de-12.jpg\"><img loading=\"lazy\" decoding=\"async\" class=\"alignnone size-full wp-image-16732\" src=\"https:\/\/www.sabine-seyffert.de\/blog\/wp-content\/uploads\/2020\/06\/Erdbeere-Walnuss-Sabine-Seyffert.de-12.jpg\" alt=\"\" width=\"800\" height=\"600\" srcset=\"https:\/\/www.sabine-seyffert.de\/blog\/wp-content\/uploads\/2020\/06\/Erdbeere-Walnuss-Sabine-Seyffert.de-12.jpg 800w, https:\/\/www.sabine-seyffert.de\/blog\/wp-content\/uploads\/2020\/06\/Erdbeere-Walnuss-Sabine-Seyffert.de-12-300x225.jpg 300w, https:\/\/www.sabine-seyffert.de\/blog\/wp-content\/uploads\/2020\/06\/Erdbeere-Walnuss-Sabine-Seyffert.de-12-768x576.jpg 768w\" sizes=\"auto, (max-width: 800px) 100vw, 800px\" \/><\/a><\/p>\n<p style=\"text-align: justify;\">Die Walnussh\u00e4lften besser gesagt die Schalen, werden nun d\u00fcnn mit roter Farbe bestrichen.<\/p>\n<p style=\"text-align: center;\"><a href=\"https:\/\/www.sabine-seyffert.de\/blog\/wp-content\/uploads\/2020\/06\/Erdbeere-Walnuss-Sabine-Seyffert.de-11.jpg\"><img loading=\"lazy\" decoding=\"async\" class=\"alignnone size-full wp-image-16733\" src=\"https:\/\/www.sabine-seyffert.de\/blog\/wp-content\/uploads\/2020\/06\/Erdbeere-Walnuss-Sabine-Seyffert.de-11.jpg\" alt=\"\" width=\"800\" height=\"600\" srcset=\"https:\/\/www.sabine-seyffert.de\/blog\/wp-content\/uploads\/2020\/06\/Erdbeere-Walnuss-Sabine-Seyffert.de-11.jpg 800w, https:\/\/www.sabine-seyffert.de\/blog\/wp-content\/uploads\/2020\/06\/Erdbeere-Walnuss-Sabine-Seyffert.de-11-300x225.jpg 300w, https:\/\/www.sabine-seyffert.de\/blog\/wp-content\/uploads\/2020\/06\/Erdbeere-Walnuss-Sabine-Seyffert.de-11-768x576.jpg 768w\" sizes=\"auto, (max-width: 800px) 100vw, 800px\" \/><\/a><\/p>\n<p style=\"text-align: justify;\">W\u00e4hrend die Farbe trocknet, schneidet euch aus einem alten Pappkarton ein gro\u00dfes St\u00fcck Pappe, dass ihr mit Zeitungspapier beklebt. Das k\u00f6nnt ihr mit Wasserfarbe \u00fcbermalen. In meinem Fall war es ein sonnige gelb.<\/p>\n<p style=\"text-align: center;\"><a href=\"https:\/\/www.sabine-seyffert.de\/blog\/wp-content\/uploads\/2020\/06\/Erdbeere-Walnuss-Sabine-Seyffert.de-10.jpg\"><img loading=\"lazy\" decoding=\"async\" class=\"alignnone size-full wp-image-16734\" src=\"https:\/\/www.sabine-seyffert.de\/blog\/wp-content\/uploads\/2020\/06\/Erdbeere-Walnuss-Sabine-Seyffert.de-10.jpg\" alt=\"\" width=\"800\" height=\"600\" srcset=\"https:\/\/www.sabine-seyffert.de\/blog\/wp-content\/uploads\/2020\/06\/Erdbeere-Walnuss-Sabine-Seyffert.de-10.jpg 800w, https:\/\/www.sabine-seyffert.de\/blog\/wp-content\/uploads\/2020\/06\/Erdbeere-Walnuss-Sabine-Seyffert.de-10-300x225.jpg 300w, https:\/\/www.sabine-seyffert.de\/blog\/wp-content\/uploads\/2020\/06\/Erdbeere-Walnuss-Sabine-Seyffert.de-10-768x576.jpg 768w\" sizes=\"auto, (max-width: 800px) 100vw, 800px\" \/><\/a><\/p>\n<p style=\"text-align: justify;\">Au\u00dferdem ben\u00f6tigt ihr noch gr\u00fcne Bl\u00e4tter f\u00fcr eure Erdbeeren. Die kann man prima aus gr\u00fcnem Filz ausschneiden. Die Form erkennt man auf den Detail Fotos recht gut.<\/p>\n<p style=\"text-align: center;\"><a href=\"https:\/\/www.sabine-seyffert.de\/blog\/wp-content\/uploads\/2020\/06\/Erdbeere-Walnuss-Sabine-Seyffert.de-9.jpg\"><img loading=\"lazy\" decoding=\"async\" class=\"alignnone size-full wp-image-16735\" src=\"https:\/\/www.sabine-seyffert.de\/blog\/wp-content\/uploads\/2020\/06\/Erdbeere-Walnuss-Sabine-Seyffert.de-9.jpg\" alt=\"\" width=\"800\" height=\"600\" srcset=\"https:\/\/www.sabine-seyffert.de\/blog\/wp-content\/uploads\/2020\/06\/Erdbeere-Walnuss-Sabine-Seyffert.de-9.jpg 800w, https:\/\/www.sabine-seyffert.de\/blog\/wp-content\/uploads\/2020\/06\/Erdbeere-Walnuss-Sabine-Seyffert.de-9-300x225.jpg 300w, https:\/\/www.sabine-seyffert.de\/blog\/wp-content\/uploads\/2020\/06\/Erdbeere-Walnuss-Sabine-Seyffert.de-9-768x576.jpg 768w\" sizes=\"auto, (max-width: 800px) 100vw, 800px\" \/><\/a><\/p>\n<p style=\"text-align: justify;\">Um die Erdbeeren gut ankleben zu k\u00f6nnen, rei\u00dft ihr euch aus der restlichen Zeitung ein St\u00fcck ab, kn\u00fcddelt das klein und klebt es Innen in die Schalen hinein. So habt ihr zum Kleben mehr \u201eAuflagefl\u00e4che\u201c.<\/p>\n<p style=\"text-align: center;\"><a href=\"https:\/\/www.sabine-seyffert.de\/blog\/wp-content\/uploads\/2020\/06\/Erdbeere-Walnuss-Sabine-Seyffert.de-8.jpg\"><img loading=\"lazy\" decoding=\"async\" class=\"alignnone size-full wp-image-16736\" src=\"https:\/\/www.sabine-seyffert.de\/blog\/wp-content\/uploads\/2020\/06\/Erdbeere-Walnuss-Sabine-Seyffert.de-8.jpg\" alt=\"\" width=\"800\" height=\"600\" srcset=\"https:\/\/www.sabine-seyffert.de\/blog\/wp-content\/uploads\/2020\/06\/Erdbeere-Walnuss-Sabine-Seyffert.de-8.jpg 800w, https:\/\/www.sabine-seyffert.de\/blog\/wp-content\/uploads\/2020\/06\/Erdbeere-Walnuss-Sabine-Seyffert.de-8-300x225.jpg 300w, https:\/\/www.sabine-seyffert.de\/blog\/wp-content\/uploads\/2020\/06\/Erdbeere-Walnuss-Sabine-Seyffert.de-8-768x576.jpg 768w\" sizes=\"auto, (max-width: 800px) 100vw, 800px\" \/><\/a><\/p>\n<p style=\"text-align: justify;\">F\u00fcr die Stiele der Beeren habe ich einen d\u00fcnnen Ast in kleine St\u00fccke geschnitten. Das sollte mit der Bastelschere problemlos klappt, schlie\u00dflich sollen die Stiele ja nur d\u00fcnn sein.<\/p>\n<p style=\"text-align: center;\"><a href=\"https:\/\/www.sabine-seyffert.de\/blog\/wp-content\/uploads\/2020\/06\/Erdbeere-Walnuss-Sabine-Seyffert.de-6.jpg\"><img loading=\"lazy\" decoding=\"async\" class=\"alignnone size-full wp-image-16737\" src=\"https:\/\/www.sabine-seyffert.de\/blog\/wp-content\/uploads\/2020\/06\/Erdbeere-Walnuss-Sabine-Seyffert.de-6.jpg\" alt=\"\" width=\"800\" height=\"600\" srcset=\"https:\/\/www.sabine-seyffert.de\/blog\/wp-content\/uploads\/2020\/06\/Erdbeere-Walnuss-Sabine-Seyffert.de-6.jpg 800w, https:\/\/www.sabine-seyffert.de\/blog\/wp-content\/uploads\/2020\/06\/Erdbeere-Walnuss-Sabine-Seyffert.de-6-300x225.jpg 300w, https:\/\/www.sabine-seyffert.de\/blog\/wp-content\/uploads\/2020\/06\/Erdbeere-Walnuss-Sabine-Seyffert.de-6-768x576.jpg 768w\" sizes=\"auto, (max-width: 800px) 100vw, 800px\" \/><\/a><\/p>\n<p style=\"text-align: justify;\">Nun klebt ihr die Erdbeeren mit dem gr\u00fcnen Bastelfilz auf das gelbe Papier. <strong>Achtung<\/strong>, vergesst die Stiele nicht!<\/p>\n<p style=\"text-align: center;\"><a href=\"https:\/\/www.sabine-seyffert.de\/blog\/wp-content\/uploads\/2020\/06\/Erdbeere-Walnuss-Sabine-Seyffert.de-5.jpg\"><img loading=\"lazy\" decoding=\"async\" class=\"alignnone size-full wp-image-16738\" src=\"https:\/\/www.sabine-seyffert.de\/blog\/wp-content\/uploads\/2020\/06\/Erdbeere-Walnuss-Sabine-Seyffert.de-5.jpg\" alt=\"\" width=\"800\" height=\"600\" srcset=\"https:\/\/www.sabine-seyffert.de\/blog\/wp-content\/uploads\/2020\/06\/Erdbeere-Walnuss-Sabine-Seyffert.de-5.jpg 800w, https:\/\/www.sabine-seyffert.de\/blog\/wp-content\/uploads\/2020\/06\/Erdbeere-Walnuss-Sabine-Seyffert.de-5-300x225.jpg 300w, https:\/\/www.sabine-seyffert.de\/blog\/wp-content\/uploads\/2020\/06\/Erdbeere-Walnuss-Sabine-Seyffert.de-5-768x576.jpg 768w\" sizes=\"auto, (max-width: 800px) 100vw, 800px\" \/><\/a><\/p>\n<p style=\"text-align: justify;\">Ganz zum Schluss tupft ihr mit einem d\u00fcnnen Pinsel (oder einem Zahnstocher) mit gelber Farbe das f\u00fcr Erdbeeren typische P\u00fcnktchenmuster auf die N\u00fcsse, damit sie aussehen, wie echte Beeren. Und sch\u00f6n habt ihr eine sommerliche Collage als Deko!<\/p>\n<p style=\"text-align: center;\"><a href=\"https:\/\/www.sabine-seyffert.de\/blog\/wp-content\/uploads\/2020\/06\/Erdbeere-Walnuss-Sabine-Seyffert.de-4.jpg\"><img loading=\"lazy\" decoding=\"async\" class=\"alignnone size-full wp-image-16739\" src=\"https:\/\/www.sabine-seyffert.de\/blog\/wp-content\/uploads\/2020\/06\/Erdbeere-Walnuss-Sabine-Seyffert.de-4.jpg\" alt=\"\" width=\"800\" height=\"600\" srcset=\"https:\/\/www.sabine-seyffert.de\/blog\/wp-content\/uploads\/2020\/06\/Erdbeere-Walnuss-Sabine-Seyffert.de-4.jpg 800w, https:\/\/www.sabine-seyffert.de\/blog\/wp-content\/uploads\/2020\/06\/Erdbeere-Walnuss-Sabine-Seyffert.de-4-300x225.jpg 300w, https:\/\/www.sabine-seyffert.de\/blog\/wp-content\/uploads\/2020\/06\/Erdbeere-Walnuss-Sabine-Seyffert.de-4-768x576.jpg 768w\" sizes=\"auto, (max-width: 800px) 100vw, 800px\" \/><\/a><\/p>\n<p style=\"text-align: justify;\">Weitere DIY Bastelideen f\u00fcr Kinder findet ihr \u00fcbrigens in <a href=\"https:\/\/www.sabine-seyffert.de\/blog\/?cat=32\" target=\"_blank\" rel=\"noopener noreferrer\">dieser Blog Kategorie<\/a>, alles zum Thema Upcycling mit detaillierter Bastelanleitung gibt es in <a href=\"https:\/\/www.sabine-seyffert.de\/blog\/?cat=47\" target=\"_blank\" rel=\"noopener noreferrer\">dieser Rubrik<\/a>, alles rund um die Sommerzeit sind in <a href=\"https:\/\/www.sabine-seyffert.de\/blog\/?cat=24\" target=\"_blank\" rel=\"noopener noreferrer\">diesem Blog Ordner<\/a> und andere kreative Sachen <a href=\"http:\/\/www.lunaju.de\/2020\/06\/kiddikram-juni-und-juli.html\" target=\"_blank\" rel=\"noopener nofollow noreferrer\">da<\/a>.<\/p>\n<p style=\"text-align: center;\"><a href=\"https:\/\/www.sabine-seyffert.de\/blog\/wp-content\/uploads\/2020\/06\/Erdbeere-Walnuss-Sabine-Seyffert.de-2.jpg\"><img loading=\"lazy\" decoding=\"async\" class=\"alignnone size-full wp-image-16740\" src=\"https:\/\/www.sabine-seyffert.de\/blog\/wp-content\/uploads\/2020\/06\/Erdbeere-Walnuss-Sabine-Seyffert.de-2.jpg\" alt=\"\" width=\"800\" height=\"600\" srcset=\"https:\/\/www.sabine-seyffert.de\/blog\/wp-content\/uploads\/2020\/06\/Erdbeere-Walnuss-Sabine-Seyffert.de-2.jpg 800w, https:\/\/www.sabine-seyffert.de\/blog\/wp-content\/uploads\/2020\/06\/Erdbeere-Walnuss-Sabine-Seyffert.de-2-300x225.jpg 300w, https:\/\/www.sabine-seyffert.de\/blog\/wp-content\/uploads\/2020\/06\/Erdbeere-Walnuss-Sabine-Seyffert.de-2-768x576.jpg 768w\" sizes=\"auto, (max-width: 800px) 100vw, 800px\" \/><\/a><\/p>\n<p style=\"text-align: justify;\"><a href=\"https:\/\/www.sabine-seyffert.de\/blog\/?page_id=32#urheberrecht\">urheberrechtlich gesch\u00fctzt<\/a>, \u00a9 Sabine Seyffert<\/p>\n","protected":false},"excerpt":{"rendered":"<p>Auf meinem Blog tummeln sind mittlerweile nicht nur unz\u00e4hlige Rezeptideen mit Erdbeeren sondern auch zahlreiche Bastelideen. Schlie\u00dflich gibt es so viele Varianten und unterschiedliches Bastelmaterial mit denen sich die s\u00fc\u00dfen Beeren basteln lassen. Dieses Mal ist ein sch\u00f6nes Upcycling daraus geworden, was kinderleicht und selberzumachen ist. Habt ihr Lust auf ein paar Erdbeeren, die sich&#8230; <a href=\"https:\/\/www.sabine-seyffert.de\/blog\/diy-bastelidee-beschaeftigung-fuer-kinder-erdbeeren-aus-walnuss-filz-zeitung-karton-basteln\/\" class=\"more-link\">Read more: DIY Bastelidee &#038; Besch\u00e4ftigung f\u00fcr Kinder: Erdbeeren aus Walnuss, Filz, Zeitung &#038; Karton basteln<\/a><\/p>\n","protected":false},"author":2,"featured_media":0,"comment_status":"open","ping_status":"open","sticky":false,"template":"","format":"standard","meta":{"_metis_text_type":"","_metis_text_length":2538,"_post_count":0,"footnotes":""},"categories":[32,24,47],"tags":[],"class_list":["post-16729","post","type-post","status-publish","format-standard","hentry","category-kreatives-fur-kleine-kinderhande","category-sommer","category-upcyceltes"],"_links":{"self":[{"href":"https:\/\/www.sabine-seyffert.de\/blog\/wp-json\/wp\/v2\/posts\/16729","targetHints":{"allow":["GET"]}}],"collection":[{"href":"https:\/\/www.sabine-seyffert.de\/blog\/wp-json\/wp\/v2\/posts"}],"about":[{"href":"https:\/\/www.sabine-seyffert.de\/blog\/wp-json\/wp\/v2\/types\/post"}],"author":[{"embeddable":true,"href":"https:\/\/www.sabine-seyffert.de\/blog\/wp-json\/wp\/v2\/users\/2"}],"replies":[{"embeddable":true,"href":"https:\/\/www.sabine-seyffert.de\/blog\/wp-json\/wp\/v2\/comments?post=16729"}],"version-history":[{"count":3,"href":"https:\/\/www.sabine-seyffert.de\/blog\/wp-json\/wp\/v2\/posts\/16729\/revisions"}],"predecessor-version":[{"id":16774,"href":"https:\/\/www.sabine-seyffert.de\/blog\/wp-json\/wp\/v2\/posts\/16729\/revisions\/16774"}],"wp:attachment":[{"href":"https:\/\/www.sabine-seyffert.de\/blog\/wp-json\/wp\/v2\/media?parent=16729"}],"wp:term":[{"taxonomy":"category","embeddable":true,"href":"https:\/\/www.sabine-seyffert.de\/blog\/wp-json\/wp\/v2\/categories?post=16729"},{"taxonomy":"post_tag","embeddable":true,"href":"https:\/\/www.sabine-seyffert.de\/blog\/wp-json\/wp\/v2\/tags?post=16729"}],"curies":[{"name":"wp","href":"https:\/\/api.w.org\/{rel}","templated":true}]}}