{"id":16719,"date":"2020-06-06T11:38:25","date_gmt":"2020-06-06T09:38:25","guid":{"rendered":"https:\/\/www.sabine-seyffert.de\/blog\/?p=16719"},"modified":"2023-05-24T08:28:59","modified_gmt":"2023-05-24T06:28:59","slug":"diy-bastelidee-fuer-kinder-bunter-heissluftballon-aus-pappe-kordel-streichholzschachtel","status":"publish","type":"post","link":"https:\/\/www.sabine-seyffert.de\/blog\/diy-bastelidee-fuer-kinder-bunter-heissluftballon-aus-pappe-kordel-streichholzschachtel\/","title":{"rendered":"DIY Bastelidee f\u00fcr Kinder: Bunter Hei\u00dfluftballon aus Pappe, Kordel &#038; Streichholzschachtel"},"content":{"rendered":"<p style=\"text-align: justify;\"><img loading=\"lazy\" decoding=\"async\" src=\"https:\/\/vg01.met.vgwort.de\/na\/c0b4b854556c4b079cb3294961451ef2\" alt=\"\" width=\"1\" height=\"1\" \/>Der Sommer naht. Und da wartet auf uns meist sch\u00f6nes Wetter samt blauem Himmel und reichlich Sonnenschein. Also eine wunderbare M\u00f6glichkeit um mit einem echten Hei\u00dfluftballon in den Himmel hinauf zu steigen und eine Ballonfahrt zu unternehmen. Sicher konntet auch ihr an sch\u00f6nen Tagen in dieser Jahreszeit den einen oder anderen Hei\u00dfluftballon auf seinem Flug beobachten.<br \/>\nPassend dazu habe ich noch eine kreative Bastelidee f\u00fcr die Kinder mit dabei. Nach diesem <a href=\"https:\/\/www.sabine-seyffert.de\/blog\/?p=2324\" target=\"_blank\" rel=\"noopener noreferrer\">Hei\u00dfluftballon aus einem Joghurtdeckel<\/a> und der <a href=\"https:\/\/www.sabine-seyffert.de\/blog\/?p=10820\" target=\"_blank\" rel=\"noopener noreferrer\">selbst gemachten Geschenkverpackung<\/a> mit Foto, gibt es heute eine neue Idee. Mit dieser l\u00e4sst sich beispielsweise die T\u00fcr zum Kinderzimmer dekorieren oder eine Wand. Und wer gerne <a href=\"https:\/\/www.sabine-seyffert.de\/blog\/?cat=4\" target=\"_blank\" rel=\"noopener noreferrer\">Fantasiereisen<\/a> unternimmt, um sich hier und da eine kleine Auszeit im Alltag zu g\u00f6nnen, der kann gedanklich auch einfach mit seinem Hei\u00dfluftballon auf Reisen gehen um neue Kraft zu tanken.<\/p>\n<p style=\"text-align: center;\"><a href=\"https:\/\/www.sabine-seyffert.de\/blog\/wp-content\/uploads\/2020\/06\/Hei\u00dfluftballon-Pappe-Sabine-Seyffert.de-1.jpg\"><img loading=\"lazy\" decoding=\"async\" class=\"alignnone size-full wp-image-16720\" src=\"https:\/\/www.sabine-seyffert.de\/blog\/wp-content\/uploads\/2020\/06\/Hei\u00dfluftballon-Pappe-Sabine-Seyffert.de-1.jpg\" alt=\"\" width=\"800\" height=\"600\" srcset=\"https:\/\/www.sabine-seyffert.de\/blog\/wp-content\/uploads\/2020\/06\/Hei\u00dfluftballon-Pappe-Sabine-Seyffert.de-1.jpg 800w, https:\/\/www.sabine-seyffert.de\/blog\/wp-content\/uploads\/2020\/06\/Hei\u00dfluftballon-Pappe-Sabine-Seyffert.de-1-300x225.jpg 300w, https:\/\/www.sabine-seyffert.de\/blog\/wp-content\/uploads\/2020\/06\/Hei\u00dfluftballon-Pappe-Sabine-Seyffert.de-1-768x576.jpg 768w\" sizes=\"auto, (max-width: 800px) 100vw, 800px\" \/><\/a><\/p>\n<p style=\"text-align: justify;\"><strong>Das wird gebraucht:<\/strong><br \/>\nPappe, d\u00fcnnere Pappe (bsp. eine leere Kartonage von einer M\u00fcsliverpackung, Nudeln o.\u00e4.), eine leere Streichholzschachtel, einen Bleistift, eine Bastelschere, Kordel, Stifte, Pinsel, ein Wasserfarbkasten oder Acrylfarbe, eine Lochzange, eine Malunterlage, eine Hei\u00dfklebepistole samt Klebepatrone sowie ggf. Malkittel<\/p>\n<p style=\"text-align: center;\"><a href=\"https:\/\/www.sabine-seyffert.de\/blog\/wp-content\/uploads\/2020\/06\/Hei\u00dfluftballon-Pappe-Sabine-Seyffert.de-8.jpg\"><img loading=\"lazy\" decoding=\"async\" class=\"alignnone size-full wp-image-16721\" src=\"https:\/\/www.sabine-seyffert.de\/blog\/wp-content\/uploads\/2020\/06\/Hei\u00dfluftballon-Pappe-Sabine-Seyffert.de-8.jpg\" alt=\"\" width=\"800\" height=\"600\" srcset=\"https:\/\/www.sabine-seyffert.de\/blog\/wp-content\/uploads\/2020\/06\/Hei\u00dfluftballon-Pappe-Sabine-Seyffert.de-8.jpg 800w, https:\/\/www.sabine-seyffert.de\/blog\/wp-content\/uploads\/2020\/06\/Hei\u00dfluftballon-Pappe-Sabine-Seyffert.de-8-300x225.jpg 300w, https:\/\/www.sabine-seyffert.de\/blog\/wp-content\/uploads\/2020\/06\/Hei\u00dfluftballon-Pappe-Sabine-Seyffert.de-8-768x576.jpg 768w\" sizes=\"auto, (max-width: 800px) 100vw, 800px\" \/><\/a><\/p>\n<p style=\"text-align: justify;\"><strong>So wird\u2019s gemacht:<\/strong><br \/>\nAus Pappe darf sich jeder einen Kreis f\u00fcr seinen Hei\u00dfluftballon ausschneiden. Den kann man sich mit einem Zirkel in der gew\u00fcnschten Gr\u00f6\u00dfe vorzeichnen oder einen Unterteller oder eine M\u00fcslisch\u00fcssel zur Hilfe nehmen um diesen mit Bleistift zu umfahren.<\/p>\n<p style=\"text-align: center;\"><a href=\"https:\/\/www.sabine-seyffert.de\/blog\/wp-content\/uploads\/2020\/06\/Hei\u00dfluftballon-Pappe-Sabine-Seyffert.de-4.jpg\"><img loading=\"lazy\" decoding=\"async\" class=\"alignnone size-full wp-image-16722\" src=\"https:\/\/www.sabine-seyffert.de\/blog\/wp-content\/uploads\/2020\/06\/Hei\u00dfluftballon-Pappe-Sabine-Seyffert.de-4.jpg\" alt=\"\" width=\"600\" height=\"800\" srcset=\"https:\/\/www.sabine-seyffert.de\/blog\/wp-content\/uploads\/2020\/06\/Hei\u00dfluftballon-Pappe-Sabine-Seyffert.de-4.jpg 600w, https:\/\/www.sabine-seyffert.de\/blog\/wp-content\/uploads\/2020\/06\/Hei\u00dfluftballon-Pappe-Sabine-Seyffert.de-4-225x300.jpg 225w\" sizes=\"auto, (max-width: 600px) 100vw, 600px\" \/><\/a><\/p>\n<p style=\"text-align: justify;\">Den Kreis schneidet man aus und grundiert diesen in der gew\u00fcnschten Farbe. W\u00e4hrend die Farbe trocknet, darf sich jedes Kind auf Pappe eine Figur zeichnen oder aus Papierresten gestalten. Diese sollte von der Gr\u00f6\u00dfe her hinter die Streichholzschachtel passen und dient als Fahrgast in der Ballongondel.<\/p>\n<p style=\"text-align: center;\"><a href=\"https:\/\/www.sabine-seyffert.de\/blog\/wp-content\/uploads\/2020\/06\/Hei\u00dfluftballon-Pappe-Sabine-Seyffert.de-7.jpg\"><img loading=\"lazy\" decoding=\"async\" class=\"alignnone size-full wp-image-16723\" src=\"https:\/\/www.sabine-seyffert.de\/blog\/wp-content\/uploads\/2020\/06\/Hei\u00dfluftballon-Pappe-Sabine-Seyffert.de-7.jpg\" alt=\"\" width=\"800\" height=\"600\" srcset=\"https:\/\/www.sabine-seyffert.de\/blog\/wp-content\/uploads\/2020\/06\/Hei\u00dfluftballon-Pappe-Sabine-Seyffert.de-7.jpg 800w, https:\/\/www.sabine-seyffert.de\/blog\/wp-content\/uploads\/2020\/06\/Hei\u00dfluftballon-Pappe-Sabine-Seyffert.de-7-300x225.jpg 300w, https:\/\/www.sabine-seyffert.de\/blog\/wp-content\/uploads\/2020\/06\/Hei\u00dfluftballon-Pappe-Sabine-Seyffert.de-7-768x576.jpg 768w\" sizes=\"auto, (max-width: 800px) 100vw, 800px\" \/><\/a><\/p>\n<p style=\"text-align: justify;\">Um die Streichholzschachtel in die Gondel zu verwandeln, kann man diese mit gut deckender Acrylfarbe bemalen oder in etwas Wellpappe wickeln.<br \/>\nWer mag, darf seinen Hei\u00dfluftballon noch nach eigenen Vorstellungen und Ideen verzieren oder bekleben. Der Fantasie sind hierbei keine Grenzen gesetzt.<\/p>\n<p style=\"text-align: center;\"><a href=\"https:\/\/www.sabine-seyffert.de\/blog\/wp-content\/uploads\/2020\/06\/Hei\u00dfluftballon-Pappe-Sabine-Seyffert.de-2.jpg\"><img loading=\"lazy\" decoding=\"async\" class=\"alignnone size-full wp-image-16724\" src=\"https:\/\/www.sabine-seyffert.de\/blog\/wp-content\/uploads\/2020\/06\/Hei\u00dfluftballon-Pappe-Sabine-Seyffert.de-2.jpg\" alt=\"\" width=\"800\" height=\"600\" srcset=\"https:\/\/www.sabine-seyffert.de\/blog\/wp-content\/uploads\/2020\/06\/Hei\u00dfluftballon-Pappe-Sabine-Seyffert.de-2.jpg 800w, https:\/\/www.sabine-seyffert.de\/blog\/wp-content\/uploads\/2020\/06\/Hei\u00dfluftballon-Pappe-Sabine-Seyffert.de-2-300x225.jpg 300w, https:\/\/www.sabine-seyffert.de\/blog\/wp-content\/uploads\/2020\/06\/Hei\u00dfluftballon-Pappe-Sabine-Seyffert.de-2-768x576.jpg 768w\" sizes=\"auto, (max-width: 800px) 100vw, 800px\" \/><\/a><\/p>\n<p style=\"text-align: justify;\">Wenn alle ben\u00f6tigten Teile fertig sind, klebt man die gebastelte Figur von Hinten an die Gondel. Den Ballon locht man mit der Lochzange an beiden Seiten und zieht eine Kordel hindurch. Diese f\u00fchrt auch durch die Streichholzschachtel. Das andere Ende zieht man durch das gegen\u00fcberliegende Loch im Ballon und verknotet es. Dann hei\u00dft es \u201eguten Flug\u201c \ud83d\ude42<\/p>\n<p style=\"text-align: center;\"><a href=\"https:\/\/www.sabine-seyffert.de\/blog\/wp-content\/uploads\/2020\/06\/Hei\u00dfluftballon-Pappe-Sabine-Seyffert.de-6.jpg\"><img loading=\"lazy\" decoding=\"async\" class=\"alignnone size-full wp-image-16725\" src=\"https:\/\/www.sabine-seyffert.de\/blog\/wp-content\/uploads\/2020\/06\/Hei\u00dfluftballon-Pappe-Sabine-Seyffert.de-6.jpg\" alt=\"\" width=\"800\" height=\"600\" srcset=\"https:\/\/www.sabine-seyffert.de\/blog\/wp-content\/uploads\/2020\/06\/Hei\u00dfluftballon-Pappe-Sabine-Seyffert.de-6.jpg 800w, https:\/\/www.sabine-seyffert.de\/blog\/wp-content\/uploads\/2020\/06\/Hei\u00dfluftballon-Pappe-Sabine-Seyffert.de-6-300x225.jpg 300w, https:\/\/www.sabine-seyffert.de\/blog\/wp-content\/uploads\/2020\/06\/Hei\u00dfluftballon-Pappe-Sabine-Seyffert.de-6-768x576.jpg 768w\" sizes=\"auto, (max-width: 800px) 100vw, 800px\" \/><\/a><\/p>\n<p style=\"text-align: justify;\">Weitere tolle Bastelideen f\u00fcr Kinder findet ihr \u00fcbrigens in <a href=\"https:\/\/www.sabine-seyffert.de\/blog\/?cat=32\" target=\"_blank\" rel=\"noopener noreferrer\">dieser Blog Kategorie<\/a>, kreative Upcycling Ideen gibt es in <a href=\"https:\/\/www.sabine-seyffert.de\/blog\/?cat=47\" target=\"_blank\" rel=\"noopener noreferrer\">diesem Ordner<\/a>, alles zum Sommer in <a href=\"https:\/\/www.sabine-seyffert.de\/blog\/?cat=24\" target=\"_blank\" rel=\"noopener noreferrer\">dieser Rubrik<\/a> und andere kreative Sachen gibt es <a href=\"http:\/\/www.lunaju.de\/2020\/06\/kiddikram-juni-und-juli.html\" target=\"_blank\" rel=\"noopener nofollow noreferrer\">dort<\/a>.<\/p>\n<p style=\"text-align: center;\"><a href=\"https:\/\/www.sabine-seyffert.de\/blog\/wp-content\/uploads\/2020\/06\/Hei\u00dfluftballon-Pappe-Sabine-Seyffert.de-5.jpg\"><img loading=\"lazy\" decoding=\"async\" class=\"alignnone size-full wp-image-16726\" src=\"https:\/\/www.sabine-seyffert.de\/blog\/wp-content\/uploads\/2020\/06\/Hei\u00dfluftballon-Pappe-Sabine-Seyffert.de-5.jpg\" alt=\"\" width=\"800\" height=\"600\" srcset=\"https:\/\/www.sabine-seyffert.de\/blog\/wp-content\/uploads\/2020\/06\/Hei\u00dfluftballon-Pappe-Sabine-Seyffert.de-5.jpg 800w, https:\/\/www.sabine-seyffert.de\/blog\/wp-content\/uploads\/2020\/06\/Hei\u00dfluftballon-Pappe-Sabine-Seyffert.de-5-300x225.jpg 300w, https:\/\/www.sabine-seyffert.de\/blog\/wp-content\/uploads\/2020\/06\/Hei\u00dfluftballon-Pappe-Sabine-Seyffert.de-5-768x576.jpg 768w\" sizes=\"auto, (max-width: 800px) 100vw, 800px\" \/><\/a><\/p>\n<p><a href=\"https:\/\/www.sabine-seyffert.de\/blog\/?page_id=32#urheberrecht\">urheberrechtlich gesch\u00fctzt<\/a>, \u00a9 Sabine Seyffert<\/p>\n","protected":false},"excerpt":{"rendered":"<p>Der Sommer naht. Und da wartet auf uns meist sch\u00f6nes Wetter samt blauem Himmel und reichlich Sonnenschein. Also eine wunderbare M\u00f6glichkeit um mit einem echten Hei\u00dfluftballon in den Himmel hinauf zu steigen und eine Ballonfahrt zu unternehmen. Sicher konntet auch ihr an sch\u00f6nen Tagen in dieser Jahreszeit den einen oder anderen Hei\u00dfluftballon auf seinem Flug&#8230; <a href=\"https:\/\/www.sabine-seyffert.de\/blog\/diy-bastelidee-fuer-kinder-bunter-heissluftballon-aus-pappe-kordel-streichholzschachtel\/\" class=\"more-link\">Read more: DIY Bastelidee f\u00fcr Kinder: Bunter Hei\u00dfluftballon aus Pappe, Kordel &#038; Streichholzschachtel<\/a><\/p>\n","protected":false},"author":2,"featured_media":0,"comment_status":"open","ping_status":"open","sticky":false,"template":"","format":"standard","meta":{"_metis_text_type":"","_metis_text_length":2682,"_post_count":0,"footnotes":""},"categories":[32,24,47],"tags":[],"class_list":["post-16719","post","type-post","status-publish","format-standard","hentry","category-kreatives-fur-kleine-kinderhande","category-sommer","category-upcyceltes"],"_links":{"self":[{"href":"https:\/\/www.sabine-seyffert.de\/blog\/wp-json\/wp\/v2\/posts\/16719","targetHints":{"allow":["GET"]}}],"collection":[{"href":"https:\/\/www.sabine-seyffert.de\/blog\/wp-json\/wp\/v2\/posts"}],"about":[{"href":"https:\/\/www.sabine-seyffert.de\/blog\/wp-json\/wp\/v2\/types\/post"}],"author":[{"embeddable":true,"href":"https:\/\/www.sabine-seyffert.de\/blog\/wp-json\/wp\/v2\/users\/2"}],"replies":[{"embeddable":true,"href":"https:\/\/www.sabine-seyffert.de\/blog\/wp-json\/wp\/v2\/comments?post=16719"}],"version-history":[{"count":5,"href":"https:\/\/www.sabine-seyffert.de\/blog\/wp-json\/wp\/v2\/posts\/16719\/revisions"}],"predecessor-version":[{"id":25807,"href":"https:\/\/www.sabine-seyffert.de\/blog\/wp-json\/wp\/v2\/posts\/16719\/revisions\/25807"}],"wp:attachment":[{"href":"https:\/\/www.sabine-seyffert.de\/blog\/wp-json\/wp\/v2\/media?parent=16719"}],"wp:term":[{"taxonomy":"category","embeddable":true,"href":"https:\/\/www.sabine-seyffert.de\/blog\/wp-json\/wp\/v2\/categories?post=16719"},{"taxonomy":"post_tag","embeddable":true,"href":"https:\/\/www.sabine-seyffert.de\/blog\/wp-json\/wp\/v2\/tags?post=16719"}],"curies":[{"name":"wp","href":"https:\/\/api.w.org\/{rel}","templated":true}]}}