{"id":1671,"date":"2013-05-13T07:30:29","date_gmt":"2013-05-13T05:30:29","guid":{"rendered":"http:\/\/www.sabine-seyffert.de\/blog\/?p=1671"},"modified":"2017-03-06T17:36:12","modified_gmt":"2017-03-06T15:36:12","slug":"fur-die-schnelle-mittagskuche","status":"publish","type":"post","link":"https:\/\/www.sabine-seyffert.de\/blog\/fur-die-schnelle-mittagskuche\/","title":{"rendered":"F\u00fcr die schnelle Mittagsk\u00fcche"},"content":{"rendered":"<p style=\"text-align: center;\"><img loading=\"lazy\" decoding=\"async\" src=\"https:\/\/ssl-vg03.met.vgwort.de\/na\/03e0bcc517944f108ef8f3974627d457\" alt=\"\" width=\"1\" height=\"1\" \/><a href=\"http:\/\/www.sabine-seyffert.de\/blog\/wp-content\/uploads\/2013\/05\/Bruchetta-1.jpg\"><img loading=\"lazy\" decoding=\"async\" class=\"alignnone size-full wp-image-1672\" src=\"http:\/\/www.sabine-seyffert.de\/blog\/wp-content\/uploads\/2013\/05\/Bruchetta-1.jpg\" alt=\"Bruchetta 1\" width=\"800\" height=\"626\" srcset=\"https:\/\/www.sabine-seyffert.de\/blog\/wp-content\/uploads\/2013\/05\/Bruchetta-1.jpg 800w, https:\/\/www.sabine-seyffert.de\/blog\/wp-content\/uploads\/2013\/05\/Bruchetta-1-300x234.jpg 300w\" sizes=\"auto, (max-width: 800px) 100vw, 800px\" \/><\/a><\/p>\n<p style=\"text-align: justify;\">Montags sammelt sich nach dem Wochenende meist allerhand auf meinem Schreibtisch an, was abgearbeitet werden will. Da bin ich mittags immer dankbar, wenn es schnell geht und ich eine z\u00fcndende Idee f\u00fcr ein <em>Ratzfatz-gemacht-Rezept<\/em> habe. F\u00fcr einen Gro\u00dfeinkauf fehlt mir die Zeit und somit hole ich beim B\u00e4cker nur schnell etwas Brot. Im Geiste sehe ich schon die Gesichter meiner Kinder, wenn ich nach einem langen Schul- und Kindergartentag lediglich Butterbrote serviere. Also gehe ich schnell in mich, werfe einen Blick in K\u00fchlschrank und auf\u00a0 alles was vom Wochenende \u00fcbrig geblieben ist. Der Blick f\u00e4llt auf ein paar Strauchtomaten \u2013 wunderbar, die kommen mir gerade recht\u2026<\/p>\n<p style=\"text-align: center;\"><a href=\"http:\/\/www.sabine-seyffert.de\/blog\/wp-content\/uploads\/2013\/05\/Bruchetta-2.jpg\"><img loading=\"lazy\" decoding=\"async\" class=\"alignnone size-full wp-image-1673\" src=\"http:\/\/www.sabine-seyffert.de\/blog\/wp-content\/uploads\/2013\/05\/Bruchetta-2.jpg\" alt=\"Bruchetta 2\" width=\"800\" height=\"697\" srcset=\"https:\/\/www.sabine-seyffert.de\/blog\/wp-content\/uploads\/2013\/05\/Bruchetta-2.jpg 800w, https:\/\/www.sabine-seyffert.de\/blog\/wp-content\/uploads\/2013\/05\/Bruchetta-2-300x261.jpg 300w\" sizes=\"auto, (max-width: 800px) 100vw, 800px\" \/><\/a><\/p>\n<p style=\"text-align: justify;\"><strong>Das wird gebraucht:<\/strong><br \/>\nEine gro\u00dfe Zwiebel, ein paar Knoblauchzehen, frische Petersilie, Tomaten, Oliven\u00f6l, Balsamico Essig (dunkel), etwas Honig, Paprika Edels\u00fc\u00df, Tomatensalz, Pfeffer, Bruschetta Gew\u00fcrzmischung oder ersatzweise Italienische Kr\u00e4uter und Brot<\/p>\n<p style=\"text-align: center;\"><a href=\"http:\/\/www.sabine-seyffert.de\/blog\/wp-content\/uploads\/2013\/05\/Bruchetta-3.jpg\"><img loading=\"lazy\" decoding=\"async\" class=\"alignnone size-full wp-image-1674\" src=\"http:\/\/www.sabine-seyffert.de\/blog\/wp-content\/uploads\/2013\/05\/Bruchetta-3.jpg\" alt=\"Bruchetta 3\" width=\"800\" height=\"681\" srcset=\"https:\/\/www.sabine-seyffert.de\/blog\/wp-content\/uploads\/2013\/05\/Bruchetta-3.jpg 800w, https:\/\/www.sabine-seyffert.de\/blog\/wp-content\/uploads\/2013\/05\/Bruchetta-3-300x255.jpg 300w\" sizes=\"auto, (max-width: 800px) 100vw, 800px\" \/><\/a><\/p>\n<p style=\"text-align: justify;\"><strong>So wird\u2019s gemacht:<\/strong><br \/>\nDie Tomaten halbieren und am besten mit einem Teel\u00f6ffel das Innere entfernen. Dann die Tomaten mit einem scharfen Messer in kleine W\u00fcrfel schneiden. Je nach Geschmack und Vorlieben eine Zwiebel sch\u00e4len und klein w\u00fcrfeln sowie die gew\u00fcnschte Menge an Knoblauch dazu geben. Ich habe den Knoblauch gepresst, da Kindern das doch meist zu scharf ist, wenn man auf kleine Knoblauchst\u00fcckchen bei\u00dft. Von der Petersilie schneide ich die l\u00e4ngeren Stile unten ab und gebe das Gr\u00fcn in ein hohes Glas. Dann schneide ich das Ganze mit der Schere so lange klein, bis die Petersilie in kleine St\u00fcckchen zerteilt ist. Das geht auf diese Weise recht gut.<\/p>\n<p style=\"text-align: center;\"><a href=\"http:\/\/www.sabine-seyffert.de\/blog\/wp-content\/uploads\/2013\/05\/Bruchetta-4.jpg\"><img loading=\"lazy\" decoding=\"async\" class=\"alignnone size-full wp-image-1675\" src=\"http:\/\/www.sabine-seyffert.de\/blog\/wp-content\/uploads\/2013\/05\/Bruchetta-4.jpg\" alt=\"Bruchetta 4\" width=\"800\" height=\"753\" srcset=\"https:\/\/www.sabine-seyffert.de\/blog\/wp-content\/uploads\/2013\/05\/Bruchetta-4.jpg 800w, https:\/\/www.sabine-seyffert.de\/blog\/wp-content\/uploads\/2013\/05\/Bruchetta-4-300x282.jpg 300w\" sizes=\"auto, (max-width: 800px) 100vw, 800px\" \/><\/a><\/p>\n<p style=\"text-align: justify;\">Aus Balsamico und Oliven\u00f6l ein Dressing anr\u00fchren und mit etwas Honig verfeinern. Dann Paprika, Pfeffer, Salz und Gew\u00fcrzmischung sowie die zerkleinerte Petersilie hinzugeben. Wenn es schnell gehen soll, kann man es ganz \u201efrisch\u201c genie\u00dfen, aber deutlich besser und w\u00fcrziger schmeckt es, wenn man das Bruschetta \u00fcber Nacht ziehen l\u00e4sst.<\/p>\n<p style=\"text-align: center;\"><a href=\"http:\/\/www.sabine-seyffert.de\/blog\/wp-content\/uploads\/2013\/05\/Bruchetta-5.jpg\"><img loading=\"lazy\" decoding=\"async\" class=\"alignnone size-full wp-image-1676\" src=\"http:\/\/www.sabine-seyffert.de\/blog\/wp-content\/uploads\/2013\/05\/Bruchetta-5.jpg\" alt=\"Bruchetta 5\" width=\"800\" height=\"696\" srcset=\"https:\/\/www.sabine-seyffert.de\/blog\/wp-content\/uploads\/2013\/05\/Bruchetta-5.jpg 800w, https:\/\/www.sabine-seyffert.de\/blog\/wp-content\/uploads\/2013\/05\/Bruchetta-5-300x261.jpg 300w\" sizes=\"auto, (max-width: 800px) 100vw, 800px\" \/><\/a><\/p>\n<p style=\"text-align: justify;\">Dazu gibt es Brot, das ich in Scheiben schneide und im Ofen eine Zeit lang backe, bis es leicht gebr\u00e4unt und sch\u00f6n kross ist.<\/p>\n<p style=\"text-align: center;\"><a href=\"http:\/\/www.sabine-seyffert.de\/blog\/wp-content\/uploads\/2013\/05\/Bruchetta-6.jpg\"><img loading=\"lazy\" decoding=\"async\" class=\"alignnone size-full wp-image-1677\" src=\"http:\/\/www.sabine-seyffert.de\/blog\/wp-content\/uploads\/2013\/05\/Bruchetta-6.jpg\" alt=\"Bruchetta 6\" width=\"800\" height=\"600\" srcset=\"https:\/\/www.sabine-seyffert.de\/blog\/wp-content\/uploads\/2013\/05\/Bruchetta-6.jpg 800w, https:\/\/www.sabine-seyffert.de\/blog\/wp-content\/uploads\/2013\/05\/Bruchetta-6-300x225.jpg 300w\" sizes=\"auto, (max-width: 800px) 100vw, 800px\" \/><\/a><\/p>\n<p style=\"text-align: justify;\">Das schnelle Rezept wandert wie jeden Montag zu <a href=\"http:\/\/nozdesign.blogspot.de\/2013\/05\/my-monday-mhhhhhh-22.html\" target=\"_blank\">Katjas Gl\u00fccksmomente<\/a> in die Rezeptesammlung &#8211; guten Appetit!<\/p>\n<p style=\"text-align: center;\"><a href=\"http:\/\/www.sabine-seyffert.de\/blog\/wp-content\/uploads\/2013\/05\/Bruchetta-7.jpg\"><img loading=\"lazy\" decoding=\"async\" class=\"alignnone size-full wp-image-1678\" src=\"http:\/\/www.sabine-seyffert.de\/blog\/wp-content\/uploads\/2013\/05\/Bruchetta-7.jpg\" alt=\"Bruchetta 7\" width=\"800\" height=\"676\" srcset=\"https:\/\/www.sabine-seyffert.de\/blog\/wp-content\/uploads\/2013\/05\/Bruchetta-7.jpg 800w, https:\/\/www.sabine-seyffert.de\/blog\/wp-content\/uploads\/2013\/05\/Bruchetta-7-300x253.jpg 300w\" sizes=\"auto, (max-width: 800px) 100vw, 800px\" \/><\/a><\/p>\n<p style=\"text-align: justify;\"><strong>Ein kleiner Tipp zum Schluss<\/strong>: Das Innere der Tomate, was man f\u00fcr dieses Rezept entfernt, kann man wunderbar f\u00fcr eine Nudelso\u00dfe verwenden oder in selbstgemachte Pizzaso\u00dfe r\u00fchren!<\/p>\n<p style=\"text-align: justify;\"><a href=\"http:\/\/www.sabine-seyffert.de\/blog\/?page_id=32#urheberrecht\">urherrechtlich gesch\u00fctzt<\/a>, \u00a9 Sabine Seyffert<\/p>\n","protected":false},"excerpt":{"rendered":"<p>Montags sammelt sich nach dem Wochenende meist allerhand auf meinem Schreibtisch an, was abgearbeitet werden will. Da bin ich mittags immer dankbar, wenn es schnell geht und ich eine z\u00fcndende Idee f\u00fcr ein Ratzfatz-gemacht-Rezept habe. F\u00fcr einen Gro\u00dfeinkauf fehlt mir die Zeit und somit hole ich beim B\u00e4cker nur schnell etwas Brot. Im Geiste sehe&#8230; <a href=\"https:\/\/www.sabine-seyffert.de\/blog\/fur-die-schnelle-mittagskuche\/\" class=\"more-link\">Read more: F\u00fcr die schnelle Mittagsk\u00fcche<\/a><\/p>\n","protected":false},"author":2,"featured_media":1674,"comment_status":"open","ping_status":"open","sticky":false,"template":"","format":"standard","meta":{"_metis_text_type":"","_metis_text_length":2383,"_post_count":0,"footnotes":""},"categories":[30],"tags":[],"class_list":["post-1671","post","type-post","status-publish","format-standard","has-post-thumbnail","hentry","category-rezepte-herzhaft"],"_links":{"self":[{"href":"https:\/\/www.sabine-seyffert.de\/blog\/wp-json\/wp\/v2\/posts\/1671","targetHints":{"allow":["GET"]}}],"collection":[{"href":"https:\/\/www.sabine-seyffert.de\/blog\/wp-json\/wp\/v2\/posts"}],"about":[{"href":"https:\/\/www.sabine-seyffert.de\/blog\/wp-json\/wp\/v2\/types\/post"}],"author":[{"embeddable":true,"href":"https:\/\/www.sabine-seyffert.de\/blog\/wp-json\/wp\/v2\/users\/2"}],"replies":[{"embeddable":true,"href":"https:\/\/www.sabine-seyffert.de\/blog\/wp-json\/wp\/v2\/comments?post=1671"}],"version-history":[{"count":12,"href":"https:\/\/www.sabine-seyffert.de\/blog\/wp-json\/wp\/v2\/posts\/1671\/revisions"}],"predecessor-version":[{"id":9857,"href":"https:\/\/www.sabine-seyffert.de\/blog\/wp-json\/wp\/v2\/posts\/1671\/revisions\/9857"}],"wp:featuredmedia":[{"embeddable":true,"href":"https:\/\/www.sabine-seyffert.de\/blog\/wp-json\/wp\/v2\/media\/1674"}],"wp:attachment":[{"href":"https:\/\/www.sabine-seyffert.de\/blog\/wp-json\/wp\/v2\/media?parent=1671"}],"wp:term":[{"taxonomy":"category","embeddable":true,"href":"https:\/\/www.sabine-seyffert.de\/blog\/wp-json\/wp\/v2\/categories?post=1671"},{"taxonomy":"post_tag","embeddable":true,"href":"https:\/\/www.sabine-seyffert.de\/blog\/wp-json\/wp\/v2\/tags?post=1671"}],"curies":[{"name":"wp","href":"https:\/\/api.w.org\/{rel}","templated":true}]}}