{"id":16704,"date":"2020-06-04T08:15:34","date_gmt":"2020-06-04T06:15:34","guid":{"rendered":"https:\/\/www.sabine-seyffert.de\/blog\/?p=16704"},"modified":"2020-06-04T08:15:34","modified_gmt":"2020-06-04T06:15:34","slug":"diy-bastelidee-fuer-kinder-meine-traumwolke-wolke-aus-pappe-zeitung-korken-basteln","status":"publish","type":"post","link":"https:\/\/www.sabine-seyffert.de\/blog\/diy-bastelidee-fuer-kinder-meine-traumwolke-wolke-aus-pappe-zeitung-korken-basteln\/","title":{"rendered":"DIY Bastelidee f\u00fcr Kinder: Meine Traumwolke \u2013 Wolke aus Pappe, Zeitung &#038; Korken basteln"},"content":{"rendered":"<p style=\"text-align: justify;\"><img loading=\"lazy\" decoding=\"async\" src=\"https:\/\/vg01.met.vgwort.de\/na\/881fbc590547405099e001d6a6a1c8fc\" alt=\"\" width=\"1\" height=\"1\" \/>Jetzt wo wir gerade alle Zeit der Welt haben, kann einem auf die Dauer auch schon mal die Decke auf den Kopf fallen. Gerade f\u00fcr Kinder ist die derzeitige Situation belastend. Schlie\u00dflich ist es nur schwer zu verstehen, warum man die eigenen vier W\u00e4nde nicht verlassen soll, sich nicht mehr verabreden oder mit den besten Freunden zum Spielen treffen darf.<br \/>\nNutzen wir heute einfach mal die Kraft der Gedanken und tr\u00e4umen uns auf und davon\u2026 Vielleicht mit Hilfe einer sch\u00f6nen <a href=\"https:\/\/www.sabine-seyffert.de\/blog\/?cat=4\" target=\"_blank\" rel=\"noopener noreferrer\">Fantasiereise<\/a>, die uns f\u00fcr eine Weile aus dem Alltag entfliehen l\u00e4sst und uns innere Ruhe schenkt. Oder mit einer kleinen, selbst gebastelten Traumwolke wie dieser!<\/p>\n<p style=\"text-align: center;\"><a href=\"https:\/\/www.sabine-seyffert.de\/blog\/wp-content\/uploads\/2020\/06\/Wolke-Pappe-Zeitung-Sabine-Seyffert.de-4.jpg\"><img loading=\"lazy\" decoding=\"async\" class=\"alignnone size-full wp-image-16705\" src=\"https:\/\/www.sabine-seyffert.de\/blog\/wp-content\/uploads\/2020\/06\/Wolke-Pappe-Zeitung-Sabine-Seyffert.de-4.jpg\" alt=\"\" width=\"800\" height=\"600\" srcset=\"https:\/\/www.sabine-seyffert.de\/blog\/wp-content\/uploads\/2020\/06\/Wolke-Pappe-Zeitung-Sabine-Seyffert.de-4.jpg 800w, https:\/\/www.sabine-seyffert.de\/blog\/wp-content\/uploads\/2020\/06\/Wolke-Pappe-Zeitung-Sabine-Seyffert.de-4-300x225.jpg 300w, https:\/\/www.sabine-seyffert.de\/blog\/wp-content\/uploads\/2020\/06\/Wolke-Pappe-Zeitung-Sabine-Seyffert.de-4-768x576.jpg 768w\" sizes=\"auto, (max-width: 800px) 100vw, 800px\" \/><\/a><\/p>\n<p style=\"text-align: justify;\"><strong>Das wird gebraucht:<\/strong><br \/>\nPappe \/ ein leerer Karton, ggf. ein Bastelmesser \/ Cutter (oder ein K\u00fcchenmesser, eine scharfe Schere tut es auch), eine Bastelschere, Wasserfarbkasten inclusiv Deckwei\u00df, Pinsel, eine alte Tageszeitung und oder Buchseite, einen Stift (Bleistift), etwas Watte, einen Korken, Bastelkleber \/ Klebestift, eine Malunterlage und einen Bastelkittel<\/p>\n<p style=\"text-align: center;\"><a href=\"https:\/\/www.sabine-seyffert.de\/blog\/wp-content\/uploads\/2020\/06\/Wolke-Pappe-Zeitung-Sabine-Seyffert.de-10.jpg\"><img loading=\"lazy\" decoding=\"async\" class=\"alignnone size-full wp-image-16706\" src=\"https:\/\/www.sabine-seyffert.de\/blog\/wp-content\/uploads\/2020\/06\/Wolke-Pappe-Zeitung-Sabine-Seyffert.de-10.jpg\" alt=\"\" width=\"800\" height=\"600\" srcset=\"https:\/\/www.sabine-seyffert.de\/blog\/wp-content\/uploads\/2020\/06\/Wolke-Pappe-Zeitung-Sabine-Seyffert.de-10.jpg 800w, https:\/\/www.sabine-seyffert.de\/blog\/wp-content\/uploads\/2020\/06\/Wolke-Pappe-Zeitung-Sabine-Seyffert.de-10-300x225.jpg 300w, https:\/\/www.sabine-seyffert.de\/blog\/wp-content\/uploads\/2020\/06\/Wolke-Pappe-Zeitung-Sabine-Seyffert.de-10-768x576.jpg 768w\" sizes=\"auto, (max-width: 800px) 100vw, 800px\" \/><\/a><\/p>\n<p style=\"text-align: justify;\"><strong>So wird\u2019s gemacht:<\/strong><br \/>\nF\u00fcr diese Bastelidee ben\u00f6tigt ihr, wie auch f\u00fcr die <a href=\"https:\/\/www.sabine-seyffert.de\/blog\/?p=16064\" target=\"_blank\" rel=\"noopener noreferrer\">lustigen M\u00f6hren<\/a> oder der <a href=\"https:\/\/www.sabine-seyffert.de\/blog\/?p=16093\" target=\"_blank\" rel=\"noopener noreferrer\">Giraffen Collage<\/a>, Pappe und Zeitungspapier. Aus der Pappe schneidet ihr eine sch\u00f6ne Wolke aus, die ihr vorab mit einem Bleistift auf den Karton vorzeichnen k\u00f6nnt.<br \/>\nDamit die Wolke auch sch\u00f6n wei\u00df wird, bemalt ihr etwas Zeitung mit Deckwei\u00df und blauer Farbe (Tutorial dazu findet ihr <a href=\"https:\/\/www.sabine-seyffert.de\/blog\/?p=13917\" target=\"_blank\" rel=\"noopener noreferrer\">hier<\/a>).<\/p>\n<p style=\"text-align: center;\"><a href=\"https:\/\/www.sabine-seyffert.de\/blog\/wp-content\/uploads\/2020\/06\/Wolke-Pappe-Zeitung-Sabine-Seyffert.de-9.jpg\"><img loading=\"lazy\" decoding=\"async\" class=\"alignnone size-full wp-image-16707\" src=\"https:\/\/www.sabine-seyffert.de\/blog\/wp-content\/uploads\/2020\/06\/Wolke-Pappe-Zeitung-Sabine-Seyffert.de-9.jpg\" alt=\"\" width=\"800\" height=\"600\" srcset=\"https:\/\/www.sabine-seyffert.de\/blog\/wp-content\/uploads\/2020\/06\/Wolke-Pappe-Zeitung-Sabine-Seyffert.de-9.jpg 800w, https:\/\/www.sabine-seyffert.de\/blog\/wp-content\/uploads\/2020\/06\/Wolke-Pappe-Zeitung-Sabine-Seyffert.de-9-300x225.jpg 300w, https:\/\/www.sabine-seyffert.de\/blog\/wp-content\/uploads\/2020\/06\/Wolke-Pappe-Zeitung-Sabine-Seyffert.de-9-768x576.jpg 768w\" sizes=\"auto, (max-width: 800px) 100vw, 800px\" \/><\/a><\/p>\n<p style=\"text-align: justify;\">Au\u00dferdem rollt ihr aus Watte eine kleine Kugel f\u00fcr die Nase. Alternativ klappt dies auch mit wei\u00dfer Wolle, einem St\u00fcck Seidenpapier, einem Taschentuch oder notfalls auch mit dem wei\u00df bemalten Zeitungspapier.<\/p>\n<p style=\"text-align: center;\"><a href=\"https:\/\/www.sabine-seyffert.de\/blog\/wp-content\/uploads\/2020\/06\/Wolke-Pappe-Zeitung-Sabine-Seyffert.de-8.jpg\"><img loading=\"lazy\" decoding=\"async\" class=\"alignnone size-full wp-image-16708\" src=\"https:\/\/www.sabine-seyffert.de\/blog\/wp-content\/uploads\/2020\/06\/Wolke-Pappe-Zeitung-Sabine-Seyffert.de-8.jpg\" alt=\"\" width=\"800\" height=\"600\" srcset=\"https:\/\/www.sabine-seyffert.de\/blog\/wp-content\/uploads\/2020\/06\/Wolke-Pappe-Zeitung-Sabine-Seyffert.de-8.jpg 800w, https:\/\/www.sabine-seyffert.de\/blog\/wp-content\/uploads\/2020\/06\/Wolke-Pappe-Zeitung-Sabine-Seyffert.de-8-300x225.jpg 300w, https:\/\/www.sabine-seyffert.de\/blog\/wp-content\/uploads\/2020\/06\/Wolke-Pappe-Zeitung-Sabine-Seyffert.de-8-768x576.jpg 768w\" sizes=\"auto, (max-width: 800px) 100vw, 800px\" \/><\/a><\/p>\n<p style=\"text-align: justify;\">F\u00fcr Augen schneidet man zwei Kreise oder ovale aus dem unbedruckten Teil einer Buchseite. F\u00fcr das Innere kann man sich aus schwarz bedrucktem Zeitungspapier mit dem Locher zwei Kreise stanzen, diese mit einem Stift oder schwarzer Wasserfarbe aufmalen.<\/p>\n<p style=\"text-align: center;\"><a href=\"https:\/\/www.sabine-seyffert.de\/blog\/wp-content\/uploads\/2020\/06\/Wolke-Pappe-Zeitung-Sabine-Seyffert.de-7.jpg\"><img loading=\"lazy\" decoding=\"async\" class=\"alignnone size-full wp-image-16709\" src=\"https:\/\/www.sabine-seyffert.de\/blog\/wp-content\/uploads\/2020\/06\/Wolke-Pappe-Zeitung-Sabine-Seyffert.de-7.jpg\" alt=\"\" width=\"800\" height=\"600\" srcset=\"https:\/\/www.sabine-seyffert.de\/blog\/wp-content\/uploads\/2020\/06\/Wolke-Pappe-Zeitung-Sabine-Seyffert.de-7.jpg 800w, https:\/\/www.sabine-seyffert.de\/blog\/wp-content\/uploads\/2020\/06\/Wolke-Pappe-Zeitung-Sabine-Seyffert.de-7-300x225.jpg 300w, https:\/\/www.sabine-seyffert.de\/blog\/wp-content\/uploads\/2020\/06\/Wolke-Pappe-Zeitung-Sabine-Seyffert.de-7-768x576.jpg 768w\" sizes=\"auto, (max-width: 800px) 100vw, 800px\" \/><\/a><\/p>\n<p style=\"text-align: justify;\">F\u00fcr den Mund schneidet man eine d\u00fcnne Scheibe von einem Weinkorken ab, den man mittig halbiert. Dies sollte unbedingt ein Erwachsener tun!<\/p>\n<p style=\"text-align: center;\"><a href=\"https:\/\/www.sabine-seyffert.de\/blog\/wp-content\/uploads\/2020\/06\/Wolke-Pappe-Zeitung-Sabine-Seyffert.de-6.jpg\"><img loading=\"lazy\" decoding=\"async\" class=\"alignnone size-full wp-image-16710\" src=\"https:\/\/www.sabine-seyffert.de\/blog\/wp-content\/uploads\/2020\/06\/Wolke-Pappe-Zeitung-Sabine-Seyffert.de-6.jpg\" alt=\"\" width=\"800\" height=\"600\" srcset=\"https:\/\/www.sabine-seyffert.de\/blog\/wp-content\/uploads\/2020\/06\/Wolke-Pappe-Zeitung-Sabine-Seyffert.de-6.jpg 800w, https:\/\/www.sabine-seyffert.de\/blog\/wp-content\/uploads\/2020\/06\/Wolke-Pappe-Zeitung-Sabine-Seyffert.de-6-300x225.jpg 300w, https:\/\/www.sabine-seyffert.de\/blog\/wp-content\/uploads\/2020\/06\/Wolke-Pappe-Zeitung-Sabine-Seyffert.de-6-768x576.jpg 768w\" sizes=\"auto, (max-width: 800px) 100vw, 800px\" \/><\/a><\/p>\n<p style=\"text-align: justify;\">Dann rei\u00dft ihr aus dem wei\u00df bemalten Zeitungspapier d\u00fcnne Streifen, zupft davon kleine St\u00fccke ab und beklebt eure Wolke damit, bis die Pappe vollst\u00e4ndig bedeckt ist.<\/p>\n<p style=\"text-align: center;\"><a href=\"https:\/\/www.sabine-seyffert.de\/blog\/wp-content\/uploads\/2020\/06\/Wolke-Pappe-Zeitung-Sabine-Seyffert.de-5.jpg\"><img loading=\"lazy\" decoding=\"async\" class=\"alignnone size-full wp-image-16711\" src=\"https:\/\/www.sabine-seyffert.de\/blog\/wp-content\/uploads\/2020\/06\/Wolke-Pappe-Zeitung-Sabine-Seyffert.de-5.jpg\" alt=\"\" width=\"800\" height=\"600\" srcset=\"https:\/\/www.sabine-seyffert.de\/blog\/wp-content\/uploads\/2020\/06\/Wolke-Pappe-Zeitung-Sabine-Seyffert.de-5.jpg 800w, https:\/\/www.sabine-seyffert.de\/blog\/wp-content\/uploads\/2020\/06\/Wolke-Pappe-Zeitung-Sabine-Seyffert.de-5-300x225.jpg 300w, https:\/\/www.sabine-seyffert.de\/blog\/wp-content\/uploads\/2020\/06\/Wolke-Pappe-Zeitung-Sabine-Seyffert.de-5-768x576.jpg 768w\" sizes=\"auto, (max-width: 800px) 100vw, 800px\" \/><\/a><\/p>\n<p style=\"text-align: justify;\">Alles Papier was \u00fcbersteht l\u00e4sst sich sp\u00e4ter mit der Schere am Rand abschneiden.<\/p>\n<p style=\"text-align: center;\"><a href=\"https:\/\/www.sabine-seyffert.de\/blog\/wp-content\/uploads\/2020\/06\/Wolke-Pappe-Zeitung-Sabine-Seyffert.de-3.jpg\"><img loading=\"lazy\" decoding=\"async\" class=\"alignnone size-full wp-image-16712\" src=\"https:\/\/www.sabine-seyffert.de\/blog\/wp-content\/uploads\/2020\/06\/Wolke-Pappe-Zeitung-Sabine-Seyffert.de-3.jpg\" alt=\"\" width=\"800\" height=\"600\" srcset=\"https:\/\/www.sabine-seyffert.de\/blog\/wp-content\/uploads\/2020\/06\/Wolke-Pappe-Zeitung-Sabine-Seyffert.de-3.jpg 800w, https:\/\/www.sabine-seyffert.de\/blog\/wp-content\/uploads\/2020\/06\/Wolke-Pappe-Zeitung-Sabine-Seyffert.de-3-300x225.jpg 300w, https:\/\/www.sabine-seyffert.de\/blog\/wp-content\/uploads\/2020\/06\/Wolke-Pappe-Zeitung-Sabine-Seyffert.de-3-768x576.jpg 768w\" sizes=\"auto, (max-width: 800px) 100vw, 800px\" \/><\/a><\/p>\n<p style=\"text-align: justify;\">Nun noch das lachende Gesicht aufkleben und fertig ist die Gute Laune Wolke!<\/p>\n<p style=\"text-align: center;\"><a href=\"https:\/\/www.sabine-seyffert.de\/blog\/wp-content\/uploads\/2020\/06\/Wolke-Pappe-Zeitung-Sabine-Seyffert.de-2.jpg\"><img loading=\"lazy\" decoding=\"async\" class=\"alignnone size-full wp-image-16713\" src=\"https:\/\/www.sabine-seyffert.de\/blog\/wp-content\/uploads\/2020\/06\/Wolke-Pappe-Zeitung-Sabine-Seyffert.de-2.jpg\" alt=\"\" width=\"800\" height=\"600\" srcset=\"https:\/\/www.sabine-seyffert.de\/blog\/wp-content\/uploads\/2020\/06\/Wolke-Pappe-Zeitung-Sabine-Seyffert.de-2.jpg 800w, https:\/\/www.sabine-seyffert.de\/blog\/wp-content\/uploads\/2020\/06\/Wolke-Pappe-Zeitung-Sabine-Seyffert.de-2-300x225.jpg 300w, https:\/\/www.sabine-seyffert.de\/blog\/wp-content\/uploads\/2020\/06\/Wolke-Pappe-Zeitung-Sabine-Seyffert.de-2-768x576.jpg 768w\" sizes=\"auto, (max-width: 800px) 100vw, 800px\" \/><\/a><\/p>\n<p style=\"text-align: justify;\"><strong>Ein kleiner Tipp:<\/strong><br \/>\nWer die Traumwolke im Kinderzimmer oder \u00fcber seinem Bett aufh\u00e4ngen m\u00f6chte, der zieht mit der Nadel (oder einer Lochzange) etwas Kordel durch die Wolke und knotet die Enden zusammen.<\/p>\n<p style=\"text-align: center;\"><a href=\"https:\/\/www.sabine-seyffert.de\/blog\/wp-content\/uploads\/2020\/06\/Wolke-Pappe-Zeitung-Sabine-Seyffert.de-1.jpg\"><img loading=\"lazy\" decoding=\"async\" class=\"alignnone size-full wp-image-16714\" src=\"https:\/\/www.sabine-seyffert.de\/blog\/wp-content\/uploads\/2020\/06\/Wolke-Pappe-Zeitung-Sabine-Seyffert.de-1.jpg\" alt=\"\" width=\"800\" height=\"600\" srcset=\"https:\/\/www.sabine-seyffert.de\/blog\/wp-content\/uploads\/2020\/06\/Wolke-Pappe-Zeitung-Sabine-Seyffert.de-1.jpg 800w, https:\/\/www.sabine-seyffert.de\/blog\/wp-content\/uploads\/2020\/06\/Wolke-Pappe-Zeitung-Sabine-Seyffert.de-1-300x225.jpg 300w, https:\/\/www.sabine-seyffert.de\/blog\/wp-content\/uploads\/2020\/06\/Wolke-Pappe-Zeitung-Sabine-Seyffert.de-1-768x576.jpg 768w\" sizes=\"auto, (max-width: 800px) 100vw, 800px\" \/><\/a><\/p>\n<p style=\"text-align: justify;\">Fantasiereisen zum Entspannen findet ihr in <a href=\"https:\/\/www.sabine-seyffert.de\/buch.php\" target=\"_blank\" rel=\"noopener noreferrer\">meinen B\u00fcchern<\/a> oder eine Auswahl auch in <a href=\"https:\/\/www.sabine-seyffert.de\/blog\/?cat=4\" target=\"_blank\" rel=\"noopener noreferrer\">dieser Blog Kategorie<\/a>, alles zum Thema Upcycling mit detaillierter Bastelanleitung gibt es in <a href=\"https:\/\/www.sabine-seyffert.de\/blog\/?cat=47\" target=\"_blank\" rel=\"noopener noreferrer\">dieser Rubrik<\/a>, kreative Bastelanleitungen f\u00fcr Kinder sind in <a href=\"https:\/\/www.sabine-seyffert.de\/blog\/?cat=32\" target=\"_blank\" rel=\"noopener noreferrer\">diesem Blog Ordner<\/a> und andere kreative Sachen da.<\/p>\n<p style=\"text-align: center;\"><a href=\"https:\/\/www.sabine-seyffert.de\/blog\/wp-content\/uploads\/2020\/06\/Wolke-Pappe-Zeitung-Sabine-Seyffert.de-12.jpg\"><img loading=\"lazy\" decoding=\"async\" class=\"alignnone size-full wp-image-16715\" src=\"https:\/\/www.sabine-seyffert.de\/blog\/wp-content\/uploads\/2020\/06\/Wolke-Pappe-Zeitung-Sabine-Seyffert.de-12.jpg\" alt=\"\" width=\"600\" height=\"800\" srcset=\"https:\/\/www.sabine-seyffert.de\/blog\/wp-content\/uploads\/2020\/06\/Wolke-Pappe-Zeitung-Sabine-Seyffert.de-12.jpg 600w, https:\/\/www.sabine-seyffert.de\/blog\/wp-content\/uploads\/2020\/06\/Wolke-Pappe-Zeitung-Sabine-Seyffert.de-12-225x300.jpg 225w\" sizes=\"auto, (max-width: 600px) 100vw, 600px\" \/><\/a><\/p>\n<p style=\"text-align: justify;\"><a href=\"https:\/\/www.sabine-seyffert.de\/blog\/?page_id=32#urheberrecht\">urheberrechtlich gesch\u00fctzt<\/a>, \u00a9 Sabine Seyffert<\/p>\n","protected":false},"excerpt":{"rendered":"<p>Jetzt wo wir gerade alle Zeit der Welt haben, kann einem auf die Dauer auch schon mal die Decke auf den Kopf fallen. Gerade f\u00fcr Kinder ist die derzeitige Situation belastend. Schlie\u00dflich ist es nur schwer zu verstehen, warum man die eigenen vier W\u00e4nde nicht verlassen soll, sich nicht mehr verabreden oder mit den besten&#8230; <a href=\"https:\/\/www.sabine-seyffert.de\/blog\/diy-bastelidee-fuer-kinder-meine-traumwolke-wolke-aus-pappe-zeitung-korken-basteln\/\" class=\"more-link\">Read more: DIY Bastelidee f\u00fcr Kinder: Meine Traumwolke \u2013 Wolke aus Pappe, Zeitung &#038; Korken basteln<\/a><\/p>\n","protected":false},"author":2,"featured_media":0,"comment_status":"open","ping_status":"open","sticky":false,"template":"","format":"standard","meta":{"_metis_text_type":"","_metis_text_length":2844,"_post_count":0,"footnotes":""},"categories":[32,37,47],"tags":[],"class_list":["post-16704","post","type-post","status-publish","format-standard","hentry","category-kreatives-fur-kleine-kinderhande","category-himmlisches","category-upcyceltes"],"_links":{"self":[{"href":"https:\/\/www.sabine-seyffert.de\/blog\/wp-json\/wp\/v2\/posts\/16704","targetHints":{"allow":["GET"]}}],"collection":[{"href":"https:\/\/www.sabine-seyffert.de\/blog\/wp-json\/wp\/v2\/posts"}],"about":[{"href":"https:\/\/www.sabine-seyffert.de\/blog\/wp-json\/wp\/v2\/types\/post"}],"author":[{"embeddable":true,"href":"https:\/\/www.sabine-seyffert.de\/blog\/wp-json\/wp\/v2\/users\/2"}],"replies":[{"embeddable":true,"href":"https:\/\/www.sabine-seyffert.de\/blog\/wp-json\/wp\/v2\/comments?post=16704"}],"version-history":[{"count":3,"href":"https:\/\/www.sabine-seyffert.de\/blog\/wp-json\/wp\/v2\/posts\/16704\/revisions"}],"predecessor-version":[{"id":16718,"href":"https:\/\/www.sabine-seyffert.de\/blog\/wp-json\/wp\/v2\/posts\/16704\/revisions\/16718"}],"wp:attachment":[{"href":"https:\/\/www.sabine-seyffert.de\/blog\/wp-json\/wp\/v2\/media?parent=16704"}],"wp:term":[{"taxonomy":"category","embeddable":true,"href":"https:\/\/www.sabine-seyffert.de\/blog\/wp-json\/wp\/v2\/categories?post=16704"},{"taxonomy":"post_tag","embeddable":true,"href":"https:\/\/www.sabine-seyffert.de\/blog\/wp-json\/wp\/v2\/tags?post=16704"}],"curies":[{"name":"wp","href":"https:\/\/api.w.org\/{rel}","templated":true}]}}