{"id":16677,"date":"2020-05-31T08:42:52","date_gmt":"2020-05-31T06:42:52","guid":{"rendered":"https:\/\/www.sabine-seyffert.de\/blog\/?p=16677"},"modified":"2020-06-09T06:43:09","modified_gmt":"2020-06-09T04:43:09","slug":"diy-bastelidee-selbst-gemachte-geschenkverpackung-mit-vergissmeinnicht-blueten","status":"publish","type":"post","link":"https:\/\/www.sabine-seyffert.de\/blog\/diy-bastelidee-selbst-gemachte-geschenkverpackung-mit-vergissmeinnicht-blueten\/","title":{"rendered":"DIY Bastelidee: Selbst gemachte Geschenkverpackung mit Vergissmeinnicht Bl\u00fcten"},"content":{"rendered":"<p style=\"text-align: justify;\"><img loading=\"lazy\" decoding=\"async\" src=\"https:\/\/vg01.met.vgwort.de\/na\/2d079426e0074dfcad422b68fa3734d1\" alt=\"\" width=\"1\" height=\"1\" \/>Es gibt f\u00fcr mich kaum eine sch\u00f6nere Besch\u00e4ftigung als Geschenke kreativ zu verpacken. Das ist mein pers\u00f6nliches Yoga und dabei kann ich ganz wunderbar entspannen. Dieses Geburtstagsgeschenk sollte in einem kleinen Meer als zarten Bl\u00fcten verschwinden. Und weil das Geburtstagskind Vergissmeinnicht besonders mag, habe ich kurzerhand zahlreiche blaue Minibl\u00fcten f\u00fcr die Bord\u00fcre angefertigt. Dank des Motivlochers geht das wirklich fix, so dass auch unge\u00fcbte Bastler keine Schwierigkeiten beim Basteln dieser Verpackungsidee haben werden.<\/p>\n<p style=\"text-align: center;\"><a href=\"https:\/\/www.sabine-seyffert.de\/blog\/wp-content\/uploads\/2020\/05\/Geschenk-Vergissmeinnicht-Sabine-Seyffert.de-2.jpg\"><img loading=\"lazy\" decoding=\"async\" class=\"alignnone size-full wp-image-16678\" src=\"https:\/\/www.sabine-seyffert.de\/blog\/wp-content\/uploads\/2020\/05\/Geschenk-Vergissmeinnicht-Sabine-Seyffert.de-2.jpg\" alt=\"\" width=\"800\" height=\"600\" srcset=\"https:\/\/www.sabine-seyffert.de\/blog\/wp-content\/uploads\/2020\/05\/Geschenk-Vergissmeinnicht-Sabine-Seyffert.de-2.jpg 800w, https:\/\/www.sabine-seyffert.de\/blog\/wp-content\/uploads\/2020\/05\/Geschenk-Vergissmeinnicht-Sabine-Seyffert.de-2-300x225.jpg 300w, https:\/\/www.sabine-seyffert.de\/blog\/wp-content\/uploads\/2020\/05\/Geschenk-Vergissmeinnicht-Sabine-Seyffert.de-2-768x576.jpg 768w\" sizes=\"auto, (max-width: 800px) 100vw, 800px\" \/><\/a><\/p>\n<p style=\"text-align: justify;\"><strong>Das wird gebraucht:<\/strong><br \/>\nNaturbraunes Packpapier, hellblaues Tonpapier, einen Mini Motivstanzer Bl\u00fcte, etwas Naturbast oder normale Kordel, eine alte Tageszeitung, einen d\u00fcnnen Langhaar-Pinsel (ohne alternativ Zahnstocher), gelbe Bastelfarbe \/ wasserl\u00f6slichen Acryllack, einen Wasserfarbkasten, eine Schere, Bastelkleber sowie optional Stempel samt Stempelkissen<\/p>\n<p style=\"text-align: center;\"><a href=\"https:\/\/www.sabine-seyffert.de\/blog\/wp-content\/uploads\/2020\/05\/Geschenk-Vergissmeinnicht-Sabine-Seyffert.de-1.jpg\"><img loading=\"lazy\" decoding=\"async\" class=\"alignnone size-full wp-image-16679\" src=\"https:\/\/www.sabine-seyffert.de\/blog\/wp-content\/uploads\/2020\/05\/Geschenk-Vergissmeinnicht-Sabine-Seyffert.de-1.jpg\" alt=\"\" width=\"800\" height=\"600\" srcset=\"https:\/\/www.sabine-seyffert.de\/blog\/wp-content\/uploads\/2020\/05\/Geschenk-Vergissmeinnicht-Sabine-Seyffert.de-1.jpg 800w, https:\/\/www.sabine-seyffert.de\/blog\/wp-content\/uploads\/2020\/05\/Geschenk-Vergissmeinnicht-Sabine-Seyffert.de-1-300x225.jpg 300w, https:\/\/www.sabine-seyffert.de\/blog\/wp-content\/uploads\/2020\/05\/Geschenk-Vergissmeinnicht-Sabine-Seyffert.de-1-768x576.jpg 768w\" sizes=\"auto, (max-width: 800px) 100vw, 800px\" \/><\/a><\/p>\n<p style=\"text-align: justify;\"><strong>So wird\u2019s gemacht:<\/strong><br \/>\nDas Geschenk selbst habe ich in Packpapier verpackt. Mit Hilfe des Stanzers habe ich aus d\u00fcnnerem blauem Tonzeichenpapier kleine Bl\u00fcten gelocht.<\/p>\n<p style=\"text-align: center;\"><a href=\"https:\/\/www.sabine-seyffert.de\/blog\/wp-content\/uploads\/2020\/05\/Geschenk-Vergissmeinnicht-Sabine-Seyffert.de-4.jpg\"><img loading=\"lazy\" decoding=\"async\" class=\"alignnone size-full wp-image-16680\" src=\"https:\/\/www.sabine-seyffert.de\/blog\/wp-content\/uploads\/2020\/05\/Geschenk-Vergissmeinnicht-Sabine-Seyffert.de-4.jpg\" alt=\"\" width=\"800\" height=\"600\" srcset=\"https:\/\/www.sabine-seyffert.de\/blog\/wp-content\/uploads\/2020\/05\/Geschenk-Vergissmeinnicht-Sabine-Seyffert.de-4.jpg 800w, https:\/\/www.sabine-seyffert.de\/blog\/wp-content\/uploads\/2020\/05\/Geschenk-Vergissmeinnicht-Sabine-Seyffert.de-4-300x225.jpg 300w, https:\/\/www.sabine-seyffert.de\/blog\/wp-content\/uploads\/2020\/05\/Geschenk-Vergissmeinnicht-Sabine-Seyffert.de-4-768x576.jpg 768w\" sizes=\"auto, (max-width: 800px) 100vw, 800px\" \/><\/a><\/p>\n<p style=\"text-align: justify;\">F\u00fcr die Mini Locher muss man meist eine d\u00fcnnere Papierst\u00e4rke verwenden, da diese sonst kaputt gehen oder nicht korrekt stanzen.<\/p>\n<p style=\"text-align: center;\"><a href=\"https:\/\/www.sabine-seyffert.de\/blog\/wp-content\/uploads\/2020\/05\/Geschenk-Vergissmeinnicht-Sabine-Seyffert.de-5.jpg\"><img loading=\"lazy\" decoding=\"async\" class=\"alignnone size-full wp-image-16681\" src=\"https:\/\/www.sabine-seyffert.de\/blog\/wp-content\/uploads\/2020\/05\/Geschenk-Vergissmeinnicht-Sabine-Seyffert.de-5.jpg\" alt=\"\" width=\"800\" height=\"600\" srcset=\"https:\/\/www.sabine-seyffert.de\/blog\/wp-content\/uploads\/2020\/05\/Geschenk-Vergissmeinnicht-Sabine-Seyffert.de-5.jpg 800w, https:\/\/www.sabine-seyffert.de\/blog\/wp-content\/uploads\/2020\/05\/Geschenk-Vergissmeinnicht-Sabine-Seyffert.de-5-300x225.jpg 300w, https:\/\/www.sabine-seyffert.de\/blog\/wp-content\/uploads\/2020\/05\/Geschenk-Vergissmeinnicht-Sabine-Seyffert.de-5-768x576.jpg 768w\" sizes=\"auto, (max-width: 800px) 100vw, 800px\" \/><\/a><\/p>\n<p style=\"text-align: justify;\">Au\u00dferdem habe ich ein St\u00fcck mit reinem Text bedruckte Zeitung, wie <a href=\"https:\/\/www.sabine-seyffert.de\/blog\/?p=13917\" target=\"_blank\" rel=\"noopener noreferrer\">hier<\/a>, mit gr\u00fcner Wasserfarbe angemalt. Hierbei sollte man am besten einen breiten Borstenpinsel zum Malen verwenden.<\/p>\n<p style=\"text-align: center;\"><a href=\"https:\/\/www.sabine-seyffert.de\/blog\/wp-content\/uploads\/2020\/05\/Geschenk-Vergissmeinnicht-Sabine-Seyffert.de-6.jpg\"><img loading=\"lazy\" decoding=\"async\" class=\"alignnone size-full wp-image-16682\" src=\"https:\/\/www.sabine-seyffert.de\/blog\/wp-content\/uploads\/2020\/05\/Geschenk-Vergissmeinnicht-Sabine-Seyffert.de-6.jpg\" alt=\"\" width=\"800\" height=\"600\" srcset=\"https:\/\/www.sabine-seyffert.de\/blog\/wp-content\/uploads\/2020\/05\/Geschenk-Vergissmeinnicht-Sabine-Seyffert.de-6.jpg 800w, https:\/\/www.sabine-seyffert.de\/blog\/wp-content\/uploads\/2020\/05\/Geschenk-Vergissmeinnicht-Sabine-Seyffert.de-6-300x225.jpg 300w, https:\/\/www.sabine-seyffert.de\/blog\/wp-content\/uploads\/2020\/05\/Geschenk-Vergissmeinnicht-Sabine-Seyffert.de-6-768x576.jpg 768w\" sizes=\"auto, (max-width: 800px) 100vw, 800px\" \/><\/a><\/p>\n<p style=\"text-align: justify;\">Sobald die Farbe trocken ist, kann man daraus mit der Schere ein paar \u201eovale\u201c Bl\u00fctenbl\u00e4tter schneiden. Wer keine Lust hast Zeitungspapier zu diesem Zweck anzumalen, kann auch gr\u00fcnes Bastelpapier verwenden. Viel Papier ist hierf\u00fcr ja nicht notwendig.<\/p>\n<p style=\"text-align: center;\"><a href=\"https:\/\/www.sabine-seyffert.de\/blog\/wp-content\/uploads\/2020\/05\/Geschenk-Vergissmeinnicht-Sabine-Seyffert.de-7.jpg\"><img loading=\"lazy\" decoding=\"async\" class=\"alignnone size-full wp-image-16684\" src=\"https:\/\/www.sabine-seyffert.de\/blog\/wp-content\/uploads\/2020\/05\/Geschenk-Vergissmeinnicht-Sabine-Seyffert.de-7.jpg\" alt=\"\" width=\"800\" height=\"600\" srcset=\"https:\/\/www.sabine-seyffert.de\/blog\/wp-content\/uploads\/2020\/05\/Geschenk-Vergissmeinnicht-Sabine-Seyffert.de-7.jpg 800w, https:\/\/www.sabine-seyffert.de\/blog\/wp-content\/uploads\/2020\/05\/Geschenk-Vergissmeinnicht-Sabine-Seyffert.de-7-300x225.jpg 300w, https:\/\/www.sabine-seyffert.de\/blog\/wp-content\/uploads\/2020\/05\/Geschenk-Vergissmeinnicht-Sabine-Seyffert.de-7-768x576.jpg 768w\" sizes=\"auto, (max-width: 800px) 100vw, 800px\" \/><\/a><\/p>\n<p style=\"text-align: justify;\">Die blauen Bl\u00fcten und auch die l\u00e4nglichen Bl\u00e4tter habe ich mit einem Klebstift am Rand auf das Packpapier geklebt. So dass eine Art Bord\u00fcre mit den Bl\u00fcten entsteht. Ganz zum Schluss habe ich mit einem ganz d\u00fcnnen Pinsel in jede der hellblauen Vergissmeinnichtbl\u00fcten einen kleinen gelben Punkt gemalt. So sehen diese den echten Blumen sehr \u00e4hnlich. Alternativ geht es sicher auch mit einem Lackstift oder Gelschreiber. Allerdings habe ich diese nirgendwo in einem so warm leuchtenden Gelb finden k\u00f6nnen.<\/p>\n<p style=\"text-align: center;\"><a href=\"https:\/\/www.sabine-seyffert.de\/blog\/wp-content\/uploads\/2020\/05\/Geschenk-Vergissmeinnicht-Sabine-Seyffert.de-8.jpg\"><img loading=\"lazy\" decoding=\"async\" class=\"alignnone size-full wp-image-16685\" src=\"https:\/\/www.sabine-seyffert.de\/blog\/wp-content\/uploads\/2020\/05\/Geschenk-Vergissmeinnicht-Sabine-Seyffert.de-8.jpg\" alt=\"\" width=\"800\" height=\"600\" srcset=\"https:\/\/www.sabine-seyffert.de\/blog\/wp-content\/uploads\/2020\/05\/Geschenk-Vergissmeinnicht-Sabine-Seyffert.de-8.jpg 800w, https:\/\/www.sabine-seyffert.de\/blog\/wp-content\/uploads\/2020\/05\/Geschenk-Vergissmeinnicht-Sabine-Seyffert.de-8-300x225.jpg 300w, https:\/\/www.sabine-seyffert.de\/blog\/wp-content\/uploads\/2020\/05\/Geschenk-Vergissmeinnicht-Sabine-Seyffert.de-8-768x576.jpg 768w\" sizes=\"auto, (max-width: 800px) 100vw, 800px\" \/><\/a><\/p>\n<p style=\"text-align: justify;\"><strong>Ein kleiner Tipp:<\/strong><br \/>\nWer mag kann mit Stempeln noch einen kleinen Geburtstagsgru\u00df oder den Namen des Geburtstagskindes auf das Geschenk stempeln<\/p>\n<p style=\"text-align: center;\"><a href=\"https:\/\/www.sabine-seyffert.de\/blog\/wp-content\/uploads\/2020\/05\/Geschenk-Vergissmeinnicht-Sabine-Seyffert.de-9.jpg\"><img loading=\"lazy\" decoding=\"async\" class=\"alignnone size-full wp-image-16686\" src=\"https:\/\/www.sabine-seyffert.de\/blog\/wp-content\/uploads\/2020\/05\/Geschenk-Vergissmeinnicht-Sabine-Seyffert.de-9.jpg\" alt=\"\" width=\"800\" height=\"600\" srcset=\"https:\/\/www.sabine-seyffert.de\/blog\/wp-content\/uploads\/2020\/05\/Geschenk-Vergissmeinnicht-Sabine-Seyffert.de-9.jpg 800w, https:\/\/www.sabine-seyffert.de\/blog\/wp-content\/uploads\/2020\/05\/Geschenk-Vergissmeinnicht-Sabine-Seyffert.de-9-300x225.jpg 300w, https:\/\/www.sabine-seyffert.de\/blog\/wp-content\/uploads\/2020\/05\/Geschenk-Vergissmeinnicht-Sabine-Seyffert.de-9-768x576.jpg 768w\" sizes=\"auto, (max-width: 800px) 100vw, 800px\" \/><\/a><\/p>\n<p style=\"text-align: justify;\">Weitere Inspirationen f\u00fcr selbst gemachte Geschenkverpackungen findet ihr \u00fcbrigens in <a href=\"https:\/\/www.sabine-seyffert.de\/blog\/?cat=49\" target=\"_blank\" rel=\"noopener noreferrer\">dieser Blog Kategorie<\/a>, klitzekleine Geschenkideen gibt es in <a href=\"https:\/\/www.sabine-seyffert.de\/blog\/?cat=36\" target=\"_blank\" rel=\"noopener noreferrer\">diesem Ordner<\/a>, alles zum Thema Fr\u00fchling in <a href=\"https:\/\/www.sabine-seyffert.de\/blog\/?cat=23\" target=\"_blank\" rel=\"noopener noreferrer\">dieser Rubrik<\/a> und andere kreative Sachen werden an <a href=\"https:\/\/www.creadienstag.de\/2020\/06\/linkparty-421.html\" target=\"_blank\" rel=\"noopener nofollow noreferrer\">dieser<\/a> Stelle gesammelt.<\/p>\n<p style=\"text-align: center;\"><a href=\"https:\/\/www.sabine-seyffert.de\/blog\/wp-content\/uploads\/2020\/05\/Geschenk-Vergissmeinnicht-Sabine-Seyffert.de-11.jpg\"><img loading=\"lazy\" decoding=\"async\" class=\"alignnone size-full wp-image-16687\" src=\"https:\/\/www.sabine-seyffert.de\/blog\/wp-content\/uploads\/2020\/05\/Geschenk-Vergissmeinnicht-Sabine-Seyffert.de-11.jpg\" alt=\"\" width=\"600\" height=\"800\" srcset=\"https:\/\/www.sabine-seyffert.de\/blog\/wp-content\/uploads\/2020\/05\/Geschenk-Vergissmeinnicht-Sabine-Seyffert.de-11.jpg 600w, https:\/\/www.sabine-seyffert.de\/blog\/wp-content\/uploads\/2020\/05\/Geschenk-Vergissmeinnicht-Sabine-Seyffert.de-11-225x300.jpg 225w\" sizes=\"auto, (max-width: 600px) 100vw, 600px\" \/><\/a><\/p>\n<p style=\"text-align: justify;\"><a href=\"https:\/\/www.sabine-seyffert.de\/blog\/?page_id=32#urheberrecht\">urheberrechtlich gesch\u00fctzt<\/a>, \u00a9 Sabine Seyffert<\/p>\n","protected":false},"excerpt":{"rendered":"<p>Es gibt f\u00fcr mich kaum eine sch\u00f6nere Besch\u00e4ftigung als Geschenke kreativ zu verpacken. Das ist mein pers\u00f6nliches Yoga und dabei kann ich ganz wunderbar entspannen. Dieses Geburtstagsgeschenk sollte in einem kleinen Meer als zarten Bl\u00fcten verschwinden. Und weil das Geburtstagskind Vergissmeinnicht besonders mag, habe ich kurzerhand zahlreiche blaue Minibl\u00fcten f\u00fcr die Bord\u00fcre angefertigt. Dank des&#8230; <a href=\"https:\/\/www.sabine-seyffert.de\/blog\/diy-bastelidee-selbst-gemachte-geschenkverpackung-mit-vergissmeinnicht-blueten\/\" class=\"more-link\">Read more: DIY Bastelidee: Selbst gemachte Geschenkverpackung mit Vergissmeinnicht Bl\u00fcten<\/a><\/p>\n","protected":false},"author":2,"featured_media":0,"comment_status":"open","ping_status":"open","sticky":false,"template":"","format":"standard","meta":{"_metis_text_type":"","_metis_text_length":2576,"_post_count":0,"footnotes":""},"categories":[23,49],"tags":[],"class_list":["post-16677","post","type-post","status-publish","format-standard","hentry","category-fruhling","category-verpackungsideen"],"_links":{"self":[{"href":"https:\/\/www.sabine-seyffert.de\/blog\/wp-json\/wp\/v2\/posts\/16677","targetHints":{"allow":["GET"]}}],"collection":[{"href":"https:\/\/www.sabine-seyffert.de\/blog\/wp-json\/wp\/v2\/posts"}],"about":[{"href":"https:\/\/www.sabine-seyffert.de\/blog\/wp-json\/wp\/v2\/types\/post"}],"author":[{"embeddable":true,"href":"https:\/\/www.sabine-seyffert.de\/blog\/wp-json\/wp\/v2\/users\/2"}],"replies":[{"embeddable":true,"href":"https:\/\/www.sabine-seyffert.de\/blog\/wp-json\/wp\/v2\/comments?post=16677"}],"version-history":[{"count":3,"href":"https:\/\/www.sabine-seyffert.de\/blog\/wp-json\/wp\/v2\/posts\/16677\/revisions"}],"predecessor-version":[{"id":16743,"href":"https:\/\/www.sabine-seyffert.de\/blog\/wp-json\/wp\/v2\/posts\/16677\/revisions\/16743"}],"wp:attachment":[{"href":"https:\/\/www.sabine-seyffert.de\/blog\/wp-json\/wp\/v2\/media?parent=16677"}],"wp:term":[{"taxonomy":"category","embeddable":true,"href":"https:\/\/www.sabine-seyffert.de\/blog\/wp-json\/wp\/v2\/categories?post=16677"},{"taxonomy":"post_tag","embeddable":true,"href":"https:\/\/www.sabine-seyffert.de\/blog\/wp-json\/wp\/v2\/tags?post=16677"}],"curies":[{"name":"wp","href":"https:\/\/api.w.org\/{rel}","templated":true}]}}