{"id":16638,"date":"2020-05-25T06:27:19","date_gmt":"2020-05-25T04:27:19","guid":{"rendered":"https:\/\/www.sabine-seyffert.de\/blog\/?p=16638"},"modified":"2020-05-25T06:27:19","modified_gmt":"2020-05-25T04:27:19","slug":"diy-basteln-mit-naturmaterial-mit-kindern-zauberhafte-libellen-aus-ahornnasen-gestalten-bastelspass-fuer-kinderhaende","status":"publish","type":"post","link":"https:\/\/www.sabine-seyffert.de\/blog\/diy-basteln-mit-naturmaterial-mit-kindern-zauberhafte-libellen-aus-ahornnasen-gestalten-bastelspass-fuer-kinderhaende\/","title":{"rendered":"DIY Basteln mit Naturmaterial: Mit Kindern zauberhafte Libellen aus Ahornnasen gestalten &#8211; Bastelspa\u00df f\u00fcr Kinderh\u00e4nde"},"content":{"rendered":"<p style=\"text-align: justify;\"><img loading=\"lazy\" decoding=\"async\" src=\"https:\/\/vg01.met.vgwort.de\/na\/00e9669c6c84467aa38451026ec71e22\" alt=\"\" width=\"1\" height=\"1\" \/>Mit Ahornnase bastele ich jedes Jahr aufs Neue. Es gibt so viel tolle Dinge, die man damit herstellen kann. Einige davon habe ich euch auf dem Blog schon gezeigt, wie beispielsweise die <a href=\"https:\/\/www.sabine-seyffert.de\/blog\/?p=4632\" target=\"_blank\" rel=\"noopener noreferrer\">lustigen Bienchen<\/a>, <a href=\"https:\/\/www.sabine-seyffert.de\/blog\/?p=12368\" target=\"_blank\" rel=\"noopener noreferrer\">kleine Schutzengel<\/a>, stimmungsvolle <a href=\"https:\/\/www.sabine-seyffert.de\/blog\/?p=10477\" target=\"_blank\" rel=\"noopener noreferrer\">Windlichter<\/a> oder auch die <a href=\"https:\/\/www.sabine-seyffert.de\/blog\/?p=14492\" target=\"_blank\" rel=\"noopener noreferrer\">bunten Schmetterlinge<\/a> aus dem letzten Jahr.<br \/>\nSomit habe ich mich wieder einmal auf die Suche nach Ahornb\u00e4umen gemacht und einen ganzen Schwung voller Ahornnasen gesammelt, die von Kindern nun zu richtig tollen Kunstwerken verarbeitet wurden.<br \/>\nF\u00fcr alle, die auch gerne mit Naturmaterial werkeln und eine kreative Besch\u00e4ftigung f\u00fcr Kinder suchen, kommt hier nun die detaillierte Bastelanleitung zum Nachmachen.<\/p>\n<p style=\"text-align: center;\"><a href=\"https:\/\/www.sabine-seyffert.de\/blog\/wp-content\/uploads\/2020\/05\/Libellen-Upcycling-Sabine-Seyffert.de-5.jpg\"><img loading=\"lazy\" decoding=\"async\" class=\"alignnone size-full wp-image-16639\" src=\"https:\/\/www.sabine-seyffert.de\/blog\/wp-content\/uploads\/2020\/05\/Libellen-Upcycling-Sabine-Seyffert.de-5.jpg\" alt=\"\" width=\"800\" height=\"600\" srcset=\"https:\/\/www.sabine-seyffert.de\/blog\/wp-content\/uploads\/2020\/05\/Libellen-Upcycling-Sabine-Seyffert.de-5.jpg 800w, https:\/\/www.sabine-seyffert.de\/blog\/wp-content\/uploads\/2020\/05\/Libellen-Upcycling-Sabine-Seyffert.de-5-300x225.jpg 300w, https:\/\/www.sabine-seyffert.de\/blog\/wp-content\/uploads\/2020\/05\/Libellen-Upcycling-Sabine-Seyffert.de-5-768x576.jpg 768w\" sizes=\"auto, (max-width: 800px) 100vw, 800px\" \/><\/a><\/p>\n<p style=\"text-align: justify;\"><strong>Das wird gebraucht:<\/strong><br \/>\nPackpapier (F\u00fcllmaterial aus einer Paketsendung), Ahornnase, Fotokarton, eine altes Tageszeitung, Bastelschere, Kleber, Draht, kleine Perlen, Watte, einen Wasserfarbkasten, Papierreste in braun (oder ein St\u00fcck Packpapier mit Wasserfarbe bemalen) sowie optional Malkittel und eine Bastelunterlage \/ abwaschbare Tischdecke<\/p>\n<p style=\"text-align: center;\"><a href=\"https:\/\/www.sabine-seyffert.de\/blog\/wp-content\/uploads\/2020\/05\/Libellen-Upcycling-Sabine-Seyffert.de-11.jpg\"><img loading=\"lazy\" decoding=\"async\" class=\"alignnone size-full wp-image-16640\" src=\"https:\/\/www.sabine-seyffert.de\/blog\/wp-content\/uploads\/2020\/05\/Libellen-Upcycling-Sabine-Seyffert.de-11.jpg\" alt=\"\" width=\"800\" height=\"600\" srcset=\"https:\/\/www.sabine-seyffert.de\/blog\/wp-content\/uploads\/2020\/05\/Libellen-Upcycling-Sabine-Seyffert.de-11.jpg 800w, https:\/\/www.sabine-seyffert.de\/blog\/wp-content\/uploads\/2020\/05\/Libellen-Upcycling-Sabine-Seyffert.de-11-300x225.jpg 300w, https:\/\/www.sabine-seyffert.de\/blog\/wp-content\/uploads\/2020\/05\/Libellen-Upcycling-Sabine-Seyffert.de-11-768x576.jpg 768w\" sizes=\"auto, (max-width: 800px) 100vw, 800px\" \/><\/a><\/p>\n<p style=\"text-align: justify;\"><strong>So wird\u2019s gemacht:<\/strong><br \/>\nAls erstes deckt man den Tisch mit alter Zeitung, einer Bastelunterlage o.\u00e4. ab. Die Kinder k\u00f6nnen sich die Malkittel \u00fcberziehen und schon kann es losgehen!<br \/>\nAm besten nimmt man sich erst einmal die Ahornnasen vor. Die k\u00f6nnen mit d\u00fcnnen Pinsel und Wasserfarbe kunterbunt angemalt werden.<\/p>\n<p style=\"text-align: center;\"><a href=\"https:\/\/www.sabine-seyffert.de\/blog\/wp-content\/uploads\/2020\/05\/Libellen-Upcycling-Sabine-Seyffert.de-1.jpg\"><img loading=\"lazy\" decoding=\"async\" class=\"alignnone size-full wp-image-16641\" src=\"https:\/\/www.sabine-seyffert.de\/blog\/wp-content\/uploads\/2020\/05\/Libellen-Upcycling-Sabine-Seyffert.de-1.jpg\" alt=\"\" width=\"600\" height=\"800\" srcset=\"https:\/\/www.sabine-seyffert.de\/blog\/wp-content\/uploads\/2020\/05\/Libellen-Upcycling-Sabine-Seyffert.de-1.jpg 600w, https:\/\/www.sabine-seyffert.de\/blog\/wp-content\/uploads\/2020\/05\/Libellen-Upcycling-Sabine-Seyffert.de-1-225x300.jpg 225w\" sizes=\"auto, (max-width: 600px) 100vw, 600px\" \/><\/a><\/p>\n<p style=\"text-align: justify;\">Au\u00dferdem schneidet sich jeder aus einer gelesenen Zeitung einen nur mit Schrift bedruckten Teil aus. Diesen streicht man anschlie\u00dfend mit gr\u00fcner und ein kleines St\u00fcck in brauner Farbe an, wie <a href=\"https:\/\/www.sabine-seyffert.de\/blog\/?p=13917\" target=\"_blank\" rel=\"noopener noreferrer\">hier<\/a> beschrieben.<\/p>\n<p style=\"text-align: center;\"><a href=\"https:\/\/www.sabine-seyffert.de\/blog\/wp-content\/uploads\/2020\/05\/Libellen-Upcycling-Sabine-Seyffert.de-2.jpg\"><img loading=\"lazy\" decoding=\"async\" class=\"alignnone size-full wp-image-16642\" src=\"https:\/\/www.sabine-seyffert.de\/blog\/wp-content\/uploads\/2020\/05\/Libellen-Upcycling-Sabine-Seyffert.de-2.jpg\" alt=\"\" width=\"600\" height=\"800\" srcset=\"https:\/\/www.sabine-seyffert.de\/blog\/wp-content\/uploads\/2020\/05\/Libellen-Upcycling-Sabine-Seyffert.de-2.jpg 600w, https:\/\/www.sabine-seyffert.de\/blog\/wp-content\/uploads\/2020\/05\/Libellen-Upcycling-Sabine-Seyffert.de-2-225x300.jpg 225w\" sizes=\"auto, (max-width: 600px) 100vw, 600px\" \/><\/a><\/p>\n<p style=\"text-align: justify;\">W\u00e4hrend die Farbe trocknet, darf sich jeder ein etwa Din A4 gro\u00dfes St\u00fcck aus dem Tonkarton schneiden. Ich habe diesen in dunklem blau gew\u00e4hlt, damit die Libellen darauf gut zur Geltung kommen.<\/p>\n<p style=\"text-align: center;\"><a href=\"https:\/\/www.sabine-seyffert.de\/blog\/wp-content\/uploads\/2020\/05\/Libellen-Upcycling-Sabine-Seyffert.de-10.jpg\"><img loading=\"lazy\" decoding=\"async\" class=\"alignnone size-full wp-image-16643\" src=\"https:\/\/www.sabine-seyffert.de\/blog\/wp-content\/uploads\/2020\/05\/Libellen-Upcycling-Sabine-Seyffert.de-10.jpg\" alt=\"\" width=\"800\" height=\"600\" srcset=\"https:\/\/www.sabine-seyffert.de\/blog\/wp-content\/uploads\/2020\/05\/Libellen-Upcycling-Sabine-Seyffert.de-10.jpg 800w, https:\/\/www.sabine-seyffert.de\/blog\/wp-content\/uploads\/2020\/05\/Libellen-Upcycling-Sabine-Seyffert.de-10-300x225.jpg 300w, https:\/\/www.sabine-seyffert.de\/blog\/wp-content\/uploads\/2020\/05\/Libellen-Upcycling-Sabine-Seyffert.de-10-768x576.jpg 768w\" sizes=\"auto, (max-width: 800px) 100vw, 800px\" \/><\/a><\/p>\n<p style=\"text-align: justify;\">Wer die Bilder komplett upcyceln m\u00f6chte, kann daf\u00fcr auch aus einem alten Karton Pappe zuschneiden. Leider hatte ich f\u00fcr die Anzahl der Kinder nicht ausreichen Pappkartons zur Hand.<\/p>\n<p style=\"text-align: center;\"><a href=\"https:\/\/www.sabine-seyffert.de\/blog\/wp-content\/uploads\/2020\/05\/Libellen-Upcycling-Sabine-Seyffert.de-3.jpg\"><img loading=\"lazy\" decoding=\"async\" class=\"alignnone size-full wp-image-16644\" src=\"https:\/\/www.sabine-seyffert.de\/blog\/wp-content\/uploads\/2020\/05\/Libellen-Upcycling-Sabine-Seyffert.de-3.jpg\" alt=\"\" width=\"600\" height=\"800\" srcset=\"https:\/\/www.sabine-seyffert.de\/blog\/wp-content\/uploads\/2020\/05\/Libellen-Upcycling-Sabine-Seyffert.de-3.jpg 600w, https:\/\/www.sabine-seyffert.de\/blog\/wp-content\/uploads\/2020\/05\/Libellen-Upcycling-Sabine-Seyffert.de-3-225x300.jpg 225w\" sizes=\"auto, (max-width: 600px) 100vw, 600px\" \/><\/a><\/p>\n<p style=\"text-align: justify;\">F\u00fcr die Libellen haben wir aus festem Packpapier, was als F\u00fcllmaterial einer Paketsendung beilag, Rechtecke geschnitten (etwa in der Gr\u00f6\u00dfe 6 x 8 cm) und die Kinder haben diese zusammen gerollt und diese Papierrollen in sich gedreht.<\/p>\n<p style=\"text-align: center;\"><a href=\"https:\/\/www.sabine-seyffert.de\/blog\/wp-content\/uploads\/2020\/05\/Libellen-Upcycling-Sabine-Seyffert.de-9.jpg\"><img loading=\"lazy\" decoding=\"async\" class=\"alignnone size-full wp-image-16645\" src=\"https:\/\/www.sabine-seyffert.de\/blog\/wp-content\/uploads\/2020\/05\/Libellen-Upcycling-Sabine-Seyffert.de-9.jpg\" alt=\"\" width=\"800\" height=\"600\" srcset=\"https:\/\/www.sabine-seyffert.de\/blog\/wp-content\/uploads\/2020\/05\/Libellen-Upcycling-Sabine-Seyffert.de-9.jpg 800w, https:\/\/www.sabine-seyffert.de\/blog\/wp-content\/uploads\/2020\/05\/Libellen-Upcycling-Sabine-Seyffert.de-9-300x225.jpg 300w, https:\/\/www.sabine-seyffert.de\/blog\/wp-content\/uploads\/2020\/05\/Libellen-Upcycling-Sabine-Seyffert.de-9-768x576.jpg 768w\" sizes=\"auto, (max-width: 800px) 100vw, 800px\" \/><\/a><\/p>\n<p style=\"text-align: justify;\">Dann schneidet man von d\u00fcnnem Basteldraht ein St\u00fcck ab, f\u00e4delt an beide Enden je eine Perle und dreht die Drahtenden dann so ein, dass die Perlen fest sitzen.<br \/>\nDann legt man den Libellen-K\u00f6rper (Packpapierrolle) dazwischen und dreht die Drahtf\u00fchler am oberen Ende fest.<\/p>\n<p style=\"text-align: center;\"><a href=\"https:\/\/www.sabine-seyffert.de\/blog\/wp-content\/uploads\/2020\/05\/Libellen-Upcycling-Sabine-Seyffert.de-8.jpg\"><img loading=\"lazy\" decoding=\"async\" class=\"alignnone size-full wp-image-16646\" src=\"https:\/\/www.sabine-seyffert.de\/blog\/wp-content\/uploads\/2020\/05\/Libellen-Upcycling-Sabine-Seyffert.de-8.jpg\" alt=\"\" width=\"800\" height=\"600\" srcset=\"https:\/\/www.sabine-seyffert.de\/blog\/wp-content\/uploads\/2020\/05\/Libellen-Upcycling-Sabine-Seyffert.de-8.jpg 800w, https:\/\/www.sabine-seyffert.de\/blog\/wp-content\/uploads\/2020\/05\/Libellen-Upcycling-Sabine-Seyffert.de-8-300x225.jpg 300w, https:\/\/www.sabine-seyffert.de\/blog\/wp-content\/uploads\/2020\/05\/Libellen-Upcycling-Sabine-Seyffert.de-8-768x576.jpg 768w\" sizes=\"auto, (max-width: 800px) 100vw, 800px\" \/><\/a><\/p>\n<p style=\"text-align: justify;\">Aus dem gr\u00fcnen Zeitungspapier rei\u00dft man per Hand verschieden lange Streifen und klebt am unteren Bildrand ein paar Gr\u00e4ser auf. Dazwischen kommen noch ein paar d\u00fcnne Schilf Halme dazwischen, die man aus dem Packpapier schneidet. Oben drauf haben wir aus dem braun bemalten Papier noch Rohrkolben gesetzt.<\/p>\n<p style=\"text-align: center;\"><a href=\"https:\/\/www.sabine-seyffert.de\/blog\/wp-content\/uploads\/2020\/05\/Libellen-Upcycling-Sabine-Seyffert.de-6.jpg\"><img loading=\"lazy\" decoding=\"async\" class=\"alignnone size-full wp-image-16647\" src=\"https:\/\/www.sabine-seyffert.de\/blog\/wp-content\/uploads\/2020\/05\/Libellen-Upcycling-Sabine-Seyffert.de-6.jpg\" alt=\"\" width=\"800\" height=\"600\" srcset=\"https:\/\/www.sabine-seyffert.de\/blog\/wp-content\/uploads\/2020\/05\/Libellen-Upcycling-Sabine-Seyffert.de-6.jpg 800w, https:\/\/www.sabine-seyffert.de\/blog\/wp-content\/uploads\/2020\/05\/Libellen-Upcycling-Sabine-Seyffert.de-6-300x225.jpg 300w, https:\/\/www.sabine-seyffert.de\/blog\/wp-content\/uploads\/2020\/05\/Libellen-Upcycling-Sabine-Seyffert.de-6-768x576.jpg 768w\" sizes=\"auto, (max-width: 800px) 100vw, 800px\" \/><\/a><\/p>\n<p style=\"text-align: justify;\">Um die Gr\u00e4ser herum, d\u00fcrfen nun die selbst gemachten Libellen fliegen. Die klebt man an der gew\u00fcnschten Stelle fest. Au\u00dferdem darf sich noch die eine oder andere Sch\u00e4fchenwolke aus Watte dazugesellen \ud83d\ude42<\/p>\n<p style=\"text-align: center;\"><a href=\"https:\/\/www.sabine-seyffert.de\/blog\/wp-content\/uploads\/2020\/05\/Libellen-Upcycling-Sabine-Seyffert.de-4.jpg\"><img loading=\"lazy\" decoding=\"async\" class=\"alignnone size-full wp-image-16648\" src=\"https:\/\/www.sabine-seyffert.de\/blog\/wp-content\/uploads\/2020\/05\/Libellen-Upcycling-Sabine-Seyffert.de-4.jpg\" alt=\"\" width=\"800\" height=\"600\" srcset=\"https:\/\/www.sabine-seyffert.de\/blog\/wp-content\/uploads\/2020\/05\/Libellen-Upcycling-Sabine-Seyffert.de-4.jpg 800w, https:\/\/www.sabine-seyffert.de\/blog\/wp-content\/uploads\/2020\/05\/Libellen-Upcycling-Sabine-Seyffert.de-4-300x225.jpg 300w, https:\/\/www.sabine-seyffert.de\/blog\/wp-content\/uploads\/2020\/05\/Libellen-Upcycling-Sabine-Seyffert.de-4-768x576.jpg 768w\" sizes=\"auto, (max-width: 800px) 100vw, 800px\" \/><\/a><\/p>\n<p style=\"text-align: justify;\">Weitere Bastelanleitungen f\u00fcr Kinder findet ihr \u00fcbrigens in dieser Blog <a href=\"https:\/\/www.sabine-seyffert.de\/blog\/?cat=32\" target=\"_blank\" rel=\"noopener noreferrer\">Kategorie,<\/a> alles zum Thema Fr\u00fchling Anl\u00e4ssen gibt es in <a href=\"https:\/\/www.sabine-seyffert.de\/blog\/?cat=23\" target=\"_blank\" rel=\"noopener noreferrer\">diesem Ordner<\/a>, alle DIY rund ums Upcycling in <a href=\"https:\/\/www.sabine-seyffert.de\/blog\/?cat=47\" target=\"_blank\" rel=\"noopener noreferrer\">dieser Rubrik<\/a> und andere kreative Sachen gibt es an dieser Stelle.<\/p>\n<p style=\"text-align: center;\"><a href=\"https:\/\/www.sabine-seyffert.de\/blog\/wp-content\/uploads\/2020\/05\/Libellen-Upcycling-Sabine-Seyffert.de-7.jpg\"><img loading=\"lazy\" decoding=\"async\" class=\"alignnone size-full wp-image-16649\" src=\"https:\/\/www.sabine-seyffert.de\/blog\/wp-content\/uploads\/2020\/05\/Libellen-Upcycling-Sabine-Seyffert.de-7.jpg\" alt=\"\" width=\"800\" height=\"600\" srcset=\"https:\/\/www.sabine-seyffert.de\/blog\/wp-content\/uploads\/2020\/05\/Libellen-Upcycling-Sabine-Seyffert.de-7.jpg 800w, https:\/\/www.sabine-seyffert.de\/blog\/wp-content\/uploads\/2020\/05\/Libellen-Upcycling-Sabine-Seyffert.de-7-300x225.jpg 300w, https:\/\/www.sabine-seyffert.de\/blog\/wp-content\/uploads\/2020\/05\/Libellen-Upcycling-Sabine-Seyffert.de-7-768x576.jpg 768w\" sizes=\"auto, (max-width: 800px) 100vw, 800px\" \/><\/a><\/p>\n<p style=\"text-align: justify;\"><a href=\"https:\/\/www.sabine-seyffert.de\/blog\/?page_id=32#urheberrecht\">urheberrechtlich gesch\u00fctzt<\/a>, \u00a9 Sabine Seyffert<\/p>\n","protected":false},"excerpt":{"rendered":"<p>Mit Ahornnase bastele ich jedes Jahr aufs Neue. Es gibt so viel tolle Dinge, die man damit herstellen kann. Einige davon habe ich euch auf dem Blog schon gezeigt, wie beispielsweise die lustigen Bienchen, kleine Schutzengel, stimmungsvolle Windlichter oder auch die bunten Schmetterlinge aus dem letzten Jahr. Somit habe ich mich wieder einmal auf die&#8230; <a href=\"https:\/\/www.sabine-seyffert.de\/blog\/diy-basteln-mit-naturmaterial-mit-kindern-zauberhafte-libellen-aus-ahornnasen-gestalten-bastelspass-fuer-kinderhaende\/\" class=\"more-link\">Read more: DIY Basteln mit Naturmaterial: Mit Kindern zauberhafte Libellen aus Ahornnasen gestalten &#8211; Bastelspa\u00df f\u00fcr Kinderh\u00e4nde<\/a><\/p>\n","protected":false},"author":2,"featured_media":0,"comment_status":"open","ping_status":"open","sticky":false,"template":"","format":"standard","meta":{"_metis_text_type":"","_metis_text_length":3198,"_post_count":0,"footnotes":""},"categories":[32,23,47],"tags":[],"class_list":["post-16638","post","type-post","status-publish","format-standard","hentry","category-kreatives-fur-kleine-kinderhande","category-fruhling","category-upcyceltes"],"_links":{"self":[{"href":"https:\/\/www.sabine-seyffert.de\/blog\/wp-json\/wp\/v2\/posts\/16638","targetHints":{"allow":["GET"]}}],"collection":[{"href":"https:\/\/www.sabine-seyffert.de\/blog\/wp-json\/wp\/v2\/posts"}],"about":[{"href":"https:\/\/www.sabine-seyffert.de\/blog\/wp-json\/wp\/v2\/types\/post"}],"author":[{"embeddable":true,"href":"https:\/\/www.sabine-seyffert.de\/blog\/wp-json\/wp\/v2\/users\/2"}],"replies":[{"embeddable":true,"href":"https:\/\/www.sabine-seyffert.de\/blog\/wp-json\/wp\/v2\/comments?post=16638"}],"version-history":[{"count":2,"href":"https:\/\/www.sabine-seyffert.de\/blog\/wp-json\/wp\/v2\/posts\/16638\/revisions"}],"predecessor-version":[{"id":16651,"href":"https:\/\/www.sabine-seyffert.de\/blog\/wp-json\/wp\/v2\/posts\/16638\/revisions\/16651"}],"wp:attachment":[{"href":"https:\/\/www.sabine-seyffert.de\/blog\/wp-json\/wp\/v2\/media?parent=16638"}],"wp:term":[{"taxonomy":"category","embeddable":true,"href":"https:\/\/www.sabine-seyffert.de\/blog\/wp-json\/wp\/v2\/categories?post=16638"},{"taxonomy":"post_tag","embeddable":true,"href":"https:\/\/www.sabine-seyffert.de\/blog\/wp-json\/wp\/v2\/tags?post=16638"}],"curies":[{"name":"wp","href":"https:\/\/api.w.org\/{rel}","templated":true}]}}