{"id":16621,"date":"2020-05-23T16:36:41","date_gmt":"2020-05-23T14:36:41","guid":{"rendered":"https:\/\/www.sabine-seyffert.de\/blog\/?p=16621"},"modified":"2024-12-02T12:09:34","modified_gmt":"2024-12-02T10:09:34","slug":"diy-selbst-gemachtes-mitbringsel-fruehstuecksglueck-aus-der-tuete-geschenke-aus-der-kueche","status":"publish","type":"post","link":"https:\/\/www.sabine-seyffert.de\/blog\/diy-selbst-gemachtes-mitbringsel-fruehstuecksglueck-aus-der-tuete-geschenke-aus-der-kueche\/","title":{"rendered":"DIY Selbst gemachtes Mitbringsel: Fr\u00fchst\u00fccksgl\u00fcck aus der T\u00fcte \u2013 Geschenke aus der K\u00fcche"},"content":{"rendered":"<p style=\"text-align: justify;\"><img loading=\"lazy\" decoding=\"async\" src=\"https:\/\/vg01.met.vgwort.de\/na\/96ce150450f94346b3e906aa9d63de87\" alt=\"\" width=\"1\" height=\"1\" \/>Diese Geschenkverpackung habe ich vor l\u00e4ngerer Zeit angefertigt. Aber mir gefiel diese ausgesprochen gut, so dass ich sie euch nicht vorenthalten m\u00f6chte. Gerade der Fliegenpilz als Motiv passt so wunderbar zu vielen Situationen: Ob zur Aufmunterung, zum Gesundwerden, als kleiner Gl\u00fccksbringer oder einfach als Gute-Laune-Macher. Und wer das Motiv lieber auf eine Postkarte oder eine andere Geschenkverpackung nutzen m\u00f6chte, kann auch das gerne tun.<\/p>\n<p style=\"text-align: center;\"><a href=\"https:\/\/www.sabine-seyffert.de\/blog\/wp-content\/uploads\/2020\/05\/Beutel-Fr\u00fchst\u00fccksgl\u00fcck-Sabine-Seyffert.de-2.jpg\"><img loading=\"lazy\" decoding=\"async\" class=\"alignnone size-full wp-image-16622\" src=\"https:\/\/www.sabine-seyffert.de\/blog\/wp-content\/uploads\/2020\/05\/Beutel-Fr\u00fchst\u00fccksgl\u00fcck-Sabine-Seyffert.de-2.jpg\" alt=\"\" width=\"800\" height=\"600\" srcset=\"https:\/\/www.sabine-seyffert.de\/blog\/wp-content\/uploads\/2020\/05\/Beutel-Fr\u00fchst\u00fccksgl\u00fcck-Sabine-Seyffert.de-2.jpg 800w, https:\/\/www.sabine-seyffert.de\/blog\/wp-content\/uploads\/2020\/05\/Beutel-Fr\u00fchst\u00fccksgl\u00fcck-Sabine-Seyffert.de-2-300x225.jpg 300w, https:\/\/www.sabine-seyffert.de\/blog\/wp-content\/uploads\/2020\/05\/Beutel-Fr\u00fchst\u00fccksgl\u00fcck-Sabine-Seyffert.de-2-768x576.jpg 768w\" sizes=\"auto, (max-width: 800px) 100vw, 800px\" \/><\/a><\/p>\n<p style=\"text-align: justify;\"><strong>Das wird gebraucht:<\/strong><br \/>\nEin Papierbeutel \/ Bodenbeutel aus stabilem Kraftpapier, ein Locher, Buchstabenstempel und ein Stempelkissen, rote, gr\u00fcn und wei\u00dfe Wasserfarbe, ein St\u00fcck Zeitung (mit Text bedruckt) ,ein Borstenpinsel, Kordel oder Geschenkband, eine Schere, Kleber, gr\u00fcne Papierreste, eine Lochzange, einen wei\u00dfen d\u00fcnnen Lackstift oder Gelschreiber<\/p>\n<p style=\"text-align: center;\"><a href=\"https:\/\/www.sabine-seyffert.de\/blog\/wp-content\/uploads\/2020\/05\/Beutel-Fr\u00fchst\u00fccksgl\u00fcck-Sabine-Seyffert.de-12.jpg\"><img loading=\"lazy\" decoding=\"async\" class=\"alignnone size-full wp-image-16623\" src=\"https:\/\/www.sabine-seyffert.de\/blog\/wp-content\/uploads\/2020\/05\/Beutel-Fr\u00fchst\u00fccksgl\u00fcck-Sabine-Seyffert.de-12.jpg\" alt=\"\" width=\"800\" height=\"600\" srcset=\"https:\/\/www.sabine-seyffert.de\/blog\/wp-content\/uploads\/2020\/05\/Beutel-Fr\u00fchst\u00fccksgl\u00fcck-Sabine-Seyffert.de-12.jpg 800w, https:\/\/www.sabine-seyffert.de\/blog\/wp-content\/uploads\/2020\/05\/Beutel-Fr\u00fchst\u00fccksgl\u00fcck-Sabine-Seyffert.de-12-300x225.jpg 300w, https:\/\/www.sabine-seyffert.de\/blog\/wp-content\/uploads\/2020\/05\/Beutel-Fr\u00fchst\u00fccksgl\u00fcck-Sabine-Seyffert.de-12-768x576.jpg 768w\" sizes=\"auto, (max-width: 800px) 100vw, 800px\" \/><\/a><\/p>\n<p style=\"text-align: justify;\"><strong>So wird\u2019s gemacht:<\/strong><br \/>\nAls erstes bemalt man ein St\u00fcck einer Zeitung mit gr\u00fcner, wei\u00dfer und roter Wasserfarbe (wie <a href=\"https:\/\/www.sabine-seyffert.de\/blog\/?p=13917\" target=\"_blank\" rel=\"noopener noreferrer\">hier<\/a>). Wem das zu aufw\u00e4ndig ist, der kann auch normales Tonpapier verwenden.<\/p>\n<p style=\"text-align: center;\"><a href=\"https:\/\/www.sabine-seyffert.de\/blog\/wp-content\/uploads\/2020\/05\/Beutel-Fr\u00fchst\u00fccksgl\u00fcck-Sabine-Seyffert.de-10.jpg\"><img loading=\"lazy\" decoding=\"async\" class=\"alignnone size-full wp-image-16624\" src=\"https:\/\/www.sabine-seyffert.de\/blog\/wp-content\/uploads\/2020\/05\/Beutel-Fr\u00fchst\u00fccksgl\u00fcck-Sabine-Seyffert.de-10.jpg\" alt=\"\" width=\"800\" height=\"600\" srcset=\"https:\/\/www.sabine-seyffert.de\/blog\/wp-content\/uploads\/2020\/05\/Beutel-Fr\u00fchst\u00fccksgl\u00fcck-Sabine-Seyffert.de-10.jpg 800w, https:\/\/www.sabine-seyffert.de\/blog\/wp-content\/uploads\/2020\/05\/Beutel-Fr\u00fchst\u00fccksgl\u00fcck-Sabine-Seyffert.de-10-300x225.jpg 300w, https:\/\/www.sabine-seyffert.de\/blog\/wp-content\/uploads\/2020\/05\/Beutel-Fr\u00fchst\u00fccksgl\u00fcck-Sabine-Seyffert.de-10-768x576.jpg 768w\" sizes=\"auto, (max-width: 800px) 100vw, 800px\" \/><\/a><\/p>\n<p style=\"text-align: justify;\">Sobald das Papier trocken ist, schneidet man einen Gl\u00fcckspilz aus und klebt ihn mittig auf die T\u00fcte. Die wei\u00dfen P\u00fcnktchen lassen sich prima mit einem Gelstift aufzeichnen.<\/p>\n<p style=\"text-align: center;\"><a href=\"https:\/\/www.sabine-seyffert.de\/blog\/wp-content\/uploads\/2020\/05\/Beutel-Fr\u00fchst\u00fccksgl\u00fcck-Sabine-Seyffert.de-9.jpg\"><img loading=\"lazy\" decoding=\"async\" class=\"alignnone size-full wp-image-16625\" src=\"https:\/\/www.sabine-seyffert.de\/blog\/wp-content\/uploads\/2020\/05\/Beutel-Fr\u00fchst\u00fccksgl\u00fcck-Sabine-Seyffert.de-9.jpg\" alt=\"\" width=\"800\" height=\"600\" srcset=\"https:\/\/www.sabine-seyffert.de\/blog\/wp-content\/uploads\/2020\/05\/Beutel-Fr\u00fchst\u00fccksgl\u00fcck-Sabine-Seyffert.de-9.jpg 800w, https:\/\/www.sabine-seyffert.de\/blog\/wp-content\/uploads\/2020\/05\/Beutel-Fr\u00fchst\u00fccksgl\u00fcck-Sabine-Seyffert.de-9-300x225.jpg 300w, https:\/\/www.sabine-seyffert.de\/blog\/wp-content\/uploads\/2020\/05\/Beutel-Fr\u00fchst\u00fccksgl\u00fcck-Sabine-Seyffert.de-9-768x576.jpg 768w\" sizes=\"auto, (max-width: 800px) 100vw, 800px\" \/><\/a><\/p>\n<p style=\"text-align: justify;\">Um den Pilz herum habe ich einen gr\u00fcnen Kranz geklebt, der aus zahlreichen gr\u00fcnen Bl\u00e4ttern besteht.<\/p>\n<p><a href=\"https:\/\/www.sabine-seyffert.de\/blog\/wp-content\/uploads\/2020\/05\/Beutel-Fr\u00fchst\u00fccksgl\u00fcck-Sabine-Seyffert.de-7.jpg\"><img loading=\"lazy\" decoding=\"async\" class=\"alignnone size-full wp-image-16626\" src=\"https:\/\/www.sabine-seyffert.de\/blog\/wp-content\/uploads\/2020\/05\/Beutel-Fr\u00fchst\u00fccksgl\u00fcck-Sabine-Seyffert.de-7.jpg\" alt=\"\" width=\"800\" height=\"600\" srcset=\"https:\/\/www.sabine-seyffert.de\/blog\/wp-content\/uploads\/2020\/05\/Beutel-Fr\u00fchst\u00fccksgl\u00fcck-Sabine-Seyffert.de-7.jpg 800w, https:\/\/www.sabine-seyffert.de\/blog\/wp-content\/uploads\/2020\/05\/Beutel-Fr\u00fchst\u00fccksgl\u00fcck-Sabine-Seyffert.de-7-300x225.jpg 300w, https:\/\/www.sabine-seyffert.de\/blog\/wp-content\/uploads\/2020\/05\/Beutel-Fr\u00fchst\u00fccksgl\u00fcck-Sabine-Seyffert.de-7-768x576.jpg 768w\" sizes=\"auto, (max-width: 800px) 100vw, 800px\" \/><\/a><\/p>\n<p style=\"text-align: justify;\">Diese zu schneiden ist etwas Flei\u00dfarbeit, aber mich entspannt das Basteln, von daher mache ich das immer gerne.<\/p>\n<p style=\"text-align: center;\"><a href=\"https:\/\/www.sabine-seyffert.de\/blog\/wp-content\/uploads\/2020\/05\/Beutel-Fr\u00fchst\u00fccksgl\u00fcck-Sabine-Seyffert.de-8.jpg\"><img loading=\"lazy\" decoding=\"async\" class=\"alignnone size-full wp-image-16627\" src=\"https:\/\/www.sabine-seyffert.de\/blog\/wp-content\/uploads\/2020\/05\/Beutel-Fr\u00fchst\u00fccksgl\u00fcck-Sabine-Seyffert.de-8.jpg\" alt=\"\" width=\"800\" height=\"600\" srcset=\"https:\/\/www.sabine-seyffert.de\/blog\/wp-content\/uploads\/2020\/05\/Beutel-Fr\u00fchst\u00fccksgl\u00fcck-Sabine-Seyffert.de-8.jpg 800w, https:\/\/www.sabine-seyffert.de\/blog\/wp-content\/uploads\/2020\/05\/Beutel-Fr\u00fchst\u00fccksgl\u00fcck-Sabine-Seyffert.de-8-300x225.jpg 300w, https:\/\/www.sabine-seyffert.de\/blog\/wp-content\/uploads\/2020\/05\/Beutel-Fr\u00fchst\u00fccksgl\u00fcck-Sabine-Seyffert.de-8-768x576.jpg 768w\" sizes=\"auto, (max-width: 800px) 100vw, 800px\" \/><\/a><\/p>\n<p style=\"text-align: justify;\">Um den Bl\u00e4tterkranz etwas aufzulockern, habe ich aus der Zeitung am Rand noch kleine P\u00fcnktchen ausgestanzt und aufgeklebt.<\/p>\n<p style=\"text-align: center;\"><a href=\"https:\/\/www.sabine-seyffert.de\/blog\/wp-content\/uploads\/2020\/05\/Beutel-Fr\u00fchst\u00fccksgl\u00fcck-Sabine-Seyffert.de-6.jpg\"><img loading=\"lazy\" decoding=\"async\" class=\"alignnone size-full wp-image-16628\" src=\"https:\/\/www.sabine-seyffert.de\/blog\/wp-content\/uploads\/2020\/05\/Beutel-Fr\u00fchst\u00fccksgl\u00fcck-Sabine-Seyffert.de-6.jpg\" alt=\"\" width=\"800\" height=\"600\" srcset=\"https:\/\/www.sabine-seyffert.de\/blog\/wp-content\/uploads\/2020\/05\/Beutel-Fr\u00fchst\u00fccksgl\u00fcck-Sabine-Seyffert.de-6.jpg 800w, https:\/\/www.sabine-seyffert.de\/blog\/wp-content\/uploads\/2020\/05\/Beutel-Fr\u00fchst\u00fccksgl\u00fcck-Sabine-Seyffert.de-6-300x225.jpg 300w, https:\/\/www.sabine-seyffert.de\/blog\/wp-content\/uploads\/2020\/05\/Beutel-Fr\u00fchst\u00fccksgl\u00fcck-Sabine-Seyffert.de-6-768x576.jpg 768w\" sizes=\"auto, (max-width: 800px) 100vw, 800px\" \/><\/a><\/p>\n<p style=\"text-align: justify;\">Au\u00dferdem habe ich die T\u00fcten Vorderseite mit Stempeln versch\u00f6nert.<\/p>\n<p style=\"text-align: center;\"><a href=\"https:\/\/www.sabine-seyffert.de\/blog\/wp-content\/uploads\/2020\/05\/Beutel-Fr\u00fchst\u00fccksgl\u00fcck-Sabine-Seyffert.de-5.jpg\"><img loading=\"lazy\" decoding=\"async\" class=\"alignnone size-full wp-image-16629\" src=\"https:\/\/www.sabine-seyffert.de\/blog\/wp-content\/uploads\/2020\/05\/Beutel-Fr\u00fchst\u00fccksgl\u00fcck-Sabine-Seyffert.de-5.jpg\" alt=\"\" width=\"800\" height=\"600\" srcset=\"https:\/\/www.sabine-seyffert.de\/blog\/wp-content\/uploads\/2020\/05\/Beutel-Fr\u00fchst\u00fccksgl\u00fcck-Sabine-Seyffert.de-5.jpg 800w, https:\/\/www.sabine-seyffert.de\/blog\/wp-content\/uploads\/2020\/05\/Beutel-Fr\u00fchst\u00fccksgl\u00fcck-Sabine-Seyffert.de-5-300x225.jpg 300w, https:\/\/www.sabine-seyffert.de\/blog\/wp-content\/uploads\/2020\/05\/Beutel-Fr\u00fchst\u00fccksgl\u00fcck-Sabine-Seyffert.de-5-768x576.jpg 768w\" sizes=\"auto, (max-width: 800px) 100vw, 800px\" \/><\/a><\/p>\n<p style=\"text-align: justify;\">In der T\u00fcte steckte selbst gemachtes M\u00fcsli. Ein leicht abgewandeltes Rezept findet ihr <a href=\"https:\/\/www.sabine-seyffert.de\/blog\/?p=16612\" target=\"_blank\" rel=\"noopener noreferrer\">hier<\/a> und auch <a href=\"https:\/\/www.sabine-seyffert.de\/blog\/?p=15101\" target=\"_blank\" rel=\"noopener noreferrer\">dort<\/a>.<\/p>\n<p style=\"text-align: center;\"><a href=\"https:\/\/www.sabine-seyffert.de\/blog\/wp-content\/uploads\/2020\/05\/Beutel-Fr\u00fchst\u00fccksgl\u00fcck-Sabine-Seyffert.de-4.jpg\"><img loading=\"lazy\" decoding=\"async\" class=\"alignnone size-full wp-image-16630\" src=\"https:\/\/www.sabine-seyffert.de\/blog\/wp-content\/uploads\/2020\/05\/Beutel-Fr\u00fchst\u00fccksgl\u00fcck-Sabine-Seyffert.de-4.jpg\" alt=\"\" width=\"800\" height=\"600\" srcset=\"https:\/\/www.sabine-seyffert.de\/blog\/wp-content\/uploads\/2020\/05\/Beutel-Fr\u00fchst\u00fccksgl\u00fcck-Sabine-Seyffert.de-4.jpg 800w, https:\/\/www.sabine-seyffert.de\/blog\/wp-content\/uploads\/2020\/05\/Beutel-Fr\u00fchst\u00fccksgl\u00fcck-Sabine-Seyffert.de-4-300x225.jpg 300w, https:\/\/www.sabine-seyffert.de\/blog\/wp-content\/uploads\/2020\/05\/Beutel-Fr\u00fchst\u00fccksgl\u00fcck-Sabine-Seyffert.de-4-768x576.jpg 768w\" sizes=\"auto, (max-width: 800px) 100vw, 800px\" \/><\/a><\/p>\n<p style=\"text-align: justify;\">Das M\u00fcsli Innen hat nat\u00fcrlich auch noch einen selbst gemachten Geschenkanh\u00e4nger bekommen, auf dem Vorne steht, um was es sich handelt und auf der R\u00fcckseite die genauen Zutaten.<\/p>\n<p style=\"text-align: center;\"><a href=\"https:\/\/www.sabine-seyffert.de\/blog\/wp-content\/uploads\/2020\/05\/Beutel-Fr\u00fchst\u00fccksgl\u00fcck-Sabine-Seyffert.de-3.jpg\"><img loading=\"lazy\" decoding=\"async\" class=\"alignnone size-full wp-image-16631\" src=\"https:\/\/www.sabine-seyffert.de\/blog\/wp-content\/uploads\/2020\/05\/Beutel-Fr\u00fchst\u00fccksgl\u00fcck-Sabine-Seyffert.de-3.jpg\" alt=\"\" width=\"800\" height=\"600\" srcset=\"https:\/\/www.sabine-seyffert.de\/blog\/wp-content\/uploads\/2020\/05\/Beutel-Fr\u00fchst\u00fccksgl\u00fcck-Sabine-Seyffert.de-3.jpg 800w, https:\/\/www.sabine-seyffert.de\/blog\/wp-content\/uploads\/2020\/05\/Beutel-Fr\u00fchst\u00fccksgl\u00fcck-Sabine-Seyffert.de-3-300x225.jpg 300w, https:\/\/www.sabine-seyffert.de\/blog\/wp-content\/uploads\/2020\/05\/Beutel-Fr\u00fchst\u00fccksgl\u00fcck-Sabine-Seyffert.de-3-768x576.jpg 768w\" sizes=\"auto, (max-width: 800px) 100vw, 800px\" \/><\/a><\/p>\n<p style=\"text-align: justify;\">Wenn man Geschenk in der Verpackung verstaut hat, klappt man den oberen Rand des Papierbeutels um und locht diesen. Entweder mit einem normalen B\u00fcrolocher oder einer Lochzange. Noch etwas Kordel hindurch ziehen, zu einer Schleife binden und fertig!<\/p>\n<p style=\"text-align: center;\"><a href=\"https:\/\/www.sabine-seyffert.de\/blog\/wp-content\/uploads\/2020\/05\/Beutel-Fr\u00fchst\u00fccksgl\u00fcck-Sabine-Seyffert.de-1.jpg\"><img loading=\"lazy\" decoding=\"async\" class=\"alignnone size-full wp-image-16632\" src=\"https:\/\/www.sabine-seyffert.de\/blog\/wp-content\/uploads\/2020\/05\/Beutel-Fr\u00fchst\u00fccksgl\u00fcck-Sabine-Seyffert.de-1.jpg\" alt=\"\" width=\"800\" height=\"600\" srcset=\"https:\/\/www.sabine-seyffert.de\/blog\/wp-content\/uploads\/2020\/05\/Beutel-Fr\u00fchst\u00fccksgl\u00fcck-Sabine-Seyffert.de-1.jpg 800w, https:\/\/www.sabine-seyffert.de\/blog\/wp-content\/uploads\/2020\/05\/Beutel-Fr\u00fchst\u00fccksgl\u00fcck-Sabine-Seyffert.de-1-300x225.jpg 300w, https:\/\/www.sabine-seyffert.de\/blog\/wp-content\/uploads\/2020\/05\/Beutel-Fr\u00fchst\u00fccksgl\u00fcck-Sabine-Seyffert.de-1-768x576.jpg 768w\" sizes=\"auto, (max-width: 800px) 100vw, 800px\" \/><\/a><\/p>\n<p style=\"text-align: justify;\">Weitere Bastelanleitungen f\u00fcr selbst gemachte Geschenkverpackungen findet ihr \u00fcbrigens in <a href=\"https:\/\/www.sabine-seyffert.de\/blog\/?cat=49\" target=\"_blank\" rel=\"noopener noreferrer\">dieser Blog Kategorie<\/a>, alle Rezepte f\u00fcr Geschenke aus der K\u00fcche gibt es in <a href=\"https:\/\/www.sabine-seyffert.de\/blog\/?cat=43\" target=\"_blank\" rel=\"noopener noreferrer\">diesem Ordner<\/a>, alle s\u00fc\u00dfen Rezepte in <a href=\"https:\/\/www.sabine-seyffert.de\/blog\/?cat=31\" target=\"_blank\" rel=\"noopener noreferrer\">dieser Rubrik<\/a> und andere kreative Sachen gibt es an <a href=\"https:\/\/www.creadienstag.de\/2020\/05\/linkparty-420.html\" target=\"_blank\" rel=\"noopener nofollow noreferrer\">dieser<\/a> Stelle.<\/p>\n<p style=\"text-align: center;\"><a href=\"https:\/\/www.sabine-seyffert.de\/blog\/wp-content\/uploads\/2020\/05\/Beutel-Fr\u00fchst\u00fccksgl\u00fcck-Sabine-Seyffert.de-13.jpg\"><img loading=\"lazy\" decoding=\"async\" class=\"alignnone size-full wp-image-16633\" src=\"https:\/\/www.sabine-seyffert.de\/blog\/wp-content\/uploads\/2020\/05\/Beutel-Fr\u00fchst\u00fccksgl\u00fcck-Sabine-Seyffert.de-13.jpg\" alt=\"\" width=\"600\" height=\"800\" srcset=\"https:\/\/www.sabine-seyffert.de\/blog\/wp-content\/uploads\/2020\/05\/Beutel-Fr\u00fchst\u00fccksgl\u00fcck-Sabine-Seyffert.de-13.jpg 600w, https:\/\/www.sabine-seyffert.de\/blog\/wp-content\/uploads\/2020\/05\/Beutel-Fr\u00fchst\u00fccksgl\u00fcck-Sabine-Seyffert.de-13-225x300.jpg 225w\" sizes=\"auto, (max-width: 600px) 100vw, 600px\" \/><\/a><\/p>\n<p style=\"text-align: justify;\"><a href=\"https:\/\/www.sabine-seyffert.de\/blog\/?page_id=32#urheberrecht\">urheberrechtlich gesch\u00fctzt<\/a>, \u00a9 Sabine Seyffert<\/p>\n","protected":false},"excerpt":{"rendered":"<p>Diese Geschenkverpackung habe ich vor l\u00e4ngerer Zeit angefertigt. Aber mir gefiel diese ausgesprochen gut, so dass ich sie euch nicht vorenthalten m\u00f6chte. Gerade der Fliegenpilz als Motiv passt so wunderbar zu vielen Situationen: Ob zur Aufmunterung, zum Gesundwerden, als kleiner Gl\u00fccksbringer oder einfach als Gute-Laune-Macher. Und wer das Motiv lieber auf eine Postkarte oder eine&#8230; <a href=\"https:\/\/www.sabine-seyffert.de\/blog\/diy-selbst-gemachtes-mitbringsel-fruehstuecksglueck-aus-der-tuete-geschenke-aus-der-kueche\/\" class=\"more-link\">Read more: DIY Selbst gemachtes Mitbringsel: Fr\u00fchst\u00fccksgl\u00fcck aus der T\u00fcte \u2013 Geschenke aus der K\u00fcche<\/a><\/p>\n","protected":false},"author":2,"featured_media":0,"comment_status":"open","ping_status":"open","sticky":false,"template":"","format":"standard","meta":{"_metis_text_type":"standard","_metis_text_length":2410,"_post_count":0,"footnotes":""},"categories":[23,43,49,60],"tags":[],"class_list":["post-16621","post","type-post","status-publish","format-standard","hentry","category-fruhling","category-geschenke-aus-der-kueche","category-verpackungsideen","category-silvester"],"_links":{"self":[{"href":"https:\/\/www.sabine-seyffert.de\/blog\/wp-json\/wp\/v2\/posts\/16621","targetHints":{"allow":["GET"]}}],"collection":[{"href":"https:\/\/www.sabine-seyffert.de\/blog\/wp-json\/wp\/v2\/posts"}],"about":[{"href":"https:\/\/www.sabine-seyffert.de\/blog\/wp-json\/wp\/v2\/types\/post"}],"author":[{"embeddable":true,"href":"https:\/\/www.sabine-seyffert.de\/blog\/wp-json\/wp\/v2\/users\/2"}],"replies":[{"embeddable":true,"href":"https:\/\/www.sabine-seyffert.de\/blog\/wp-json\/wp\/v2\/comments?post=16621"}],"version-history":[{"count":4,"href":"https:\/\/www.sabine-seyffert.de\/blog\/wp-json\/wp\/v2\/posts\/16621\/revisions"}],"predecessor-version":[{"id":29131,"href":"https:\/\/www.sabine-seyffert.de\/blog\/wp-json\/wp\/v2\/posts\/16621\/revisions\/29131"}],"wp:attachment":[{"href":"https:\/\/www.sabine-seyffert.de\/blog\/wp-json\/wp\/v2\/media?parent=16621"}],"wp:term":[{"taxonomy":"category","embeddable":true,"href":"https:\/\/www.sabine-seyffert.de\/blog\/wp-json\/wp\/v2\/categories?post=16621"},{"taxonomy":"post_tag","embeddable":true,"href":"https:\/\/www.sabine-seyffert.de\/blog\/wp-json\/wp\/v2\/tags?post=16621"}],"curies":[{"name":"wp","href":"https:\/\/api.w.org\/{rel}","templated":true}]}}