{"id":16612,"date":"2020-05-21T20:46:02","date_gmt":"2020-05-21T18:46:02","guid":{"rendered":"https:\/\/www.sabine-seyffert.de\/blog\/?p=16612"},"modified":"2020-05-24T08:59:25","modified_gmt":"2020-05-24T06:59:25","slug":"kochen-backen-mit-kindern-knuspriges-fruehstuecksmuesli-fuer-kinder-selbermachen","status":"publish","type":"post","link":"https:\/\/www.sabine-seyffert.de\/blog\/kochen-backen-mit-kindern-knuspriges-fruehstuecksmuesli-fuer-kinder-selbermachen\/","title":{"rendered":"Kochen &#038; Backen mit Kindern: Knuspriges Fr\u00fchst\u00fccksm\u00fcsli f\u00fcr Kinder Selbermachen"},"content":{"rendered":"<p style=\"text-align: justify;\"><img loading=\"lazy\" decoding=\"async\" src=\"https:\/\/vg01.met.vgwort.de\/na\/0512a99b61904d5b8fcbb72cf0c674aa\" alt=\"\" width=\"1\" height=\"1\" \/>Lust auf ein gesundes Fr\u00fchst\u00fcck, das jederzeit griffbereit im K\u00fcchenschrank steht? Am besten in einem gro\u00dfen Einmachglas, so dass man immer genug Vorrat zum Fr\u00fchst\u00fccken hat &#x1f60a;<br \/>\nDieses knusprige M\u00fcsli schmeckt nicht nur lecker, sondern ist kinderleicht zu machen. Diese Variante habe ich vor etlicher Zeit mit meiner Tochter gemeinsam f\u00fcr eine Kinderzeitschrift gemacht und fotografiert. Daher nicht \u00fcber die mit abgebildeten Tulpen wundern &#x1f609; Da im Moment die meisten Kinder noch zu Hause sind, findet ich das gemeinsame Werkeln in der K\u00fcche einfach prima und reiche euch daher das M\u00fcslirezept jetzt nach.<\/p>\n<p style=\"text-align: center;\"><a href=\"https:\/\/www.sabine-seyffert.de\/blog\/wp-content\/uploads\/2020\/05\/granola-Sabine-Seyffert.de-1.jpg\"><img loading=\"lazy\" decoding=\"async\" class=\"alignnone size-full wp-image-16613\" src=\"https:\/\/www.sabine-seyffert.de\/blog\/wp-content\/uploads\/2020\/05\/granola-Sabine-Seyffert.de-1.jpg\" alt=\"\" width=\"800\" height=\"600\" srcset=\"https:\/\/www.sabine-seyffert.de\/blog\/wp-content\/uploads\/2020\/05\/granola-Sabine-Seyffert.de-1.jpg 800w, https:\/\/www.sabine-seyffert.de\/blog\/wp-content\/uploads\/2020\/05\/granola-Sabine-Seyffert.de-1-300x225.jpg 300w, https:\/\/www.sabine-seyffert.de\/blog\/wp-content\/uploads\/2020\/05\/granola-Sabine-Seyffert.de-1-768x576.jpg 768w\" sizes=\"auto, (max-width: 800px) 100vw, 800px\" \/><\/a><\/p>\n<p style=\"text-align: justify;\"><strong>Das wird gebraucht:<\/strong><br \/>\n500g kernige Haferflocken (Grossblatt), 80 gehobelte Mandeln, 80 g gehackte Mandeln, 80 g gehackte Waln\u00fcsse, 2 Essl\u00f6ffel Kokosflocken, 2 Essl\u00f6ffel Leinsamen, 2 Essl\u00f6ffel Sesam, 2 Essl\u00f6ffel Sonnenblumenkerne, 80 g braunen Zucker, 80 g Butter, 1 Blatt Backpapier<\/p>\n<p style=\"text-align: center;\"><a href=\"https:\/\/www.sabine-seyffert.de\/blog\/wp-content\/uploads\/2020\/05\/granola-Sabine-Seyffert.de-5.jpg\"><img loading=\"lazy\" decoding=\"async\" class=\"alignnone size-full wp-image-16614\" src=\"https:\/\/www.sabine-seyffert.de\/blog\/wp-content\/uploads\/2020\/05\/granola-Sabine-Seyffert.de-5.jpg\" alt=\"\" width=\"800\" height=\"600\" srcset=\"https:\/\/www.sabine-seyffert.de\/blog\/wp-content\/uploads\/2020\/05\/granola-Sabine-Seyffert.de-5.jpg 800w, https:\/\/www.sabine-seyffert.de\/blog\/wp-content\/uploads\/2020\/05\/granola-Sabine-Seyffert.de-5-300x225.jpg 300w, https:\/\/www.sabine-seyffert.de\/blog\/wp-content\/uploads\/2020\/05\/granola-Sabine-Seyffert.de-5-768x576.jpg 768w\" sizes=\"auto, (max-width: 800px) 100vw, 800px\" \/><\/a><\/p>\n<p style=\"text-align: justify;\"><strong>So wird\u2019s gemacht:<\/strong><br \/>\nDie Haferflocken, Mandeln, N\u00fcsse und K\u00f6rner gibst du auf ein mit Backpapier ausgelegtes Backblech und vermengst alle Zutaten mit Hilfe eines gro\u00dfen L\u00f6ffels gleichm\u00e4\u00dfig. In einem kleinen Topf l\u00e4sst du bei niedriger Temperatur die Butter mit dem Zucker schmelzen. Dabei gut r\u00fchren! Sobald sich der Zucker ausgel\u00f6st hat verteilst du die Zuckermischung mit einem Essl\u00f6ffel auf dem Backblech. Jetzt kommt das M\u00fcsli in den Backofen und wird dort bei 175\u00b0C etwa 25 Minuten gebacken.<\/p>\n<p style=\"text-align: center;\"><a href=\"https:\/\/www.sabine-seyffert.de\/blog\/wp-content\/uploads\/2020\/05\/granola-Sabine-Seyffert.de-4.jpg\"><img loading=\"lazy\" decoding=\"async\" class=\"alignnone size-full wp-image-16615\" src=\"https:\/\/www.sabine-seyffert.de\/blog\/wp-content\/uploads\/2020\/05\/granola-Sabine-Seyffert.de-4.jpg\" alt=\"\" width=\"800\" height=\"600\" srcset=\"https:\/\/www.sabine-seyffert.de\/blog\/wp-content\/uploads\/2020\/05\/granola-Sabine-Seyffert.de-4.jpg 800w, https:\/\/www.sabine-seyffert.de\/blog\/wp-content\/uploads\/2020\/05\/granola-Sabine-Seyffert.de-4-300x225.jpg 300w, https:\/\/www.sabine-seyffert.de\/blog\/wp-content\/uploads\/2020\/05\/granola-Sabine-Seyffert.de-4-768x576.jpg 768w\" sizes=\"auto, (max-width: 800px) 100vw, 800px\" \/><\/a><\/p>\n<p style=\"text-align: justify;\"><span style=\"color: #ff6600;\"><strong>Achtung:<\/strong><\/span> Das M\u00fcsli musst du alle 5 Minuten gleichm\u00e4\u00dfig wenden, damit alles sch\u00f6n knusprig wird und nichts anbrennt! Am besten bittest du einen Erwachsenen hierbei um Hilfe.<br \/>\nNach der Backzeit ziehst du das Backblech aus dem Ofen und l\u00e4sst das M\u00fcsli gut ausf\u00fchlen. Jetzt kannst du das fertige M\u00fcsli in ein gro\u00dfes Vorratsglas f\u00fcllen und dir jeden Morgen eine Portion abf\u00fcllen. Ob mit Milch, Joghurt oder frischem Obst \u2013 das M\u00fcsli ist einfach klasse!<\/p>\n<p style=\"text-align: center;\"><a href=\"https:\/\/www.sabine-seyffert.de\/blog\/wp-content\/uploads\/2020\/05\/granola-Sabine-Seyffert.de-6.jpg\"><img loading=\"lazy\" decoding=\"async\" class=\"alignnone size-full wp-image-16616\" src=\"https:\/\/www.sabine-seyffert.de\/blog\/wp-content\/uploads\/2020\/05\/granola-Sabine-Seyffert.de-6.jpg\" alt=\"\" width=\"600\" height=\"800\" srcset=\"https:\/\/www.sabine-seyffert.de\/blog\/wp-content\/uploads\/2020\/05\/granola-Sabine-Seyffert.de-6.jpg 600w, https:\/\/www.sabine-seyffert.de\/blog\/wp-content\/uploads\/2020\/05\/granola-Sabine-Seyffert.de-6-225x300.jpg 225w\" sizes=\"auto, (max-width: 600px) 100vw, 600px\" \/><\/a><\/p>\n<p style=\"text-align: justify;\"><strong>Ein kleiner Tipp:<\/strong><br \/>\nDie genaue Zusammensetzung deines Lieblingsm\u00fcslis ist nat\u00fcrlich reine Geschmacksache. Daher kannst du die Zutaten wie Nussarten und Sorte der Flocken auch beliebig untereinander austauschen. Knuspriger wird es zum Beispiel, wenn du nach dem Backen eine handvoll knackiger Bananenchips hinzu gibst. Ebenso l\u00e4sst sich das fertig gebackene M\u00fcsli mit frischen Beeren oder Trockenobst auf nat\u00fcrliche Weise vers\u00fc\u00dfen.<\/p>\n<p style=\"text-align: center;\"><a href=\"https:\/\/www.sabine-seyffert.de\/blog\/wp-content\/uploads\/2020\/05\/granola-Sabine-Seyffert.de-3.jpg\"><img loading=\"lazy\" decoding=\"async\" class=\"alignnone size-full wp-image-16617\" src=\"https:\/\/www.sabine-seyffert.de\/blog\/wp-content\/uploads\/2020\/05\/granola-Sabine-Seyffert.de-3.jpg\" alt=\"\" width=\"800\" height=\"600\" srcset=\"https:\/\/www.sabine-seyffert.de\/blog\/wp-content\/uploads\/2020\/05\/granola-Sabine-Seyffert.de-3.jpg 800w, https:\/\/www.sabine-seyffert.de\/blog\/wp-content\/uploads\/2020\/05\/granola-Sabine-Seyffert.de-3-300x225.jpg 300w, https:\/\/www.sabine-seyffert.de\/blog\/wp-content\/uploads\/2020\/05\/granola-Sabine-Seyffert.de-3-768x576.jpg 768w\" sizes=\"auto, (max-width: 800px) 100vw, 800px\" \/><\/a><\/p>\n<p style=\"text-align: justify;\">Sch\u00f6n verpackt eignet sich das M\u00fcsli \u00fcbrigens wunderbar als kleines Mitbringsel oder Geschenk aus der K\u00fcche. Eine passende Geschenkverpackung dazu findest du in K\u00fcrze <a href=\"https:\/\/www.sabine-seyffert.de\/blog\/?p=16621\" target=\"_blank\" rel=\"noopener noreferrer\">hier<\/a>.<\/p>\n<p style=\"text-align: center;\"><a href=\"https:\/\/www.sabine-seyffert.de\/blog\/wp-content\/uploads\/2020\/05\/granola-Sabine-Seyffert.de-7.jpg\"><img loading=\"lazy\" decoding=\"async\" class=\"alignnone size-full wp-image-16618\" src=\"https:\/\/www.sabine-seyffert.de\/blog\/wp-content\/uploads\/2020\/05\/granola-Sabine-Seyffert.de-7.jpg\" alt=\"\" width=\"600\" height=\"800\" srcset=\"https:\/\/www.sabine-seyffert.de\/blog\/wp-content\/uploads\/2020\/05\/granola-Sabine-Seyffert.de-7.jpg 600w, https:\/\/www.sabine-seyffert.de\/blog\/wp-content\/uploads\/2020\/05\/granola-Sabine-Seyffert.de-7-225x300.jpg 225w\" sizes=\"auto, (max-width: 600px) 100vw, 600px\" \/><\/a><\/p>\n<p style=\"text-align: justify;\">Weitere s\u00fc\u00dfe Leckereien findet ihr \u00fcbrigens in <a href=\"https:\/\/www.sabine-seyffert.de\/blog\/?cat=31\" target=\"_blank\" rel=\"noopener noreferrer\">diesem Ordner<\/a>, herzhafte, vegetarische Rezepte in <a href=\"https:\/\/www.sabine-seyffert.de\/blog\/?cat=30\" target=\"_blank\" rel=\"noopener noreferrer\">dieser Rubrik<\/a> und vegane Rezeptideen f\u00fcr Familien werden in <a href=\"https:\/\/www.sabine-seyffert.de\/blog\/?cat=44\" target=\"_blank\" rel=\"noopener noreferrer\">dieser Kategorie<\/a> gesammelt.<\/p>\n<p style=\"text-align: justify;\"><a href=\"https:\/\/www.sabine-seyffert.de\/blog\/?page_id=32#urheberrecht\">urheberrechtlich gesch\u00fctzt<\/a>, \u00a9 Sabine Seyffert<\/p>\n","protected":false},"excerpt":{"rendered":"<p>Lust auf ein gesundes Fr\u00fchst\u00fcck, das jederzeit griffbereit im K\u00fcchenschrank steht? Am besten in einem gro\u00dfen Einmachglas, so dass man immer genug Vorrat zum Fr\u00fchst\u00fccken hat &#x1f60a; Dieses knusprige M\u00fcsli schmeckt nicht nur lecker, sondern ist kinderleicht zu machen. Diese Variante habe ich vor etlicher Zeit mit meiner Tochter gemeinsam f\u00fcr eine Kinderzeitschrift gemacht und&#8230; <a href=\"https:\/\/www.sabine-seyffert.de\/blog\/kochen-backen-mit-kindern-knuspriges-fruehstuecksmuesli-fuer-kinder-selbermachen\/\" class=\"more-link\">Read more: Kochen &#038; Backen mit Kindern: Knuspriges Fr\u00fchst\u00fccksm\u00fcsli f\u00fcr Kinder Selbermachen<\/a><\/p>\n","protected":false},"author":2,"featured_media":0,"comment_status":"open","ping_status":"open","sticky":false,"template":"","format":"standard","meta":{"_metis_text_type":"","_metis_text_length":2674,"_post_count":0,"footnotes":""},"categories":[31,44,30,24],"tags":[],"class_list":["post-16612","post","type-post","status-publish","format-standard","hentry","category-rezepte-suse-kuchen-co","category-rezepte-vegan","category-rezepte-herzhaft","category-sommer"],"_links":{"self":[{"href":"https:\/\/www.sabine-seyffert.de\/blog\/wp-json\/wp\/v2\/posts\/16612","targetHints":{"allow":["GET"]}}],"collection":[{"href":"https:\/\/www.sabine-seyffert.de\/blog\/wp-json\/wp\/v2\/posts"}],"about":[{"href":"https:\/\/www.sabine-seyffert.de\/blog\/wp-json\/wp\/v2\/types\/post"}],"author":[{"embeddable":true,"href":"https:\/\/www.sabine-seyffert.de\/blog\/wp-json\/wp\/v2\/users\/2"}],"replies":[{"embeddable":true,"href":"https:\/\/www.sabine-seyffert.de\/blog\/wp-json\/wp\/v2\/comments?post=16612"}],"version-history":[{"count":3,"href":"https:\/\/www.sabine-seyffert.de\/blog\/wp-json\/wp\/v2\/posts\/16612\/revisions"}],"predecessor-version":[{"id":16636,"href":"https:\/\/www.sabine-seyffert.de\/blog\/wp-json\/wp\/v2\/posts\/16612\/revisions\/16636"}],"wp:attachment":[{"href":"https:\/\/www.sabine-seyffert.de\/blog\/wp-json\/wp\/v2\/media?parent=16612"}],"wp:term":[{"taxonomy":"category","embeddable":true,"href":"https:\/\/www.sabine-seyffert.de\/blog\/wp-json\/wp\/v2\/categories?post=16612"},{"taxonomy":"post_tag","embeddable":true,"href":"https:\/\/www.sabine-seyffert.de\/blog\/wp-json\/wp\/v2\/tags?post=16612"}],"curies":[{"name":"wp","href":"https:\/\/api.w.org\/{rel}","templated":true}]}}