{"id":16599,"date":"2020-05-20T06:28:20","date_gmt":"2020-05-20T04:28:20","guid":{"rendered":"https:\/\/www.sabine-seyffert.de\/blog\/?p=16599"},"modified":"2020-05-24T09:09:30","modified_gmt":"2020-05-24T07:09:30","slug":"diy-basteln-mit-kindern-biene-aus-joghurtdeckeln-kordel-papier-upcycling-idee-fuer-kinder","status":"publish","type":"post","link":"https:\/\/www.sabine-seyffert.de\/blog\/diy-basteln-mit-kindern-biene-aus-joghurtdeckeln-kordel-papier-upcycling-idee-fuer-kinder\/","title":{"rendered":"DIY Basteln mit Kindern: Biene aus Joghurtdeckeln, Kordel &#038; Papier \u2013 Upcycling Idee f\u00fcr Kinder"},"content":{"rendered":"<p style=\"text-align: justify;\"><img loading=\"lazy\" decoding=\"async\" src=\"https:\/\/vg01.met.vgwort.de\/na\/3312d995fa314f04956a36a5c3385b22\" alt=\"\" width=\"1\" height=\"1\" \/>Passend zum <a href=\"https:\/\/de.wikipedia.org\/wiki\/Weltbienentag\" target=\"_blank\" rel=\"noopener nofollow noreferrer\">Weltbienentag<\/a> gibt es heute eine tolle Bastelidee f\u00fcr Kinder und alle Bienen-Fans. Die selbst gemachten Bienchen kann man prima als leuchtende Fensterdeko nutzen. Je mehr Bienen davon umher summen, desto wohler f\u00fchlen sie sich.<br \/>\nHabt ihr Lust mitzumachen? Dann zieht euch schnell einen Malkittel \u00fcber und die Bastelaktion zum Thema Bienen kann starten.<\/p>\n<p style=\"text-align: center;\"><a href=\"https:\/\/www.sabine-seyffert.de\/blog\/wp-content\/uploads\/2020\/05\/Biene-Upcycling-Deckel-Sabine-Seyffert.de-1.jpg\"><img loading=\"lazy\" decoding=\"async\" class=\"alignnone size-full wp-image-16600\" src=\"https:\/\/www.sabine-seyffert.de\/blog\/wp-content\/uploads\/2020\/05\/Biene-Upcycling-Deckel-Sabine-Seyffert.de-1.jpg\" alt=\"\" width=\"800\" height=\"600\" srcset=\"https:\/\/www.sabine-seyffert.de\/blog\/wp-content\/uploads\/2020\/05\/Biene-Upcycling-Deckel-Sabine-Seyffert.de-1.jpg 800w, https:\/\/www.sabine-seyffert.de\/blog\/wp-content\/uploads\/2020\/05\/Biene-Upcycling-Deckel-Sabine-Seyffert.de-1-300x225.jpg 300w, https:\/\/www.sabine-seyffert.de\/blog\/wp-content\/uploads\/2020\/05\/Biene-Upcycling-Deckel-Sabine-Seyffert.de-1-768x576.jpg 768w\" sizes=\"auto, (max-width: 800px) 100vw, 800px\" \/><\/a><\/p>\n<p style=\"text-align: justify;\"><strong>Das wird gebraucht:<\/strong><br \/>\nLeere, saubere Joghurtdeckel (durchsichtig), gelbes Seidenpapier oder ersatzweise Transparentpapier, d\u00fcnne Kordel, kleine Holzkn\u00f6pfe, d\u00fcnne Pappreste, eine alte Tageszeitung, Deckwei\u00df oder wei\u00dfe Acrylfarbe, eine Bastelschere, eine Hei\u00dfklebepistole samt Klebepatrone, Tapetenkleister, Malkittel, eine abwaschbare Tischdecke oder Malunterlage, Nadel, Nylongarn<\/p>\n<p style=\"text-align: center;\"><a href=\"https:\/\/www.sabine-seyffert.de\/blog\/wp-content\/uploads\/2020\/05\/Biene-Upcycling-Deckel-Sabine-Seyffert.de-14.jpg\"><img loading=\"lazy\" decoding=\"async\" class=\"alignnone size-full wp-image-16601\" src=\"https:\/\/www.sabine-seyffert.de\/blog\/wp-content\/uploads\/2020\/05\/Biene-Upcycling-Deckel-Sabine-Seyffert.de-14.jpg\" alt=\"\" width=\"800\" height=\"600\" srcset=\"https:\/\/www.sabine-seyffert.de\/blog\/wp-content\/uploads\/2020\/05\/Biene-Upcycling-Deckel-Sabine-Seyffert.de-14.jpg 800w, https:\/\/www.sabine-seyffert.de\/blog\/wp-content\/uploads\/2020\/05\/Biene-Upcycling-Deckel-Sabine-Seyffert.de-14-300x225.jpg 300w, https:\/\/www.sabine-seyffert.de\/blog\/wp-content\/uploads\/2020\/05\/Biene-Upcycling-Deckel-Sabine-Seyffert.de-14-768x576.jpg 768w\" sizes=\"auto, (max-width: 800px) 100vw, 800px\" \/><\/a><\/p>\n<p style=\"text-align: justify;\"><strong>So wird\u2019s gemacht:<\/strong><br \/>\nZuerst r\u00fchrt ihr in einer kleinen Schale oder einem leeren Glas mit Schraubverschluss etwas Tapetenkleister mit warmem Leitungswasser an. Wenn ihr den Kleister regelm\u00e4\u00dfig zum Basteln verwendet, k\u00f6nnt ihr auch gleich eine gr\u00f6\u00dfere Menge davon zubereiten und anr\u00fchren. Der Kleber h\u00e4lt sich gut verschlossen in einem sauberen Glas wirklich lange Zeit.<\/p>\n<p style=\"text-align: center;\"><a href=\"https:\/\/www.sabine-seyffert.de\/blog\/wp-content\/uploads\/2020\/05\/Biene-Upcycling-Deckel-Sabine-Seyffert.de-10.jpg\"><img loading=\"lazy\" decoding=\"async\" class=\"alignnone size-full wp-image-16603\" src=\"https:\/\/www.sabine-seyffert.de\/blog\/wp-content\/uploads\/2020\/05\/Biene-Upcycling-Deckel-Sabine-Seyffert.de-10.jpg\" alt=\"\" width=\"800\" height=\"600\" srcset=\"https:\/\/www.sabine-seyffert.de\/blog\/wp-content\/uploads\/2020\/05\/Biene-Upcycling-Deckel-Sabine-Seyffert.de-10.jpg 800w, https:\/\/www.sabine-seyffert.de\/blog\/wp-content\/uploads\/2020\/05\/Biene-Upcycling-Deckel-Sabine-Seyffert.de-10-300x225.jpg 300w, https:\/\/www.sabine-seyffert.de\/blog\/wp-content\/uploads\/2020\/05\/Biene-Upcycling-Deckel-Sabine-Seyffert.de-10-768x576.jpg 768w\" sizes=\"auto, (max-width: 800px) 100vw, 800px\" \/><\/a><\/p>\n<p style=\"text-align: justify;\">W\u00e4hrend der Kleister nun ein paar Minuten nachdickt, deckt ihr den Tisch gut ab und schneidet das gelbe Seidenpapier in kleinere St\u00fccke.<\/p>\n<p style=\"text-align: center;\"><a href=\"https:\/\/www.sabine-seyffert.de\/blog\/wp-content\/uploads\/2020\/05\/Biene-Upcycling-Deckel-Sabine-Seyffert.de-13.jpg\"><img loading=\"lazy\" decoding=\"async\" class=\"alignnone size-full wp-image-16604\" src=\"https:\/\/www.sabine-seyffert.de\/blog\/wp-content\/uploads\/2020\/05\/Biene-Upcycling-Deckel-Sabine-Seyffert.de-13.jpg\" alt=\"\" width=\"800\" height=\"600\" srcset=\"https:\/\/www.sabine-seyffert.de\/blog\/wp-content\/uploads\/2020\/05\/Biene-Upcycling-Deckel-Sabine-Seyffert.de-13.jpg 800w, https:\/\/www.sabine-seyffert.de\/blog\/wp-content\/uploads\/2020\/05\/Biene-Upcycling-Deckel-Sabine-Seyffert.de-13-300x225.jpg 300w, https:\/\/www.sabine-seyffert.de\/blog\/wp-content\/uploads\/2020\/05\/Biene-Upcycling-Deckel-Sabine-Seyffert.de-13-768x576.jpg 768w\" sizes=\"auto, (max-width: 800px) 100vw, 800px\" \/><\/a><\/p>\n<p style=\"text-align: justify;\">Au\u00dferdem k\u00f6nnt ihr ein St\u00fcck Zeitungspapier mit Deckwei\u00df bemalen. Die Farbe kann man prima mit etwas Wasser verd\u00fcnnen, dann schimmert die Schrift noch ein wenig durch.<\/p>\n<p style=\"text-align: center;\"><a href=\"https:\/\/www.sabine-seyffert.de\/blog\/wp-content\/uploads\/2020\/05\/Biene-Upcycling-Deckel-Sabine-Seyffert.de-11.jpg\"><img loading=\"lazy\" decoding=\"async\" class=\"alignnone size-full wp-image-16605\" src=\"https:\/\/www.sabine-seyffert.de\/blog\/wp-content\/uploads\/2020\/05\/Biene-Upcycling-Deckel-Sabine-Seyffert.de-11.jpg\" alt=\"\" width=\"800\" height=\"600\" srcset=\"https:\/\/www.sabine-seyffert.de\/blog\/wp-content\/uploads\/2020\/05\/Biene-Upcycling-Deckel-Sabine-Seyffert.de-11.jpg 800w, https:\/\/www.sabine-seyffert.de\/blog\/wp-content\/uploads\/2020\/05\/Biene-Upcycling-Deckel-Sabine-Seyffert.de-11-300x225.jpg 300w, https:\/\/www.sabine-seyffert.de\/blog\/wp-content\/uploads\/2020\/05\/Biene-Upcycling-Deckel-Sabine-Seyffert.de-11-768x576.jpg 768w\" sizes=\"auto, (max-width: 800px) 100vw, 800px\" \/><\/a><\/p>\n<p style=\"text-align: justify;\">Aus der bemalten Zeitung braucht ihr zwei Fl\u00fcgel und aus der d\u00fcnnen Pappe eine lachenden Mund. Jetzt k\u00f6nnt ihr den Plastikdeckel d\u00fcnn mit dem Kleister einschmieren und 1 bis zwei Schichten von dem gelben Papier dar\u00fcber kleben. Da der Deckel sehr stabil ist, reichen wirklich wenige Papierschichten aus.<\/p>\n<p style=\"text-align: center;\"><a href=\"https:\/\/www.sabine-seyffert.de\/blog\/wp-content\/uploads\/2020\/05\/Biene-Upcycling-Deckel-Sabine-Seyffert.de-9.jpg\"><img loading=\"lazy\" decoding=\"async\" class=\"alignnone size-full wp-image-16606\" src=\"https:\/\/www.sabine-seyffert.de\/blog\/wp-content\/uploads\/2020\/05\/Biene-Upcycling-Deckel-Sabine-Seyffert.de-9.jpg\" alt=\"\" width=\"800\" height=\"600\" srcset=\"https:\/\/www.sabine-seyffert.de\/blog\/wp-content\/uploads\/2020\/05\/Biene-Upcycling-Deckel-Sabine-Seyffert.de-9.jpg 800w, https:\/\/www.sabine-seyffert.de\/blog\/wp-content\/uploads\/2020\/05\/Biene-Upcycling-Deckel-Sabine-Seyffert.de-9-300x225.jpg 300w, https:\/\/www.sabine-seyffert.de\/blog\/wp-content\/uploads\/2020\/05\/Biene-Upcycling-Deckel-Sabine-Seyffert.de-9-768x576.jpg 768w\" sizes=\"auto, (max-width: 800px) 100vw, 800px\" \/><\/a><\/p>\n<p style=\"text-align: justify;\">Sobald die beklebte Schicht durchgetrocknet ist (in der Sonne geht das wirklich super schnell, wenn ihr nur ganz wenig Kleister verwendet) k\u00f6nnt ihr etwas Kordel f\u00fcr das Streifenmuster um den Deckel wickeln, den Mund aufkleben und die Fl\u00fcgel befestigen.<\/p>\n<p style=\"text-align: center;\"><a href=\"https:\/\/www.sabine-seyffert.de\/blog\/wp-content\/uploads\/2020\/05\/Biene-Upcycling-Deckel-Sabine-Seyffert.de-8.jpg\"><img loading=\"lazy\" decoding=\"async\" class=\"alignnone size-full wp-image-16608\" src=\"https:\/\/www.sabine-seyffert.de\/blog\/wp-content\/uploads\/2020\/05\/Biene-Upcycling-Deckel-Sabine-Seyffert.de-8.jpg\" alt=\"\" width=\"800\" height=\"600\" srcset=\"https:\/\/www.sabine-seyffert.de\/blog\/wp-content\/uploads\/2020\/05\/Biene-Upcycling-Deckel-Sabine-Seyffert.de-8.jpg 800w, https:\/\/www.sabine-seyffert.de\/blog\/wp-content\/uploads\/2020\/05\/Biene-Upcycling-Deckel-Sabine-Seyffert.de-8-300x225.jpg 300w, https:\/\/www.sabine-seyffert.de\/blog\/wp-content\/uploads\/2020\/05\/Biene-Upcycling-Deckel-Sabine-Seyffert.de-8-768x576.jpg 768w\" sizes=\"auto, (max-width: 800px) 100vw, 800px\" \/><\/a><\/p>\n<p style=\"text-align: justify;\">Das Auge (den Holzknopf) fixiert man am besten mit einem Tropfen Hei\u00dfkleber, so h\u00e4lt er am besten. Jetzt noch mit der Nadel etwas Nylongarn durch den oberen Deckelrand ziehen, verknoten und ans Fenster h\u00e4ngen!<\/p>\n<p style=\"text-align: center;\"><a href=\"https:\/\/www.sabine-seyffert.de\/blog\/wp-content\/uploads\/2020\/05\/Biene-Upcycling-Deckel-Sabine-Seyffert.de-2.jpg\"><img loading=\"lazy\" decoding=\"async\" class=\"alignnone size-full wp-image-16602\" src=\"https:\/\/www.sabine-seyffert.de\/blog\/wp-content\/uploads\/2020\/05\/Biene-Upcycling-Deckel-Sabine-Seyffert.de-2.jpg\" alt=\"\" width=\"600\" height=\"800\" srcset=\"https:\/\/www.sabine-seyffert.de\/blog\/wp-content\/uploads\/2020\/05\/Biene-Upcycling-Deckel-Sabine-Seyffert.de-2.jpg 600w, https:\/\/www.sabine-seyffert.de\/blog\/wp-content\/uploads\/2020\/05\/Biene-Upcycling-Deckel-Sabine-Seyffert.de-2-225x300.jpg 225w\" sizes=\"auto, (max-width: 600px) 100vw, 600px\" \/><\/a><\/p>\n<p><strong>Kleiner Tipp:<\/strong><\/p>\n<p style=\"text-align: justify;\">Schaut mal im Blog Archiv, da gibt es noch s\u00fc\u00dfe <a href=\"https:\/\/www.sabine-seyffert.de\/blog\/?p=16080\" target=\"_blank\" rel=\"noopener noreferrer\">Bienchen aus Streichholzschachteln<\/a>, leckere <a href=\"https:\/\/www.sabine-seyffert.de\/blog\/?p=10338\" target=\"_blank\" rel=\"noopener noreferrer\">Bienen zum Naschen<\/a> aus Bananen und <a href=\"https:\/\/www.sabine-seyffert.de\/blog\/?p=4632\" target=\"_blank\" rel=\"noopener noreferrer\">Bienen aus Ahornnasen<\/a>, die man gerade jetzt prima Drau\u00dfen sammeln kann \ud83d\ude42<\/p>\n<p style=\"text-align: justify;\">Weitere kreative Bastelanleitungen f\u00fcr Kinder findet ihr \u00fcbrigens in <a href=\"https:\/\/www.sabine-seyffert.de\/blog\/?cat=32\" target=\"_blank\" rel=\"noopener noreferrer\">dieser Blog Kategorie<\/a>, alle Ideen zum Thema Fr\u00fchlings gibt es in <a href=\"https:\/\/www.sabine-seyffert.de\/blog\/?cat=23\" target=\"_blank\" rel=\"noopener noreferrer\">dieser Rubrik<\/a>, alle Upcycling Anleitungen zum Nachmachen <a href=\"https:\/\/www.sabine-seyffert.de\/blog\/?cat=47\" target=\"_blank\" rel=\"noopener noreferrer\">an dieser Stelle<\/a> und andere kreative Sachen gibt es <a href=\"http:\/\/www.lunaju.de\/2020\/05\/kiddikram-mai-2020-linkparty-verlinkt.html\" target=\"_blank\" rel=\"noopener nofollow noreferrer\">dort<\/a>.<\/p>\n<p style=\"text-align: justify;\"><a href=\"https:\/\/www.sabine-seyffert.de\/blog\/?page_id=32#urheberrecht\">urheberrechtlich gesch\u00fctzt<\/a>, \u00a9 Sabine Seyffert<\/p>\n","protected":false},"excerpt":{"rendered":"<p>Passend zum Weltbienentag gibt es heute eine tolle Bastelidee f\u00fcr Kinder und alle Bienen-Fans. Die selbst gemachten Bienchen kann man prima als leuchtende Fensterdeko nutzen. Je mehr Bienen davon umher summen, desto wohler f\u00fchlen sie sich. Habt ihr Lust mitzumachen? Dann zieht euch schnell einen Malkittel \u00fcber und die Bastelaktion zum Thema Bienen kann starten&#8230;. <a href=\"https:\/\/www.sabine-seyffert.de\/blog\/diy-basteln-mit-kindern-biene-aus-joghurtdeckeln-kordel-papier-upcycling-idee-fuer-kinder\/\" class=\"more-link\">Read more: DIY Basteln mit Kindern: Biene aus Joghurtdeckeln, Kordel &#038; Papier \u2013 Upcycling Idee f\u00fcr Kinder<\/a><\/p>\n","protected":false},"author":2,"featured_media":0,"comment_status":"open","ping_status":"open","sticky":false,"template":"","format":"standard","meta":{"_metis_text_type":"","_metis_text_length":2690,"_post_count":0,"footnotes":""},"categories":[32,12,23,24,47],"tags":[],"class_list":["post-16599","post","type-post","status-publish","format-standard","hentry","category-kreatives-fur-kleine-kinderhande","category-deko-ideen","category-fruhling","category-sommer","category-upcyceltes"],"_links":{"self":[{"href":"https:\/\/www.sabine-seyffert.de\/blog\/wp-json\/wp\/v2\/posts\/16599","targetHints":{"allow":["GET"]}}],"collection":[{"href":"https:\/\/www.sabine-seyffert.de\/blog\/wp-json\/wp\/v2\/posts"}],"about":[{"href":"https:\/\/www.sabine-seyffert.de\/blog\/wp-json\/wp\/v2\/types\/post"}],"author":[{"embeddable":true,"href":"https:\/\/www.sabine-seyffert.de\/blog\/wp-json\/wp\/v2\/users\/2"}],"replies":[{"embeddable":true,"href":"https:\/\/www.sabine-seyffert.de\/blog\/wp-json\/wp\/v2\/comments?post=16599"}],"version-history":[{"count":4,"href":"https:\/\/www.sabine-seyffert.de\/blog\/wp-json\/wp\/v2\/posts\/16599\/revisions"}],"predecessor-version":[{"id":16637,"href":"https:\/\/www.sabine-seyffert.de\/blog\/wp-json\/wp\/v2\/posts\/16599\/revisions\/16637"}],"wp:attachment":[{"href":"https:\/\/www.sabine-seyffert.de\/blog\/wp-json\/wp\/v2\/media?parent=16599"}],"wp:term":[{"taxonomy":"category","embeddable":true,"href":"https:\/\/www.sabine-seyffert.de\/blog\/wp-json\/wp\/v2\/categories?post=16599"},{"taxonomy":"post_tag","embeddable":true,"href":"https:\/\/www.sabine-seyffert.de\/blog\/wp-json\/wp\/v2\/tags?post=16599"}],"curies":[{"name":"wp","href":"https:\/\/api.w.org\/{rel}","templated":true}]}}