{"id":16554,"date":"2020-05-13T06:38:13","date_gmt":"2020-05-13T04:38:13","guid":{"rendered":"https:\/\/www.sabine-seyffert.de\/blog\/?p=16554"},"modified":"2022-09-23T18:31:06","modified_gmt":"2022-09-23T16:31:06","slug":"diy-bastelidee-fuer-kinder-lustiges-faultier-upcycling-mit-handabdruck-fuers-kinderzimmer","status":"publish","type":"post","link":"https:\/\/www.sabine-seyffert.de\/blog\/diy-bastelidee-fuer-kinder-lustiges-faultier-upcycling-mit-handabdruck-fuers-kinderzimmer\/","title":{"rendered":"DIY Bastelidee f\u00fcr Kinder: Lustiges Faultier Upcycling mit Handabdruck f\u00fcrs Kinderzimmer"},"content":{"rendered":"<p style=\"text-align: justify;\"><img loading=\"lazy\" decoding=\"async\" src=\"https:\/\/vg01.met.vgwort.de\/na\/dc8bd7daf1cb4480b38b9e713c396c07\" alt=\"\" width=\"1\" height=\"1\" \/>Besch\u00e4ftigungsideen f\u00fcr Kinder sind immer eine gute Idee. Besonders an regnerischen Nachmittagen oder wenn wieder mal \u201edicke Luft\u201c im Kinderzimmer angesagt ist. Da kommt etwas kreative Ablenkung ganz gelegen. Und die heutige Bastelei hilft ganz sicher beim tief Luftholen und Entspannen. Schlie\u00dflich wollen wir kleine Faultiere basteln. Und die sind in der Tat ja wirklich tiefenentspannt und sehr gem\u00fctlich. Nichts kann sie so leicht aus der Ruhe bringen \ud83d\ude09<\/p>\n<p>Die sind eine sch\u00f6ne Erg\u00e4nzung zu dem <a href=\"https:\/\/www.sabine-seyffert.de\/blog\/?p=16362\" target=\"_blank\" rel=\"noopener noreferrer\">stolzen Pfau<\/a> und auch <a href=\"https:\/\/www.sabine-seyffert.de\/blog\/?p=16093\" target=\"_blank\" rel=\"noopener noreferrer\">der Giraffe<\/a>, die ebenfalls aus Handabdr\u00fccken gebastelt sind.<\/p>\n<p style=\"text-align: center;\"><a href=\"https:\/\/www.sabine-seyffert.de\/blog\/wp-content\/uploads\/2020\/05\/Faultier-Hand-Sabine-Seyffert.de-3.jpg\"><img loading=\"lazy\" decoding=\"async\" class=\"alignnone size-full wp-image-16555\" src=\"https:\/\/www.sabine-seyffert.de\/blog\/wp-content\/uploads\/2020\/05\/Faultier-Hand-Sabine-Seyffert.de-3.jpg\" alt=\"\" width=\"800\" height=\"600\" srcset=\"https:\/\/www.sabine-seyffert.de\/blog\/wp-content\/uploads\/2020\/05\/Faultier-Hand-Sabine-Seyffert.de-3.jpg 800w, https:\/\/www.sabine-seyffert.de\/blog\/wp-content\/uploads\/2020\/05\/Faultier-Hand-Sabine-Seyffert.de-3-300x225.jpg 300w, https:\/\/www.sabine-seyffert.de\/blog\/wp-content\/uploads\/2020\/05\/Faultier-Hand-Sabine-Seyffert.de-3-768x576.jpg 768w\" sizes=\"auto, (max-width: 800px) 100vw, 800px\" \/><\/a><\/p>\n<p style=\"text-align: justify;\"><strong>Das wird gebraucht:<\/strong><br \/>\nWei\u00dfen Tonkarton \/ Fotokarton, eine alte Tageszeitung, einen breiten Borstenpinsel, ein Glas Leitungswasser, braune und gr\u00fcne Wasserfarbe, eine Bastelschere, Kleber, etwas Wellpappe \/ Wellenkarton, etwas Deckwei\u00df, kleine braune Perlen, eine Hei\u00dfklebepistole samt Klebepatrone, einen alten Karton sowie eine abwaschbare Unterlage<\/p>\n<p style=\"text-align: center;\"><a href=\"https:\/\/www.sabine-seyffert.de\/blog\/wp-content\/uploads\/2020\/05\/Faultier-Hand-Sabine-Seyffert.de-0.jpg\"><img loading=\"lazy\" decoding=\"async\" class=\"alignnone size-full wp-image-16556\" src=\"https:\/\/www.sabine-seyffert.de\/blog\/wp-content\/uploads\/2020\/05\/Faultier-Hand-Sabine-Seyffert.de-0.jpg\" alt=\"\" width=\"800\" height=\"600\" srcset=\"https:\/\/www.sabine-seyffert.de\/blog\/wp-content\/uploads\/2020\/05\/Faultier-Hand-Sabine-Seyffert.de-0.jpg 800w, https:\/\/www.sabine-seyffert.de\/blog\/wp-content\/uploads\/2020\/05\/Faultier-Hand-Sabine-Seyffert.de-0-300x225.jpg 300w, https:\/\/www.sabine-seyffert.de\/blog\/wp-content\/uploads\/2020\/05\/Faultier-Hand-Sabine-Seyffert.de-0-768x576.jpg 768w\" sizes=\"auto, (max-width: 800px) 100vw, 800px\" \/><\/a><\/p>\n<p style=\"text-align: justify;\"><strong>So wird\u2019s gemacht:<\/strong><br \/>\nAls erstes schneidet sich jeder aus einem alten Pappkarton ein etwa Din A4 gro\u00dfes St\u00fcck aus. Wer mag, kann wie wir, die Kanten an den Seiten leicht abrunden.<\/p>\n<p style=\"text-align: center;\"><a href=\"https:\/\/www.sabine-seyffert.de\/blog\/wp-content\/uploads\/2020\/05\/Faultier-Hand-Sabine-Seyffert.de-8.jpg\"><img loading=\"lazy\" decoding=\"async\" class=\"alignnone size-full wp-image-16557\" src=\"https:\/\/www.sabine-seyffert.de\/blog\/wp-content\/uploads\/2020\/05\/Faultier-Hand-Sabine-Seyffert.de-8.jpg\" alt=\"\" width=\"800\" height=\"600\" srcset=\"https:\/\/www.sabine-seyffert.de\/blog\/wp-content\/uploads\/2020\/05\/Faultier-Hand-Sabine-Seyffert.de-8.jpg 800w, https:\/\/www.sabine-seyffert.de\/blog\/wp-content\/uploads\/2020\/05\/Faultier-Hand-Sabine-Seyffert.de-8-300x225.jpg 300w, https:\/\/www.sabine-seyffert.de\/blog\/wp-content\/uploads\/2020\/05\/Faultier-Hand-Sabine-Seyffert.de-8-768x576.jpg 768w\" sizes=\"auto, (max-width: 800px) 100vw, 800px\" \/><\/a><\/p>\n<p style=\"text-align: justify;\">Wenn der Tisch gut abgedeckt ist, darf sich jeder einen rechten und linken Handabdruck mit brauner Wasserfarbe auf den wei\u00dfen Tonkarton drucken.<\/p>\n<p style=\"text-align: center;\"><a href=\"https:\/\/www.sabine-seyffert.de\/blog\/wp-content\/uploads\/2020\/05\/Faultier-Hand-Sabine-Seyffert.de-6.jpg\"><img loading=\"lazy\" decoding=\"async\" class=\"alignnone size-full wp-image-16558\" src=\"https:\/\/www.sabine-seyffert.de\/blog\/wp-content\/uploads\/2020\/05\/Faultier-Hand-Sabine-Seyffert.de-6.jpg\" alt=\"\" width=\"800\" height=\"600\" srcset=\"https:\/\/www.sabine-seyffert.de\/blog\/wp-content\/uploads\/2020\/05\/Faultier-Hand-Sabine-Seyffert.de-6.jpg 800w, https:\/\/www.sabine-seyffert.de\/blog\/wp-content\/uploads\/2020\/05\/Faultier-Hand-Sabine-Seyffert.de-6-300x225.jpg 300w, https:\/\/www.sabine-seyffert.de\/blog\/wp-content\/uploads\/2020\/05\/Faultier-Hand-Sabine-Seyffert.de-6-768x576.jpg 768w\" sizes=\"auto, (max-width: 800px) 100vw, 800px\" \/><\/a><\/p>\n<p style=\"text-align: justify;\">Aus der Tageszeitung bemalt man sich ein St\u00fcck mit Text bedrucktem Teil mit Wasser verd\u00fcnntem Deckwei\u00df, ein kleines St\u00fcck mit gr\u00fcn und einen dritten Teil mit brauner Wasserfarbe. (Wie genau man dieses kostenlose Bastelmaterial herstellt, k\u00f6nnt ihr auch in <a href=\"https:\/\/www.sabine-seyffert.de\/blog\/?p=13917\" target=\"_blank\" rel=\"noopener noreferrer\">dieser Bastelanleitung<\/a> noch mal im Detail nachlesen.)<\/p>\n<p style=\"text-align: center;\"><a href=\"https:\/\/www.sabine-seyffert.de\/blog\/wp-content\/uploads\/2020\/05\/Faultier-Hand-Sabine-Seyffert.de-5.jpg\"><img loading=\"lazy\" decoding=\"async\" class=\"alignnone size-full wp-image-16559\" src=\"https:\/\/www.sabine-seyffert.de\/blog\/wp-content\/uploads\/2020\/05\/Faultier-Hand-Sabine-Seyffert.de-5.jpg\" alt=\"\" width=\"800\" height=\"600\" srcset=\"https:\/\/www.sabine-seyffert.de\/blog\/wp-content\/uploads\/2020\/05\/Faultier-Hand-Sabine-Seyffert.de-5.jpg 800w, https:\/\/www.sabine-seyffert.de\/blog\/wp-content\/uploads\/2020\/05\/Faultier-Hand-Sabine-Seyffert.de-5-300x225.jpg 300w, https:\/\/www.sabine-seyffert.de\/blog\/wp-content\/uploads\/2020\/05\/Faultier-Hand-Sabine-Seyffert.de-5-768x576.jpg 768w\" sizes=\"auto, (max-width: 800px) 100vw, 800px\" \/><\/a><\/p>\n<p style=\"text-align: justify;\">W\u00e4hrend die Farbe trocknet, schneidet sich jeder aus der Wellpappe einen Ast mit kleinen Zweigen. Den kann man in der oberen H\u00e4lfte auf die Pappe kleben.<\/p>\n<p style=\"text-align: center;\"><a href=\"https:\/\/www.sabine-seyffert.de\/blog\/wp-content\/uploads\/2020\/05\/Faultier-Hand-Sabine-Seyffert.de-4.jpg\"><img loading=\"lazy\" decoding=\"async\" class=\"alignnone size-full wp-image-16560\" src=\"https:\/\/www.sabine-seyffert.de\/blog\/wp-content\/uploads\/2020\/05\/Faultier-Hand-Sabine-Seyffert.de-4.jpg\" alt=\"\" width=\"800\" height=\"600\" srcset=\"https:\/\/www.sabine-seyffert.de\/blog\/wp-content\/uploads\/2020\/05\/Faultier-Hand-Sabine-Seyffert.de-4.jpg 800w, https:\/\/www.sabine-seyffert.de\/blog\/wp-content\/uploads\/2020\/05\/Faultier-Hand-Sabine-Seyffert.de-4-300x225.jpg 300w, https:\/\/www.sabine-seyffert.de\/blog\/wp-content\/uploads\/2020\/05\/Faultier-Hand-Sabine-Seyffert.de-4-768x576.jpg 768w\" sizes=\"auto, (max-width: 800px) 100vw, 800px\" \/><\/a><\/p>\n<p style=\"text-align: justify;\">Anschlie\u00dfend werden die Handabdr\u00fccke ausgeschnitten und versetzt unter den Ast geklebt. An die Daumen, klebt man den Faultier Kopf, den man aus dem braun und wei\u00df bemalten Zeitungspapier schneidet und zusammenklebt.<\/p>\n<p style=\"text-align: center;\"><a href=\"https:\/\/www.sabine-seyffert.de\/blog\/wp-content\/uploads\/2020\/05\/Faultier-Hand-Sabine-Seyffert.de-2.jpg\"><img loading=\"lazy\" decoding=\"async\" class=\"alignnone size-full wp-image-16561\" src=\"https:\/\/www.sabine-seyffert.de\/blog\/wp-content\/uploads\/2020\/05\/Faultier-Hand-Sabine-Seyffert.de-2.jpg\" alt=\"\" width=\"800\" height=\"600\" srcset=\"https:\/\/www.sabine-seyffert.de\/blog\/wp-content\/uploads\/2020\/05\/Faultier-Hand-Sabine-Seyffert.de-2.jpg 800w, https:\/\/www.sabine-seyffert.de\/blog\/wp-content\/uploads\/2020\/05\/Faultier-Hand-Sabine-Seyffert.de-2-300x225.jpg 300w, https:\/\/www.sabine-seyffert.de\/blog\/wp-content\/uploads\/2020\/05\/Faultier-Hand-Sabine-Seyffert.de-2-768x576.jpg 768w\" sizes=\"auto, (max-width: 800px) 100vw, 800px\" \/><\/a><\/p>\n<p style=\"text-align: justify;\">Damit die Faultiere etwas plastischer werden, haben wir f\u00fcr die Augen kleine Perlen mit einem Tropfen Hei\u00dfkleber gestaltet.<br \/>\nZu guter letzt bekommt der Ast noch ein paar gr\u00fcne Bl\u00e4tter, damit sich die Faultiere verstecken k\u00f6nnen. Die schneidet man aus dem gr\u00fcnen Zeitungspapier und klebt diese hier und dort auf.<br \/>\nFertig ist das upcycelte Bild f\u00fcrs Kinderzimmer \ud83d\ude42<\/p>\n<p style=\"text-align: center;\"><a href=\"https:\/\/www.sabine-seyffert.de\/blog\/wp-content\/uploads\/2020\/05\/Faultier-Hand-Sabine-Seyffert.de-1.jpg\"><img loading=\"lazy\" decoding=\"async\" class=\"alignnone size-full wp-image-16562\" src=\"https:\/\/www.sabine-seyffert.de\/blog\/wp-content\/uploads\/2020\/05\/Faultier-Hand-Sabine-Seyffert.de-1.jpg\" alt=\"\" width=\"800\" height=\"600\" srcset=\"https:\/\/www.sabine-seyffert.de\/blog\/wp-content\/uploads\/2020\/05\/Faultier-Hand-Sabine-Seyffert.de-1.jpg 800w, https:\/\/www.sabine-seyffert.de\/blog\/wp-content\/uploads\/2020\/05\/Faultier-Hand-Sabine-Seyffert.de-1-300x225.jpg 300w, https:\/\/www.sabine-seyffert.de\/blog\/wp-content\/uploads\/2020\/05\/Faultier-Hand-Sabine-Seyffert.de-1-768x576.jpg 768w\" sizes=\"auto, (max-width: 800px) 100vw, 800px\" \/><\/a><\/p>\n<p style=\"text-align: justify;\">Weitere Bastelanleitungen f\u00fcr Kinder findet ihr \u00fcbrigens in <a href=\"https:\/\/www.sabine-seyffert.de\/blog\/?cat=32\" target=\"_blank\" rel=\"noopener noreferrer\">dieser Blog Kategorie<\/a>, alle DIY rund um das Thema Upcycling gibt es in <a href=\"https:\/\/www.sabine-seyffert.de\/blog\/?cat=47\" target=\"_blank\" rel=\"noopener noreferrer\">diesem Ordner<\/a> und andere kreative Sachen gibt es an <a href=\"http:\/\/www.lunaju.de\/2020\/05\/kiddikram-mai-2020-linkparty-verlinkt.html\" target=\"_blank\" rel=\"noopener nofollow noreferrer\">dieser<\/a> Stelle.<\/p>\n<p style=\"text-align: center;\"><a href=\"https:\/\/www.sabine-seyffert.de\/blog\/wp-content\/uploads\/2020\/05\/Faultier-Hand-Sabine-Seyffert.de-9.jpg\"><img loading=\"lazy\" decoding=\"async\" class=\"alignnone size-full wp-image-16563\" src=\"https:\/\/www.sabine-seyffert.de\/blog\/wp-content\/uploads\/2020\/05\/Faultier-Hand-Sabine-Seyffert.de-9.jpg\" alt=\"\" width=\"600\" height=\"800\" srcset=\"https:\/\/www.sabine-seyffert.de\/blog\/wp-content\/uploads\/2020\/05\/Faultier-Hand-Sabine-Seyffert.de-9.jpg 600w, https:\/\/www.sabine-seyffert.de\/blog\/wp-content\/uploads\/2020\/05\/Faultier-Hand-Sabine-Seyffert.de-9-225x300.jpg 225w\" sizes=\"auto, (max-width: 600px) 100vw, 600px\" \/><\/a><\/p>\n<p style=\"text-align: justify;\"><a href=\"https:\/\/www.sabine-seyffert.de\/blog\/?page_id=32#urheberrecht\">urheberrechtlich gesch\u00fctzt<\/a>, \u00a9 Sabine Seyffert<\/p>\n","protected":false},"excerpt":{"rendered":"<p>Besch\u00e4ftigungsideen f\u00fcr Kinder sind immer eine gute Idee. Besonders an regnerischen Nachmittagen oder wenn wieder mal \u201edicke Luft\u201c im Kinderzimmer angesagt ist. Da kommt etwas kreative Ablenkung ganz gelegen. Und die heutige Bastelei hilft ganz sicher beim tief Luftholen und Entspannen. Schlie\u00dflich wollen wir kleine Faultiere basteln. Und die sind in der Tat ja wirklich&#8230; <a href=\"https:\/\/www.sabine-seyffert.de\/blog\/diy-bastelidee-fuer-kinder-lustiges-faultier-upcycling-mit-handabdruck-fuers-kinderzimmer\/\" class=\"more-link\">Read more: DIY Bastelidee f\u00fcr Kinder: Lustiges Faultier Upcycling mit Handabdruck f\u00fcrs Kinderzimmer<\/a><\/p>\n","protected":false},"author":2,"featured_media":0,"comment_status":"open","ping_status":"open","sticky":false,"template":"","format":"standard","meta":{"_metis_text_type":"","_metis_text_length":2534,"_post_count":0,"footnotes":""},"categories":[32,47],"tags":[],"class_list":["post-16554","post","type-post","status-publish","format-standard","hentry","category-kreatives-fur-kleine-kinderhande","category-upcyceltes"],"_links":{"self":[{"href":"https:\/\/www.sabine-seyffert.de\/blog\/wp-json\/wp\/v2\/posts\/16554","targetHints":{"allow":["GET"]}}],"collection":[{"href":"https:\/\/www.sabine-seyffert.de\/blog\/wp-json\/wp\/v2\/posts"}],"about":[{"href":"https:\/\/www.sabine-seyffert.de\/blog\/wp-json\/wp\/v2\/types\/post"}],"author":[{"embeddable":true,"href":"https:\/\/www.sabine-seyffert.de\/blog\/wp-json\/wp\/v2\/users\/2"}],"replies":[{"embeddable":true,"href":"https:\/\/www.sabine-seyffert.de\/blog\/wp-json\/wp\/v2\/comments?post=16554"}],"version-history":[{"count":6,"href":"https:\/\/www.sabine-seyffert.de\/blog\/wp-json\/wp\/v2\/posts\/16554\/revisions"}],"predecessor-version":[{"id":24097,"href":"https:\/\/www.sabine-seyffert.de\/blog\/wp-json\/wp\/v2\/posts\/16554\/revisions\/24097"}],"wp:attachment":[{"href":"https:\/\/www.sabine-seyffert.de\/blog\/wp-json\/wp\/v2\/media?parent=16554"}],"wp:term":[{"taxonomy":"category","embeddable":true,"href":"https:\/\/www.sabine-seyffert.de\/blog\/wp-json\/wp\/v2\/categories?post=16554"},{"taxonomy":"post_tag","embeddable":true,"href":"https:\/\/www.sabine-seyffert.de\/blog\/wp-json\/wp\/v2\/tags?post=16554"}],"curies":[{"name":"wp","href":"https:\/\/api.w.org\/{rel}","templated":true}]}}