{"id":16501,"date":"2020-05-06T06:44:24","date_gmt":"2020-05-06T04:44:24","guid":{"rendered":"https:\/\/www.sabine-seyffert.de\/blog\/?p=16501"},"modified":"2022-12-06T10:54:25","modified_gmt":"2022-12-06T08:54:25","slug":"mit-kindern-basteln-bastelidee-deko-zum-muttertag-bluehende-blumen-im-topf","status":"publish","type":"post","link":"https:\/\/www.sabine-seyffert.de\/blog\/mit-kindern-basteln-bastelidee-deko-zum-muttertag-bluehende-blumen-im-topf\/","title":{"rendered":"Mit Kindern basteln: Bastelidee &#038; Deko zum Muttertag \u2013 Bl\u00fchende Blumen im Topf"},"content":{"rendered":"<p style=\"text-align: justify;\"><img loading=\"lazy\" decoding=\"async\" src=\"https:\/\/vg01.met.vgwort.de\/na\/e4eb799391924c7db2d4a972b6a99764\" alt=\"\" width=\"1\" height=\"1\" \/>Wenn der Sommer naht und die Sonne scheint, ist es die beste Zeit um ein paar Blumen zu pflanzen. Wie sieht es bei euch aus \u2013 habt ihr Lust?<br \/>\nDann \u201epflanzen\u201c wir heute mal ein paar ganz besondere Blumen, die man wunderbar als kleines Geschenk, Mitbringsel oder Aufmerksamkeit zu Muttertag &amp; Co. nutzen kann. Und deshalb gibt es f\u00fcr euch nun hier die Bastelanleitung zum Nachbasteln. Eine sch\u00f6ne Alternative zu <a href=\"https:\/\/www.sabine-seyffert.de\/blog\/?p=16490\" target=\"_blank\" rel=\"noopener noreferrer\">diesem Herz am Stiel<\/a>.<\/p>\n<p style=\"text-align: center;\"><a href=\"https:\/\/www.sabine-seyffert.de\/blog\/wp-content\/uploads\/2020\/05\/Blumentopf-Hand-Sabine-Seyffert.de-3.jpg\"><img loading=\"lazy\" decoding=\"async\" class=\"alignnone size-full wp-image-16502\" src=\"https:\/\/www.sabine-seyffert.de\/blog\/wp-content\/uploads\/2020\/05\/Blumentopf-Hand-Sabine-Seyffert.de-3.jpg\" alt=\"\" width=\"800\" height=\"600\" srcset=\"https:\/\/www.sabine-seyffert.de\/blog\/wp-content\/uploads\/2020\/05\/Blumentopf-Hand-Sabine-Seyffert.de-3.jpg 800w, https:\/\/www.sabine-seyffert.de\/blog\/wp-content\/uploads\/2020\/05\/Blumentopf-Hand-Sabine-Seyffert.de-3-300x225.jpg 300w, https:\/\/www.sabine-seyffert.de\/blog\/wp-content\/uploads\/2020\/05\/Blumentopf-Hand-Sabine-Seyffert.de-3-768x576.jpg 768w\" sizes=\"auto, (max-width: 800px) 100vw, 800px\" \/><\/a><\/p>\n<p style=\"text-align: justify;\"><strong>Das wird gebraucht:<\/strong><br \/>\nEinen leeren Pappkarton, wei\u00dfen Tonkarton, Borstenpinsel, gr\u00fcne Wasserfarbe, Wellpappe, Schere, Kleber, farbige Papierschnipsel sowie optional Dinge zum Verzieren wie alte Kn\u00f6pfe, Seidenpapierreste, Stifte, Kreide, B\u00e4nder o.\u00e4.<\/p>\n<p style=\"text-align: center;\"><a href=\"https:\/\/www.sabine-seyffert.de\/blog\/wp-content\/uploads\/2020\/05\/Blumentopf-Hand-Sabine-Seyffert.de-13.jpg\"><img loading=\"lazy\" decoding=\"async\" class=\"alignnone size-full wp-image-16503\" src=\"https:\/\/www.sabine-seyffert.de\/blog\/wp-content\/uploads\/2020\/05\/Blumentopf-Hand-Sabine-Seyffert.de-13.jpg\" alt=\"\" width=\"800\" height=\"600\" srcset=\"https:\/\/www.sabine-seyffert.de\/blog\/wp-content\/uploads\/2020\/05\/Blumentopf-Hand-Sabine-Seyffert.de-13.jpg 800w, https:\/\/www.sabine-seyffert.de\/blog\/wp-content\/uploads\/2020\/05\/Blumentopf-Hand-Sabine-Seyffert.de-13-300x225.jpg 300w, https:\/\/www.sabine-seyffert.de\/blog\/wp-content\/uploads\/2020\/05\/Blumentopf-Hand-Sabine-Seyffert.de-13-768x576.jpg 768w\" sizes=\"auto, (max-width: 800px) 100vw, 800px\" \/><\/a><\/p>\n<p style=\"text-align: justify;\"><strong>So wird\u2019s gemacht:<\/strong><br \/>\nDiese Bastelei ist ein sch\u00f6nes Upcycling, weil man dazu prima alte Pappkartons und kleine Papierschnipsel \/ Papierreste nutzen kann.<\/p>\n<p style=\"text-align: center;\"><a href=\"https:\/\/www.sabine-seyffert.de\/blog\/wp-content\/uploads\/2020\/05\/Blumentopf-Hand-Sabine-Seyffert.de-11.jpg\"><img loading=\"lazy\" decoding=\"async\" class=\"alignnone size-full wp-image-16504\" src=\"https:\/\/www.sabine-seyffert.de\/blog\/wp-content\/uploads\/2020\/05\/Blumentopf-Hand-Sabine-Seyffert.de-11.jpg\" alt=\"\" width=\"800\" height=\"600\" srcset=\"https:\/\/www.sabine-seyffert.de\/blog\/wp-content\/uploads\/2020\/05\/Blumentopf-Hand-Sabine-Seyffert.de-11.jpg 800w, https:\/\/www.sabine-seyffert.de\/blog\/wp-content\/uploads\/2020\/05\/Blumentopf-Hand-Sabine-Seyffert.de-11-300x225.jpg 300w, https:\/\/www.sabine-seyffert.de\/blog\/wp-content\/uploads\/2020\/05\/Blumentopf-Hand-Sabine-Seyffert.de-11-768x576.jpg 768w\" sizes=\"auto, (max-width: 800px) 100vw, 800px\" \/><\/a><\/p>\n<p style=\"text-align: justify;\">Doch als erstes deckt man den Tisch gut ab, l\u00e4sst die kleinen K\u00fcnstler in Malkittel schl\u00fcpfen und dann kann es losgehen.<\/p>\n<p><a href=\"https:\/\/www.sabine-seyffert.de\/blog\/wp-content\/uploads\/2020\/05\/Blumentopf-Hand-Sabine-Seyffert.de-12.jpg\"><img loading=\"lazy\" decoding=\"async\" class=\"alignnone size-full wp-image-16505\" src=\"https:\/\/www.sabine-seyffert.de\/blog\/wp-content\/uploads\/2020\/05\/Blumentopf-Hand-Sabine-Seyffert.de-12.jpg\" alt=\"\" width=\"800\" height=\"600\" srcset=\"https:\/\/www.sabine-seyffert.de\/blog\/wp-content\/uploads\/2020\/05\/Blumentopf-Hand-Sabine-Seyffert.de-12.jpg 800w, https:\/\/www.sabine-seyffert.de\/blog\/wp-content\/uploads\/2020\/05\/Blumentopf-Hand-Sabine-Seyffert.de-12-300x225.jpg 300w, https:\/\/www.sabine-seyffert.de\/blog\/wp-content\/uploads\/2020\/05\/Blumentopf-Hand-Sabine-Seyffert.de-12-768x576.jpg 768w\" sizes=\"auto, (max-width: 800px) 100vw, 800px\" \/><\/a><\/p>\n<p style=\"text-align: justify;\">Daf\u00fcr bemalt man eine Hand mit gr\u00fcner Wasserfarbe (hier haben die Kinder paarweise gearbeitet und sich gegenseitig die Handinnenfl\u00e4che bemalt) und druckt diese schlie\u00dflich auf wei\u00dfen Fotokarton. W\u00e4hrend die Farbe trocknet, bereitet man die anderen Sachen vor.<\/p>\n<p style=\"text-align: center;\"><a href=\"https:\/\/www.sabine-seyffert.de\/blog\/wp-content\/uploads\/2020\/05\/Blumentopf-Hand-Sabine-Seyffert.de-6.jpg\"><img loading=\"lazy\" decoding=\"async\" class=\"alignnone size-full wp-image-16506\" src=\"https:\/\/www.sabine-seyffert.de\/blog\/wp-content\/uploads\/2020\/05\/Blumentopf-Hand-Sabine-Seyffert.de-6.jpg\" alt=\"\" width=\"800\" height=\"600\" srcset=\"https:\/\/www.sabine-seyffert.de\/blog\/wp-content\/uploads\/2020\/05\/Blumentopf-Hand-Sabine-Seyffert.de-6.jpg 800w, https:\/\/www.sabine-seyffert.de\/blog\/wp-content\/uploads\/2020\/05\/Blumentopf-Hand-Sabine-Seyffert.de-6-300x225.jpg 300w, https:\/\/www.sabine-seyffert.de\/blog\/wp-content\/uploads\/2020\/05\/Blumentopf-Hand-Sabine-Seyffert.de-6-768x576.jpg 768w\" sizes=\"auto, (max-width: 800px) 100vw, 800px\" \/><\/a><\/p>\n<p style=\"text-align: justify;\">Den Blumentopf schneidet man aus Pappe. Um diesen etwas plastischer zu gestalten, haben wir den Rand aus Wellpappe (ersatzweise Wellenkarton) gestalten. Einfach einen Streifen abschneiden und aufkleben.<\/p>\n<p style=\"text-align: center;\"><a href=\"https:\/\/www.sabine-seyffert.de\/blog\/wp-content\/uploads\/2020\/05\/Blumentopf-Hand-Sabine-Seyffert.de-9.jpg\"><img loading=\"lazy\" decoding=\"async\" class=\"alignnone size-full wp-image-16507\" src=\"https:\/\/www.sabine-seyffert.de\/blog\/wp-content\/uploads\/2020\/05\/Blumentopf-Hand-Sabine-Seyffert.de-9.jpg\" alt=\"\" width=\"800\" height=\"600\" srcset=\"https:\/\/www.sabine-seyffert.de\/blog\/wp-content\/uploads\/2020\/05\/Blumentopf-Hand-Sabine-Seyffert.de-9.jpg 800w, https:\/\/www.sabine-seyffert.de\/blog\/wp-content\/uploads\/2020\/05\/Blumentopf-Hand-Sabine-Seyffert.de-9-300x225.jpg 300w, https:\/\/www.sabine-seyffert.de\/blog\/wp-content\/uploads\/2020\/05\/Blumentopf-Hand-Sabine-Seyffert.de-9-768x576.jpg 768w\" sizes=\"auto, (max-width: 800px) 100vw, 800px\" \/><\/a><\/p>\n<p style=\"text-align: justify;\">Die Blumen darf jeder gestalten wie er mag, ganz \u00e4hnlich wie bei diesem <a href=\"https:\/\/www.sabine-seyffert.de\/blog\/?p=14160\" target=\"_blank\" rel=\"noopener noreferrer\">selbst gemachten Blumenstrau\u00df<\/a> f\u00fcr die Vase.<\/p>\n<p style=\"text-align: center;\"><a href=\"https:\/\/www.sabine-seyffert.de\/blog\/wp-content\/uploads\/2020\/05\/Blumentopf-Hand-Sabine-Seyffert.de-8.jpg\"><img loading=\"lazy\" decoding=\"async\" class=\"alignnone size-full wp-image-16508\" src=\"https:\/\/www.sabine-seyffert.de\/blog\/wp-content\/uploads\/2020\/05\/Blumentopf-Hand-Sabine-Seyffert.de-8.jpg\" alt=\"\" width=\"800\" height=\"600\" srcset=\"https:\/\/www.sabine-seyffert.de\/blog\/wp-content\/uploads\/2020\/05\/Blumentopf-Hand-Sabine-Seyffert.de-8.jpg 800w, https:\/\/www.sabine-seyffert.de\/blog\/wp-content\/uploads\/2020\/05\/Blumentopf-Hand-Sabine-Seyffert.de-8-300x225.jpg 300w, https:\/\/www.sabine-seyffert.de\/blog\/wp-content\/uploads\/2020\/05\/Blumentopf-Hand-Sabine-Seyffert.de-8-768x576.jpg 768w\" sizes=\"auto, (max-width: 800px) 100vw, 800px\" \/><\/a><\/p>\n<p style=\"text-align: justify;\">Man kann die Bl\u00fcten aus Papierresten schneiden oder auch wei\u00dfes Papier verwenden und dieses mit Buntstiften, Filzstiften, Pastellkreide oder Wasserfarben bemalen.<\/p>\n<p style=\"text-align: center;\"><a href=\"https:\/\/www.sabine-seyffert.de\/blog\/wp-content\/uploads\/2020\/05\/Blumentopf-Hand-Sabine-Seyffert.de-2.jpg\"><img loading=\"lazy\" decoding=\"async\" class=\"alignnone size-full wp-image-16509\" src=\"https:\/\/www.sabine-seyffert.de\/blog\/wp-content\/uploads\/2020\/05\/Blumentopf-Hand-Sabine-Seyffert.de-2.jpg\" alt=\"\" width=\"600\" height=\"800\" srcset=\"https:\/\/www.sabine-seyffert.de\/blog\/wp-content\/uploads\/2020\/05\/Blumentopf-Hand-Sabine-Seyffert.de-2.jpg 600w, https:\/\/www.sabine-seyffert.de\/blog\/wp-content\/uploads\/2020\/05\/Blumentopf-Hand-Sabine-Seyffert.de-2-225x300.jpg 225w\" sizes=\"auto, (max-width: 600px) 100vw, 600px\" \/><\/a><\/p>\n<p style=\"text-align: justify;\">Der Fantasie sind hierbei keine Grenzen gesetzt und die Blumen d\u00fcrfen sich in Form und der Gr\u00f6\u00dfe auch gerne voneinander unterscheiden.<\/p>\n<p style=\"text-align: center;\"><a href=\"https:\/\/www.sabine-seyffert.de\/blog\/wp-content\/uploads\/2020\/05\/Blumentopf-Hand-Sabine-Seyffert.de-7.jpg\"><img loading=\"lazy\" decoding=\"async\" class=\"alignnone size-full wp-image-16510\" src=\"https:\/\/www.sabine-seyffert.de\/blog\/wp-content\/uploads\/2020\/05\/Blumentopf-Hand-Sabine-Seyffert.de-7.jpg\" alt=\"\" width=\"800\" height=\"600\" srcset=\"https:\/\/www.sabine-seyffert.de\/blog\/wp-content\/uploads\/2020\/05\/Blumentopf-Hand-Sabine-Seyffert.de-7.jpg 800w, https:\/\/www.sabine-seyffert.de\/blog\/wp-content\/uploads\/2020\/05\/Blumentopf-Hand-Sabine-Seyffert.de-7-300x225.jpg 300w, https:\/\/www.sabine-seyffert.de\/blog\/wp-content\/uploads\/2020\/05\/Blumentopf-Hand-Sabine-Seyffert.de-7-768x576.jpg 768w\" sizes=\"auto, (max-width: 800px) 100vw, 800px\" \/><\/a><\/p>\n<p style=\"text-align: justify;\">Sind alle ben\u00f6tigten Teile fertig und die Farbe trocken, klebt man den Handabdruck von Hinten an den Blumentopf und an die einzelnen Bl\u00fctenst\u00e4ngel (Finger) dann die gebastelten Bl\u00fcten.<\/p>\n<p style=\"text-align: center;\"><a href=\"https:\/\/www.sabine-seyffert.de\/blog\/wp-content\/uploads\/2020\/05\/Blumentopf-Hand-Sabine-Seyffert.de-5.jpg\"><img loading=\"lazy\" decoding=\"async\" class=\"alignnone size-full wp-image-16511\" src=\"https:\/\/www.sabine-seyffert.de\/blog\/wp-content\/uploads\/2020\/05\/Blumentopf-Hand-Sabine-Seyffert.de-5.jpg\" alt=\"\" width=\"800\" height=\"600\" srcset=\"https:\/\/www.sabine-seyffert.de\/blog\/wp-content\/uploads\/2020\/05\/Blumentopf-Hand-Sabine-Seyffert.de-5.jpg 800w, https:\/\/www.sabine-seyffert.de\/blog\/wp-content\/uploads\/2020\/05\/Blumentopf-Hand-Sabine-Seyffert.de-5-300x225.jpg 300w, https:\/\/www.sabine-seyffert.de\/blog\/wp-content\/uploads\/2020\/05\/Blumentopf-Hand-Sabine-Seyffert.de-5-768x576.jpg 768w\" sizes=\"auto, (max-width: 800px) 100vw, 800px\" \/><\/a><\/p>\n<p style=\"text-align: justify;\">Kinder im Grundschulalter k\u00f6nnen auch den Blumentopf von etwas verzieren, beschriften oder mit Kordel \/ Geschenkband eine sch\u00f6ne Schleife darum binden.<\/p>\n<p style=\"text-align: center;\"><a href=\"https:\/\/www.sabine-seyffert.de\/blog\/wp-content\/uploads\/2020\/05\/Blumentopf-Hand-Sabine-Seyffert.de-4.jpg\"><img loading=\"lazy\" decoding=\"async\" class=\"alignnone size-full wp-image-16512\" src=\"https:\/\/www.sabine-seyffert.de\/blog\/wp-content\/uploads\/2020\/05\/Blumentopf-Hand-Sabine-Seyffert.de-4.jpg\" alt=\"\" width=\"800\" height=\"600\" srcset=\"https:\/\/www.sabine-seyffert.de\/blog\/wp-content\/uploads\/2020\/05\/Blumentopf-Hand-Sabine-Seyffert.de-4.jpg 800w, https:\/\/www.sabine-seyffert.de\/blog\/wp-content\/uploads\/2020\/05\/Blumentopf-Hand-Sabine-Seyffert.de-4-300x225.jpg 300w, https:\/\/www.sabine-seyffert.de\/blog\/wp-content\/uploads\/2020\/05\/Blumentopf-Hand-Sabine-Seyffert.de-4-768x576.jpg 768w\" sizes=\"auto, (max-width: 800px) 100vw, 800px\" \/><\/a><\/p>\n<p style=\"text-align: justify;\">Weitere kreative Bastelideen mit detaillierte Anleitungen f\u00fcr Kinder findet ihr \u00fcbrigens in <a href=\"https:\/\/www.sabine-seyffert.de\/blog\/?cat=32\" target=\"_blank\" rel=\"noopener noreferrer\">dieser Blog Kategorie<\/a>, klitzekleine Geschenkideen gibt es in <a href=\"https:\/\/www.sabine-seyffert.de\/blog\/?cat=36\" target=\"_blank\" rel=\"noopener noreferrer\">diesem Ordner<\/a>, alle Upcycling Ideen in <a href=\"https:\/\/www.sabine-seyffert.de\/blog\/?cat=47\" target=\"_blank\" rel=\"noopener noreferrer\">dieser Rubrik<\/a> und andere kreative Sachen gibt es an <a href=\"http:\/\/www.lunaju.de\/2020\/05\/kiddikram-mai-2020-linkparty-verlinkt.html\" target=\"_blank\" rel=\"noopener nofollow noreferrer\">dieser<\/a> Stelle.<\/p>\n<p style=\"text-align: center;\"><a href=\"https:\/\/www.sabine-seyffert.de\/blog\/wp-content\/uploads\/2020\/05\/Blumentopf-Hand-Sabine-Seyffert.de-1.jpg\"><img loading=\"lazy\" decoding=\"async\" class=\"alignnone size-full wp-image-16513\" src=\"https:\/\/www.sabine-seyffert.de\/blog\/wp-content\/uploads\/2020\/05\/Blumentopf-Hand-Sabine-Seyffert.de-1.jpg\" alt=\"\" width=\"600\" height=\"800\" srcset=\"https:\/\/www.sabine-seyffert.de\/blog\/wp-content\/uploads\/2020\/05\/Blumentopf-Hand-Sabine-Seyffert.de-1.jpg 600w, https:\/\/www.sabine-seyffert.de\/blog\/wp-content\/uploads\/2020\/05\/Blumentopf-Hand-Sabine-Seyffert.de-1-225x300.jpg 225w\" sizes=\"auto, (max-width: 600px) 100vw, 600px\" \/><\/a><\/p>\n<p style=\"text-align: justify;\"><a href=\"https:\/\/www.sabine-seyffert.de\/blog\/?page_id=32#urheberrecht\">urheberrechtlich gesch\u00fctzt<\/a>, \u00a9 Sabine Seyffert<\/p>\n","protected":false},"excerpt":{"rendered":"<p>Wenn der Sommer naht und die Sonne scheint, ist es die beste Zeit um ein paar Blumen zu pflanzen. Wie sieht es bei euch aus \u2013 habt ihr Lust? Dann \u201epflanzen\u201c wir heute mal ein paar ganz besondere Blumen, die man wunderbar als kleines Geschenk, Mitbringsel oder Aufmerksamkeit zu Muttertag &amp; Co. nutzen kann. Und&#8230; <a href=\"https:\/\/www.sabine-seyffert.de\/blog\/mit-kindern-basteln-bastelidee-deko-zum-muttertag-bluehende-blumen-im-topf\/\" class=\"more-link\">Read more: Mit Kindern basteln: Bastelidee &#038; Deko zum Muttertag \u2013 Bl\u00fchende Blumen im Topf<\/a><\/p>\n","protected":false},"author":2,"featured_media":0,"comment_status":"open","ping_status":"open","sticky":false,"template":"","format":"standard","meta":{"_metis_text_type":"","_metis_text_length":2473,"_post_count":0,"footnotes":""},"categories":[32,23,36,53,24,47],"tags":[],"class_list":["post-16501","post","type-post","status-publish","format-standard","hentry","category-kreatives-fur-kleine-kinderhande","category-fruhling","category-klitzekleine-geschenkideen","category-hochzeit-co","category-sommer","category-upcyceltes"],"_links":{"self":[{"href":"https:\/\/www.sabine-seyffert.de\/blog\/wp-json\/wp\/v2\/posts\/16501","targetHints":{"allow":["GET"]}}],"collection":[{"href":"https:\/\/www.sabine-seyffert.de\/blog\/wp-json\/wp\/v2\/posts"}],"about":[{"href":"https:\/\/www.sabine-seyffert.de\/blog\/wp-json\/wp\/v2\/types\/post"}],"author":[{"embeddable":true,"href":"https:\/\/www.sabine-seyffert.de\/blog\/wp-json\/wp\/v2\/users\/2"}],"replies":[{"embeddable":true,"href":"https:\/\/www.sabine-seyffert.de\/blog\/wp-json\/wp\/v2\/comments?post=16501"}],"version-history":[{"count":5,"href":"https:\/\/www.sabine-seyffert.de\/blog\/wp-json\/wp\/v2\/posts\/16501\/revisions"}],"predecessor-version":[{"id":24689,"href":"https:\/\/www.sabine-seyffert.de\/blog\/wp-json\/wp\/v2\/posts\/16501\/revisions\/24689"}],"wp:attachment":[{"href":"https:\/\/www.sabine-seyffert.de\/blog\/wp-json\/wp\/v2\/media?parent=16501"}],"wp:term":[{"taxonomy":"category","embeddable":true,"href":"https:\/\/www.sabine-seyffert.de\/blog\/wp-json\/wp\/v2\/categories?post=16501"},{"taxonomy":"post_tag","embeddable":true,"href":"https:\/\/www.sabine-seyffert.de\/blog\/wp-json\/wp\/v2\/tags?post=16501"}],"curies":[{"name":"wp","href":"https:\/\/api.w.org\/{rel}","templated":true}]}}