{"id":16431,"date":"2020-04-26T09:52:09","date_gmt":"2020-04-26T07:52:09","guid":{"rendered":"https:\/\/www.sabine-seyffert.de\/blog\/?p=16431"},"modified":"2020-04-26T09:52:09","modified_gmt":"2020-04-26T07:52:09","slug":"diy-grusskarte-fuer-den-fruehling-happy-birthday-kranz-mit-gaensebluemchen-aus-papier","status":"publish","type":"post","link":"https:\/\/www.sabine-seyffert.de\/blog\/diy-grusskarte-fuer-den-fruehling-happy-birthday-kranz-mit-gaensebluemchen-aus-papier\/","title":{"rendered":"DIY Gru\u00dfkarte f\u00fcr den Fr\u00fchling: \u201eHappy Birthday\u201c Kranz mit G\u00e4nsebl\u00fcmchen aus Papier"},"content":{"rendered":"<p style=\"text-align: justify;\"><img loading=\"lazy\" decoding=\"async\" src=\"https:\/\/vg01.met.vgwort.de\/na\/2fdb1a1b84094aa1895d368e23a98668\" alt=\"\" width=\"1\" height=\"1\" \/>Der Fr\u00fchling ist da und im Garten entdeckt man zwischen dem gr\u00fcnen Gras zahlreiche G\u00e4nsebl\u00fcmchen, wie sie ihre wei\u00dfen K\u00f6pfchen aus der Erde strecken und sich an der warmen Fr\u00fchlingssonne erfreuen.<br \/>\nDa ich G\u00e4nsebl\u00fcmchen ganz besonders gerne mag, gibt es nach <a href=\"https:\/\/www.sabine-seyffert.de\/blog\/?p=12242\" target=\"_blank\" rel=\"noopener noreferrer\">dem G\u00e4nsebl\u00fcmchenkranz<\/a>, der Geschenkverpackung mit <a href=\"https:\/\/www.sabine-seyffert.de\/blog\/?p=9973\" target=\"_blank\" rel=\"noopener noreferrer\">G\u00e4nsebl\u00fcmchenwiese<\/a> und dieser <a href=\"https:\/\/www.sabine-seyffert.de\/blog\/?p=14218\" target=\"_blank\" rel=\"noopener noreferrer\">selbst gemachten G\u00e4nsebl\u00fcmchenpost<\/a> auch in diesem Jahr eine neue Bastelidee zum Thema. Ob als Fr\u00fchlingsgru\u00df per Post oder wie in meinem Fall als Geburtstagskarte ist egal. \u00dcber so sch\u00f6ne Post im Briefkasten freut sich bestimmt jeder!<\/p>\n<p style=\"text-align: center;\"><a href=\"https:\/\/www.sabine-seyffert.de\/blog\/wp-content\/uploads\/2020\/04\/G\u00e4nsebl\u00fcmchen-Geburtstag-Sabine-Seyffert.de-1.jpg\"><img loading=\"lazy\" decoding=\"async\" class=\"alignnone size-full wp-image-16432\" src=\"https:\/\/www.sabine-seyffert.de\/blog\/wp-content\/uploads\/2020\/04\/G\u00e4nsebl\u00fcmchen-Geburtstag-Sabine-Seyffert.de-1.jpg\" alt=\"\" width=\"600\" height=\"800\" srcset=\"https:\/\/www.sabine-seyffert.de\/blog\/wp-content\/uploads\/2020\/04\/G\u00e4nsebl\u00fcmchen-Geburtstag-Sabine-Seyffert.de-1.jpg 600w, https:\/\/www.sabine-seyffert.de\/blog\/wp-content\/uploads\/2020\/04\/G\u00e4nsebl\u00fcmchen-Geburtstag-Sabine-Seyffert.de-1-225x300.jpg 225w\" sizes=\"auto, (max-width: 600px) 100vw, 600px\" \/><\/a><\/p>\n<p style=\"text-align: justify;\"><strong>Das wird gebraucht:<\/strong><br \/>\nEine Blanko Postkarte \/ Klappkarte aus Kraftpapier mit passendem Briefumschlag, gr\u00fcnes &amp; gelbes Bastelpapier (z.B. aus Zeitungspapier &amp; bunter Wasserfarbe nach <a href=\"https:\/\/www.sabine-seyffert.de\/blog\/?p=13917\" target=\"_blank\" rel=\"noopener noreferrer\">dieser Bastelanleitung<\/a>), wei\u00dfes Tonpapier, eine Bastelschere, Bastelkleber \/ Klebestift, extra starkes Transparentpapier in wei\u00df (mind. 115 g \/ m2), einen Mini Motivlocher \u201eBl\u00fcte\u201c bzw. G\u00e4nsebl\u00fcmchen, einen B\u00fcrolocher \/ Lochzange, einen Geburtstagsstempel samt Stempelkissen oder PC samt Drucker<\/p>\n<p style=\"text-align: center;\"><a href=\"https:\/\/www.sabine-seyffert.de\/blog\/wp-content\/uploads\/2020\/04\/G\u00e4nsebl\u00fcmchen-Geburtstag-Sabine-Seyffert.de-4.jpg\"><img loading=\"lazy\" decoding=\"async\" class=\"alignnone size-full wp-image-16433\" src=\"https:\/\/www.sabine-seyffert.de\/blog\/wp-content\/uploads\/2020\/04\/G\u00e4nsebl\u00fcmchen-Geburtstag-Sabine-Seyffert.de-4.jpg\" alt=\"\" width=\"800\" height=\"600\" srcset=\"https:\/\/www.sabine-seyffert.de\/blog\/wp-content\/uploads\/2020\/04\/G\u00e4nsebl\u00fcmchen-Geburtstag-Sabine-Seyffert.de-4.jpg 800w, https:\/\/www.sabine-seyffert.de\/blog\/wp-content\/uploads\/2020\/04\/G\u00e4nsebl\u00fcmchen-Geburtstag-Sabine-Seyffert.de-4-300x225.jpg 300w, https:\/\/www.sabine-seyffert.de\/blog\/wp-content\/uploads\/2020\/04\/G\u00e4nsebl\u00fcmchen-Geburtstag-Sabine-Seyffert.de-4-768x576.jpg 768w\" sizes=\"auto, (max-width: 800px) 100vw, 800px\" \/><\/a><\/p>\n<p style=\"text-align: justify;\"><strong>So wird\u2019s gemacht:<\/strong><br \/>\nZum Basteln habe ich eine Blanko Postkarte verwendet, diese kann man sich aber auch ganz problemlos aus einem gro\u00dfen Bogen Tonkarton oder Kraftpapier schneiden.<br \/>\nJetzt ist etwas Geduld und Flei\u00dfarbeit gefragt, was aber auch recht meditativ ist. Aus gr\u00fcnem Papier schneidet man sich nun allerhand Bl\u00fctenbl\u00e4tter aus. Au\u00dferdem stanzt man aus dem wei\u00dfen Papier mit Hilfe des Motivlochers G\u00e4nsebl\u00fcmchen.<\/p>\n<p style=\"text-align: center;\"><a href=\"https:\/\/www.sabine-seyffert.de\/blog\/wp-content\/uploads\/2020\/04\/G\u00e4nsebl\u00fcmchen-Geburtstag-Sabine-Seyffert.de-6.jpg\"><img loading=\"lazy\" decoding=\"async\" class=\"alignnone size-full wp-image-16434\" src=\"https:\/\/www.sabine-seyffert.de\/blog\/wp-content\/uploads\/2020\/04\/G\u00e4nsebl\u00fcmchen-Geburtstag-Sabine-Seyffert.de-6.jpg\" alt=\"\" width=\"800\" height=\"600\" srcset=\"https:\/\/www.sabine-seyffert.de\/blog\/wp-content\/uploads\/2020\/04\/G\u00e4nsebl\u00fcmchen-Geburtstag-Sabine-Seyffert.de-6.jpg 800w, https:\/\/www.sabine-seyffert.de\/blog\/wp-content\/uploads\/2020\/04\/G\u00e4nsebl\u00fcmchen-Geburtstag-Sabine-Seyffert.de-6-300x225.jpg 300w, https:\/\/www.sabine-seyffert.de\/blog\/wp-content\/uploads\/2020\/04\/G\u00e4nsebl\u00fcmchen-Geburtstag-Sabine-Seyffert.de-6-768x576.jpg 768w\" sizes=\"auto, (max-width: 800px) 100vw, 800px\" \/><\/a><\/p>\n<p style=\"text-align: justify;\">Pro Blume ben\u00f6tigt man zwei der ausgestanzten Bl\u00fcten, die man leicht versetzt \u00fcbereinander klebt. F\u00fcr die Bl\u00fctenmitte habe ich aus gelbem Papier Kreise gestanzt (das klappt aus mit einem B\u00fcrolocher prima!), die man mittig mit einem Tropfen Kleber in den wei\u00dfen Bl\u00fcten befestigt.<\/p>\n<p><a href=\"https:\/\/www.sabine-seyffert.de\/blog\/wp-content\/uploads\/2020\/04\/G\u00e4nsebl\u00fcmchen-Geburtstag-Sabine-Seyffert.de-5.jpg\"><img loading=\"lazy\" decoding=\"async\" class=\"alignnone size-full wp-image-16435\" src=\"https:\/\/www.sabine-seyffert.de\/blog\/wp-content\/uploads\/2020\/04\/G\u00e4nsebl\u00fcmchen-Geburtstag-Sabine-Seyffert.de-5.jpg\" alt=\"\" width=\"800\" height=\"600\" srcset=\"https:\/\/www.sabine-seyffert.de\/blog\/wp-content\/uploads\/2020\/04\/G\u00e4nsebl\u00fcmchen-Geburtstag-Sabine-Seyffert.de-5.jpg 800w, https:\/\/www.sabine-seyffert.de\/blog\/wp-content\/uploads\/2020\/04\/G\u00e4nsebl\u00fcmchen-Geburtstag-Sabine-Seyffert.de-5-300x225.jpg 300w, https:\/\/www.sabine-seyffert.de\/blog\/wp-content\/uploads\/2020\/04\/G\u00e4nsebl\u00fcmchen-Geburtstag-Sabine-Seyffert.de-5-768x576.jpg 768w\" sizes=\"auto, (max-width: 800px) 100vw, 800px\" \/><\/a><\/p>\n<p style=\"text-align: justify;\">Mit Hilfe eines Zirkels zeichnet man sich einen Kreis auf die Postkarte und klebt nun im Wechsel 1-2 gr\u00fcne Bl\u00fctenbl\u00e4tter und dann ein G\u00e4nsebl\u00fcmchen auf.<\/p>\n<p style=\"text-align: center;\"><a href=\"https:\/\/www.sabine-seyffert.de\/blog\/wp-content\/uploads\/2020\/04\/G\u00e4nsebl\u00fcmchen-Geburtstag-Sabine-Seyffert.de-2.jpg\"><img loading=\"lazy\" decoding=\"async\" class=\"alignnone size-full wp-image-16436\" src=\"https:\/\/www.sabine-seyffert.de\/blog\/wp-content\/uploads\/2020\/04\/G\u00e4nsebl\u00fcmchen-Geburtstag-Sabine-Seyffert.de-2.jpg\" alt=\"\" width=\"600\" height=\"800\" srcset=\"https:\/\/www.sabine-seyffert.de\/blog\/wp-content\/uploads\/2020\/04\/G\u00e4nsebl\u00fcmchen-Geburtstag-Sabine-Seyffert.de-2.jpg 600w, https:\/\/www.sabine-seyffert.de\/blog\/wp-content\/uploads\/2020\/04\/G\u00e4nsebl\u00fcmchen-Geburtstag-Sabine-Seyffert.de-2-225x300.jpg 225w\" sizes=\"auto, (max-width: 600px) 100vw, 600px\" \/><\/a><\/p>\n<p style=\"text-align: justify;\">Da ich die Karte als Geburtstagsgru\u00df nutzen wollte, habe ich mir auf wei\u00dfes Transparentpapier den Schriftzug \u201eHappy Birthday\u201c gedruckt und als Wimpel zugeschnitten. Den habe ich in den Kranz hinein geklebt.<\/p>\n<p style=\"text-align: center;\"><a href=\"https:\/\/www.sabine-seyffert.de\/blog\/wp-content\/uploads\/2020\/04\/G\u00e4nsebl\u00fcmchen-Geburtstag-Sabine-Seyffert.de-3.jpg\"><img loading=\"lazy\" decoding=\"async\" class=\"alignnone size-full wp-image-16437\" src=\"https:\/\/www.sabine-seyffert.de\/blog\/wp-content\/uploads\/2020\/04\/G\u00e4nsebl\u00fcmchen-Geburtstag-Sabine-Seyffert.de-3.jpg\" alt=\"\" width=\"800\" height=\"600\" srcset=\"https:\/\/www.sabine-seyffert.de\/blog\/wp-content\/uploads\/2020\/04\/G\u00e4nsebl\u00fcmchen-Geburtstag-Sabine-Seyffert.de-3.jpg 800w, https:\/\/www.sabine-seyffert.de\/blog\/wp-content\/uploads\/2020\/04\/G\u00e4nsebl\u00fcmchen-Geburtstag-Sabine-Seyffert.de-3-300x225.jpg 300w, https:\/\/www.sabine-seyffert.de\/blog\/wp-content\/uploads\/2020\/04\/G\u00e4nsebl\u00fcmchen-Geburtstag-Sabine-Seyffert.de-3-768x576.jpg 768w\" sizes=\"auto, (max-width: 800px) 100vw, 800px\" \/><\/a><\/p>\n<p style=\"text-align: justify;\">Weitere Bastelanleitungen f\u00fcr selbst gemachte Postkarten findet ihr \u00fcbrigens in <a href=\"https:\/\/www.sabine-seyffert.de\/blog\/?cat=51\" target=\"_blank\" rel=\"noopener noreferrer\">dieser Blog Kategorie<\/a>, alle DIY rund um selbst gemachte Geschenkverpackungen zu verschiedenen Anl\u00e4ssen gibt es in <a href=\"https:\/\/www.sabine-seyffert.de\/blog\/?cat=49\" target=\"_blank\" rel=\"noopener noreferrer\">diesem Ordner<\/a>, alle Ideen rund um den Fr\u00fchling in <a href=\"https:\/\/www.sabine-seyffert.de\/blog\/?cat=23\" target=\"_blank\" rel=\"noopener noreferrer\">dieser Rubrik<\/a> und andere kreative Sachen gibt es an dieser Stelle.<\/p>\n<p style=\"text-align: justify;\"><a href=\"https:\/\/www.sabine-seyffert.de\/blog\/?page_id=32#urheberrecht\">urheberrechtlich gesch\u00fctzt<\/a>, \u00a9 Sabine Seyffert<\/p>\n","protected":false},"excerpt":{"rendered":"<p>Der Fr\u00fchling ist da und im Garten entdeckt man zwischen dem gr\u00fcnen Gras zahlreiche G\u00e4nsebl\u00fcmchen, wie sie ihre wei\u00dfen K\u00f6pfchen aus der Erde strecken und sich an der warmen Fr\u00fchlingssonne erfreuen. Da ich G\u00e4nsebl\u00fcmchen ganz besonders gerne mag, gibt es nach dem G\u00e4nsebl\u00fcmchenkranz, der Geschenkverpackung mit G\u00e4nsebl\u00fcmchenwiese und dieser selbst gemachten G\u00e4nsebl\u00fcmchenpost auch in diesem&#8230; <a href=\"https:\/\/www.sabine-seyffert.de\/blog\/diy-grusskarte-fuer-den-fruehling-happy-birthday-kranz-mit-gaensebluemchen-aus-papier\/\" class=\"more-link\">Read more: DIY Gru\u00dfkarte f\u00fcr den Fr\u00fchling: \u201eHappy Birthday\u201c Kranz mit G\u00e4nsebl\u00fcmchen aus Papier<\/a><\/p>\n","protected":false},"author":2,"featured_media":0,"comment_status":"open","ping_status":"open","sticky":false,"template":"","format":"standard","meta":{"_metis_text_type":"","_metis_text_length":2467,"_post_count":0,"footnotes":""},"categories":[23,51],"tags":[],"class_list":["post-16431","post","type-post","status-publish","format-standard","hentry","category-fruhling","category-postkarten-grusskarten"],"_links":{"self":[{"href":"https:\/\/www.sabine-seyffert.de\/blog\/wp-json\/wp\/v2\/posts\/16431","targetHints":{"allow":["GET"]}}],"collection":[{"href":"https:\/\/www.sabine-seyffert.de\/blog\/wp-json\/wp\/v2\/posts"}],"about":[{"href":"https:\/\/www.sabine-seyffert.de\/blog\/wp-json\/wp\/v2\/types\/post"}],"author":[{"embeddable":true,"href":"https:\/\/www.sabine-seyffert.de\/blog\/wp-json\/wp\/v2\/users\/2"}],"replies":[{"embeddable":true,"href":"https:\/\/www.sabine-seyffert.de\/blog\/wp-json\/wp\/v2\/comments?post=16431"}],"version-history":[{"count":4,"href":"https:\/\/www.sabine-seyffert.de\/blog\/wp-json\/wp\/v2\/posts\/16431\/revisions"}],"predecessor-version":[{"id":16441,"href":"https:\/\/www.sabine-seyffert.de\/blog\/wp-json\/wp\/v2\/posts\/16431\/revisions\/16441"}],"wp:attachment":[{"href":"https:\/\/www.sabine-seyffert.de\/blog\/wp-json\/wp\/v2\/media?parent=16431"}],"wp:term":[{"taxonomy":"category","embeddable":true,"href":"https:\/\/www.sabine-seyffert.de\/blog\/wp-json\/wp\/v2\/categories?post=16431"},{"taxonomy":"post_tag","embeddable":true,"href":"https:\/\/www.sabine-seyffert.de\/blog\/wp-json\/wp\/v2\/tags?post=16431"}],"curies":[{"name":"wp","href":"https:\/\/api.w.org\/{rel}","templated":true}]}}