{"id":16405,"date":"2020-04-22T20:07:46","date_gmt":"2020-04-22T18:07:46","guid":{"rendered":"https:\/\/www.sabine-seyffert.de\/blog\/?p=16405"},"modified":"2022-09-02T11:18:50","modified_gmt":"2022-09-02T09:18:50","slug":"diy-basteln-mit-kindern-upcycling-idee-loewe-aus-joghurtdeckel-papier","status":"publish","type":"post","link":"https:\/\/www.sabine-seyffert.de\/blog\/diy-basteln-mit-kindern-upcycling-idee-loewe-aus-joghurtdeckel-papier\/","title":{"rendered":"DIY Basteln mit Kindern: Upcycling Idee &#8211; L\u00f6we aus Joghurtdeckel &#038; Papier"},"content":{"rendered":"<p style=\"text-align: justify;\"><img loading=\"lazy\" decoding=\"async\" src=\"https:\/\/vg01.met.vgwort.de\/na\/1889ab96b89b4af68f114b3936ab0436\" alt=\"\" width=\"1\" height=\"1\" \/>Auf dem Blog habe ich schon l\u00e4nger keine Bastelidee mehr gezeigt, die sich um einen L\u00f6wen dreht. Dabei ist der L\u00f6we bei uns sehr beliebt. Ganz egal ob als <a href=\"https:\/\/www.sabine-seyffert.de\/blog\/?p=7178\" target=\"_blank\" rel=\"noopener noreferrer\">knuspriger Kekse<\/a>, leuchtende <a href=\"https:\/\/www.sabine-seyffert.de\/blog\/?p=8509\" target=\"_blank\" rel=\"noopener noreferrer\">L\u00f6wenlaterne<\/a>, gen\u00e4htes <a href=\"https:\/\/www.sabine-seyffert.de\/blog\/?p=6907\" target=\"_blank\" rel=\"noopener noreferrer\">T-Shirt<\/a>, <a href=\"https:\/\/www.sabine-seyffert.de\/blog\/?p=8209\" target=\"_blank\" rel=\"noopener noreferrer\">L\u00f6we am Stiel<\/a>, leckerer <a href=\"https:\/\/www.sabine-seyffert.de\/blog\/?p=11869\" target=\"_blank\" rel=\"noopener noreferrer\">Kuchen<\/a>, als lustiges <a href=\"https:\/\/www.sabine-seyffert.de\/blog\/?p=3929\" target=\"_blank\" rel=\"noopener noreferrer\">Spiel f\u00fcr den Kindergeburtstag<\/a> oder aus <a href=\"https:\/\/www.sabine-seyffert.de\/blog\/?p=3865\" target=\"_blank\" rel=\"noopener noreferrer\">einer Klorolle<\/a> \u2013 es muss dringend ein neuer L\u00f6we her.<br \/>\nDieses Mal haben wir den L\u00f6wen aus durchsichtigen Joghurtdeckeln upcycelt und ihn anschlie\u00dfend als Deko f\u00fcr das Fenster im Kinderzimmer genutzt.<\/p>\n<p style=\"text-align: center;\"><a href=\"https:\/\/www.sabine-seyffert.de\/blog\/wp-content\/uploads\/2020\/04\/Deckel-L\u00f6we-Sabine-Seyffert.de-9.jpg\"><img loading=\"lazy\" decoding=\"async\" class=\"alignnone size-full wp-image-16406\" src=\"https:\/\/www.sabine-seyffert.de\/blog\/wp-content\/uploads\/2020\/04\/Deckel-L\u00f6we-Sabine-Seyffert.de-9.jpg\" alt=\"\" width=\"800\" height=\"600\" srcset=\"https:\/\/www.sabine-seyffert.de\/blog\/wp-content\/uploads\/2020\/04\/Deckel-L\u00f6we-Sabine-Seyffert.de-9.jpg 800w, https:\/\/www.sabine-seyffert.de\/blog\/wp-content\/uploads\/2020\/04\/Deckel-L\u00f6we-Sabine-Seyffert.de-9-300x225.jpg 300w, https:\/\/www.sabine-seyffert.de\/blog\/wp-content\/uploads\/2020\/04\/Deckel-L\u00f6we-Sabine-Seyffert.de-9-768x576.jpg 768w\" sizes=\"auto, (max-width: 800px) 100vw, 800px\" \/><\/a><\/p>\n<p style=\"text-align: justify;\"><strong>Das wird gebraucht:<\/strong><br \/>\nLeere, saubere Joghurtdeckel (durchsichtig), gelbes Seidenpapier oder Transparentpapier, Seidenpapier in orange, rosa und pink, Naturbast oder d\u00fcnne Kordel, ein kleines St\u00fcck wei\u00dfes Papier, d\u00fcnne Pappe (oder ersatzweise Kraftpapier \/ Packpapier), eine Schere, eine Hei\u00dfklebepistole samt Klebepatrone, Tapetenkleister, Malkittel, eine abwaschbare Tischdecke oder Malunterlage, Nadel, Nylongarn<\/p>\n<p style=\"text-align: center;\"><a href=\"https:\/\/www.sabine-seyffert.de\/blog\/wp-content\/uploads\/2020\/04\/Deckel-L\u00f6we-Sabine-Seyffert.de-1.jpg\"><img loading=\"lazy\" decoding=\"async\" class=\"alignnone size-full wp-image-16407\" src=\"https:\/\/www.sabine-seyffert.de\/blog\/wp-content\/uploads\/2020\/04\/Deckel-L\u00f6we-Sabine-Seyffert.de-1.jpg\" alt=\"\" width=\"800\" height=\"600\" srcset=\"https:\/\/www.sabine-seyffert.de\/blog\/wp-content\/uploads\/2020\/04\/Deckel-L\u00f6we-Sabine-Seyffert.de-1.jpg 800w, https:\/\/www.sabine-seyffert.de\/blog\/wp-content\/uploads\/2020\/04\/Deckel-L\u00f6we-Sabine-Seyffert.de-1-300x225.jpg 300w, https:\/\/www.sabine-seyffert.de\/blog\/wp-content\/uploads\/2020\/04\/Deckel-L\u00f6we-Sabine-Seyffert.de-1-768x576.jpg 768w\" sizes=\"auto, (max-width: 800px) 100vw, 800px\" \/><\/a><\/p>\n<p style=\"text-align: justify;\"><strong>So wird\u2019s gemacht:<\/strong><br \/>\nAls erstes r\u00fchrt man in einer kleinen Schale oder einem leeren Marmeladenglas etwas Tapetenkleister mit warmem Leitungswasser an. Wer den Kleister regelm\u00e4\u00dfig zum Basteln verwendet, kann auch eine gr\u00f6\u00dfere Menge anr\u00fchren. Der Kleber h\u00e4lt sich gut verschlossen in einem sauberen Glas etliche Zeit.<\/p>\n<p style=\"text-align: right;\"><a href=\"https:\/\/www.sabine-seyffert.de\/blog\/wp-content\/uploads\/2020\/04\/Deckel-L\u00f6we-Sabine-Seyffert.de-11.jpg\"><img loading=\"lazy\" decoding=\"async\" class=\"alignnone size-full wp-image-16409\" src=\"https:\/\/www.sabine-seyffert.de\/blog\/wp-content\/uploads\/2020\/04\/Deckel-L\u00f6we-Sabine-Seyffert.de-11.jpg\" alt=\"\" width=\"800\" height=\"600\" srcset=\"https:\/\/www.sabine-seyffert.de\/blog\/wp-content\/uploads\/2020\/04\/Deckel-L\u00f6we-Sabine-Seyffert.de-11.jpg 800w, https:\/\/www.sabine-seyffert.de\/blog\/wp-content\/uploads\/2020\/04\/Deckel-L\u00f6we-Sabine-Seyffert.de-11-300x225.jpg 300w, https:\/\/www.sabine-seyffert.de\/blog\/wp-content\/uploads\/2020\/04\/Deckel-L\u00f6we-Sabine-Seyffert.de-11-768x576.jpg 768w\" sizes=\"auto, (max-width: 800px) 100vw, 800px\" \/><\/a><\/p>\n<p style=\"text-align: justify;\">W\u00e4hrend der Kleister einen Moment zieht, deckt man den Tisch ab und die Kinder d\u00fcrfen in Bastelkittel schl\u00fcpfen.<br \/>\nDann schneidet man das gelbe Seidenpapier in Streifen. Mit den anderen Farben verf\u00e4hrt haben ebenso, legt diese aber separat.<\/p>\n<p style=\"text-align: center;\"><a href=\"https:\/\/www.sabine-seyffert.de\/blog\/wp-content\/uploads\/2020\/04\/Deckel-L\u00f6we-Sabine-Seyffert.de-10.jpg\"><img loading=\"lazy\" decoding=\"async\" class=\"alignnone size-full wp-image-16410\" src=\"https:\/\/www.sabine-seyffert.de\/blog\/wp-content\/uploads\/2020\/04\/Deckel-L\u00f6we-Sabine-Seyffert.de-10.jpg\" alt=\"\" width=\"800\" height=\"600\" srcset=\"https:\/\/www.sabine-seyffert.de\/blog\/wp-content\/uploads\/2020\/04\/Deckel-L\u00f6we-Sabine-Seyffert.de-10.jpg 800w, https:\/\/www.sabine-seyffert.de\/blog\/wp-content\/uploads\/2020\/04\/Deckel-L\u00f6we-Sabine-Seyffert.de-10-300x225.jpg 300w, https:\/\/www.sabine-seyffert.de\/blog\/wp-content\/uploads\/2020\/04\/Deckel-L\u00f6we-Sabine-Seyffert.de-10-768x576.jpg 768w\" sizes=\"auto, (max-width: 800px) 100vw, 800px\" \/><\/a><\/p>\n<p style=\"text-align: justify;\">Nun kann man den runden Deckel auf der oberen Seite mit Kleister einstreichen und das gelbe Seidenpapier darauf verteilen. Dabei sollten die Ecken und Kanten immer gut glatt gestrichen werden. Ist der Deckel gut mit Papier bedeckt, legt man ihn zum Trocknen zur Seite.<\/p>\n<p style=\"text-align: center;\"><a href=\"https:\/\/www.sabine-seyffert.de\/blog\/wp-content\/uploads\/2020\/04\/Deckel-L\u00f6we-Sabine-Seyffert.de-3.jpg\"><img loading=\"lazy\" decoding=\"async\" class=\"alignnone size-full wp-image-16411\" src=\"https:\/\/www.sabine-seyffert.de\/blog\/wp-content\/uploads\/2020\/04\/Deckel-L\u00f6we-Sabine-Seyffert.de-3.jpg\" alt=\"\" width=\"800\" height=\"600\" srcset=\"https:\/\/www.sabine-seyffert.de\/blog\/wp-content\/uploads\/2020\/04\/Deckel-L\u00f6we-Sabine-Seyffert.de-3.jpg 800w, https:\/\/www.sabine-seyffert.de\/blog\/wp-content\/uploads\/2020\/04\/Deckel-L\u00f6we-Sabine-Seyffert.de-3-300x225.jpg 300w, https:\/\/www.sabine-seyffert.de\/blog\/wp-content\/uploads\/2020\/04\/Deckel-L\u00f6we-Sabine-Seyffert.de-3-768x576.jpg 768w\" sizes=\"auto, (max-width: 800px) 100vw, 800px\" \/><\/a><\/p>\n<p style=\"text-align: justify;\">In der Zwischenzeit kann man schon einmal das Gesicht des L\u00f6wen vorbereiten. Aus wei\u00dfem Papier schneidet man zwei runde Kreise.<\/p>\n<p><a href=\"https:\/\/www.sabine-seyffert.de\/blog\/wp-content\/uploads\/2020\/04\/Deckel-L\u00f6we-Sabine-Seyffert.de-6.jpg\"><img loading=\"lazy\" decoding=\"async\" class=\"alignnone size-full wp-image-16412\" src=\"https:\/\/www.sabine-seyffert.de\/blog\/wp-content\/uploads\/2020\/04\/Deckel-L\u00f6we-Sabine-Seyffert.de-6.jpg\" alt=\"\" width=\"800\" height=\"600\" srcset=\"https:\/\/www.sabine-seyffert.de\/blog\/wp-content\/uploads\/2020\/04\/Deckel-L\u00f6we-Sabine-Seyffert.de-6.jpg 800w, https:\/\/www.sabine-seyffert.de\/blog\/wp-content\/uploads\/2020\/04\/Deckel-L\u00f6we-Sabine-Seyffert.de-6-300x225.jpg 300w, https:\/\/www.sabine-seyffert.de\/blog\/wp-content\/uploads\/2020\/04\/Deckel-L\u00f6we-Sabine-Seyffert.de-6-768x576.jpg 768w\" sizes=\"auto, (max-width: 800px) 100vw, 800px\" \/><\/a><\/p>\n<p style=\"text-align: justify;\">Aus der Pappe stanzt man mit dem B\u00fcrolocher zwei kleine Augen aus (schneiden ist bei der kleinen Gr\u00f6\u00dfe knifflig),<\/p>\n<p style=\"text-align: center;\"><a href=\"https:\/\/www.sabine-seyffert.de\/blog\/wp-content\/uploads\/2020\/04\/Deckel-L\u00f6we-Sabine-Seyffert.de-5.jpg\"><img loading=\"lazy\" decoding=\"async\" class=\"alignnone size-full wp-image-16413\" src=\"https:\/\/www.sabine-seyffert.de\/blog\/wp-content\/uploads\/2020\/04\/Deckel-L\u00f6we-Sabine-Seyffert.de-5.jpg\" alt=\"\" width=\"800\" height=\"600\" srcset=\"https:\/\/www.sabine-seyffert.de\/blog\/wp-content\/uploads\/2020\/04\/Deckel-L\u00f6we-Sabine-Seyffert.de-5.jpg 800w, https:\/\/www.sabine-seyffert.de\/blog\/wp-content\/uploads\/2020\/04\/Deckel-L\u00f6we-Sabine-Seyffert.de-5-300x225.jpg 300w, https:\/\/www.sabine-seyffert.de\/blog\/wp-content\/uploads\/2020\/04\/Deckel-L\u00f6we-Sabine-Seyffert.de-5-768x576.jpg 768w\" sizes=\"auto, (max-width: 800px) 100vw, 800px\" \/><\/a><\/p>\n<p style=\"text-align: justify;\">Au\u00dferdem braucht man noch die Nase und das Maul. Daf\u00fcr haben wir ebenfalls d\u00fcnne Pappe benutzt. Die Schnurrhaare sind aus naturfarbenem Bast.<br \/>\nSobald der Kleister getrocknet ist, klebt man von der R\u00fcckseite her die L\u00f6wenm\u00e4hne (Seidenpapierstreifen) an sowie das Gesicht.<\/p>\n<p style=\"text-align: center;\"><a href=\"https:\/\/www.sabine-seyffert.de\/blog\/wp-content\/uploads\/2020\/04\/Deckel-L\u00f6we-Sabine-Seyffert.de-7.jpg\"><img loading=\"lazy\" decoding=\"async\" class=\"alignnone size-full wp-image-16414\" src=\"https:\/\/www.sabine-seyffert.de\/blog\/wp-content\/uploads\/2020\/04\/Deckel-L\u00f6we-Sabine-Seyffert.de-7.jpg\" alt=\"\" width=\"600\" height=\"800\" srcset=\"https:\/\/www.sabine-seyffert.de\/blog\/wp-content\/uploads\/2020\/04\/Deckel-L\u00f6we-Sabine-Seyffert.de-7.jpg 600w, https:\/\/www.sabine-seyffert.de\/blog\/wp-content\/uploads\/2020\/04\/Deckel-L\u00f6we-Sabine-Seyffert.de-7-225x300.jpg 225w\" sizes=\"auto, (max-width: 600px) 100vw, 600px\" \/><\/a><\/p>\n<p style=\"text-align: justify;\">Zum Schluss kann man mit der Nadel etwas Nylongarn durch den L\u00f6wenkopf ziehen, zu einer Schlaufe knoten und am Fenster aufh\u00e4ngen.<\/p>\n<p style=\"text-align: center;\"><a href=\"https:\/\/www.sabine-seyffert.de\/blog\/wp-content\/uploads\/2020\/04\/Deckel-L\u00f6we-Sabine-Seyffert.de-4.jpg\"><img loading=\"lazy\" decoding=\"async\" class=\"alignnone size-full wp-image-16415\" src=\"https:\/\/www.sabine-seyffert.de\/blog\/wp-content\/uploads\/2020\/04\/Deckel-L\u00f6we-Sabine-Seyffert.de-4.jpg\" alt=\"\" width=\"800\" height=\"600\" srcset=\"https:\/\/www.sabine-seyffert.de\/blog\/wp-content\/uploads\/2020\/04\/Deckel-L\u00f6we-Sabine-Seyffert.de-4.jpg 800w, https:\/\/www.sabine-seyffert.de\/blog\/wp-content\/uploads\/2020\/04\/Deckel-L\u00f6we-Sabine-Seyffert.de-4-300x225.jpg 300w, https:\/\/www.sabine-seyffert.de\/blog\/wp-content\/uploads\/2020\/04\/Deckel-L\u00f6we-Sabine-Seyffert.de-4-768x576.jpg 768w\" sizes=\"auto, (max-width: 800px) 100vw, 800px\" \/><\/a><\/p>\n<p style=\"text-align: justify;\">Weitere Bastelanleitungen f\u00fcr Kinder findet ihr \u00fcbrigens in <a href=\"https:\/\/www.sabine-seyffert.de\/blog\/?cat=32\" target=\"_blank\" rel=\"noopener noreferrer\">dieser Blog Kategorie<\/a> und alle Upcycling DIY es in <a href=\"https:\/\/www.sabine-seyffert.de\/blog\/?cat=47\" target=\"_blank\" rel=\"noopener noreferrer\">diesem Ordner<\/a>.<\/p>\n<p style=\"text-align: center;\"><a href=\"https:\/\/www.sabine-seyffert.de\/blog\/wp-content\/uploads\/2020\/04\/Deckel-L\u00f6we-Sabine-Seyffert.de-2.jpg\"><img loading=\"lazy\" decoding=\"async\" class=\"alignnone size-full wp-image-16408\" src=\"https:\/\/www.sabine-seyffert.de\/blog\/wp-content\/uploads\/2020\/04\/Deckel-L\u00f6we-Sabine-Seyffert.de-2.jpg\" alt=\"\" width=\"600\" height=\"800\" srcset=\"https:\/\/www.sabine-seyffert.de\/blog\/wp-content\/uploads\/2020\/04\/Deckel-L\u00f6we-Sabine-Seyffert.de-2.jpg 600w, https:\/\/www.sabine-seyffert.de\/blog\/wp-content\/uploads\/2020\/04\/Deckel-L\u00f6we-Sabine-Seyffert.de-2-225x300.jpg 225w\" sizes=\"auto, (max-width: 600px) 100vw, 600px\" \/><\/a><\/p>\n<p style=\"text-align: justify;\"><a href=\"https:\/\/www.sabine-seyffert.de\/blog\/?page_id=32#urheberrecht\">urheberrechtlich gesch\u00fctzt<\/a>, \u00a9 Sabine Seyffert<\/p>\n","protected":false},"excerpt":{"rendered":"<p>Auf dem Blog habe ich schon l\u00e4nger keine Bastelidee mehr gezeigt, die sich um einen L\u00f6wen dreht. Dabei ist der L\u00f6we bei uns sehr beliebt. Ganz egal ob als knuspriger Kekse, leuchtende L\u00f6wenlaterne, gen\u00e4htes T-Shirt, L\u00f6we am Stiel, leckerer Kuchen, als lustiges Spiel f\u00fcr den Kindergeburtstag oder aus einer Klorolle \u2013 es muss dringend ein&#8230; <a href=\"https:\/\/www.sabine-seyffert.de\/blog\/diy-basteln-mit-kindern-upcycling-idee-loewe-aus-joghurtdeckel-papier\/\" class=\"more-link\">Read more: DIY Basteln mit Kindern: Upcycling Idee &#8211; L\u00f6we aus Joghurtdeckel &#038; Papier<\/a><\/p>\n","protected":false},"author":2,"featured_media":0,"comment_status":"open","ping_status":"open","sticky":false,"template":"","format":"standard","meta":{"_metis_text_type":"","_metis_text_length":2548,"_post_count":0,"footnotes":""},"categories":[32,47],"tags":[],"class_list":["post-16405","post","type-post","status-publish","format-standard","hentry","category-kreatives-fur-kleine-kinderhande","category-upcyceltes"],"_links":{"self":[{"href":"https:\/\/www.sabine-seyffert.de\/blog\/wp-json\/wp\/v2\/posts\/16405","targetHints":{"allow":["GET"]}}],"collection":[{"href":"https:\/\/www.sabine-seyffert.de\/blog\/wp-json\/wp\/v2\/posts"}],"about":[{"href":"https:\/\/www.sabine-seyffert.de\/blog\/wp-json\/wp\/v2\/types\/post"}],"author":[{"embeddable":true,"href":"https:\/\/www.sabine-seyffert.de\/blog\/wp-json\/wp\/v2\/users\/2"}],"replies":[{"embeddable":true,"href":"https:\/\/www.sabine-seyffert.de\/blog\/wp-json\/wp\/v2\/comments?post=16405"}],"version-history":[{"count":3,"href":"https:\/\/www.sabine-seyffert.de\/blog\/wp-json\/wp\/v2\/posts\/16405\/revisions"}],"predecessor-version":[{"id":23890,"href":"https:\/\/www.sabine-seyffert.de\/blog\/wp-json\/wp\/v2\/posts\/16405\/revisions\/23890"}],"wp:attachment":[{"href":"https:\/\/www.sabine-seyffert.de\/blog\/wp-json\/wp\/v2\/media?parent=16405"}],"wp:term":[{"taxonomy":"category","embeddable":true,"href":"https:\/\/www.sabine-seyffert.de\/blog\/wp-json\/wp\/v2\/categories?post=16405"},{"taxonomy":"post_tag","embeddable":true,"href":"https:\/\/www.sabine-seyffert.de\/blog\/wp-json\/wp\/v2\/tags?post=16405"}],"curies":[{"name":"wp","href":"https:\/\/api.w.org\/{rel}","templated":true}]}}