{"id":1630,"date":"2013-05-10T07:24:28","date_gmt":"2013-05-10T05:24:28","guid":{"rendered":"http:\/\/www.sabine-seyffert.de\/blog\/?p=1630"},"modified":"2015-09-21T19:07:19","modified_gmt":"2015-09-21T17:07:19","slug":"vatertag","status":"publish","type":"post","link":"https:\/\/www.sabine-seyffert.de\/blog\/vatertag\/","title":{"rendered":"Vatertag"},"content":{"rendered":"<p style=\"text-align: justify;\"><img loading=\"lazy\" decoding=\"async\" src=\"https:\/\/ssl-vg03.met.vgwort.de\/na\/ef4fa6f9ece4404c86c40ab20375fdfc\" alt=\"\" width=\"1\" height=\"1\" \/><br \/>\nGestern morgen werde ich wach und h\u00f6re bereits eins meiner Kinder unten in der K\u00fcche werkeln. Und das um gerade mal 7.00 Uhr in der Fr\u00fch, wo doch Schulfrei ist und man nat\u00fcrlich prima lange Ausschlafen und das Leben genie\u00dfen kann. Auch unsere j\u00fcngste Tochter ist bereits hellwach und putzmunter. Es nutzt nichts und ist egal, dass auch wir heute mal l\u00e4nger schlafen k\u00f6nnten. Raus aus den Federn, getreu dem Motto \u201eMorgenstund hat gold im Mund\u201c und den letzten Rest Schlaf aus den Augen gewischt.<br \/>\nUnten in der K\u00fcche ist meine Tochter eifrig mit Aufr\u00e4umen besch\u00e4ftigt. Der Tisch ist bereits gedeckt, die Sp\u00fclmaschine ausger\u00e4umt (das war nicht zu \u00fcberh\u00f6ren!) und das Wohnzimmer fast\u00a0 festlich geschm\u00fcckt. \u201eWas ist denn hier los?\u201c entf\u00e4hrt es mir und zwei fassungslos dreinschauende Augen blinzeln mir schon fast kampfeslustig entgegen: \u201eEh, Mama?! Vatertag, was glaubst du denn? Immer und \u00fcberall wird so ein Hype um Muttertag gemacht und an die V\u00e4ter denkt niemand! Ein bisschen mehr Dankbarkeit und Anerkennung w\u00e4re schon angebracht!\u201c<\/p>\n<p style=\"text-align: center;\"><a href=\"http:\/\/www.sabine-seyffert.de\/blog\/wp-content\/uploads\/2013\/05\/Vatertag-1.jpg\"><img loading=\"lazy\" decoding=\"async\" class=\"alignnone size-full wp-image-1631\" src=\"http:\/\/www.sabine-seyffert.de\/blog\/wp-content\/uploads\/2013\/05\/Vatertag-1.jpg\" alt=\"Vatertag 1\" width=\"754\" height=\"662\" srcset=\"https:\/\/www.sabine-seyffert.de\/blog\/wp-content\/uploads\/2013\/05\/Vatertag-1.jpg 754w, https:\/\/www.sabine-seyffert.de\/blog\/wp-content\/uploads\/2013\/05\/Vatertag-1-300x263.jpg 300w\" sizes=\"auto, (max-width: 754px) 100vw, 754px\" \/><\/a><\/p>\n<p style=\"text-align: justify;\">Sprachlos kippt meine Kinnlade wie von selbst eine Etage nach unten \u2013 noch nie haben wir in unserer Familie Vatertag gefeiert und Muttertag schon gar nicht. Da lege ich als Mutter \u00fcberhaupt keinen Wert drauf. Und wenn jemand so etwas feiern sollte, dann ja wohl gerade die M\u00fctter, die wie ich, mehrere Kinder haben. Viel lieber w\u00e4re mir, der Nachwuchs w\u00fcrde auch w\u00e4hrend des restlichen Jahres ein wenig mehr Anerkennung an den Tag legen.<br \/>\nStaunend spaziere ich ins Wohnzimmer und bin wirklich \u00fcberw\u00e4ltigt. Der Tisch ist gedeckt, lauter Kerzen brennen, in der Tischmitte ein riesengro\u00dfer Blumenstrau\u00df. Damit nicht genug, denn zwischen frisch gebackenem Fr\u00fchst\u00fccksstuten und anderen K\u00f6stlichkeiten stapeln sich einige T\u00fcten Chips, die mein Mann so liebt, wie ich Schokolade.<br \/>\nFehlt eigentlich nur noch das Bier \u2013 oder was trinkt man so am Vatertag? Da kenn ich mich nun wirklich gar nicht aus, denn den feiern wir ja nie&#8230;<\/p>\n<p style=\"text-align: center;\"><a href=\"http:\/\/www.sabine-seyffert.de\/blog\/wp-content\/uploads\/2013\/05\/Vatertag-2.jpg\"><img loading=\"lazy\" decoding=\"async\" class=\"alignnone size-full wp-image-1632\" src=\"http:\/\/www.sabine-seyffert.de\/blog\/wp-content\/uploads\/2013\/05\/Vatertag-2.jpg\" alt=\"Vatertag 2\" width=\"800\" height=\"600\" srcset=\"https:\/\/www.sabine-seyffert.de\/blog\/wp-content\/uploads\/2013\/05\/Vatertag-2.jpg 800w, https:\/\/www.sabine-seyffert.de\/blog\/wp-content\/uploads\/2013\/05\/Vatertag-2-300x225.jpg 300w\" sizes=\"auto, (max-width: 800px) 100vw, 800px\" \/><\/a><\/p>\n<p style=\"text-align: justify;\">Jedenfalls ist die \u00dcberraschung gelungen, zumindest bei mir als Mutter. Dies ist einer der Momente, die ich \u201eeinfangen\u201c und am liebsten konservieren m\u00f6chte, weil sie so wunderbar unvergesslich und einfach nur sch\u00f6n sind\u2026<\/p>\n<p style=\"text-align: justify;\">Gab es bei Euch auch Vatertags\u00fcberraschungen oder dergleichen?<\/p>\n<p><a href=\"http:\/\/www.sabine-seyffert.de\/blog\/?page_id=32#urheberrecht\">urherrechtlich gesch\u00fctzt<\/a>, \u00a9 Sabine Seyffert<\/p>\n","protected":false},"excerpt":{"rendered":"<p>Gestern morgen werde ich wach und h\u00f6re bereits eins meiner Kinder unten in der K\u00fcche werkeln. Und das um gerade mal 7.00 Uhr in der Fr\u00fch, wo doch Schulfrei ist und man nat\u00fcrlich prima lange Ausschlafen und das Leben genie\u00dfen kann. Auch unsere j\u00fcngste Tochter ist bereits hellwach und putzmunter. Es nutzt nichts und ist&#8230; <a href=\"https:\/\/www.sabine-seyffert.de\/blog\/vatertag\/\" class=\"more-link\">Read more: Vatertag<\/a><\/p>\n","protected":false},"author":2,"featured_media":1632,"comment_status":"open","ping_status":"open","sticky":false,"template":"","format":"standard","meta":{"_metis_text_type":"","_metis_text_length":2285,"_post_count":0,"footnotes":""},"categories":[12],"tags":[],"class_list":["post-1630","post","type-post","status-publish","format-standard","has-post-thumbnail","hentry","category-deko-ideen"],"_links":{"self":[{"href":"https:\/\/www.sabine-seyffert.de\/blog\/wp-json\/wp\/v2\/posts\/1630","targetHints":{"allow":["GET"]}}],"collection":[{"href":"https:\/\/www.sabine-seyffert.de\/blog\/wp-json\/wp\/v2\/posts"}],"about":[{"href":"https:\/\/www.sabine-seyffert.de\/blog\/wp-json\/wp\/v2\/types\/post"}],"author":[{"embeddable":true,"href":"https:\/\/www.sabine-seyffert.de\/blog\/wp-json\/wp\/v2\/users\/2"}],"replies":[{"embeddable":true,"href":"https:\/\/www.sabine-seyffert.de\/blog\/wp-json\/wp\/v2\/comments?post=1630"}],"version-history":[{"count":8,"href":"https:\/\/www.sabine-seyffert.de\/blog\/wp-json\/wp\/v2\/posts\/1630\/revisions"}],"predecessor-version":[{"id":6165,"href":"https:\/\/www.sabine-seyffert.de\/blog\/wp-json\/wp\/v2\/posts\/1630\/revisions\/6165"}],"wp:featuredmedia":[{"embeddable":true,"href":"https:\/\/www.sabine-seyffert.de\/blog\/wp-json\/wp\/v2\/media\/1632"}],"wp:attachment":[{"href":"https:\/\/www.sabine-seyffert.de\/blog\/wp-json\/wp\/v2\/media?parent=1630"}],"wp:term":[{"taxonomy":"category","embeddable":true,"href":"https:\/\/www.sabine-seyffert.de\/blog\/wp-json\/wp\/v2\/categories?post=1630"},{"taxonomy":"post_tag","embeddable":true,"href":"https:\/\/www.sabine-seyffert.de\/blog\/wp-json\/wp\/v2\/tags?post=1630"}],"curies":[{"name":"wp","href":"https:\/\/api.w.org\/{rel}","templated":true}]}}